{"id":190009,"date":"2021-07-20T08:05:39","date_gmt":"2021-07-20T11:05:39","guid":{"rendered":"https:\/\/franciscanos.org.br\/vidacrista\/?p=190009"},"modified":"2021-07-20T08:05:39","modified_gmt":"2021-07-20T11:05:39","slug":"sofrer-com-quem-sofre-a-atualidade-da-compaixao","status":"publish","type":"post","link":"https:\/\/franciscanos.org.br\/vidacrista\/sofrer-com-quem-sofre-a-atualidade-da-compaixao\/","title":{"rendered":"Sofrer com quem sofre: a atualidade da compaix\u00e3o"},"content":{"rendered":"<p><img decoding=\"async\" loading=\"lazy\" class=\"alignnone wp-image-190010 size-full\" src=\"https:\/\/franciscanos.org.br\/vidacrista\/wp-content\/uploads\/2021\/07\/francisco_20.jpg\" alt=\"\" width=\"840\" height=\"450\" srcset=\"https:\/\/franciscanos.org.br\/vidacrista\/wp-content\/uploads\/2021\/07\/francisco_20.jpg 840w, https:\/\/franciscanos.org.br\/vidacrista\/wp-content\/uploads\/2021\/07\/francisco_20-450x241.jpg 450w, https:\/\/franciscanos.org.br\/vidacrista\/wp-content\/uploads\/2021\/07\/francisco_20-768x411.jpg 768w, https:\/\/franciscanos.org.br\/vidacrista\/wp-content\/uploads\/2021\/07\/francisco_20-150x80.jpg 150w\" sizes=\"(max-width: 840px) 100vw, 840px\" \/><\/p>\n<p><strong>Leonardo Boff<\/strong><\/p>\n<p>Um manto de sofrimento e de dor cobre toda a humanidade, amea\u00e7ada pela Covid-19. A cultura do capital, dentro da qual vivemos, se caracteriza pelo individualismo e por uma clamorosa falta de coopera\u00e7\u00e3o. O Papa na ilha italiana de Lampedusa, vendo centenas de africanos chegando de barco da \u00c1frica e sendo mal acolhidos pela popula\u00e7\u00e3o local, disse quase entre l\u00e1grimas: \u201cNossa cultura moderna nos tirou a compaix\u00e3o pelos nossos semelhantes; n\u00f3s nos tornamos incapazes de chorar\u201d.<\/p>\n<p>Parece que a infla\u00e7\u00e3o de racionalidade instrumental e anal\u00edtica nos causou uma esp\u00e9cie de lobotomia: fizemo-nos insens\u00edveis ao sofrimento do outro. O atual presidente \u00e9 a mais tr\u00e1gica comprova\u00e7\u00e3o desta indiferen\u00e7a. Jamais visitou um hospital superlotado de contaminados pela Covid-19, muitos morrendo sufocados. Sem qualquer sentimento leu num discurso p\u00fablico uma frase fria que lhe preparam mas que se sentia n\u00e3o vir de um cora\u00e7\u00e3o sensibilizado pelas quase 600 mil vidas ceifadas por sua pol\u00edtica necr\u00f3fila.<\/p>\n<p>A pandemia nos fez descobrir a nossa profunda humanidade: a centralidade da vida, a interdepend\u00eancia entre todos, a solidariedade e o cuidado necess\u00e1rio. Fez-nos mais sens\u00edveis. Trouxe de volta a compaix\u00e3o.<\/p>\n<p>Ter compaix\u00e3o n\u00e3o \u00e9 ter pena dos outros, olhando-os de cima para baixo. Compaix\u00e3o \u00e9 a capacidade de sentir e compartilhar a paix\u00e3o do outro, dizer-lhe o ouvido palavras de esperan\u00e7a, oferecer-lhe um ombro e dizer que est\u00e1 a\u00ed junto para o que der e vier, \u00e9 ser capaz de chorar juntos mas tamb\u00e9m de mutuamente animar-se.<\/p>\n<p>A compaix\u00e3o \u00e9 um sentimento humano transcultural. Encontra-se em todas as culturas: todos se vergam sobre o ca\u00eddo e se inclinam diante da dignidade do sofrimento do outro.<\/p>\n<p>Tempos atr\u00e1s descobriu-se um ancestral t\u00famulo eg\u00edpcio com esta inscri\u00e7\u00e3o, cheia de compaix\u00e3o: &#8220;Eu fui algu\u00e9m que escutou a queixa da vi\u00fava; fui algu\u00e9m que chorou por uma desgra\u00e7a e consolei o abatido; fui algu\u00e9m que ouviu o solu\u00e7o da menina \u00f3rf\u00e3 e lhe enxuguei as l\u00e1grimas; fui algu\u00e9m que teve compaix\u00e3o de uma mulher desesperada\u201d.<\/p>\n<p>Hoje, os familiares dos mortos e afetados pela Covid-19 que deixou nos curados sequelas graves nos conclamam a viver este lado melhor de nossa humanidade: a compaix\u00e3o. Santo Tom\u00e1s de Aquino escreveu na sua Suma Teol\u00f3gica que a compaix\u00e3o \u00e9 mais excelente que o amor ao pr\u00f3ximo; este se dirige ao outro; a compaix\u00e3o se dirige ao outro que sofre.<\/p>\n<p>Da f\u00edsica qu\u00e2ntica, da cosmologia contempor\u00e2nea e da bioantropologia aprendemos que a lei fundamental de todas as coisas e do inteiro universo n\u00e3o \u00e9 a competi\u00e7\u00e3o e o triunfo do mais capaz de adapta\u00e7\u00e3o, mas \u00e9 a coopera\u00e7\u00e3o e a sinergia de todos com todos. At\u00e9 com o menor e mais fraco tem que viver, pois possui o seu lugar no conjunto dos seres e carrega em si uma mensagem a ser ouvida por todos. Neste campo tamb\u00e9m vale a compaix\u00e3o entre todos os seres para al\u00e9m dos humanos.<\/p>\n<p>De S\u00e3o Francisco que se compadecia especialmente dos hansenianos (leprosos), da minhoca que n\u00e3o conseguia fazer um buraco no solo duro do caminho e a tirava, compassivo, e a levava \u00e0 terra \u00famida ou do galhinho quebrado, se conta a seguinte legenda:<\/p>\n<p>Encontrou um menino que levava numa gaiola pombinhas para serem vendidas no mercado. Suplicou-lhe: \u201cBom menino, d\u00ea-me estas pombinhas t\u00e3o humildes e inocentes para que n\u00e3o sejam mortas e comidas pelos homens\u201d. O menino, tocado pelo amor inocente de S\u00e3o Francisco deu-lhe a gaiola com as pombinhas. Sussurrando, disse-lhes S\u00e3o Francisco: \u201cMinhas queridas irm\u00e3zinhas, tolas e simples, por que vos deixastes apanhar? Eis que vou libertar-vos\u201d. Abriu a gaiola. Ao inv\u00e9s de sa\u00edrem voando, elas foram se alinhar em seu peito e em seu capuz e n\u00e3o queriam sair. S\u00e3o Francisco levou-as para a ermida e lhes disse: \u201cMultiplicai-vos como vosso Criador o quer\u201d. Tiveram muitos filhotes. N\u00e3o sa\u00edam da companhia de S\u00e3o Francisco e dos frades, como se fossem dom\u00e9sticos. S\u00f3 levantaram voo e sa\u00edram pelos ares quando S\u00e3o Francisco as aben\u00e7oou e as deixou ir embora.<\/p>\n<p>Como se depreende, a compaix\u00e3o, bem na linha do budismo e do \u201cFundamento da moral\u201d (1840) de Arthur Schopenhauer, toda fundada da ilimitada compaix\u00e3o para com todos os seres, n\u00e3o \u00e9 important\u00edssima s\u00f3 para quem est\u00e1 sofrendo atualmente, mas para toda a cria\u00e7\u00e3o.<\/p>\n<p>Concluamos com as palavras inspiradoras de Dalai Lama: &#8220;Quer voc\u00ea creia em Deus, quer n\u00e3o creia, quer creia em Buda ou n\u00e3o \u2026 Temos que participar dos sofrimentos das outras pessoas. Mesmo que voc\u00ea n\u00e3o possa ajud\u00e1-las com dinheiro, mesmo assim sempre \u00e9 v\u00e1lido expressar apoio moral e empatia. Esta deve ser a base de nosso agir. Se chamamos isto de religi\u00e3o ou n\u00e3o, \u00e9 o que menos importa\u201d (L\u00f3gica do amor, 1998). O que importa \u00e9 a compaix\u00e3o.<\/p>\n<hr \/>\n<p><strong>Leonardo Boff<\/strong> <em>escreveu &#8220;Princ\u00edpio de Compaix\u00e3o e de Cuidado, encontro entre Oriente e Ocidente&#8221;, Vozes 2009.<\/em><\/p>\n","protected":false},"excerpt":{"rendered":"<p>Artigo de Leonardo Boff<\/p>\n","protected":false},"author":3,"featured_media":190011,"comment_status":"open","ping_status":"open","sticky":false,"template":"","format":"standard","meta":{"footnotes":""},"categories":[26],"tags":[59],"yoast_head":"<!-- This site is optimized with the Yoast SEO plugin v19.4 - https:\/\/yoast.com\/wordpress\/plugins\/seo\/ -->\n<title>Sofrer com quem sofre: a atualidade da compaix\u00e3o - Vida Crist\u00e3 - Franciscanos<\/title>\n<meta name=\"robots\" content=\"index, follow, max-snippet:-1, max-image-preview:large, max-video-preview:-1\" \/>\n<link rel=\"canonical\" href=\"https:\/\/franciscanos.org.br\/vidacrista\/sofrer-com-quem-sofre-a-atualidade-da-compaixao\/\" \/>\n<meta property=\"og:locale\" content=\"pt_BR\" \/>\n<meta property=\"og:type\" content=\"article\" \/>\n<meta property=\"og:title\" content=\"Sofrer com quem sofre: a atualidade da compaix\u00e3o - Vida Crist\u00e3 - Franciscanos\" \/>\n<meta property=\"og:description\" content=\"Artigo de Leonardo Boff\" \/>\n<meta property=\"og:url\" content=\"https:\/\/franciscanos.org.br\/vidacrista\/sofrer-com-quem-sofre-a-atualidade-da-compaixao\/\" \/>\n<meta property=\"og:site_name\" content=\"Vida Crist\u00e3 - Franciscanos\" \/>\n<meta property=\"article:published_time\" content=\"2021-07-20T11:05:39+00:00\" \/>\n<meta property=\"og:image\" content=\"https:\/\/franciscanos.org.br\/vidacrista\/wp-content\/uploads\/2021\/07\/francisco_20d.jpg\" \/>\n\t<meta property=\"og:image:width\" content=\"720\" \/>\n\t<meta property=\"og:image:height\" content=\"450\" \/>\n\t<meta property=\"og:image:type\" content=\"image\/jpeg\" \/>\n<meta name=\"author\" content=\"moacir\" \/>\n<meta name=\"twitter:card\" content=\"summary_large_image\" \/>\n<meta name=\"twitter:label1\" content=\"Escrito por\" \/>\n\t<meta name=\"twitter:data1\" content=\"moacir\" \/>\n\t<meta name=\"twitter:label2\" content=\"Est. tempo de leitura\" \/>\n\t<meta name=\"twitter:data2\" content=\"4 minutos\" \/>\n<script type=\"application\/ld+json\" class=\"yoast-schema-graph\">{\"@context\":\"https:\/\/schema.org\",\"@graph\":[{\"@type\":\"WebSite\",\"@id\":\"https:\/\/franciscanos.org.br\/vidacrista\/#website\",\"url\":\"https:\/\/franciscanos.org.br\/vidacrista\/\",\"name\":\"Vida Crist\u00e3 - Franciscanos\",\"description\":\"Prov\u00edncia Franciscana da Imaculada Concei\u00e7\u00e3o do Brasil - Ordem dos Frades Menores\",\"potentialAction\":[{\"@type\":\"SearchAction\",\"target\":{\"@type\":\"EntryPoint\",\"urlTemplate\":\"https:\/\/franciscanos.org.br\/vidacrista\/?s={search_term_string}\"},\"query-input\":\"required name=search_term_string\"}],\"inLanguage\":\"pt-BR\"},{\"@type\":\"WebPage\",\"@id\":\"https:\/\/franciscanos.org.br\/vidacrista\/sofrer-com-quem-sofre-a-atualidade-da-compaixao\/\",\"url\":\"https:\/\/franciscanos.org.br\/vidacrista\/sofrer-com-quem-sofre-a-atualidade-da-compaixao\/\",\"name\":\"Sofrer com quem sofre: a atualidade da compaix\u00e3o - Vida Crist\u00e3 - Franciscanos\",\"isPartOf\":{\"@id\":\"https:\/\/franciscanos.org.br\/vidacrista\/#website\"},\"datePublished\":\"2021-07-20T11:05:39+00:00\",\"dateModified\":\"2021-07-20T11:05:39+00:00\",\"author\":{\"@id\":\"https:\/\/franciscanos.org.br\/vidacrista\/#\/schema\/person\/1880bdd2c350b735648725ef7614736a\"},\"breadcrumb\":{\"@id\":\"https:\/\/franciscanos.org.br\/vidacrista\/sofrer-com-quem-sofre-a-atualidade-da-compaixao\/#breadcrumb\"},\"inLanguage\":\"pt-BR\",\"potentialAction\":[{\"@type\":\"ReadAction\",\"target\":[\"https:\/\/franciscanos.org.br\/vidacrista\/sofrer-com-quem-sofre-a-atualidade-da-compaixao\/\"]}]},{\"@type\":\"BreadcrumbList\",\"@id\":\"https:\/\/franciscanos.org.br\/vidacrista\/sofrer-com-quem-sofre-a-atualidade-da-compaixao\/#breadcrumb\",\"itemListElement\":[{\"@type\":\"ListItem\",\"position\":1,\"name\":\"Home\",\"item\":\"https:\/\/franciscanos.org.br\/vidacrista\/\"},{\"@type\":\"ListItem\",\"position\":2,\"name\":\"Sofrer com quem sofre: a atualidade da compaix\u00e3o\"}]},{\"@type\":\"Person\",\"@id\":\"https:\/\/franciscanos.org.br\/vidacrista\/#\/schema\/person\/1880bdd2c350b735648725ef7614736a\",\"name\":\"moacir\",\"image\":{\"@type\":\"ImageObject\",\"inLanguage\":\"pt-BR\",\"@id\":\"https:\/\/franciscanos.org.br\/vidacrista\/#\/schema\/person\/image\/\",\"url\":\"https:\/\/secure.gravatar.com\/avatar\/d08aa2ce4c8dd416d4479aa8536fcf64?s=96&d=mm&r=g\",\"contentUrl\":\"https:\/\/secure.gravatar.com\/avatar\/d08aa2ce4c8dd416d4479aa8536fcf64?s=96&d=mm&r=g\",\"caption\":\"moacir\"},\"url\":\"https:\/\/franciscanos.org.br\/vidacrista\/author\/moacir\/\"}]}<\/script>\n<!-- \/ Yoast SEO plugin. -->","yoast_head_json":{"title":"Sofrer com quem sofre: a atualidade da compaix\u00e3o - Vida Crist\u00e3 - Franciscanos","robots":{"index":"index","follow":"follow","max-snippet":"max-snippet:-1","max-image-preview":"max-image-preview:large","max-video-preview":"max-video-preview:-1"},"canonical":"https:\/\/franciscanos.org.br\/vidacrista\/sofrer-com-quem-sofre-a-atualidade-da-compaixao\/","og_locale":"pt_BR","og_type":"article","og_title":"Sofrer com quem sofre: a atualidade da compaix\u00e3o - Vida Crist\u00e3 - Franciscanos","og_description":"Artigo de Leonardo Boff","og_url":"https:\/\/franciscanos.org.br\/vidacrista\/sofrer-com-quem-sofre-a-atualidade-da-compaixao\/","og_site_name":"Vida Crist\u00e3 - Franciscanos","article_published_time":"2021-07-20T11:05:39+00:00","og_image":[{"width":720,"height":450,"url":"https:\/\/franciscanos.org.br\/vidacrista\/wp-content\/uploads\/2021\/07\/francisco_20d.jpg","type":"image\/jpeg"}],"author":"moacir","twitter_card":"summary_large_image","twitter_misc":{"Escrito por":"moacir","Est. tempo de leitura":"4 minutos"},"schema":{"@context":"https:\/\/schema.org","@graph":[{"@type":"WebSite","@id":"https:\/\/franciscanos.org.br\/vidacrista\/#website","url":"https:\/\/franciscanos.org.br\/vidacrista\/","name":"Vida Crist\u00e3 - Franciscanos","description":"Prov\u00edncia Franciscana da Imaculada Concei\u00e7\u00e3o do Brasil - Ordem dos Frades Menores","potentialAction":[{"@type":"SearchAction","target":{"@type":"EntryPoint","urlTemplate":"https:\/\/franciscanos.org.br\/vidacrista\/?s={search_term_string}"},"query-input":"required name=search_term_string"}],"inLanguage":"pt-BR"},{"@type":"WebPage","@id":"https:\/\/franciscanos.org.br\/vidacrista\/sofrer-com-quem-sofre-a-atualidade-da-compaixao\/","url":"https:\/\/franciscanos.org.br\/vidacrista\/sofrer-com-quem-sofre-a-atualidade-da-compaixao\/","name":"Sofrer com quem sofre: a atualidade da compaix\u00e3o - Vida Crist\u00e3 - Franciscanos","isPartOf":{"@id":"https:\/\/franciscanos.org.br\/vidacrista\/#website"},"datePublished":"2021-07-20T11:05:39+00:00","dateModified":"2021-07-20T11:05:39+00:00","author":{"@id":"https:\/\/franciscanos.org.br\/vidacrista\/#\/schema\/person\/1880bdd2c350b735648725ef7614736a"},"breadcrumb":{"@id":"https:\/\/franciscanos.org.br\/vidacrista\/sofrer-com-quem-sofre-a-atualidade-da-compaixao\/#breadcrumb"},"inLanguage":"pt-BR","potentialAction":[{"@type":"ReadAction","target":["https:\/\/franciscanos.org.br\/vidacrista\/sofrer-com-quem-sofre-a-atualidade-da-compaixao\/"]}]},{"@type":"BreadcrumbList","@id":"https:\/\/franciscanos.org.br\/vidacrista\/sofrer-com-quem-sofre-a-atualidade-da-compaixao\/#breadcrumb","itemListElement":[{"@type":"ListItem","position":1,"name":"Home","item":"https:\/\/franciscanos.org.br\/vidacrista\/"},{"@type":"ListItem","position":2,"name":"Sofrer com quem sofre: a atualidade da compaix\u00e3o"}]},{"@type":"Person","@id":"https:\/\/franciscanos.org.br\/vidacrista\/#\/schema\/person\/1880bdd2c350b735648725ef7614736a","name":"moacir","image":{"@type":"ImageObject","inLanguage":"pt-BR","@id":"https:\/\/franciscanos.org.br\/vidacrista\/#\/schema\/person\/image\/","url":"https:\/\/secure.gravatar.com\/avatar\/d08aa2ce4c8dd416d4479aa8536fcf64?s=96&d=mm&r=g","contentUrl":"https:\/\/secure.gravatar.com\/avatar\/d08aa2ce4c8dd416d4479aa8536fcf64?s=96&d=mm&r=g","caption":"moacir"},"url":"https:\/\/franciscanos.org.br\/vidacrista\/author\/moacir\/"}]}},"_links":{"self":[{"href":"https:\/\/franciscanos.org.br\/vidacrista\/wp-json\/wp\/v2\/posts\/190009"}],"collection":[{"href":"https:\/\/franciscanos.org.br\/vidacrista\/wp-json\/wp\/v2\/posts"}],"about":[{"href":"https:\/\/franciscanos.org.br\/vidacrista\/wp-json\/wp\/v2\/types\/post"}],"author":[{"embeddable":true,"href":"https:\/\/franciscanos.org.br\/vidacrista\/wp-json\/wp\/v2\/users\/3"}],"replies":[{"embeddable":true,"href":"https:\/\/franciscanos.org.br\/vidacrista\/wp-json\/wp\/v2\/comments?post=190009"}],"version-history":[{"count":1,"href":"https:\/\/franciscanos.org.br\/vidacrista\/wp-json\/wp\/v2\/posts\/190009\/revisions"}],"predecessor-version":[{"id":190012,"href":"https:\/\/franciscanos.org.br\/vidacrista\/wp-json\/wp\/v2\/posts\/190009\/revisions\/190012"}],"wp:featuredmedia":[{"embeddable":true,"href":"https:\/\/franciscanos.org.br\/vidacrista\/wp-json\/wp\/v2\/media\/190011"}],"wp:attachment":[{"href":"https:\/\/franciscanos.org.br\/vidacrista\/wp-json\/wp\/v2\/media?parent=190009"}],"wp:term":[{"taxonomy":"category","embeddable":true,"href":"https:\/\/franciscanos.org.br\/vidacrista\/wp-json\/wp\/v2\/categories?post=190009"},{"taxonomy":"post_tag","embeddable":true,"href":"https:\/\/franciscanos.org.br\/vidacrista\/wp-json\/wp\/v2\/tags?post=190009"}],"curies":[{"name":"wp","href":"https:\/\/api.w.org\/{rel}","templated":true}]}}