{"id":189992,"date":"2021-07-15T15:51:11","date_gmt":"2021-07-15T18:51:11","guid":{"rendered":"https:\/\/franciscanos.org.br\/vidacrista\/?p=189992"},"modified":"2021-07-16T07:10:20","modified_gmt":"2021-07-16T10:10:20","slug":"a-mae-e-os-irmaos-de-jesus-a-senhora-do-carmo-e-o-escapulario-mt-1246-50","status":"publish","type":"post","link":"https:\/\/franciscanos.org.br\/vidacrista\/a-mae-e-os-irmaos-de-jesus-a-senhora-do-carmo-e-o-escapulario-mt-1246-50\/","title":{"rendered":"A M\u00e3e e os irm\u00e3os de Jesus. A Senhora do Carmo e o escapul\u00e1rio (Mt 12,46-50)"},"content":{"rendered":"<p><img decoding=\"async\" loading=\"lazy\" class=\"alignnone wp-image-189993 size-full\" src=\"https:\/\/franciscanos.org.br\/vidacrista\/wp-content\/uploads\/2021\/07\/carmo_01.jpg\" alt=\"\" width=\"840\" height=\"560\" srcset=\"https:\/\/franciscanos.org.br\/vidacrista\/wp-content\/uploads\/2021\/07\/carmo_01.jpg 840w, https:\/\/franciscanos.org.br\/vidacrista\/wp-content\/uploads\/2021\/07\/carmo_01-450x300.jpg 450w, https:\/\/franciscanos.org.br\/vidacrista\/wp-content\/uploads\/2021\/07\/carmo_01-768x512.jpg 768w, https:\/\/franciscanos.org.br\/vidacrista\/wp-content\/uploads\/2021\/07\/carmo_01-150x100.jpg 150w\" sizes=\"(max-width: 840px) 100vw, 840px\" \/><\/p>\n<p><em>Frei Jacir de Freitas Faria, OFM<\/em><a href=\"#_ftn1\" name=\"_ftnref1\">[1]<\/a><\/p>\n<p>O evangelho sobre o qual vamos refletir hoje \u00e9 Mt 12,46-50. Trata-se da fam\u00edlia de Jesus. O texto n\u00e3o fala de Jos\u00e9, pois, segundo a tradi\u00e7\u00e3o ap\u00f3crifa do livro \u201cHist\u00f3ria de Jos\u00e9, o Carpinteiro\u201d (sec. II-V E.C.), ele morreu quando Jesus completou 18 anos. A fam\u00edlia, naquele momento, se resumia \u00e0 m\u00e3e e a seus irm\u00e3os. Irm\u00e3os? Jesus teve irm\u00e3os? Podemos afirmar isso, se Maria s\u00f3 gerou, por obra do Esp\u00edrito Santo, o primog\u00eanito Jesus? Por que Jesus agiu de forma dura com a sua fam\u00edlia de sangue? Eles simplesmente queriam falar com ele. Qual a rela\u00e7\u00e3o desse texto com Nossa Senhora do Carmo?<\/p>\n<p>Vamos come\u00e7ar a nossa reflex\u00e3o fazendo refer\u00eancia a Nossa Senhora do Carmo, visto que o evangelho escolhido tem rela\u00e7\u00e3o com o dia dedicado a ela, 16 de julho.\u00a0 Essa devo\u00e7\u00e3o medieval chegou at\u00e9 n\u00f3s pelos frades carmelitas. Carmo \u00e9 o mesmo que Carmelo, que em hebraico significa \u2018vinha de Deus\u201d, um belo monte localizado no norte de Israel\/Palestina. Ali atuou o profeta Elias em nome de Deus e contra os profetas de Baal (1Rs 18,20-40). Fez chover, buscando, com o c\u00f4ncavo das m\u00e3os, nuvens de chuva sobre o monte (1Rs18,41-46).<\/p>\n<p>O Carmelo \u00e9 tamb\u00e9m o lugar de uma das apari\u00e7\u00f5es de Nossa Senhora ao monge Sim\u00e3o Stock (1165-1265 E.C.), superior dos carmelitas, que a invocava pedindo ajuda. A tradi\u00e7\u00e3o diz que Maria lhe entregou um escapul\u00e1rio, um peda\u00e7o de pano que cobre o peito e as costas, uma armadura de prote\u00e7\u00e3o, que, mais tarde, se tornou o h\u00e1bito dos carmelitas. O fato de ele ser de pano tem tamb\u00e9m rela\u00e7\u00e3o com a t\u00fanica de Jesus, confeccionada por Maria. Ao oferecer a Sim\u00e3o o escapul\u00e1rio, Maria o faz com a promessa de que quem morresse usando-o, tendo cumprido os deveres de crist\u00e3o, sairia, com a sua ajuda, do Purgat\u00f3rio no primeiro s\u00e1bado depois de sua morte. Santa Br\u00edgida (1303-1373) relata que Nossa Senhora disse a Sim\u00e3o Stock: \u201cTodo aquele que morrer revestido deste santo escapul\u00e1rio n\u00e3o arder\u00e1 nas chamas do Inferno. Este h\u00e1bito \u00e9 um sinal de salva\u00e7\u00e3o, um amparo nos perigos e uma seguran\u00e7a de paz e alian\u00e7a eterna\u201d. <a href=\"#_ftn2\" name=\"_ftnref2\">[2]<\/a><\/p>\n<p>Na \u00e9poca, havia um medo generalizado das ciladas do dem\u00f4nio na hora da morte. O pavor de todos era morrer e perder o c\u00e9u, indo direto para o inferno, sem passar pelo Purgat\u00f3rio, a antec\u00e2mara do Inferno. Maria, como advogada, surge para ajudar as almas a se livrarem do Purgat\u00f3rio.<a href=\"#_ftn3\" name=\"_ftnref3\">[3]<\/a> Maria apareceria ao moribundo antes de morrer e o recordaria da confiss\u00e3o para receber o perd\u00e3o dos pecados. Qual o sentido do uso do escapul\u00e1rio em nossos dias? Mantendo a pergunta, voltemos ao evangelho.<\/p>\n<p><iframe loading=\"lazy\" title=\"Reflex\u00e3o b\u00edblica - Mem\u00f3ria de Nossa Senhora do Carmo (16\/07\/2021)\" width=\"500\" height=\"281\" src=\"https:\/\/www.youtube.com\/embed\/KnbtZiNhVcY?start=2&#038;feature=oembed\" frameborder=\"0\" allow=\"accelerometer; autoplay; clipboard-write; encrypted-media; gyroscope; picture-in-picture\" allowfullscreen><\/iframe><\/p>\n<p>Jesus falava para as multid\u00f5es e sua m\u00e3e e irm\u00e3os desejavam falar com ele. Ele foi avisado e sua resposta ao interlocutor foi contundente: \u201cMeus irm\u00e3os s\u00e3o meus disc\u00edpulos, os que fazem a vontade de meu Pai que est\u00e1 no c\u00e9u\u201d (Mt 12,50). Diante da miss\u00e3o de Jesus, os la\u00e7os familiares s\u00e3o relativos. O que une as pessoas a Ele \u00e9 o fazer a vontade de Deus, assim como fizeram os ap\u00f3stolos ao deixarem o mar, a profiss\u00e3o e os entraves do juda\u00edsmo. Para se tornar disc\u00edpulo \u00e9 preciso fazer ruptura.<\/p>\n<p>A resposta de Jesus, dura em um primeiro momento, teve v\u00e1rias repercuss\u00f5es entre os int\u00e9rpretes desse texto. Irm\u00e3o, em hebraico <em>ah <\/em>(\u05d0\u05b8\u05d7), significa irm\u00e3o de sangue, mas tamb\u00e9m parentes pr\u00f3ximos, patr\u00edcios e vizinhos. S\u00e3o Jer\u00f4nimo dir\u00e1 que no evangelho trata-se de primos de Jesus. Os evangelhos ap\u00f3crifos conservaram a tradi\u00e7\u00e3o de que Jos\u00e9, ao ser escolhido para se casar com Maria, era vi\u00favo, tinha 90 anos e quatro filhos: Judas, Justo, Tiago e Sime\u00e3o; e duas filhas: L\u00edsia e L\u00eddia.<a href=\"#_ftn4\" name=\"_ftnref4\">[4]<\/a> Quando Maria chegou \u00e0 casa de Jos\u00e9, tamb\u00e9m narram os ap\u00f3crifos da inf\u00e2ncia, ela logo se afei\u00e7oou a Tiago, o filho menor de Jos\u00e9, que ainda sofria a aus\u00eancia da m\u00e3e. Maria cuidou dele como m\u00e3e. Sendo assim, os irm\u00e3os de Jesus s\u00e3o de cria\u00e7\u00e3o.<\/p>\n<p>Jesus n\u00e3o nega os seus irm\u00e3os, tampouco sua m\u00e3e. Isso n\u00e3o era poss\u00edvel na cultura judaica. Irm\u00e3o aqui quer dizer aquele que assume a causa do reino. Os irm\u00e3os de Jesus somos todos n\u00f3s, seus seguidores. Maria foi a sua educadora e primeira ap\u00f3stola. Ele lhe mostrou o caminho da f\u00e9, e ela o da vida, ao educ\u00e1-lo.<\/p>\n<p>Como Senhora do Carmo e tantas outras denomina\u00e7\u00f5es, Maria continua nos mostrando o caminho, nos oferecendo escapul\u00e1rios, armaduras, de defesa contra os males que nos afligem: injusti\u00e7as sociais, desgovernos, fome, mis\u00e9ria, epidemias etc. sendo solid\u00e1rio no sofrimento e na transforma\u00e7\u00e3o da nossa realidade. Desse modo, seremos todos m\u00e3e e irm\u00e3os de Jesus na viv\u00eancia do reino e na prote\u00e7\u00e3o do Pai.<\/p>\n<hr \/>\n<p><a href=\"#_ftnref1\" name=\"_ftn1\">[1]<\/a> Doutor em Teologia B\u00edblica pela FAJE-BH. Mestre em Ci\u00eancias B\u00edblicas (Exegese) pelo Pontif\u00edcio Instituto B\u00edblico de Roma. Professor de exegese b\u00edblica. Membro da Associa\u00e7\u00e3o Brasileira de Pesquisa B\u00edblica (ABIB). Sacerdote Franciscano. Autor de dez livros e coautor de quinze. \u00daltimo livro: <strong>O Medo do Inferno e a arte de bem morrer<\/strong>: da devo\u00e7\u00e3o ap\u00f3crifa \u00e0 Dormi\u00e7\u00e3o de Maria \u00e0s irmandades de Nossa Senhora da Boa Morte (Vozes, 2019). Canal no You Tube: Frei Jacir B\u00edblia e Ap\u00f3crifos ou <a href=\"https:\/\/www.youtube.com\/c\/FreiJacirdeFreitasFariaB%C3%ADbliaAp%C3%B3crifos\">https:\/\/www.youtube.com\/c\/FreiJacirdeFreitasFariaB%C3%ADbliaAp%C3%B3crifos<\/a><\/p>\n<p><a href=\"#_ftnref2\" name=\"_ftn2\">[2]<\/a> CORNAGLIOTTO, Jo\u00e3o Batista. <em>Thesouro do christ\u00e3o<\/em>. 8. ed. Rio de Janeiro: Garnier, 1889. p. 402, <em>apud <\/em>ESCAPUL\u00c1RIO DO CARMO. In: VAN DER POEL, Dicion\u00e1rio da religiosidade popular, p. 367.<\/p>\n<p><a href=\"#_ftnref3\" name=\"_ftn3\">[3]<\/a> FARIA, Jacir de Freitas. <strong>O Medo do Inferno e a arte de bem morrer<\/strong>: da devo\u00e7\u00e3o ap\u00f3crifa \u00e0 Dormi\u00e7\u00e3o de Maria \u00e0s irmandades de Nossa Senhora da Boa Morte. Petr\u00f3polis: Vozes, 2019, p. 140.<\/p>\n<p><a href=\"#_ftnref4\" name=\"_ftn4\">[4]<\/a> FARIA, Jacir de Freitas.<strong> Inf\u00e2ncia ap\u00f3crifa do menino Jesus:<\/strong> Hist\u00f3rias de ternura e de travessuras. Petr\u00f3polis: Vozes, 2010, p. 22.<\/p>\n","protected":false},"excerpt":{"rendered":"<p>Artigo de Frei Jacir de Freitas Faria<\/p>\n","protected":false},"author":3,"featured_media":189993,"comment_status":"open","ping_status":"open","sticky":false,"template":"","format":"standard","meta":{"footnotes":""},"categories":[26],"tags":[43],"yoast_head":"<!-- This site is optimized with the Yoast SEO plugin v19.4 - https:\/\/yoast.com\/wordpress\/plugins\/seo\/ -->\n<title>A M\u00e3e e os irm\u00e3os de Jesus. A Senhora do Carmo e o escapul\u00e1rio (Mt 12,46-50) - Vida Crist\u00e3 - Franciscanos<\/title>\n<meta name=\"robots\" content=\"index, follow, max-snippet:-1, max-image-preview:large, max-video-preview:-1\" \/>\n<link rel=\"canonical\" href=\"https:\/\/franciscanos.org.br\/vidacrista\/a-mae-e-os-irmaos-de-jesus-a-senhora-do-carmo-e-o-escapulario-mt-1246-50\/\" \/>\n<meta property=\"og:locale\" content=\"pt_BR\" \/>\n<meta property=\"og:type\" content=\"article\" \/>\n<meta property=\"og:title\" content=\"A M\u00e3e e os irm\u00e3os de Jesus. A Senhora do Carmo e o escapul\u00e1rio (Mt 12,46-50) - Vida Crist\u00e3 - Franciscanos\" \/>\n<meta property=\"og:description\" content=\"Artigo de Frei Jacir de Freitas Faria\" \/>\n<meta property=\"og:url\" content=\"https:\/\/franciscanos.org.br\/vidacrista\/a-mae-e-os-irmaos-de-jesus-a-senhora-do-carmo-e-o-escapulario-mt-1246-50\/\" \/>\n<meta property=\"og:site_name\" content=\"Vida Crist\u00e3 - Franciscanos\" \/>\n<meta property=\"article:published_time\" content=\"2021-07-15T18:51:11+00:00\" \/>\n<meta property=\"article:modified_time\" content=\"2021-07-16T10:10:20+00:00\" \/>\n<meta property=\"og:image\" content=\"https:\/\/franciscanos.org.br\/vidacrista\/wp-content\/uploads\/2021\/07\/carmo_01.jpg\" \/>\n\t<meta property=\"og:image:width\" content=\"840\" \/>\n\t<meta property=\"og:image:height\" content=\"560\" \/>\n\t<meta property=\"og:image:type\" content=\"image\/jpeg\" \/>\n<meta name=\"author\" content=\"moacir\" \/>\n<meta name=\"twitter:card\" content=\"summary_large_image\" \/>\n<meta name=\"twitter:label1\" content=\"Escrito por\" \/>\n\t<meta name=\"twitter:data1\" content=\"moacir\" \/>\n\t<meta name=\"twitter:label2\" content=\"Est. tempo de leitura\" \/>\n\t<meta name=\"twitter:data2\" content=\"5 minutos\" \/>\n<script type=\"application\/ld+json\" class=\"yoast-schema-graph\">{\"@context\":\"https:\/\/schema.org\",\"@graph\":[{\"@type\":\"WebSite\",\"@id\":\"https:\/\/franciscanos.org.br\/vidacrista\/#website\",\"url\":\"https:\/\/franciscanos.org.br\/vidacrista\/\",\"name\":\"Vida Crist\u00e3 - Franciscanos\",\"description\":\"Prov\u00edncia Franciscana da Imaculada Concei\u00e7\u00e3o do Brasil - Ordem dos Frades Menores\",\"potentialAction\":[{\"@type\":\"SearchAction\",\"target\":{\"@type\":\"EntryPoint\",\"urlTemplate\":\"https:\/\/franciscanos.org.br\/vidacrista\/?s={search_term_string}\"},\"query-input\":\"required name=search_term_string\"}],\"inLanguage\":\"pt-BR\"},{\"@type\":\"WebPage\",\"@id\":\"https:\/\/franciscanos.org.br\/vidacrista\/a-mae-e-os-irmaos-de-jesus-a-senhora-do-carmo-e-o-escapulario-mt-1246-50\/\",\"url\":\"https:\/\/franciscanos.org.br\/vidacrista\/a-mae-e-os-irmaos-de-jesus-a-senhora-do-carmo-e-o-escapulario-mt-1246-50\/\",\"name\":\"A M\u00e3e e os irm\u00e3os de Jesus. A Senhora do Carmo e o escapul\u00e1rio (Mt 12,46-50) - Vida Crist\u00e3 - Franciscanos\",\"isPartOf\":{\"@id\":\"https:\/\/franciscanos.org.br\/vidacrista\/#website\"},\"datePublished\":\"2021-07-15T18:51:11+00:00\",\"dateModified\":\"2021-07-16T10:10:20+00:00\",\"author\":{\"@id\":\"https:\/\/franciscanos.org.br\/vidacrista\/#\/schema\/person\/1880bdd2c350b735648725ef7614736a\"},\"breadcrumb\":{\"@id\":\"https:\/\/franciscanos.org.br\/vidacrista\/a-mae-e-os-irmaos-de-jesus-a-senhora-do-carmo-e-o-escapulario-mt-1246-50\/#breadcrumb\"},\"inLanguage\":\"pt-BR\",\"potentialAction\":[{\"@type\":\"ReadAction\",\"target\":[\"https:\/\/franciscanos.org.br\/vidacrista\/a-mae-e-os-irmaos-de-jesus-a-senhora-do-carmo-e-o-escapulario-mt-1246-50\/\"]}]},{\"@type\":\"BreadcrumbList\",\"@id\":\"https:\/\/franciscanos.org.br\/vidacrista\/a-mae-e-os-irmaos-de-jesus-a-senhora-do-carmo-e-o-escapulario-mt-1246-50\/#breadcrumb\",\"itemListElement\":[{\"@type\":\"ListItem\",\"position\":1,\"name\":\"Home\",\"item\":\"https:\/\/franciscanos.org.br\/vidacrista\/\"},{\"@type\":\"ListItem\",\"position\":2,\"name\":\"A M\u00e3e e os irm\u00e3os de Jesus. A Senhora do Carmo e o escapul\u00e1rio (Mt 12,46-50)\"}]},{\"@type\":\"Person\",\"@id\":\"https:\/\/franciscanos.org.br\/vidacrista\/#\/schema\/person\/1880bdd2c350b735648725ef7614736a\",\"name\":\"moacir\",\"image\":{\"@type\":\"ImageObject\",\"inLanguage\":\"pt-BR\",\"@id\":\"https:\/\/franciscanos.org.br\/vidacrista\/#\/schema\/person\/image\/\",\"url\":\"https:\/\/secure.gravatar.com\/avatar\/d08aa2ce4c8dd416d4479aa8536fcf64?s=96&d=mm&r=g\",\"contentUrl\":\"https:\/\/secure.gravatar.com\/avatar\/d08aa2ce4c8dd416d4479aa8536fcf64?s=96&d=mm&r=g\",\"caption\":\"moacir\"},\"url\":\"https:\/\/franciscanos.org.br\/vidacrista\/author\/moacir\/\"}]}<\/script>\n<!-- \/ Yoast SEO plugin. -->","yoast_head_json":{"title":"A M\u00e3e e os irm\u00e3os de Jesus. A Senhora do Carmo e o escapul\u00e1rio (Mt 12,46-50) - Vida Crist\u00e3 - Franciscanos","robots":{"index":"index","follow":"follow","max-snippet":"max-snippet:-1","max-image-preview":"max-image-preview:large","max-video-preview":"max-video-preview:-1"},"canonical":"https:\/\/franciscanos.org.br\/vidacrista\/a-mae-e-os-irmaos-de-jesus-a-senhora-do-carmo-e-o-escapulario-mt-1246-50\/","og_locale":"pt_BR","og_type":"article","og_title":"A M\u00e3e e os irm\u00e3os de Jesus. A Senhora do Carmo e o escapul\u00e1rio (Mt 12,46-50) - Vida Crist\u00e3 - Franciscanos","og_description":"Artigo de Frei Jacir de Freitas Faria","og_url":"https:\/\/franciscanos.org.br\/vidacrista\/a-mae-e-os-irmaos-de-jesus-a-senhora-do-carmo-e-o-escapulario-mt-1246-50\/","og_site_name":"Vida Crist\u00e3 - Franciscanos","article_published_time":"2021-07-15T18:51:11+00:00","article_modified_time":"2021-07-16T10:10:20+00:00","og_image":[{"width":840,"height":560,"url":"https:\/\/franciscanos.org.br\/vidacrista\/wp-content\/uploads\/2021\/07\/carmo_01.jpg","type":"image\/jpeg"}],"author":"moacir","twitter_card":"summary_large_image","twitter_misc":{"Escrito por":"moacir","Est. tempo de leitura":"5 minutos"},"schema":{"@context":"https:\/\/schema.org","@graph":[{"@type":"WebSite","@id":"https:\/\/franciscanos.org.br\/vidacrista\/#website","url":"https:\/\/franciscanos.org.br\/vidacrista\/","name":"Vida Crist\u00e3 - Franciscanos","description":"Prov\u00edncia Franciscana da Imaculada Concei\u00e7\u00e3o do Brasil - Ordem dos Frades Menores","potentialAction":[{"@type":"SearchAction","target":{"@type":"EntryPoint","urlTemplate":"https:\/\/franciscanos.org.br\/vidacrista\/?s={search_term_string}"},"query-input":"required name=search_term_string"}],"inLanguage":"pt-BR"},{"@type":"WebPage","@id":"https:\/\/franciscanos.org.br\/vidacrista\/a-mae-e-os-irmaos-de-jesus-a-senhora-do-carmo-e-o-escapulario-mt-1246-50\/","url":"https:\/\/franciscanos.org.br\/vidacrista\/a-mae-e-os-irmaos-de-jesus-a-senhora-do-carmo-e-o-escapulario-mt-1246-50\/","name":"A M\u00e3e e os irm\u00e3os de Jesus. A Senhora do Carmo e o escapul\u00e1rio (Mt 12,46-50) - Vida Crist\u00e3 - Franciscanos","isPartOf":{"@id":"https:\/\/franciscanos.org.br\/vidacrista\/#website"},"datePublished":"2021-07-15T18:51:11+00:00","dateModified":"2021-07-16T10:10:20+00:00","author":{"@id":"https:\/\/franciscanos.org.br\/vidacrista\/#\/schema\/person\/1880bdd2c350b735648725ef7614736a"},"breadcrumb":{"@id":"https:\/\/franciscanos.org.br\/vidacrista\/a-mae-e-os-irmaos-de-jesus-a-senhora-do-carmo-e-o-escapulario-mt-1246-50\/#breadcrumb"},"inLanguage":"pt-BR","potentialAction":[{"@type":"ReadAction","target":["https:\/\/franciscanos.org.br\/vidacrista\/a-mae-e-os-irmaos-de-jesus-a-senhora-do-carmo-e-o-escapulario-mt-1246-50\/"]}]},{"@type":"BreadcrumbList","@id":"https:\/\/franciscanos.org.br\/vidacrista\/a-mae-e-os-irmaos-de-jesus-a-senhora-do-carmo-e-o-escapulario-mt-1246-50\/#breadcrumb","itemListElement":[{"@type":"ListItem","position":1,"name":"Home","item":"https:\/\/franciscanos.org.br\/vidacrista\/"},{"@type":"ListItem","position":2,"name":"A M\u00e3e e os irm\u00e3os de Jesus. A Senhora do Carmo e o escapul\u00e1rio (Mt 12,46-50)"}]},{"@type":"Person","@id":"https:\/\/franciscanos.org.br\/vidacrista\/#\/schema\/person\/1880bdd2c350b735648725ef7614736a","name":"moacir","image":{"@type":"ImageObject","inLanguage":"pt-BR","@id":"https:\/\/franciscanos.org.br\/vidacrista\/#\/schema\/person\/image\/","url":"https:\/\/secure.gravatar.com\/avatar\/d08aa2ce4c8dd416d4479aa8536fcf64?s=96&d=mm&r=g","contentUrl":"https:\/\/secure.gravatar.com\/avatar\/d08aa2ce4c8dd416d4479aa8536fcf64?s=96&d=mm&r=g","caption":"moacir"},"url":"https:\/\/franciscanos.org.br\/vidacrista\/author\/moacir\/"}]}},"_links":{"self":[{"href":"https:\/\/franciscanos.org.br\/vidacrista\/wp-json\/wp\/v2\/posts\/189992"}],"collection":[{"href":"https:\/\/franciscanos.org.br\/vidacrista\/wp-json\/wp\/v2\/posts"}],"about":[{"href":"https:\/\/franciscanos.org.br\/vidacrista\/wp-json\/wp\/v2\/types\/post"}],"author":[{"embeddable":true,"href":"https:\/\/franciscanos.org.br\/vidacrista\/wp-json\/wp\/v2\/users\/3"}],"replies":[{"embeddable":true,"href":"https:\/\/franciscanos.org.br\/vidacrista\/wp-json\/wp\/v2\/comments?post=189992"}],"version-history":[{"count":2,"href":"https:\/\/franciscanos.org.br\/vidacrista\/wp-json\/wp\/v2\/posts\/189992\/revisions"}],"predecessor-version":[{"id":189996,"href":"https:\/\/franciscanos.org.br\/vidacrista\/wp-json\/wp\/v2\/posts\/189992\/revisions\/189996"}],"wp:featuredmedia":[{"embeddable":true,"href":"https:\/\/franciscanos.org.br\/vidacrista\/wp-json\/wp\/v2\/media\/189993"}],"wp:attachment":[{"href":"https:\/\/franciscanos.org.br\/vidacrista\/wp-json\/wp\/v2\/media?parent=189992"}],"wp:term":[{"taxonomy":"category","embeddable":true,"href":"https:\/\/franciscanos.org.br\/vidacrista\/wp-json\/wp\/v2\/categories?post=189992"},{"taxonomy":"post_tag","embeddable":true,"href":"https:\/\/franciscanos.org.br\/vidacrista\/wp-json\/wp\/v2\/tags?post=189992"}],"curies":[{"name":"wp","href":"https:\/\/api.w.org\/{rel}","templated":true}]}}