{"id":189950,"date":"2021-07-05T07:07:44","date_gmt":"2021-07-05T10:07:44","guid":{"rendered":"https:\/\/franciscanos.org.br\/vidacrista\/?p=189950"},"modified":"2021-07-05T07:07:44","modified_gmt":"2021-07-05T10:07:44","slug":"tropecando-na-palavra","status":"publish","type":"post","link":"https:\/\/franciscanos.org.br\/vidacrista\/tropecando-na-palavra\/","title":{"rendered":"Trope\u00e7ando na palavra"},"content":{"rendered":"<div id=\"attachment_189951\" style=\"width: 850px\" class=\"wp-caption alignnone\"><img aria-describedby=\"caption-attachment-189951\" decoding=\"async\" loading=\"lazy\" class=\"wp-image-189951 size-full\" src=\"https:\/\/franciscanos.org.br\/vidacrista\/wp-content\/uploads\/2021\/07\/artigo_0507.png\" alt=\"\" width=\"840\" height=\"450\" srcset=\"https:\/\/franciscanos.org.br\/vidacrista\/wp-content\/uploads\/2021\/07\/artigo_0507.png 840w, https:\/\/franciscanos.org.br\/vidacrista\/wp-content\/uploads\/2021\/07\/artigo_0507-450x241.png 450w, https:\/\/franciscanos.org.br\/vidacrista\/wp-content\/uploads\/2021\/07\/artigo_0507-768x411.png 768w, https:\/\/franciscanos.org.br\/vidacrista\/wp-content\/uploads\/2021\/07\/artigo_0507-150x80.png 150w\" sizes=\"(max-width: 840px) 100vw, 840px\" \/><p id=\"caption-attachment-189951\" class=\"wp-caption-text\">\u00a0 \u00a0 \u00a0 \u00a0 \u00a0 \u00a0 \u00a0 \u00a0 \u00a0 \u00a0 \u00a0 \u00a0 \u00a0 \u00a0 \u00a0 \u00a0 \u00a0 \u00a0 \u00a0 \u00a0 \u00a0 \u00a0 \u00a0 \u00a0 \u00a0 \u00a0 \u00a0 \u00a0 \u00a0 \u00a0 \u00a0 \u00a0 \u00a0 \u00a0 \u00a0 \u00a0 \u00a0 \u00a0 \u00a0 \u00a0<em> \u00a0 \u00a0 Imagem ilustrativa: Canva (<a href=\"https:\/\/www.canva.com\/pt_br\/modelos\/\">www.canva.com\/pt_br\/modelos<\/a>)<\/em><\/p><\/div>\n<p><strong>Dom Walmor Oliveira de Azevedo<\/strong><\/p>\n<p>Os rumos da sociedade s\u00e3o definidos e alimentados por meio de narrativas, evidenciando, assim, a import\u00e2ncia da palavra, que tem propriedade para alavancar intui\u00e7\u00f5es e forjar novas respostas. Mas a palavra pode, tamb\u00e9m, ser uma \u201cpedra de trope\u00e7o\u201d, quando se constata dificuldade para valer-se de sua for\u00e7a na configura\u00e7\u00e3o de entendimentos. A babel contempor\u00e2nea comprova a frequente inabilidade para a constru\u00e7\u00e3o de discursos. Vive-se, atualmente, em uma sociedade que trope\u00e7a nas palavras e, por isso, sofre com cen\u00e1rios de desentendimentos, divis\u00f5es e atrasos civilizat\u00f3rios. Preju\u00edzos que podem at\u00e9 invalidar conquistas cient\u00edficas, pois falas distantes da realidade geram obscurecimentos.\u00a0\u00a0 O livre direito de se expressar, aliado \u00e0 intr\u00ednseca necessidade da palavra para tecer nova cultura, desafia a sociedade: todos est\u00e3o \u00e0 merc\u00ea das consequ\u00eancias de falas med\u00edocres \u2013 trope\u00e7os na palavra.<\/p>\n<p>Multiplicam-se as palavras que n\u00e3o geram entendimentos, nem indicam novos rumos. Tamb\u00e9m n\u00e3o alimentam o sentido que sustenta o pr\u00f3prio viver. Todos t\u00eam o direito de se manifestar, mas \u00e9 cada vez mais frequente os que trope\u00e7am na palavra. Gente que diz o que n\u00e3o conv\u00e9m ou o que n\u00e3o edifica, formulando ju\u00edzos equivocados, para simplesmente satisfazer a necessidade de se expressar de algum modo. \u00c9 preciso reconhecer a carga de responsabilidade inerente a cada palavra pronunciada, particularmente na emiss\u00e3o de ju\u00edzos, na tarefa de se construir entendimentos e interpreta\u00e7\u00f5es para promover qualificada configura\u00e7\u00e3o legislativa, novo estilo de vida e amizade social. O uso da palavra deve ir al\u00e9m do direito de se expressar, pois essa liberdade \u00e9 indissoci\u00e1vel do compromisso com a edifica\u00e7\u00e3o do bem, da justi\u00e7a e da paz.<\/p>\n<p>A qualificada cidadania tem compromisso com a palavra e jamais distancia-se da verdade. Cultiva a consci\u00eancia de que a manifesta\u00e7\u00e3o de perspectivas deve abrir caminhos, apontar solu\u00e7\u00f5es e respostas, sustentar a constru\u00e7\u00e3o da fraternidade social. Cres\u00e7a a consci\u00eancia cidad\u00e3 quanto \u00e0 import\u00e2ncia do adequado emprego das palavras, com suas propriedades construtivas, trilhando dire\u00e7\u00e3o bem diferente dos pronunciamentos que confundem, propagam a mentira fazendo-a parecida com a verdade, esvaziando a palavra de sua for\u00e7a prof\u00e9tica e po\u00e9tica. O mundo precisa de narrativas que gerem entendimentos e novas escolhas, indispens\u00e1veis \u00e0 configura\u00e7\u00e3o de um tempo novo. E a palavra \u00e9 instrumento fundamental para gerar um mundo aberto, sem divis\u00f5es.<\/p>\n<p>Pela propriedade da palavra pode-se estabelecer v\u00ednculos com o pr\u00f3ximo, que \u00e9 irm\u00e3o. As a\u00e7\u00f5es solid\u00e1rias s\u00e3o indispens\u00e1veis, mas h\u00e1 uma dimens\u00e3o pr\u00f3pria das narrativas que tamb\u00e9m \u00e9 muito necess\u00e1ria, capaz de gerar o reconhecimento de que cada pessoa \u00e9 dom precioso. A palavra precisa ser, pois, instrumento para abrir o ser humano ao amor, vencendo situa\u00e7\u00f5es de isolamento e de mesquinhez. Assim, os discursos podem promover a corresponsabilidade entre todos os cidad\u00e3os na tarefa de edificar civiliza\u00e7\u00f5es abertas, integradas, solid\u00e1rias. A palavra tamb\u00e9m deve alimentar a qualifica\u00e7\u00e3o existencial de cada indiv\u00edduo, livrando-o de pensamentos que levem a atitudes abomin\u00e1veis. As narrativas precisam ser oportunidade para dar vez aos \u201csem voz\u201d, aos discriminados, desencadeando processos de liberta\u00e7\u00e3o e de reconquista da dignidade perdida ou usurpada. Sobre o direito do uso da palavra inscreve-se o compromisso de, por meio dela, construir a fraternidade, a liberdade e a igualdade.<\/p>\n<p>O momento atual sinaliza a for\u00e7a da palavra na configura\u00e7\u00e3o de escolhas capazes de compor cen\u00e1rios sociopol\u00edticos. Palavras que t\u00eam viciado mentes e estreitado cora\u00e7\u00f5es precisam ceder lugar \u00e0s que possam produzir novos sentidos. Sejam, pois, constru\u00eddas as narrativas adequadas capazes de efetivar estilo de vida renovado, com diferentes modos de se habitar a casa comum e novas maneiras de se estabelecer la\u00e7os, a partir do respeito \u00e0 vida de cada pessoa, intoc\u00e1vel dom sagrado de Deus. Prevale\u00e7a a desconstru\u00e7\u00e3o de preconceituosos e discrimina\u00e7\u00f5es, debelando o racismo e muitos outros males que geram tanta destrui\u00e7\u00e3o. \u00c9 essencial, agora, aprender a fazer uso da palavra para n\u00e3o se produzir os preju\u00edzos advindos de quem vive trope\u00e7ando na palavra.<\/p>\n<hr \/>\n<p><strong>Dom Walmor Oliveira de Azevedo,<\/strong> <em>Arcebispo de Belo Horizonte (MG), \u00e9 presidente da CNBB.<\/em><\/p>\n","protected":false},"excerpt":{"rendered":"<p>Artigo de Dom Walmor Oliveira de Azevedo<\/p>\n","protected":false},"author":3,"featured_media":189952,"comment_status":"open","ping_status":"open","sticky":false,"template":"","format":"standard","meta":{"footnotes":""},"categories":[26],"tags":[271],"yoast_head":"<!-- This site is optimized with the Yoast SEO plugin v19.4 - https:\/\/yoast.com\/wordpress\/plugins\/seo\/ -->\n<title>Trope\u00e7ando na palavra - Vida Crist\u00e3 - Franciscanos<\/title>\n<meta name=\"robots\" content=\"index, follow, max-snippet:-1, max-image-preview:large, max-video-preview:-1\" \/>\n<link rel=\"canonical\" href=\"https:\/\/franciscanos.org.br\/vidacrista\/tropecando-na-palavra\/\" \/>\n<meta property=\"og:locale\" content=\"pt_BR\" \/>\n<meta property=\"og:type\" content=\"article\" \/>\n<meta property=\"og:title\" content=\"Trope\u00e7ando na palavra - Vida Crist\u00e3 - Franciscanos\" \/>\n<meta property=\"og:description\" content=\"Artigo de Dom Walmor Oliveira de Azevedo\" \/>\n<meta property=\"og:url\" content=\"https:\/\/franciscanos.org.br\/vidacrista\/tropecando-na-palavra\/\" \/>\n<meta property=\"og:site_name\" content=\"Vida Crist\u00e3 - Franciscanos\" \/>\n<meta property=\"article:published_time\" content=\"2021-07-05T10:07:44+00:00\" \/>\n<meta property=\"og:image\" content=\"https:\/\/franciscanos.org.br\/vidacrista\/wp-content\/uploads\/2021\/07\/artigo_0507d.png\" \/>\n\t<meta property=\"og:image:width\" content=\"800\" \/>\n\t<meta property=\"og:image:height\" content=\"550\" \/>\n\t<meta property=\"og:image:type\" content=\"image\/png\" \/>\n<meta name=\"author\" content=\"moacir\" \/>\n<meta name=\"twitter:card\" content=\"summary_large_image\" \/>\n<meta name=\"twitter:label1\" content=\"Escrito por\" \/>\n\t<meta name=\"twitter:data1\" content=\"moacir\" \/>\n\t<meta name=\"twitter:label2\" content=\"Est. tempo de leitura\" \/>\n\t<meta name=\"twitter:data2\" content=\"4 minutos\" \/>\n<script type=\"application\/ld+json\" class=\"yoast-schema-graph\">{\"@context\":\"https:\/\/schema.org\",\"@graph\":[{\"@type\":\"WebSite\",\"@id\":\"https:\/\/franciscanos.org.br\/vidacrista\/#website\",\"url\":\"https:\/\/franciscanos.org.br\/vidacrista\/\",\"name\":\"Vida Crist\u00e3 - Franciscanos\",\"description\":\"Prov\u00edncia Franciscana da Imaculada Concei\u00e7\u00e3o do Brasil - Ordem dos Frades Menores\",\"potentialAction\":[{\"@type\":\"SearchAction\",\"target\":{\"@type\":\"EntryPoint\",\"urlTemplate\":\"https:\/\/franciscanos.org.br\/vidacrista\/?s={search_term_string}\"},\"query-input\":\"required name=search_term_string\"}],\"inLanguage\":\"pt-BR\"},{\"@type\":\"WebPage\",\"@id\":\"https:\/\/franciscanos.org.br\/vidacrista\/tropecando-na-palavra\/\",\"url\":\"https:\/\/franciscanos.org.br\/vidacrista\/tropecando-na-palavra\/\",\"name\":\"Trope\u00e7ando na palavra - Vida Crist\u00e3 - Franciscanos\",\"isPartOf\":{\"@id\":\"https:\/\/franciscanos.org.br\/vidacrista\/#website\"},\"datePublished\":\"2021-07-05T10:07:44+00:00\",\"dateModified\":\"2021-07-05T10:07:44+00:00\",\"author\":{\"@id\":\"https:\/\/franciscanos.org.br\/vidacrista\/#\/schema\/person\/1880bdd2c350b735648725ef7614736a\"},\"breadcrumb\":{\"@id\":\"https:\/\/franciscanos.org.br\/vidacrista\/tropecando-na-palavra\/#breadcrumb\"},\"inLanguage\":\"pt-BR\",\"potentialAction\":[{\"@type\":\"ReadAction\",\"target\":[\"https:\/\/franciscanos.org.br\/vidacrista\/tropecando-na-palavra\/\"]}]},{\"@type\":\"BreadcrumbList\",\"@id\":\"https:\/\/franciscanos.org.br\/vidacrista\/tropecando-na-palavra\/#breadcrumb\",\"itemListElement\":[{\"@type\":\"ListItem\",\"position\":1,\"name\":\"Home\",\"item\":\"https:\/\/franciscanos.org.br\/vidacrista\/\"},{\"@type\":\"ListItem\",\"position\":2,\"name\":\"Trope\u00e7ando na palavra\"}]},{\"@type\":\"Person\",\"@id\":\"https:\/\/franciscanos.org.br\/vidacrista\/#\/schema\/person\/1880bdd2c350b735648725ef7614736a\",\"name\":\"moacir\",\"image\":{\"@type\":\"ImageObject\",\"inLanguage\":\"pt-BR\",\"@id\":\"https:\/\/franciscanos.org.br\/vidacrista\/#\/schema\/person\/image\/\",\"url\":\"https:\/\/secure.gravatar.com\/avatar\/d08aa2ce4c8dd416d4479aa8536fcf64?s=96&d=mm&r=g\",\"contentUrl\":\"https:\/\/secure.gravatar.com\/avatar\/d08aa2ce4c8dd416d4479aa8536fcf64?s=96&d=mm&r=g\",\"caption\":\"moacir\"},\"url\":\"https:\/\/franciscanos.org.br\/vidacrista\/author\/moacir\/\"}]}<\/script>\n<!-- \/ Yoast SEO plugin. -->","yoast_head_json":{"title":"Trope\u00e7ando na palavra - Vida Crist\u00e3 - Franciscanos","robots":{"index":"index","follow":"follow","max-snippet":"max-snippet:-1","max-image-preview":"max-image-preview:large","max-video-preview":"max-video-preview:-1"},"canonical":"https:\/\/franciscanos.org.br\/vidacrista\/tropecando-na-palavra\/","og_locale":"pt_BR","og_type":"article","og_title":"Trope\u00e7ando na palavra - Vida Crist\u00e3 - Franciscanos","og_description":"Artigo de Dom Walmor Oliveira de Azevedo","og_url":"https:\/\/franciscanos.org.br\/vidacrista\/tropecando-na-palavra\/","og_site_name":"Vida Crist\u00e3 - Franciscanos","article_published_time":"2021-07-05T10:07:44+00:00","og_image":[{"width":800,"height":550,"url":"https:\/\/franciscanos.org.br\/vidacrista\/wp-content\/uploads\/2021\/07\/artigo_0507d.png","type":"image\/png"}],"author":"moacir","twitter_card":"summary_large_image","twitter_misc":{"Escrito por":"moacir","Est. tempo de leitura":"4 minutos"},"schema":{"@context":"https:\/\/schema.org","@graph":[{"@type":"WebSite","@id":"https:\/\/franciscanos.org.br\/vidacrista\/#website","url":"https:\/\/franciscanos.org.br\/vidacrista\/","name":"Vida Crist\u00e3 - Franciscanos","description":"Prov\u00edncia Franciscana da Imaculada Concei\u00e7\u00e3o do Brasil - Ordem dos Frades Menores","potentialAction":[{"@type":"SearchAction","target":{"@type":"EntryPoint","urlTemplate":"https:\/\/franciscanos.org.br\/vidacrista\/?s={search_term_string}"},"query-input":"required name=search_term_string"}],"inLanguage":"pt-BR"},{"@type":"WebPage","@id":"https:\/\/franciscanos.org.br\/vidacrista\/tropecando-na-palavra\/","url":"https:\/\/franciscanos.org.br\/vidacrista\/tropecando-na-palavra\/","name":"Trope\u00e7ando na palavra - Vida Crist\u00e3 - Franciscanos","isPartOf":{"@id":"https:\/\/franciscanos.org.br\/vidacrista\/#website"},"datePublished":"2021-07-05T10:07:44+00:00","dateModified":"2021-07-05T10:07:44+00:00","author":{"@id":"https:\/\/franciscanos.org.br\/vidacrista\/#\/schema\/person\/1880bdd2c350b735648725ef7614736a"},"breadcrumb":{"@id":"https:\/\/franciscanos.org.br\/vidacrista\/tropecando-na-palavra\/#breadcrumb"},"inLanguage":"pt-BR","potentialAction":[{"@type":"ReadAction","target":["https:\/\/franciscanos.org.br\/vidacrista\/tropecando-na-palavra\/"]}]},{"@type":"BreadcrumbList","@id":"https:\/\/franciscanos.org.br\/vidacrista\/tropecando-na-palavra\/#breadcrumb","itemListElement":[{"@type":"ListItem","position":1,"name":"Home","item":"https:\/\/franciscanos.org.br\/vidacrista\/"},{"@type":"ListItem","position":2,"name":"Trope\u00e7ando na palavra"}]},{"@type":"Person","@id":"https:\/\/franciscanos.org.br\/vidacrista\/#\/schema\/person\/1880bdd2c350b735648725ef7614736a","name":"moacir","image":{"@type":"ImageObject","inLanguage":"pt-BR","@id":"https:\/\/franciscanos.org.br\/vidacrista\/#\/schema\/person\/image\/","url":"https:\/\/secure.gravatar.com\/avatar\/d08aa2ce4c8dd416d4479aa8536fcf64?s=96&d=mm&r=g","contentUrl":"https:\/\/secure.gravatar.com\/avatar\/d08aa2ce4c8dd416d4479aa8536fcf64?s=96&d=mm&r=g","caption":"moacir"},"url":"https:\/\/franciscanos.org.br\/vidacrista\/author\/moacir\/"}]}},"_links":{"self":[{"href":"https:\/\/franciscanos.org.br\/vidacrista\/wp-json\/wp\/v2\/posts\/189950"}],"collection":[{"href":"https:\/\/franciscanos.org.br\/vidacrista\/wp-json\/wp\/v2\/posts"}],"about":[{"href":"https:\/\/franciscanos.org.br\/vidacrista\/wp-json\/wp\/v2\/types\/post"}],"author":[{"embeddable":true,"href":"https:\/\/franciscanos.org.br\/vidacrista\/wp-json\/wp\/v2\/users\/3"}],"replies":[{"embeddable":true,"href":"https:\/\/franciscanos.org.br\/vidacrista\/wp-json\/wp\/v2\/comments?post=189950"}],"version-history":[{"count":1,"href":"https:\/\/franciscanos.org.br\/vidacrista\/wp-json\/wp\/v2\/posts\/189950\/revisions"}],"predecessor-version":[{"id":189953,"href":"https:\/\/franciscanos.org.br\/vidacrista\/wp-json\/wp\/v2\/posts\/189950\/revisions\/189953"}],"wp:featuredmedia":[{"embeddable":true,"href":"https:\/\/franciscanos.org.br\/vidacrista\/wp-json\/wp\/v2\/media\/189952"}],"wp:attachment":[{"href":"https:\/\/franciscanos.org.br\/vidacrista\/wp-json\/wp\/v2\/media?parent=189950"}],"wp:term":[{"taxonomy":"category","embeddable":true,"href":"https:\/\/franciscanos.org.br\/vidacrista\/wp-json\/wp\/v2\/categories?post=189950"},{"taxonomy":"post_tag","embeddable":true,"href":"https:\/\/franciscanos.org.br\/vidacrista\/wp-json\/wp\/v2\/tags?post=189950"}],"curies":[{"name":"wp","href":"https:\/\/api.w.org\/{rel}","templated":true}]}}