{"id":189911,"date":"2021-07-02T06:31:34","date_gmt":"2021-07-02T09:31:34","guid":{"rendered":"https:\/\/franciscanos.org.br\/vidacrista\/?p=189911"},"modified":"2021-07-03T06:44:48","modified_gmt":"2021-07-03T09:44:48","slug":"tome-a-fe-e-as-portas-fechadas-com-medo-de-lazaro-morto-jo-20-24-29","status":"publish","type":"post","link":"https:\/\/franciscanos.org.br\/vidacrista\/tome-a-fe-e-as-portas-fechadas-com-medo-de-lazaro-morto-jo-20-24-29\/","title":{"rendered":"Tom\u00e9: a f\u00e9 e as portas fechadas com medo de &#8220;L\u00e1zaro&#8221; morto (Jo 20, 24-29)"},"content":{"rendered":"<div id=\"attachment_189912\" style=\"width: 850px\" class=\"wp-caption alignnone\"><img aria-describedby=\"caption-attachment-189912\" decoding=\"async\" loading=\"lazy\" class=\"wp-image-189912 size-full\" src=\"https:\/\/franciscanos.org.br\/vidacrista\/wp-content\/uploads\/2021\/07\/tome_01.jpg\" alt=\"\" width=\"840\" height=\"450\" srcset=\"https:\/\/franciscanos.org.br\/vidacrista\/wp-content\/uploads\/2021\/07\/tome_01.jpg 840w, https:\/\/franciscanos.org.br\/vidacrista\/wp-content\/uploads\/2021\/07\/tome_01-450x241.jpg 450w, https:\/\/franciscanos.org.br\/vidacrista\/wp-content\/uploads\/2021\/07\/tome_01-768x411.jpg 768w, https:\/\/franciscanos.org.br\/vidacrista\/wp-content\/uploads\/2021\/07\/tome_01-150x80.jpg 150w\" sizes=\"(max-width: 840px) 100vw, 840px\" \/><p id=\"caption-attachment-189912\" class=\"wp-caption-text\"><em>\u00a0 \u00a0 \u00a0 \u00a0 \u00a0 \u00a0 \u00a0 \u00a0 \u00a0 \u00a0 \u00a0 \u00a0 \u00a0 \u00a0 \u00a0 \u00a0 \u00a0 \u00a0 \u00a0 \u00a0 \u00a0 \u00a0 \u00a0 \u00a0 \u00a0 \u00a0 \u00a0 \u00a0 \u00a0 \u00a0 \u00a0 \u00a0 \u00a0 \u00a0 \u00a0 Imagem: S\u00e3o Tom\u00e9, de El Greco (Wikipedia, dom\u00ednio p\u00fablico) <\/em><\/p><\/div>\n<p><em>\u00a0<\/em><em>Frei Jacir de Freitas Faria, OFM<\/em><a href=\"#_ftn1\" name=\"_ftnref1\">[1]<\/a><\/p>\n<p>O evangelho sobre o qual vamos refletir \u00e9 hoje \u00e9 Jo 20,24-29. Ele nos \u00e9 proposto por estar relacionado com o dia dedicado \u00e0 mem\u00f3ria de S\u00e3o Tom\u00e9. O texto \u00e9 bem conhecido. Jesus ressuscitado se apresenta diante dos ap\u00f3stolos, os quais estavam com as portas fechadas e com medo. Tom\u00e9, que n\u00e3o estava presente na primeira apari\u00e7\u00e3o, agora estava. Jesus, logo, vai lhe pedir para colocar os dedos nas chagas, de modo que ele pudesse acreditar na sua ressurrei\u00e7\u00e3o. Qual o significado desse gesto? Quem \u00e9 Tom\u00e9? O que ele representa para a nossa f\u00e9? Por que Tom\u00e9 acreditou que L\u00e1zaro estava morto?<\/p>\n<p><iframe loading=\"lazy\" title=\"Reflex\u00e3o b\u00edblica - Festa de S\u00e3o Tom\u00e9 (03\/07\/2021)\" width=\"500\" height=\"281\" src=\"https:\/\/www.youtube.com\/embed\/rTjZOrbOY2U?feature=oembed\" frameborder=\"0\" allow=\"accelerometer; autoplay; clipboard-write; encrypted-media; gyroscope; picture-in-picture\" allowfullscreen><\/iframe><\/p>\n<p>Primeiro, uma palavrinha sobre Tom\u00e9. Esse ap\u00f3stolo, um pescador da Galileia, aparece onze vezes nos evangelhos: Mt 10,3; Mc 3,18; Lc 6,15; Jo 11,16; 14,5; 20,24.26;27; 21,2 e At 1,13. Ele \u00e9 o preferido por Jo\u00e3o como modelo de pessimista e incr\u00e9dulo. Para Jo\u00e3o, se ele n\u00e3o acreditou na possibilidade da ressurrei\u00e7\u00e3o de L\u00e1zaro, que j\u00e1 estava morto, como poderia acreditar na de Jesus? Essa tradi\u00e7\u00e3o \u00e9 compreens\u00edvel no contexto da comunidade joanina dos anos 90 a 100 E.C., ansiosa na busca por testemunhas do ressuscitado.<\/p>\n<p>J\u00e1 na tradi\u00e7\u00e3o posterior, a da religiosidade popular, presente na literatura ap\u00f3crifa, em Evangelhos e Atos dos Ap\u00f3stolos, encontramos muitos outros elementos da vida de S\u00e3o Tom\u00e9. H\u00e1 um evangelho gn\u00f3stico, grupo de crist\u00e3os que acreditavam na salva\u00e7\u00e3o pelo conhecimento de Jesus, dedicado a Tom\u00e9. S\u00e3o 114 ditos de Jesus muito interessantes.<a href=\"#_ftn2\" name=\"_ftnref2\">[2]<\/a><\/p>\n<p>Com mais detalhes, temos os Atos Ap\u00f3crifos de Tom\u00e9. <a href=\"#_ftn3\" name=\"_ftnref3\">[3]<\/a> \u00a0Trata-se de uma narrativa da a\u00e7\u00e3o apost\u00f3lica de Tom\u00e9, depois da ressurrei\u00e7\u00e3o de Jesus, na \u00cdndia Meridional. Segundo essa tradi\u00e7\u00e3o, Jesus ressuscitado apareceu-lhe e enviou-o em miss\u00e3o. Na \u00cdndia, Tom\u00e9 cura enfermos, expulsa dem\u00f4nios, ressuscita mortos, distribui alimentos para os pobres, fala com dem\u00f4nios etc. O rei Mesdeu quis mat\u00e1-lo com lan\u00e7as de fogo, mas n\u00e3o logrou. Mais tarde, preso, ele foi torturado e morto. Ap\u00f3s a sua morte, ele apareceu aos seus disc\u00edpulos e ao rei que o condenara, os quais se converteram ao cristianismo.<\/p>\n<p>Outra tradi\u00e7\u00e3o sobre Tom\u00e9 se encontra no <em>Tr\u00e2nsito da Bem-Aventurada Virgem Maria de Jos\u00e9 de Arimateia.<\/em><a href=\"#_ftn4\" name=\"_ftnref4\">[4]<\/a> Ele presencia a assun\u00e7\u00e3o de Maria e recebe dela o seu manto, que cai do c\u00e9u. Para outra tradi\u00e7\u00e3o, esse manto \u00e9 a correia de Nossa Senhora.<\/p>\n<p>Voltemos ao evangelho de Jo 20,24-29. O desejo de Tom\u00e9 era ver, tocar, colocar os dedos nas chagas de Jesus. Seu desejo foi realizado por Jesus, de modo que, assim, ele deixou de ser incr\u00e9dulo. Desse gesto decorre a sua profiss\u00e3o de f\u00e9: \u201cMeu Senhor e meu Deus\u201d (Jo 20, 28). Uma coisa \u00e9 certa: \u201cFelizes os que crer\u00e3o sem ter visto\u201d (Jo 20, 29), afirmou Jesus.<\/p>\n<p>E o texto continua dizendo que Jesus fez ainda outros sinais diante dos ap\u00f3stolos. Interessante! Essa frase fecha o evangelho de Jo\u00e3o; o que vem depois, cap\u00edtulo 21, \u00e9 um acr\u00e9scimo. Esse sinal faz uma inclus\u00e3o liter\u00e1ria, isto \u00e9, uma liga\u00e7\u00e3o direta com o primeiro sinal de Jesus nas bodas de Can\u00e1 (Jo 2,1-11), a pedido de sua m\u00e3e, a primeira ap\u00f3stola que manifestou publicamente a f\u00e9 no seu Filho, conforme Jo\u00e3o.<\/p>\n<p>Maria e Tom\u00e9 somos todos n\u00f3s! Quantas vezes, em nossas vidas, cremos como Maria. Infelizmente, somos mais Tom\u00e9, quando nos mergulhamos no vazio da exist\u00eancia, da falta de f\u00e9. Tudo parece sem rumo. N\u00e3o acreditamos no testemunho dos irm\u00e3os de f\u00e9, perdemos a paz. Sem f\u00e9 n\u00e3o existe paz, a harmonia interior. Como vale uma palavra de f\u00e9 no momento da morte de um ente querido! Que o diga esse tempo de pandemia.<\/p>\n<p><strong>Fisicamente<\/strong>, podemos estar vivos, mas as nossas janelas e portas est\u00e3o fechadas. E elas impedem que o ressuscitado entre na casa de nossa vida. Manter-se no caminho \u00e9 fazer mem\u00f3ria sempre de sua paix\u00e3o, morte e ressurrei\u00e7\u00e3o. Sem mem\u00f3ria n\u00e3o seguimos adiante. A mem\u00f3ria de nossos queridos e queridas que partiram para a vida eterna nos deixa ligados ao seu cora\u00e7\u00e3o, seu corpo f\u00edsico que n\u00e3o mais est\u00e1 no meio de n\u00f3s. Isso \u00e9 ser o Tom\u00e9 renovado, da f\u00e9.<\/p>\n<p>Caso contr\u00e1rio, nos tornamos sem sentimentos, sem f\u00e9 e sem dignidade ou at\u00e9 mesmo um pobre \u201cL\u00e1zaro\u201d brasileiro, perseguido e morto, por uma sociedade doentia, uma boa parte dela insens\u00edvel \u00e0 dor de milh\u00f5es que t\u00eam os seus na lista dos mais de 500 mil mortos, grande parte deles por irresponsabilidade dos governos. Especialistas afirmam que 396 mil delas poderiam ter sido evitadas. Uma sociedade que acredita em armas visando um \u2018cancelamento\u2019 em massa, que com que o ser humano, feito bandido por ela ou por desvio de personalidade, deva ser morto, punido porque perdemos o modo compassivo de ser brasileiro, e por isso faz festa com uma morte de um \u2018doente\u2019 para desviar a aten\u00e7\u00e3o de tantas outras. Policiais que entregam a presa morta, depois de uma longa ca\u00e7ada com mais de duas centenas de soldados armados, como um trof\u00e9u, como nos velhos tempos de Lampi\u00e3o ou de filmes de terror hollywoodiano. Como foi deprimente ver aquela cena! Um filme da sociedade brasileira. Lament\u00e1vel. Morremos todos com o L\u00e1zaro.<\/p>\n<p>Com Tom\u00e9, recuperemos o afeto, que vem do toque em m\u00e3os ressuscitadas, e a f\u00e9 desacreditada diante de tantas barb\u00e1ries, de modo que novos tempos ressurjam como sinais da presen\u00e7a de Deus no meio de n\u00f3s! \u2018Meu Senhor e meu Deus\u2019 tenha d\u00f3 de n\u00f3s? Alivie a nossa pena! Fortale\u00e7a a nossa f\u00e9! Ajude-nos a abrir nossas portas na constru\u00e7\u00e3o de um novo ser humano.<\/p>\n<hr \/>\n<p><a href=\"#_ftnref1\" name=\"_ftn1\">[1]<\/a> Doutor em Teologia B\u00edblica pela FAJE-BH. Mestre em Ci\u00eancias B\u00edblicas (Exegese) pelo Pontif\u00edcio Instituto B\u00edblico de Roma. Professor de exegese b\u00edblica. Membro da Associa\u00e7\u00e3o Brasileira de Pesquisa B\u00edblica (ABIB). Sacerdote Franciscano. Autor de dez livros e coautor de quinze. Canal no You Tube: Frei Jacir B\u00edblia e Ap\u00f3crifos ou <a href=\"https:\/\/www.youtube.com\/c\/FreiJacirdeFreitasFariaB%C3%ADbliaAp%C3%B3crifos\">https:\/\/www.youtube.com\/c\/FreiJacirdeFreitasFariaB%C3%ADbliaAp%C3%B3crifos<\/a><\/p>\n<p><a href=\"#_ftnref2\" name=\"_ftn2\">[2]<\/a> FARIA, Jacir de Freitas. <strong>As origens ap\u00f3crifas do Cristianismo<\/strong>: coment\u00e1rios ao evangelho de Maria Madalena e Tom\u00e9. 2 ed. S\u00e3o Paulo: Paulinas, 2003.<\/p>\n<p><a href=\"#_ftnref3\" name=\"_ftn3\">[3]<\/a> FARIA, Jacir de Freitas<strong>. Vida Secreta dos ap\u00f3stolos e ap\u00f3stolas \u00e0 luz dos Atos Ap\u00f3crifos<\/strong>. 2 ed. Petr\u00f3polis: Vozes, 2006.<\/p>\n<p><a href=\"#_ftnref4\" name=\"_ftn4\">[4]<\/a> FARIA, Jacir de Freitas<strong>. O Medo do Inferno e a arte de bem morrer<\/strong>: da devo\u00e7\u00e3o ap\u00f3crifa \u00e0 Dormi\u00e7\u00e3o de Maria \u00e0s irmandades de Nossa Senhora da Boa Morte, Petr\u00f3polis: Vozes, 2019, p. 67.<\/p>\n","protected":false},"excerpt":{"rendered":"<p>Artigo de \u00a0Frei Jacir de Freitas Faria, OFM<\/p>\n","protected":false},"author":3,"featured_media":189913,"comment_status":"open","ping_status":"open","sticky":false,"template":"","format":"standard","meta":{"footnotes":""},"categories":[26],"tags":[43],"yoast_head":"<!-- This site is optimized with the Yoast SEO plugin v19.4 - https:\/\/yoast.com\/wordpress\/plugins\/seo\/ -->\n<title>Tom\u00e9: a f\u00e9 e as portas fechadas com medo de &quot;L\u00e1zaro&quot; morto (Jo 20, 24-29) - Vida Crist\u00e3 - Franciscanos<\/title>\n<meta name=\"robots\" content=\"index, follow, max-snippet:-1, max-image-preview:large, max-video-preview:-1\" \/>\n<link rel=\"canonical\" href=\"https:\/\/franciscanos.org.br\/vidacrista\/tome-a-fe-e-as-portas-fechadas-com-medo-de-lazaro-morto-jo-20-24-29\/\" \/>\n<meta property=\"og:locale\" content=\"pt_BR\" \/>\n<meta property=\"og:type\" content=\"article\" \/>\n<meta property=\"og:title\" content=\"Tom\u00e9: a f\u00e9 e as portas fechadas com medo de &quot;L\u00e1zaro&quot; morto (Jo 20, 24-29) - Vida Crist\u00e3 - Franciscanos\" \/>\n<meta property=\"og:description\" content=\"Artigo de \u00a0Frei Jacir de Freitas Faria, OFM\" \/>\n<meta property=\"og:url\" content=\"https:\/\/franciscanos.org.br\/vidacrista\/tome-a-fe-e-as-portas-fechadas-com-medo-de-lazaro-morto-jo-20-24-29\/\" \/>\n<meta property=\"og:site_name\" content=\"Vida Crist\u00e3 - Franciscanos\" \/>\n<meta property=\"article:published_time\" content=\"2021-07-02T09:31:34+00:00\" \/>\n<meta property=\"article:modified_time\" content=\"2021-07-03T09:44:48+00:00\" \/>\n<meta property=\"og:image\" content=\"https:\/\/franciscanos.org.br\/vidacrista\/wp-content\/uploads\/2021\/07\/tome_01d.jpg\" \/>\n\t<meta property=\"og:image:width\" content=\"800\" \/>\n\t<meta property=\"og:image:height\" content=\"550\" \/>\n\t<meta property=\"og:image:type\" content=\"image\/jpeg\" \/>\n<meta name=\"author\" content=\"moacir\" \/>\n<meta name=\"twitter:card\" content=\"summary_large_image\" \/>\n<meta name=\"twitter:label1\" content=\"Escrito por\" \/>\n\t<meta name=\"twitter:data1\" content=\"moacir\" \/>\n\t<meta name=\"twitter:label2\" content=\"Est. tempo de leitura\" \/>\n\t<meta name=\"twitter:data2\" content=\"6 minutos\" \/>\n<script type=\"application\/ld+json\" class=\"yoast-schema-graph\">{\"@context\":\"https:\/\/schema.org\",\"@graph\":[{\"@type\":\"WebSite\",\"@id\":\"https:\/\/franciscanos.org.br\/vidacrista\/#website\",\"url\":\"https:\/\/franciscanos.org.br\/vidacrista\/\",\"name\":\"Vida Crist\u00e3 - Franciscanos\",\"description\":\"Prov\u00edncia Franciscana da Imaculada Concei\u00e7\u00e3o do Brasil - Ordem dos Frades Menores\",\"potentialAction\":[{\"@type\":\"SearchAction\",\"target\":{\"@type\":\"EntryPoint\",\"urlTemplate\":\"https:\/\/franciscanos.org.br\/vidacrista\/?s={search_term_string}\"},\"query-input\":\"required name=search_term_string\"}],\"inLanguage\":\"pt-BR\"},{\"@type\":\"WebPage\",\"@id\":\"https:\/\/franciscanos.org.br\/vidacrista\/tome-a-fe-e-as-portas-fechadas-com-medo-de-lazaro-morto-jo-20-24-29\/\",\"url\":\"https:\/\/franciscanos.org.br\/vidacrista\/tome-a-fe-e-as-portas-fechadas-com-medo-de-lazaro-morto-jo-20-24-29\/\",\"name\":\"Tom\u00e9: a f\u00e9 e as portas fechadas com medo de \\\"L\u00e1zaro\\\" morto (Jo 20, 24-29) - Vida Crist\u00e3 - Franciscanos\",\"isPartOf\":{\"@id\":\"https:\/\/franciscanos.org.br\/vidacrista\/#website\"},\"datePublished\":\"2021-07-02T09:31:34+00:00\",\"dateModified\":\"2021-07-03T09:44:48+00:00\",\"author\":{\"@id\":\"https:\/\/franciscanos.org.br\/vidacrista\/#\/schema\/person\/1880bdd2c350b735648725ef7614736a\"},\"breadcrumb\":{\"@id\":\"https:\/\/franciscanos.org.br\/vidacrista\/tome-a-fe-e-as-portas-fechadas-com-medo-de-lazaro-morto-jo-20-24-29\/#breadcrumb\"},\"inLanguage\":\"pt-BR\",\"potentialAction\":[{\"@type\":\"ReadAction\",\"target\":[\"https:\/\/franciscanos.org.br\/vidacrista\/tome-a-fe-e-as-portas-fechadas-com-medo-de-lazaro-morto-jo-20-24-29\/\"]}]},{\"@type\":\"BreadcrumbList\",\"@id\":\"https:\/\/franciscanos.org.br\/vidacrista\/tome-a-fe-e-as-portas-fechadas-com-medo-de-lazaro-morto-jo-20-24-29\/#breadcrumb\",\"itemListElement\":[{\"@type\":\"ListItem\",\"position\":1,\"name\":\"Home\",\"item\":\"https:\/\/franciscanos.org.br\/vidacrista\/\"},{\"@type\":\"ListItem\",\"position\":2,\"name\":\"Tom\u00e9: a f\u00e9 e as portas fechadas com medo de &#8220;L\u00e1zaro&#8221; morto (Jo 20, 24-29)\"}]},{\"@type\":\"Person\",\"@id\":\"https:\/\/franciscanos.org.br\/vidacrista\/#\/schema\/person\/1880bdd2c350b735648725ef7614736a\",\"name\":\"moacir\",\"image\":{\"@type\":\"ImageObject\",\"inLanguage\":\"pt-BR\",\"@id\":\"https:\/\/franciscanos.org.br\/vidacrista\/#\/schema\/person\/image\/\",\"url\":\"https:\/\/secure.gravatar.com\/avatar\/d08aa2ce4c8dd416d4479aa8536fcf64?s=96&d=mm&r=g\",\"contentUrl\":\"https:\/\/secure.gravatar.com\/avatar\/d08aa2ce4c8dd416d4479aa8536fcf64?s=96&d=mm&r=g\",\"caption\":\"moacir\"},\"url\":\"https:\/\/franciscanos.org.br\/vidacrista\/author\/moacir\/\"}]}<\/script>\n<!-- \/ Yoast SEO plugin. -->","yoast_head_json":{"title":"Tom\u00e9: a f\u00e9 e as portas fechadas com medo de \"L\u00e1zaro\" morto (Jo 20, 24-29) - Vida Crist\u00e3 - Franciscanos","robots":{"index":"index","follow":"follow","max-snippet":"max-snippet:-1","max-image-preview":"max-image-preview:large","max-video-preview":"max-video-preview:-1"},"canonical":"https:\/\/franciscanos.org.br\/vidacrista\/tome-a-fe-e-as-portas-fechadas-com-medo-de-lazaro-morto-jo-20-24-29\/","og_locale":"pt_BR","og_type":"article","og_title":"Tom\u00e9: a f\u00e9 e as portas fechadas com medo de \"L\u00e1zaro\" morto (Jo 20, 24-29) - Vida Crist\u00e3 - Franciscanos","og_description":"Artigo de \u00a0Frei Jacir de Freitas Faria, OFM","og_url":"https:\/\/franciscanos.org.br\/vidacrista\/tome-a-fe-e-as-portas-fechadas-com-medo-de-lazaro-morto-jo-20-24-29\/","og_site_name":"Vida Crist\u00e3 - Franciscanos","article_published_time":"2021-07-02T09:31:34+00:00","article_modified_time":"2021-07-03T09:44:48+00:00","og_image":[{"width":800,"height":550,"url":"https:\/\/franciscanos.org.br\/vidacrista\/wp-content\/uploads\/2021\/07\/tome_01d.jpg","type":"image\/jpeg"}],"author":"moacir","twitter_card":"summary_large_image","twitter_misc":{"Escrito por":"moacir","Est. tempo de leitura":"6 minutos"},"schema":{"@context":"https:\/\/schema.org","@graph":[{"@type":"WebSite","@id":"https:\/\/franciscanos.org.br\/vidacrista\/#website","url":"https:\/\/franciscanos.org.br\/vidacrista\/","name":"Vida Crist\u00e3 - Franciscanos","description":"Prov\u00edncia Franciscana da Imaculada Concei\u00e7\u00e3o do Brasil - Ordem dos Frades Menores","potentialAction":[{"@type":"SearchAction","target":{"@type":"EntryPoint","urlTemplate":"https:\/\/franciscanos.org.br\/vidacrista\/?s={search_term_string}"},"query-input":"required name=search_term_string"}],"inLanguage":"pt-BR"},{"@type":"WebPage","@id":"https:\/\/franciscanos.org.br\/vidacrista\/tome-a-fe-e-as-portas-fechadas-com-medo-de-lazaro-morto-jo-20-24-29\/","url":"https:\/\/franciscanos.org.br\/vidacrista\/tome-a-fe-e-as-portas-fechadas-com-medo-de-lazaro-morto-jo-20-24-29\/","name":"Tom\u00e9: a f\u00e9 e as portas fechadas com medo de \"L\u00e1zaro\" morto (Jo 20, 24-29) - Vida Crist\u00e3 - Franciscanos","isPartOf":{"@id":"https:\/\/franciscanos.org.br\/vidacrista\/#website"},"datePublished":"2021-07-02T09:31:34+00:00","dateModified":"2021-07-03T09:44:48+00:00","author":{"@id":"https:\/\/franciscanos.org.br\/vidacrista\/#\/schema\/person\/1880bdd2c350b735648725ef7614736a"},"breadcrumb":{"@id":"https:\/\/franciscanos.org.br\/vidacrista\/tome-a-fe-e-as-portas-fechadas-com-medo-de-lazaro-morto-jo-20-24-29\/#breadcrumb"},"inLanguage":"pt-BR","potentialAction":[{"@type":"ReadAction","target":["https:\/\/franciscanos.org.br\/vidacrista\/tome-a-fe-e-as-portas-fechadas-com-medo-de-lazaro-morto-jo-20-24-29\/"]}]},{"@type":"BreadcrumbList","@id":"https:\/\/franciscanos.org.br\/vidacrista\/tome-a-fe-e-as-portas-fechadas-com-medo-de-lazaro-morto-jo-20-24-29\/#breadcrumb","itemListElement":[{"@type":"ListItem","position":1,"name":"Home","item":"https:\/\/franciscanos.org.br\/vidacrista\/"},{"@type":"ListItem","position":2,"name":"Tom\u00e9: a f\u00e9 e as portas fechadas com medo de &#8220;L\u00e1zaro&#8221; morto (Jo 20, 24-29)"}]},{"@type":"Person","@id":"https:\/\/franciscanos.org.br\/vidacrista\/#\/schema\/person\/1880bdd2c350b735648725ef7614736a","name":"moacir","image":{"@type":"ImageObject","inLanguage":"pt-BR","@id":"https:\/\/franciscanos.org.br\/vidacrista\/#\/schema\/person\/image\/","url":"https:\/\/secure.gravatar.com\/avatar\/d08aa2ce4c8dd416d4479aa8536fcf64?s=96&d=mm&r=g","contentUrl":"https:\/\/secure.gravatar.com\/avatar\/d08aa2ce4c8dd416d4479aa8536fcf64?s=96&d=mm&r=g","caption":"moacir"},"url":"https:\/\/franciscanos.org.br\/vidacrista\/author\/moacir\/"}]}},"_links":{"self":[{"href":"https:\/\/franciscanos.org.br\/vidacrista\/wp-json\/wp\/v2\/posts\/189911"}],"collection":[{"href":"https:\/\/franciscanos.org.br\/vidacrista\/wp-json\/wp\/v2\/posts"}],"about":[{"href":"https:\/\/franciscanos.org.br\/vidacrista\/wp-json\/wp\/v2\/types\/post"}],"author":[{"embeddable":true,"href":"https:\/\/franciscanos.org.br\/vidacrista\/wp-json\/wp\/v2\/users\/3"}],"replies":[{"embeddable":true,"href":"https:\/\/franciscanos.org.br\/vidacrista\/wp-json\/wp\/v2\/comments?post=189911"}],"version-history":[{"count":2,"href":"https:\/\/franciscanos.org.br\/vidacrista\/wp-json\/wp\/v2\/posts\/189911\/revisions"}],"predecessor-version":[{"id":189941,"href":"https:\/\/franciscanos.org.br\/vidacrista\/wp-json\/wp\/v2\/posts\/189911\/revisions\/189941"}],"wp:featuredmedia":[{"embeddable":true,"href":"https:\/\/franciscanos.org.br\/vidacrista\/wp-json\/wp\/v2\/media\/189913"}],"wp:attachment":[{"href":"https:\/\/franciscanos.org.br\/vidacrista\/wp-json\/wp\/v2\/media?parent=189911"}],"wp:term":[{"taxonomy":"category","embeddable":true,"href":"https:\/\/franciscanos.org.br\/vidacrista\/wp-json\/wp\/v2\/categories?post=189911"},{"taxonomy":"post_tag","embeddable":true,"href":"https:\/\/franciscanos.org.br\/vidacrista\/wp-json\/wp\/v2\/tags?post=189911"}],"curies":[{"name":"wp","href":"https:\/\/api.w.org\/{rel}","templated":true}]}}