{"id":189892,"date":"2021-06-29T10:37:36","date_gmt":"2021-06-29T13:37:36","guid":{"rendered":"https:\/\/franciscanos.org.br\/vidacrista\/?p=189892"},"modified":"2021-06-29T10:37:36","modified_gmt":"2021-06-29T13:37:36","slug":"o-senhor-nao-esta-nas-grandiloquencias","status":"publish","type":"post","link":"https:\/\/franciscanos.org.br\/vidacrista\/o-senhor-nao-esta-nas-grandiloquencias\/","title":{"rendered":"O Senhor n\u00e3o est\u00e1 nas grandiloqu\u00eancias"},"content":{"rendered":"<div id=\"attachment_189893\" style=\"width: 850px\" class=\"wp-caption alignnone\"><img aria-describedby=\"caption-attachment-189893\" decoding=\"async\" loading=\"lazy\" class=\"wp-image-189893 size-full\" src=\"https:\/\/franciscanos.org.br\/vidacrista\/wp-content\/uploads\/2021\/06\/greccio_01.jpg\" alt=\"\" width=\"840\" height=\"450\" srcset=\"https:\/\/franciscanos.org.br\/vidacrista\/wp-content\/uploads\/2021\/06\/greccio_01.jpg 840w, https:\/\/franciscanos.org.br\/vidacrista\/wp-content\/uploads\/2021\/06\/greccio_01-450x241.jpg 450w, https:\/\/franciscanos.org.br\/vidacrista\/wp-content\/uploads\/2021\/06\/greccio_01-768x411.jpg 768w, https:\/\/franciscanos.org.br\/vidacrista\/wp-content\/uploads\/2021\/06\/greccio_01-150x80.jpg 150w\" sizes=\"(max-width: 840px) 100vw, 840px\" \/><p id=\"caption-attachment-189893\" class=\"wp-caption-text\">\u00a0 \u00a0 \u00a0 \u00a0 \u00a0 \u00a0 \u00a0 \u00a0 \u00a0 \u00a0 \u00a0 \u00a0 \u00a0 \u00a0 \u00a0 \u00a0 \u00a0 \u00a0 \u00a0 \u00a0 \u00a0 \u00a0 \u00a0 \u00a0 \u00a0 \u00a0 \u00a0 \u00a0 \u00a0 \u00a0 \u00a0 \u00a0 \u00a0 \u00a0 \u00a0 \u00a0 \u00a0 \u00a0 \u00a0 \u00a0 \u00a0 \u00a0 \u00a0 \u00a0 \u00a0 \u00a0 \u00a0 \u00a0<em> \u00a0 \u00a0 \u00a0 \u00a0 \u00a0 \u00a0 Imagem: A gruta do pres\u00e9pio em Greccio<\/em><\/p><\/div>\n<p>Sempre de novo Cristo, Cristo Jesus, o Verbo feito carne, a imagem de Deus, aquele que entrega sua vida para a vida do mundo, a encarna\u00e7\u00e3o da bondade, que tem o peito tocado pela lan\u00e7a do soldado que abre uma fresta no seu \u00edntimo mais \u00edntimo. Aquele que queremos seguir.<\/p>\n<p>Deus&#8230; muitas vezes o imaginamos em termos de grandeza. Ele \u00e9 infinito, onipotente, omnisciente, aquele que controla os passos e volteios do homem. Quando lemos o epis\u00f3dio de Elias na gruta do Horeb vemos o contr\u00e1rio. O Senhor n\u00e3o est\u00e1 no vento impetuoso, no terremoto, mas na brisa suave. Certamente, ele \u00e9 o inef\u00e1vel, o infal\u00edvel, o portentoso, o criador, mas aparece diante de n\u00f3s, em Cristo Jesus, sem grandiloqu\u00eancias e para Francisco de Assis um Deus que fez belamente pobre. Vamos ver como David de Azevedo (S\u00e3o Francisco, F\u00e9 e Vida, Ed. Franciscana de Braga, p. 74-65) encara o tema:<\/p>\n<p>\u201cH\u00e1 uma alteza mais sublime na nobreza da alma, do que na impon\u00eancia de um imperador rodeado de fausto e de cortes\u00e3os. A gl\u00f3ria da verdade est\u00e1 em sua nudez indefesa. Quando a pretexto de defender a verdade, se faz recurso \u00e0 propaganda, \u00e0 press\u00e3o e \u00e0 for\u00e7a &#8211; venha de onde vier &#8211; do medo, do prestigio, do dinheiro -, a verdade perdeu a sua gl\u00f3ria. A gl\u00f3ria que era dela, s\u00f3 dela\u201d.<\/p>\n<p>Estamos acostumados sempre a atribuir a Deus predicados no superlativo e em outras \u00e1reas. \u201cPara n\u00f3s teria mais valor que S\u00e3o Francisco curasse o leproso da doen\u00e7a do que chegasse como chegou, ao gesto de o beijar. Seria mais impressionante que Maximiliano Kolbe libertasse todos os prisioneiros de Auschwitz, que desse, como deu a sua vida em troca de um deles. Somos mais sens\u00edveis ao milagre ou a outra manifesta\u00e7\u00e3o do poder de Deus do que \u00e0 gloria do seu amor\u201d.<\/p>\n<p>E agora os argumentos definitivos em prol da \u201cfragilidade\u201d de Deus. \u201cO poder de Deus \u00e9 muito mais assombroso no pres\u00e9pio de Bel\u00e9m do que na cria\u00e7\u00e3o do universo. A gl\u00f3ria do Senhor \u00e9 muito maior no acontecimento do Calv\u00e1rio do que na imensidade e harmonia das gal\u00e1xias. A Eucaristia \u00e9 um prod\u00edgio infinitamente maior do que a ressurei\u00e7\u00e3o de L\u00e1zaro. E nestes mist\u00e9rios, concretiza-se o amor e a ternura de Deus\u201d.<\/p>\n<p>Podemos encontrar Deus pelo caminho da raz\u00e3o, mas h\u00e1 um outro \u201ccaminho mais prometedor: a candura da crian\u00e7a, a ternura do cora\u00e7\u00e3o materno, a bondade humilde da enfermeira, o sorriso de um canceroso desenganado pelos m\u00e9dicos e, sobretudo, a dignidade, a bondade, o amor e a inoc\u00eancia de Jesus.\u201d<\/p>\n<hr \/>\n<p><em>Frei Almir Guimar\u00e3es<\/em><\/p>\n","protected":false},"excerpt":{"rendered":"<p>Primeira Sexta-feira do M\u00eas<\/p>\n","protected":false},"author":3,"featured_media":189894,"comment_status":"open","ping_status":"open","sticky":false,"template":"","format":"standard","meta":{"footnotes":""},"categories":[105],"tags":[212],"yoast_head":"<!-- This site is optimized with the Yoast SEO plugin v19.4 - https:\/\/yoast.com\/wordpress\/plugins\/seo\/ -->\n<title>O Senhor n\u00e3o est\u00e1 nas grandiloqu\u00eancias - Vida Crist\u00e3 - Franciscanos<\/title>\n<meta name=\"robots\" content=\"index, follow, max-snippet:-1, max-image-preview:large, max-video-preview:-1\" \/>\n<link rel=\"canonical\" href=\"https:\/\/franciscanos.org.br\/vidacrista\/o-senhor-nao-esta-nas-grandiloquencias\/\" \/>\n<meta property=\"og:locale\" content=\"pt_BR\" \/>\n<meta property=\"og:type\" content=\"article\" \/>\n<meta property=\"og:title\" content=\"O Senhor n\u00e3o est\u00e1 nas grandiloqu\u00eancias - Vida Crist\u00e3 - Franciscanos\" \/>\n<meta property=\"og:description\" content=\"Primeira Sexta-feira do M\u00eas\" \/>\n<meta property=\"og:url\" content=\"https:\/\/franciscanos.org.br\/vidacrista\/o-senhor-nao-esta-nas-grandiloquencias\/\" \/>\n<meta property=\"og:site_name\" content=\"Vida Crist\u00e3 - Franciscanos\" \/>\n<meta property=\"article:published_time\" content=\"2021-06-29T13:37:36+00:00\" \/>\n<meta property=\"og:image\" content=\"https:\/\/franciscanos.org.br\/vidacrista\/wp-content\/uploads\/2021\/06\/greccio_01d.jpg\" \/>\n\t<meta property=\"og:image:width\" content=\"800\" \/>\n\t<meta property=\"og:image:height\" content=\"550\" \/>\n\t<meta property=\"og:image:type\" content=\"image\/jpeg\" \/>\n<meta name=\"author\" content=\"moacir\" \/>\n<meta name=\"twitter:card\" content=\"summary_large_image\" \/>\n<meta name=\"twitter:label1\" content=\"Escrito por\" \/>\n\t<meta name=\"twitter:data1\" content=\"moacir\" \/>\n\t<meta name=\"twitter:label2\" content=\"Est. tempo de leitura\" \/>\n\t<meta name=\"twitter:data2\" content=\"2 minutos\" \/>\n<script type=\"application\/ld+json\" class=\"yoast-schema-graph\">{\"@context\":\"https:\/\/schema.org\",\"@graph\":[{\"@type\":\"WebSite\",\"@id\":\"https:\/\/franciscanos.org.br\/vidacrista\/#website\",\"url\":\"https:\/\/franciscanos.org.br\/vidacrista\/\",\"name\":\"Vida Crist\u00e3 - Franciscanos\",\"description\":\"Prov\u00edncia Franciscana da Imaculada Concei\u00e7\u00e3o do Brasil - Ordem dos Frades Menores\",\"potentialAction\":[{\"@type\":\"SearchAction\",\"target\":{\"@type\":\"EntryPoint\",\"urlTemplate\":\"https:\/\/franciscanos.org.br\/vidacrista\/?s={search_term_string}\"},\"query-input\":\"required name=search_term_string\"}],\"inLanguage\":\"pt-BR\"},{\"@type\":\"WebPage\",\"@id\":\"https:\/\/franciscanos.org.br\/vidacrista\/o-senhor-nao-esta-nas-grandiloquencias\/\",\"url\":\"https:\/\/franciscanos.org.br\/vidacrista\/o-senhor-nao-esta-nas-grandiloquencias\/\",\"name\":\"O Senhor n\u00e3o est\u00e1 nas grandiloqu\u00eancias - Vida Crist\u00e3 - Franciscanos\",\"isPartOf\":{\"@id\":\"https:\/\/franciscanos.org.br\/vidacrista\/#website\"},\"datePublished\":\"2021-06-29T13:37:36+00:00\",\"dateModified\":\"2021-06-29T13:37:36+00:00\",\"author\":{\"@id\":\"https:\/\/franciscanos.org.br\/vidacrista\/#\/schema\/person\/1880bdd2c350b735648725ef7614736a\"},\"breadcrumb\":{\"@id\":\"https:\/\/franciscanos.org.br\/vidacrista\/o-senhor-nao-esta-nas-grandiloquencias\/#breadcrumb\"},\"inLanguage\":\"pt-BR\",\"potentialAction\":[{\"@type\":\"ReadAction\",\"target\":[\"https:\/\/franciscanos.org.br\/vidacrista\/o-senhor-nao-esta-nas-grandiloquencias\/\"]}]},{\"@type\":\"BreadcrumbList\",\"@id\":\"https:\/\/franciscanos.org.br\/vidacrista\/o-senhor-nao-esta-nas-grandiloquencias\/#breadcrumb\",\"itemListElement\":[{\"@type\":\"ListItem\",\"position\":1,\"name\":\"Home\",\"item\":\"https:\/\/franciscanos.org.br\/vidacrista\/\"},{\"@type\":\"ListItem\",\"position\":2,\"name\":\"O Senhor n\u00e3o est\u00e1 nas grandiloqu\u00eancias\"}]},{\"@type\":\"Person\",\"@id\":\"https:\/\/franciscanos.org.br\/vidacrista\/#\/schema\/person\/1880bdd2c350b735648725ef7614736a\",\"name\":\"moacir\",\"image\":{\"@type\":\"ImageObject\",\"inLanguage\":\"pt-BR\",\"@id\":\"https:\/\/franciscanos.org.br\/vidacrista\/#\/schema\/person\/image\/\",\"url\":\"https:\/\/secure.gravatar.com\/avatar\/d08aa2ce4c8dd416d4479aa8536fcf64?s=96&d=mm&r=g\",\"contentUrl\":\"https:\/\/secure.gravatar.com\/avatar\/d08aa2ce4c8dd416d4479aa8536fcf64?s=96&d=mm&r=g\",\"caption\":\"moacir\"},\"url\":\"https:\/\/franciscanos.org.br\/vidacrista\/author\/moacir\/\"}]}<\/script>\n<!-- \/ Yoast SEO plugin. -->","yoast_head_json":{"title":"O Senhor n\u00e3o est\u00e1 nas grandiloqu\u00eancias - Vida Crist\u00e3 - Franciscanos","robots":{"index":"index","follow":"follow","max-snippet":"max-snippet:-1","max-image-preview":"max-image-preview:large","max-video-preview":"max-video-preview:-1"},"canonical":"https:\/\/franciscanos.org.br\/vidacrista\/o-senhor-nao-esta-nas-grandiloquencias\/","og_locale":"pt_BR","og_type":"article","og_title":"O Senhor n\u00e3o est\u00e1 nas grandiloqu\u00eancias - Vida Crist\u00e3 - Franciscanos","og_description":"Primeira Sexta-feira do M\u00eas","og_url":"https:\/\/franciscanos.org.br\/vidacrista\/o-senhor-nao-esta-nas-grandiloquencias\/","og_site_name":"Vida Crist\u00e3 - Franciscanos","article_published_time":"2021-06-29T13:37:36+00:00","og_image":[{"width":800,"height":550,"url":"https:\/\/franciscanos.org.br\/vidacrista\/wp-content\/uploads\/2021\/06\/greccio_01d.jpg","type":"image\/jpeg"}],"author":"moacir","twitter_card":"summary_large_image","twitter_misc":{"Escrito por":"moacir","Est. tempo de leitura":"2 minutos"},"schema":{"@context":"https:\/\/schema.org","@graph":[{"@type":"WebSite","@id":"https:\/\/franciscanos.org.br\/vidacrista\/#website","url":"https:\/\/franciscanos.org.br\/vidacrista\/","name":"Vida Crist\u00e3 - Franciscanos","description":"Prov\u00edncia Franciscana da Imaculada Concei\u00e7\u00e3o do Brasil - Ordem dos Frades Menores","potentialAction":[{"@type":"SearchAction","target":{"@type":"EntryPoint","urlTemplate":"https:\/\/franciscanos.org.br\/vidacrista\/?s={search_term_string}"},"query-input":"required name=search_term_string"}],"inLanguage":"pt-BR"},{"@type":"WebPage","@id":"https:\/\/franciscanos.org.br\/vidacrista\/o-senhor-nao-esta-nas-grandiloquencias\/","url":"https:\/\/franciscanos.org.br\/vidacrista\/o-senhor-nao-esta-nas-grandiloquencias\/","name":"O Senhor n\u00e3o est\u00e1 nas grandiloqu\u00eancias - Vida Crist\u00e3 - Franciscanos","isPartOf":{"@id":"https:\/\/franciscanos.org.br\/vidacrista\/#website"},"datePublished":"2021-06-29T13:37:36+00:00","dateModified":"2021-06-29T13:37:36+00:00","author":{"@id":"https:\/\/franciscanos.org.br\/vidacrista\/#\/schema\/person\/1880bdd2c350b735648725ef7614736a"},"breadcrumb":{"@id":"https:\/\/franciscanos.org.br\/vidacrista\/o-senhor-nao-esta-nas-grandiloquencias\/#breadcrumb"},"inLanguage":"pt-BR","potentialAction":[{"@type":"ReadAction","target":["https:\/\/franciscanos.org.br\/vidacrista\/o-senhor-nao-esta-nas-grandiloquencias\/"]}]},{"@type":"BreadcrumbList","@id":"https:\/\/franciscanos.org.br\/vidacrista\/o-senhor-nao-esta-nas-grandiloquencias\/#breadcrumb","itemListElement":[{"@type":"ListItem","position":1,"name":"Home","item":"https:\/\/franciscanos.org.br\/vidacrista\/"},{"@type":"ListItem","position":2,"name":"O Senhor n\u00e3o est\u00e1 nas grandiloqu\u00eancias"}]},{"@type":"Person","@id":"https:\/\/franciscanos.org.br\/vidacrista\/#\/schema\/person\/1880bdd2c350b735648725ef7614736a","name":"moacir","image":{"@type":"ImageObject","inLanguage":"pt-BR","@id":"https:\/\/franciscanos.org.br\/vidacrista\/#\/schema\/person\/image\/","url":"https:\/\/secure.gravatar.com\/avatar\/d08aa2ce4c8dd416d4479aa8536fcf64?s=96&d=mm&r=g","contentUrl":"https:\/\/secure.gravatar.com\/avatar\/d08aa2ce4c8dd416d4479aa8536fcf64?s=96&d=mm&r=g","caption":"moacir"},"url":"https:\/\/franciscanos.org.br\/vidacrista\/author\/moacir\/"}]}},"_links":{"self":[{"href":"https:\/\/franciscanos.org.br\/vidacrista\/wp-json\/wp\/v2\/posts\/189892"}],"collection":[{"href":"https:\/\/franciscanos.org.br\/vidacrista\/wp-json\/wp\/v2\/posts"}],"about":[{"href":"https:\/\/franciscanos.org.br\/vidacrista\/wp-json\/wp\/v2\/types\/post"}],"author":[{"embeddable":true,"href":"https:\/\/franciscanos.org.br\/vidacrista\/wp-json\/wp\/v2\/users\/3"}],"replies":[{"embeddable":true,"href":"https:\/\/franciscanos.org.br\/vidacrista\/wp-json\/wp\/v2\/comments?post=189892"}],"version-history":[{"count":1,"href":"https:\/\/franciscanos.org.br\/vidacrista\/wp-json\/wp\/v2\/posts\/189892\/revisions"}],"predecessor-version":[{"id":189895,"href":"https:\/\/franciscanos.org.br\/vidacrista\/wp-json\/wp\/v2\/posts\/189892\/revisions\/189895"}],"wp:featuredmedia":[{"embeddable":true,"href":"https:\/\/franciscanos.org.br\/vidacrista\/wp-json\/wp\/v2\/media\/189894"}],"wp:attachment":[{"href":"https:\/\/franciscanos.org.br\/vidacrista\/wp-json\/wp\/v2\/media?parent=189892"}],"wp:term":[{"taxonomy":"category","embeddable":true,"href":"https:\/\/franciscanos.org.br\/vidacrista\/wp-json\/wp\/v2\/categories?post=189892"},{"taxonomy":"post_tag","embeddable":true,"href":"https:\/\/franciscanos.org.br\/vidacrista\/wp-json\/wp\/v2\/tags?post=189892"}],"curies":[{"name":"wp","href":"https:\/\/api.w.org\/{rel}","templated":true}]}}