{"id":189882,"date":"2021-06-28T08:24:19","date_gmt":"2021-06-28T11:24:19","guid":{"rendered":"https:\/\/franciscanos.org.br\/vidacrista\/?p=189882"},"modified":"2021-06-28T08:24:19","modified_gmt":"2021-06-28T11:24:19","slug":"liturgia-da-palavra-papa-francisco-e-francisco-de-assis","status":"publish","type":"post","link":"https:\/\/franciscanos.org.br\/vidacrista\/liturgia-da-palavra-papa-francisco-e-francisco-de-assis\/","title":{"rendered":"Liturgia da Palavra: Papa Francisco e Francisco de Assis"},"content":{"rendered":"<p>&nbsp;<\/p>\n<div id=\"attachment_189883\" style=\"width: 850px\" class=\"wp-caption alignnone\"><img aria-describedby=\"caption-attachment-189883\" decoding=\"async\" loading=\"lazy\" class=\"wp-image-189883 size-full\" src=\"https:\/\/franciscanos.org.br\/vidacrista\/wp-content\/uploads\/2021\/06\/artigo_28.jpg\" alt=\"\" width=\"840\" height=\"492\" srcset=\"https:\/\/franciscanos.org.br\/vidacrista\/wp-content\/uploads\/2021\/06\/artigo_28.jpg 840w, https:\/\/franciscanos.org.br\/vidacrista\/wp-content\/uploads\/2021\/06\/artigo_28-450x264.jpg 450w, https:\/\/franciscanos.org.br\/vidacrista\/wp-content\/uploads\/2021\/06\/artigo_28-768x450.jpg 768w, https:\/\/franciscanos.org.br\/vidacrista\/wp-content\/uploads\/2021\/06\/artigo_28-150x88.jpg 150w\" sizes=\"(max-width: 840px) 100vw, 840px\" \/><p id=\"caption-attachment-189883\" class=\"wp-caption-text\">\u00a0 \u00a0 \u00a0 \u00a0 \u00a0 \u00a0 \u00a0 \u00a0 \u00a0 \u00a0 \u00a0 \u00a0 \u00a0 \u00a0 \u00a0 \u00a0 \u00a0 \u00a0 \u00a0 \u00a0 \u00a0 \u00a0 \u00a0 \u00a0 \u00a0 \u00a0 \u00a0 \u00a0 \u00a0 \u00a0 \u00a0 \u00a0 \u00a0 \u00a0 \u00a0 \u00a0 \u00a0 \u00a0 \u00a0 \u00a0 \u00a0 \u00a0 \u00a0 \u00a0 \u00a0 \u00a0 \u00a0 \u00a0 <em>\u00a0 \u00a0 \u00a0 Imagem: Philip Fruytiers (wikipedia, dom\u00ednio p\u00fablico)<\/em><\/p><\/div>\n<p><strong>Frei Luiz Iakovacz<\/strong><\/p>\n<p>No dia 08\/12\/2017, o Papa Francisco iniciou uma s\u00e9rie de catequeses sobre a Celebra\u00e7\u00e3o Eucar\u00edstica. Foram 15 quartas-feiras onde, de modo simples e direto, falou da import\u00e2ncia da Missa na vida dos crist\u00e3os.<\/p>\n<p>O te\u00f3logo e liturgista Luciano Massullo, na revista <em>Vida Pastoral<\/em> maio-junho\/2021, acrescentou e\/ou confirmou as catequeses do Papa com documentos da CNBB e do CELAM.<\/p>\n<p>O mesmo podemos fazer com alguns textos de S\u00e3o Francisco. Se este realizou uma &#8220;verdadeira cruzada&#8221; para que os frades zelassem pelas alfaias com \u201cc\u00e1lices dourados e corporais de linho puro\u201d (1Ct 2-4) \u2013 tamb\u00e9m o fez com a Palavra.<\/p>\n<p>Na carta dirigida a toda Ordem, suplica e admoesta os irm\u00e3os que \u201conde encontrarem as palavras divinas as venerem. Se as encontrarem sem a honra devida, recolham-nas e guardem-nas em lugar digno, honrando o Senhor que as falou. Pois \u00e9 em virtude das Palavras de Cristo que se realiza o sacramento do altar\u201d (Ord 35-38).<\/p>\n<p>Numa das primeiras catequeses, o Papa diz que o \u201cfiel tem o direito de receber a Palavra de Deus, bem lida, bem proclamada e, depois, bem explicada, na homilia. \u00c9 um direito\u201d!<\/p>\n<p>Consciente dos serm\u00f5es sem muita fundamenta\u00e7\u00e3o b\u00edblica e das heresias que pululavam em sua \u00e9poca, Francisco de Assis exigiu que os \u201cfrades pregadores fossem examinados e aprovados pelo Ministro Geral (Rb 9,2).<\/p>\n<p>Por\u00e9m, ningu\u00e9m pode se eximir de \u201cpregar com as obras\u201d (Rnb 17,3).<\/p>\n<p>O essencial da Liturgia da Palavra \u00e9 \u201cestabelecer um di\u00e1logo entre Deus e o povo. A Palavra de Deus \u00e9 Palavra de Deus e n\u00e3o manchete de um jornal\u201d, diz o Papa. E continua:\u00a0 \u201cN\u00e3o \u00e9 suficiente escutar com os ouvidos, sem acolh\u00ea-la no cora\u00e7\u00e3o e, do cora\u00e7\u00e3o, \u00e0s m\u00e3os, \u00e0s boas a\u00e7\u00f5es. Este \u00e9 o percurso da Palavra: dos ouvidos ao cora\u00e7\u00e3o, do cora\u00e7\u00e3o \u00e0s m\u00e3os\u201d.<\/p>\n<p>S\u00e3o Francisco, na VII Admoesta\u00e7\u00e3o, ap\u00f3s exaltar os sofrimentos de Cristo e daqueles que O seguiram na \u201ctribula\u00e7\u00e3o, na vergonha e na fome\u201d, conclui dizendo que \u00e9 uma \u201cvergonha para n\u00f3s \u2013 que os santos tenham feito tantas obras \u2013 e n\u00f3s querermos receber honra e gl\u00f3ria, s\u00f3 por contarmos o que eles realizaram\u201d.<\/p>\n<p>\u201cO que \u00e9 a homilia\u201d, pergunta o Papa. Ele mesmo responde, \u201c\u00e9 uma conversa familiar, uma conversa entre amigos para encorajar, exortar, corrigir, educar e alegrar o cora\u00e7\u00e3o\u201d e \u201cdeve fazer o mesmo percurso da Palavra proclamada: do ouvido para o cora\u00e7\u00e3o e, do cora\u00e7\u00e3o para as m\u00e3os\u201d.<\/p>\n<p>Sobre o pregador diz que \u201cquem faz a homilia deve estar consciente de que n\u00e3o prega algo pr\u00f3prio, mas a Palavra de Jesus. Deve ser preparada, deve ser breve, breve! [&#8230;] Prepara-se a homilia com a ora\u00e7\u00e3o e com o estudo da Palavra, fazendo um s\u00edntese clara e breve\u201d.<\/p>\n<p>Na sua Regra de Vida, Francisco escreve: \u201cAdmoesto e exorto os irm\u00e3os que, na prega\u00e7\u00e3o, seja sua linguagem ponderada e casta, para a utilidade e edifica\u00e7\u00e3o do povo, anunciando-lhes, com brevidade, os v\u00edcios e as virtudes, o castigo e a gl\u00f3ria porque o Senhor Jesus usou da palavra breve\u201d (Rb 9,4; cf. Rm 9,28).<\/p>\n<p>Dizia, tamb\u00e9m: \u201cO pregador deve haurir nas ora\u00e7\u00f5es pessoais aquilo que, depois, vai difundir em palavras; deve antes aquecer-se por dentro para n\u00e3o proferir palavras frias\u201d (2Cel 163,3).<\/p>\n<p>Como conclus\u00e3o, vejamos o esqueleto da prega\u00e7\u00e3o de Pedro no dia de Pentecostes (At2 2,14-36). Primeiramente, com a B\u00edblia, corrige os que ca\u00e7oavam dos ap\u00f3stolos dizendo que estavam embriagados (v.13).<\/p>\n<p>Cita o texto do profeta Joel onde Deus derramar\u00e1 seu Esp\u00edrito e todos profetizar\u00e3o, realizando prod\u00edgios (vv. 16-21). Em seguida, faz uma grande homilia sobre a pessoa de Jesus e sua doutrina (vv. 22-36).<\/p>\n<p>A Palavra tingiu em cheio os ouvintes que, com o &#8220;cora\u00e7\u00e3o compungido&#8221;, perguntam: \u201cQue devemos fazer?!\u201d (v.37). A resposta \u00e9 que se arrependam dos pecados e sejam batizados. \u201cNesse mesmo dia, uniram-se a eles cerca de tr\u00eas mil pessoas\u201d (v.41). \u00c9 o in\u00edcio da Igreja!<\/p>\n<p>A homilia de Pedro se encaixa, direitinho, no percurso acima descrito: preparou-se no Cen\u00e1culo com um grupo de 120 pessoas (At 1,12-15), fez uso da B\u00edblia (2,14-36), atingiu o cora\u00e7\u00e3o dos ouvintes, levando-os \u00e0 convers\u00e3o (2,37-41).<\/p>\n<p>O mesmo poderemos realizar, hoje, se perfizermos o mesmo percurso. M\u00e3os \u00e0 obra!<\/p>\n<hr \/>\n<p><strong>Frei Luiz Iakovacz, OFM<\/strong>,<em>\u00a0frade desta Prov\u00edncia da Imaculada, reside na Par\u00f3quia Nossa Senhora do Ros\u00e1rio, em Conc\u00f3rdia, SC.<\/em><\/p>\n","protected":false},"excerpt":{"rendered":"<p>Artigo de Frei Luiz Iakovacz<\/p>\n","protected":false},"author":3,"featured_media":189883,"comment_status":"open","ping_status":"open","sticky":false,"template":"","format":"standard","meta":{"footnotes":""},"categories":[26],"tags":[208],"yoast_head":"<!-- This site is optimized with the Yoast SEO plugin v19.4 - https:\/\/yoast.com\/wordpress\/plugins\/seo\/ -->\n<title>Liturgia da Palavra: Papa Francisco e Francisco de Assis - Vida Crist\u00e3 - Franciscanos<\/title>\n<meta name=\"robots\" content=\"index, follow, max-snippet:-1, max-image-preview:large, max-video-preview:-1\" \/>\n<link rel=\"canonical\" href=\"https:\/\/franciscanos.org.br\/vidacrista\/liturgia-da-palavra-papa-francisco-e-francisco-de-assis\/\" \/>\n<meta property=\"og:locale\" content=\"pt_BR\" \/>\n<meta property=\"og:type\" content=\"article\" \/>\n<meta property=\"og:title\" content=\"Liturgia da Palavra: Papa Francisco e Francisco de Assis - Vida Crist\u00e3 - Franciscanos\" \/>\n<meta property=\"og:description\" content=\"Artigo de Frei Luiz Iakovacz\" \/>\n<meta property=\"og:url\" content=\"https:\/\/franciscanos.org.br\/vidacrista\/liturgia-da-palavra-papa-francisco-e-francisco-de-assis\/\" \/>\n<meta property=\"og:site_name\" content=\"Vida Crist\u00e3 - Franciscanos\" \/>\n<meta property=\"article:published_time\" content=\"2021-06-28T11:24:19+00:00\" \/>\n<meta property=\"og:image\" content=\"https:\/\/franciscanos.org.br\/vidacrista\/wp-content\/uploads\/2021\/06\/artigo_28.jpg\" \/>\n\t<meta property=\"og:image:width\" content=\"840\" \/>\n\t<meta property=\"og:image:height\" content=\"492\" \/>\n\t<meta property=\"og:image:type\" content=\"image\/jpeg\" \/>\n<meta name=\"author\" content=\"moacir\" \/>\n<meta name=\"twitter:card\" content=\"summary_large_image\" \/>\n<meta name=\"twitter:label1\" content=\"Escrito por\" \/>\n\t<meta name=\"twitter:data1\" content=\"moacir\" \/>\n\t<meta name=\"twitter:label2\" content=\"Est. tempo de leitura\" \/>\n\t<meta name=\"twitter:data2\" content=\"4 minutos\" \/>\n<script type=\"application\/ld+json\" class=\"yoast-schema-graph\">{\"@context\":\"https:\/\/schema.org\",\"@graph\":[{\"@type\":\"WebSite\",\"@id\":\"https:\/\/franciscanos.org.br\/vidacrista\/#website\",\"url\":\"https:\/\/franciscanos.org.br\/vidacrista\/\",\"name\":\"Vida Crist\u00e3 - Franciscanos\",\"description\":\"Prov\u00edncia Franciscana da Imaculada Concei\u00e7\u00e3o do Brasil - Ordem dos Frades Menores\",\"potentialAction\":[{\"@type\":\"SearchAction\",\"target\":{\"@type\":\"EntryPoint\",\"urlTemplate\":\"https:\/\/franciscanos.org.br\/vidacrista\/?s={search_term_string}\"},\"query-input\":\"required name=search_term_string\"}],\"inLanguage\":\"pt-BR\"},{\"@type\":\"WebPage\",\"@id\":\"https:\/\/franciscanos.org.br\/vidacrista\/liturgia-da-palavra-papa-francisco-e-francisco-de-assis\/\",\"url\":\"https:\/\/franciscanos.org.br\/vidacrista\/liturgia-da-palavra-papa-francisco-e-francisco-de-assis\/\",\"name\":\"Liturgia da Palavra: Papa Francisco e Francisco de Assis - Vida Crist\u00e3 - Franciscanos\",\"isPartOf\":{\"@id\":\"https:\/\/franciscanos.org.br\/vidacrista\/#website\"},\"datePublished\":\"2021-06-28T11:24:19+00:00\",\"dateModified\":\"2021-06-28T11:24:19+00:00\",\"author\":{\"@id\":\"https:\/\/franciscanos.org.br\/vidacrista\/#\/schema\/person\/1880bdd2c350b735648725ef7614736a\"},\"breadcrumb\":{\"@id\":\"https:\/\/franciscanos.org.br\/vidacrista\/liturgia-da-palavra-papa-francisco-e-francisco-de-assis\/#breadcrumb\"},\"inLanguage\":\"pt-BR\",\"potentialAction\":[{\"@type\":\"ReadAction\",\"target\":[\"https:\/\/franciscanos.org.br\/vidacrista\/liturgia-da-palavra-papa-francisco-e-francisco-de-assis\/\"]}]},{\"@type\":\"BreadcrumbList\",\"@id\":\"https:\/\/franciscanos.org.br\/vidacrista\/liturgia-da-palavra-papa-francisco-e-francisco-de-assis\/#breadcrumb\",\"itemListElement\":[{\"@type\":\"ListItem\",\"position\":1,\"name\":\"Home\",\"item\":\"https:\/\/franciscanos.org.br\/vidacrista\/\"},{\"@type\":\"ListItem\",\"position\":2,\"name\":\"Liturgia da Palavra: Papa Francisco e Francisco de Assis\"}]},{\"@type\":\"Person\",\"@id\":\"https:\/\/franciscanos.org.br\/vidacrista\/#\/schema\/person\/1880bdd2c350b735648725ef7614736a\",\"name\":\"moacir\",\"image\":{\"@type\":\"ImageObject\",\"inLanguage\":\"pt-BR\",\"@id\":\"https:\/\/franciscanos.org.br\/vidacrista\/#\/schema\/person\/image\/\",\"url\":\"https:\/\/secure.gravatar.com\/avatar\/d08aa2ce4c8dd416d4479aa8536fcf64?s=96&d=mm&r=g\",\"contentUrl\":\"https:\/\/secure.gravatar.com\/avatar\/d08aa2ce4c8dd416d4479aa8536fcf64?s=96&d=mm&r=g\",\"caption\":\"moacir\"},\"url\":\"https:\/\/franciscanos.org.br\/vidacrista\/author\/moacir\/\"}]}<\/script>\n<!-- \/ Yoast SEO plugin. -->","yoast_head_json":{"title":"Liturgia da Palavra: Papa Francisco e Francisco de Assis - Vida Crist\u00e3 - Franciscanos","robots":{"index":"index","follow":"follow","max-snippet":"max-snippet:-1","max-image-preview":"max-image-preview:large","max-video-preview":"max-video-preview:-1"},"canonical":"https:\/\/franciscanos.org.br\/vidacrista\/liturgia-da-palavra-papa-francisco-e-francisco-de-assis\/","og_locale":"pt_BR","og_type":"article","og_title":"Liturgia da Palavra: Papa Francisco e Francisco de Assis - Vida Crist\u00e3 - Franciscanos","og_description":"Artigo de Frei Luiz Iakovacz","og_url":"https:\/\/franciscanos.org.br\/vidacrista\/liturgia-da-palavra-papa-francisco-e-francisco-de-assis\/","og_site_name":"Vida Crist\u00e3 - Franciscanos","article_published_time":"2021-06-28T11:24:19+00:00","og_image":[{"width":840,"height":492,"url":"https:\/\/franciscanos.org.br\/vidacrista\/wp-content\/uploads\/2021\/06\/artigo_28.jpg","type":"image\/jpeg"}],"author":"moacir","twitter_card":"summary_large_image","twitter_misc":{"Escrito por":"moacir","Est. tempo de leitura":"4 minutos"},"schema":{"@context":"https:\/\/schema.org","@graph":[{"@type":"WebSite","@id":"https:\/\/franciscanos.org.br\/vidacrista\/#website","url":"https:\/\/franciscanos.org.br\/vidacrista\/","name":"Vida Crist\u00e3 - Franciscanos","description":"Prov\u00edncia Franciscana da Imaculada Concei\u00e7\u00e3o do Brasil - Ordem dos Frades Menores","potentialAction":[{"@type":"SearchAction","target":{"@type":"EntryPoint","urlTemplate":"https:\/\/franciscanos.org.br\/vidacrista\/?s={search_term_string}"},"query-input":"required name=search_term_string"}],"inLanguage":"pt-BR"},{"@type":"WebPage","@id":"https:\/\/franciscanos.org.br\/vidacrista\/liturgia-da-palavra-papa-francisco-e-francisco-de-assis\/","url":"https:\/\/franciscanos.org.br\/vidacrista\/liturgia-da-palavra-papa-francisco-e-francisco-de-assis\/","name":"Liturgia da Palavra: Papa Francisco e Francisco de Assis - Vida Crist\u00e3 - Franciscanos","isPartOf":{"@id":"https:\/\/franciscanos.org.br\/vidacrista\/#website"},"datePublished":"2021-06-28T11:24:19+00:00","dateModified":"2021-06-28T11:24:19+00:00","author":{"@id":"https:\/\/franciscanos.org.br\/vidacrista\/#\/schema\/person\/1880bdd2c350b735648725ef7614736a"},"breadcrumb":{"@id":"https:\/\/franciscanos.org.br\/vidacrista\/liturgia-da-palavra-papa-francisco-e-francisco-de-assis\/#breadcrumb"},"inLanguage":"pt-BR","potentialAction":[{"@type":"ReadAction","target":["https:\/\/franciscanos.org.br\/vidacrista\/liturgia-da-palavra-papa-francisco-e-francisco-de-assis\/"]}]},{"@type":"BreadcrumbList","@id":"https:\/\/franciscanos.org.br\/vidacrista\/liturgia-da-palavra-papa-francisco-e-francisco-de-assis\/#breadcrumb","itemListElement":[{"@type":"ListItem","position":1,"name":"Home","item":"https:\/\/franciscanos.org.br\/vidacrista\/"},{"@type":"ListItem","position":2,"name":"Liturgia da Palavra: Papa Francisco e Francisco de Assis"}]},{"@type":"Person","@id":"https:\/\/franciscanos.org.br\/vidacrista\/#\/schema\/person\/1880bdd2c350b735648725ef7614736a","name":"moacir","image":{"@type":"ImageObject","inLanguage":"pt-BR","@id":"https:\/\/franciscanos.org.br\/vidacrista\/#\/schema\/person\/image\/","url":"https:\/\/secure.gravatar.com\/avatar\/d08aa2ce4c8dd416d4479aa8536fcf64?s=96&d=mm&r=g","contentUrl":"https:\/\/secure.gravatar.com\/avatar\/d08aa2ce4c8dd416d4479aa8536fcf64?s=96&d=mm&r=g","caption":"moacir"},"url":"https:\/\/franciscanos.org.br\/vidacrista\/author\/moacir\/"}]}},"_links":{"self":[{"href":"https:\/\/franciscanos.org.br\/vidacrista\/wp-json\/wp\/v2\/posts\/189882"}],"collection":[{"href":"https:\/\/franciscanos.org.br\/vidacrista\/wp-json\/wp\/v2\/posts"}],"about":[{"href":"https:\/\/franciscanos.org.br\/vidacrista\/wp-json\/wp\/v2\/types\/post"}],"author":[{"embeddable":true,"href":"https:\/\/franciscanos.org.br\/vidacrista\/wp-json\/wp\/v2\/users\/3"}],"replies":[{"embeddable":true,"href":"https:\/\/franciscanos.org.br\/vidacrista\/wp-json\/wp\/v2\/comments?post=189882"}],"version-history":[{"count":1,"href":"https:\/\/franciscanos.org.br\/vidacrista\/wp-json\/wp\/v2\/posts\/189882\/revisions"}],"predecessor-version":[{"id":189884,"href":"https:\/\/franciscanos.org.br\/vidacrista\/wp-json\/wp\/v2\/posts\/189882\/revisions\/189884"}],"wp:featuredmedia":[{"embeddable":true,"href":"https:\/\/franciscanos.org.br\/vidacrista\/wp-json\/wp\/v2\/media\/189883"}],"wp:attachment":[{"href":"https:\/\/franciscanos.org.br\/vidacrista\/wp-json\/wp\/v2\/media?parent=189882"}],"wp:term":[{"taxonomy":"category","embeddable":true,"href":"https:\/\/franciscanos.org.br\/vidacrista\/wp-json\/wp\/v2\/categories?post=189882"},{"taxonomy":"post_tag","embeddable":true,"href":"https:\/\/franciscanos.org.br\/vidacrista\/wp-json\/wp\/v2\/tags?post=189882"}],"curies":[{"name":"wp","href":"https:\/\/api.w.org\/{rel}","templated":true}]}}