{"id":189861,"date":"2021-06-24T08:26:35","date_gmt":"2021-06-24T11:26:35","guid":{"rendered":"https:\/\/franciscanos.org.br\/vidacrista\/?p=189861"},"modified":"2021-06-27T07:01:19","modified_gmt":"2021-06-27T10:01:19","slug":"duas-mulheres-sem-nome-sem-dignidade-e-excluidas-mc-521-43-ate-quando","status":"publish","type":"post","link":"https:\/\/franciscanos.org.br\/vidacrista\/duas-mulheres-sem-nome-sem-dignidade-e-excluidas-mc-521-43-ate-quando\/","title":{"rendered":"Duas mulheres sem nome, sem dignidade e exclu\u00eddas (Mc 5,21-43) at\u00e9 quando?"},"content":{"rendered":"<div id=\"attachment_189862\" style=\"width: 850px\" class=\"wp-caption alignnone\"><img aria-describedby=\"caption-attachment-189862\" decoding=\"async\" loading=\"lazy\" class=\"wp-image-189862 size-full\" src=\"https:\/\/franciscanos.org.br\/vidacrista\/wp-content\/uploads\/2021\/06\/artigo_24.jpg\" alt=\"\" width=\"840\" height=\"450\" srcset=\"https:\/\/franciscanos.org.br\/vidacrista\/wp-content\/uploads\/2021\/06\/artigo_24.jpg 840w, https:\/\/franciscanos.org.br\/vidacrista\/wp-content\/uploads\/2021\/06\/artigo_24-450x241.jpg 450w, https:\/\/franciscanos.org.br\/vidacrista\/wp-content\/uploads\/2021\/06\/artigo_24-768x411.jpg 768w, https:\/\/franciscanos.org.br\/vidacrista\/wp-content\/uploads\/2021\/06\/artigo_24-150x80.jpg 150w\" sizes=\"(max-width: 840px) 100vw, 840px\" \/><p id=\"caption-attachment-189862\" class=\"wp-caption-text\"><em> \u00a0 \u00a0 \u00a0 \u00a0 \u00a0 \u00a0 \u00a0 Imagem da Catacumbas de Marcelino e Pedro, dom\u00ednio p\u00fablico<\/em><\/p><\/div>\n<p><em>Frei Jacir de Freitas Faria, OFM<\/em><a href=\"#_ftn1\" name=\"_ftnref1\">[1]<\/a><\/p>\n<p>O texto sobre o qual vamos refletir \u00e9 Mc 5,21-43. Estamos no cap\u00edtulo cinco do evangelho de Marcos. Trata-se da ressurrei\u00e7\u00e3o da filha de Jairo e da cura da mulher hemorro\u00edssa. <strong>S\u00e3o duas mulheres<\/strong> sem nome, sem dignidade e exclu\u00eddas da sociedade por causa das impurezas do ser mulher que carregam no corpo. Quer saber como e o porqu\u00ea dessa realidade de ontem e de hoje? Ent\u00e3o, vamos l\u00e1!<\/p>\n<p>Jesus acabara de passar para a outra margem do mar, no epis\u00f3dio do medo dos disc\u00edpulos (Mc 4,35-41). Jesus desce e entra no territ\u00f3rio dos pag\u00e3os gerasenos, fora do ambiente judaico. Ali curara um endemoninhado, o qual, na despedida, pede a Jesus para segui-lo. Jesus responde n\u00e3o e pede que ele volte e aja com miseric\u00f3rdia para com sua fam\u00edlia.<\/p>\n<p><iframe loading=\"lazy\" title=\"Reflex\u00e3o b\u00edblica - 13\u00ba Domingo do Tempo Comum (27\/06\/2021)\" width=\"500\" height=\"281\" src=\"https:\/\/www.youtube.com\/embed\/io9jo9_2VqY?feature=oembed\" frameborder=\"0\" allow=\"accelerometer; autoplay; clipboard-write; encrypted-media; gyroscope; picture-in-picture\" allowfullscreen><\/iframe><\/p>\n<p>De volta ao ambiente judaico, Jesus n\u00e3o vai para a sinagoga, como de costume, mas \u00e9 a sinagoga que vem at\u00e9 ele na pessoa de um chefe dela <strong>chamado Jairo<\/strong>, nome que significa <em>Deus ressuscitar\u00e1 <\/em>ou <em>brilha a divindade<\/em>. Repetindo o gesto do endemoninhado, Jairo cai aos p\u00e9s de Jesus e lhe pede que tenha miseric\u00f3rdia com a sua casa, que cure a sua filha, uma menina de doze anos, que estava morrendo. A sinagoga implora a salva\u00e7\u00e3o para Jesus.<\/p>\n<p>A caminho de sua casa, ocorre outra cena inusitada: uma mulher enferma de hemorragia, sangue que sa\u00eda constantemente de seu corpo, encontra a cura ao tocar, <strong>com f\u00e9, a roupa de Jesu<\/strong>s, no meio de muita aglomera\u00e7\u00e3o. A perda de sangue estava ligada \u00e0 morte, fonte de impureza sacerdotal. Sangue menstrual era o sangue da morte. <a href=\"#_ftn2\" name=\"_ftnref2\">[2]<\/a><\/p>\n<p>Portanto, essa mulher era impura duas vezes, por ser mulher e estar doente. Ela conhecia a lei judaica que rezava que a impureza dela passava para quem ela tocasse (Lv 15,27). Jesus estava em perigo e ela podia ser reconhecida e apedrejada por tal atitude.<\/p>\n<p>Jesus, o puro, que havia tocado um impuro leproso (Mc 2,40-45) para cur\u00e1-lo, agora, corria o risco de ser contaminado. Na vis\u00e3o judaica daquela \u00e9poca, Deus era pur\u00edssimo e n\u00e3o suportava impurezas. Deus punia com morte os impuros. Contr\u00e1rio a essa vis\u00e3o, Jesus, por ser Deus, sente que foi tocado e pergunta por quem o fizera. A mulher sem nome n\u00e3o tem medo da aplica\u00e7\u00e3o da Lei. Num gesto de f\u00e9, ela se d\u00e1 a conhecer publicamente ao prostrar-se aos p\u00e9s de Jesus, que a enaltece, chamando-a de minha filha, contrapondo-a \u00e0 filha de Jairo. Ambas n\u00e3o tinham quem as defendesse. Na sequ\u00eancia, os familiares de Jairo chegam para avis\u00e1-lo da morte de sua filha. Jesus ouve e lhe pede para ter f\u00e9 como aquela mulher. A f\u00e9 salva e nos devolve a paz.<\/p>\n<p>Na casa de Jairo, outras cenas saltam aos nossos olhos. Os que n\u00e3o creem zombam de Jesus, sabendo que Ele n\u00e3o poderia fazer nada por um morto. A menina sem nome \u00e9 tratada com dignidade. Jesus a toma pela m\u00e3o e diz em aramaico, sua l\u00edngua familiar: <strong><em>Tal\u00edtha Kum<\/em><\/strong>, que quer dizer \u201cMenina, eu te digo, levanta-te!\u201d. Levantar-se \u00e9 o mesmo que ressuscitar. Por ser um milagre de ressurrei\u00e7\u00e3o somente Pedro, Tiago, Jo\u00e3o, o pai e a m\u00e3e da menina puderam presenciar ocorrido. Jesus vence a morte e une a comunidade dos que nele creem. Dar de comer \u00e0 menina significa dizer que ela voltou ao mundo dos vivos.<\/p>\n<p>Jesus tira da exclus\u00e3o duas mulheres, uma adulta impura, e uma menina que estava se tornando mulher, isto \u00e9, que conheceria no corpo a dor da exclus\u00e3o porque passaria a menstruar. As mulheres no tempo de Jesus tinham muito filhos, de prefer\u00eancia, homens, somente para n\u00e3o se sentirem impuras com a menstrua\u00e7\u00e3o.<\/p>\n<p>No tempo de Jesus, as pessoas pensavam que a mulher era inferior ao homem em tudo e que a ele deveria obedecer, ser dirigida por ele, pois foi ao homem que Deus deu o poder, escreveu, mas tarde, o historiador judeu Fl\u00e1vio Josefo (37-100 E.C.).<a href=\"#_ftn3\" name=\"_ftnref3\">[3]<\/a> O poder de procriar foi dado ao homem e n\u00e3o \u00e0 mulher, pensavam. \u201cFoi pela culpa da mulher que come\u00e7ou o pecado, por sua culpa todos morremos\u201d, registrou Eclo 25,24. Ou ainda: \u201cN\u00e3o d\u00eas sa\u00edda \u00e0 \u00e1gua, nem liberdade de falar \u00e0 mulher m\u00e1. Se a mulher n\u00e3o obedece ao dedo e ao olho, separa-te dela (Eclo 24,25-26)\u201d. \u201c\u00c9 motivo de vergonha para o homem uma mulher que sustenta o marido\u201d (Eclo 25,22). A mulher n\u00e3o precisava ir rezar na sinagoga e, caso fosse, teria que ficar em um lugar reservado e de cabe\u00e7a coberta para n\u00e3o tirar a aten\u00e7\u00e3o, isto \u00e9, seduzir o homem, na hora da reza.<\/p>\n<p>Poder\u00edamos elencar aqui muitas outras informa\u00e7\u00f5es sobre o desprezo da mulher no tempo de Jesus, mas esses bastam para demonstrar como Jesus agiu de forma libertadora no seu tempo. N\u00e3o teve medo da sociedade machista. Prop\u00f4s atitudes de inclus\u00e3o das mulheres. O encontro dessas mulheres com Jesus foi libertador<\/p>\n<p>Para n\u00f3s, hoje, a pergunta final: como anda a situa\u00e7\u00e3o da discrimina\u00e7\u00e3o da mulher? Melhorou? Sim, mas ainda falta muito para a igualdade de g\u00eanero se estabelecer na sociedade, na Igreja, na pol\u00edtica, na educa\u00e7\u00e3o, na fam\u00edlia, de modo que todas as mulheres possam caminhar em paz, assim como a mulher que foi libertada da impureza e, como Talita, chamemo-la assim, estar levantada para vencer todos os tipos de opress\u00e3o, exclus\u00e3o e ressuscitar para a vida. <em>Talita Kum<\/em>, Mulher, levanta-te! Homem, abrace essa causa!<\/p>\n<hr \/>\n<p><a href=\"#_ftnref1\" name=\"_ftn1\">[1]<\/a> Doutor em Teologia B\u00edblica pela FAJE-BH. Mestre em Ci\u00eancias B\u00edblicas (Exegese) pelo Pontif\u00edcio Instituto B\u00edblico de Roma. Professor de exegese b\u00edblica. Membro da Associa\u00e7\u00e3o Brasileira de Pesquisa B\u00edblica (ABIB). Sacerdote Franciscano. Autor de dez livros e coautor de quinze. \u00daltimo livro: <strong>O Medo do Inferno e a arte de bem morrer<\/strong>: da devo\u00e7\u00e3o ap\u00f3crifa \u00e0 Dormi\u00e7\u00e3o de Maria \u00e0s irmandades de Nossa Senhora da Boa Morte (Vozes, 2019). Canal no You Tube: Frei Jacir B\u00edblia e Ap\u00f3crifos ou <a href=\"https:\/\/www.youtube.com\/c\/FreiJacirdeFreitasFariaB%C3%ADbliaAp%C3%B3crifos\">https:\/\/www.youtube.com\/c\/FreiJacirdeFreitasFariaB%C3%ADbliaAp%C3%B3crifos<\/a><\/p>\n<p><a href=\"#_ftnref2\" name=\"_ftn2\">[2]<\/a> FARIA, Jacir de Freitas. <strong>Israel e Palestina em tr\u00eas dimens\u00f5es<\/strong>: cristianismo, juda\u00edsmo, islamismo, hindu\u00edsmo e budismo. 3 ed. Belo Horizonte: Sinodal, p. 56.<\/p>\n<p><a href=\"#_ftnref3\" name=\"_ftn3\">[3]<\/a> Idem, p. 53.<\/p>\n","protected":false},"excerpt":{"rendered":"<p>Artigo de Frei Jacir de Freitas Faria<\/p>\n","protected":false},"author":3,"featured_media":189863,"comment_status":"open","ping_status":"open","sticky":false,"template":"","format":"standard","meta":{"footnotes":""},"categories":[26],"tags":[43],"yoast_head":"<!-- This site is optimized with the Yoast SEO plugin v19.4 - https:\/\/yoast.com\/wordpress\/plugins\/seo\/ -->\n<title>Duas mulheres sem nome, sem dignidade e exclu\u00eddas (Mc 5,21-43) at\u00e9 quando? - Vida Crist\u00e3 - Franciscanos<\/title>\n<meta name=\"robots\" content=\"index, follow, max-snippet:-1, max-image-preview:large, max-video-preview:-1\" \/>\n<link rel=\"canonical\" href=\"https:\/\/franciscanos.org.br\/vidacrista\/duas-mulheres-sem-nome-sem-dignidade-e-excluidas-mc-521-43-ate-quando\/\" \/>\n<meta property=\"og:locale\" content=\"pt_BR\" \/>\n<meta property=\"og:type\" content=\"article\" \/>\n<meta property=\"og:title\" content=\"Duas mulheres sem nome, sem dignidade e exclu\u00eddas (Mc 5,21-43) at\u00e9 quando? - Vida Crist\u00e3 - Franciscanos\" \/>\n<meta property=\"og:description\" content=\"Artigo de Frei Jacir de Freitas Faria\" \/>\n<meta property=\"og:url\" content=\"https:\/\/franciscanos.org.br\/vidacrista\/duas-mulheres-sem-nome-sem-dignidade-e-excluidas-mc-521-43-ate-quando\/\" \/>\n<meta property=\"og:site_name\" content=\"Vida Crist\u00e3 - Franciscanos\" \/>\n<meta property=\"article:published_time\" content=\"2021-06-24T11:26:35+00:00\" \/>\n<meta property=\"article:modified_time\" content=\"2021-06-27T10:01:19+00:00\" \/>\n<meta property=\"og:image\" content=\"https:\/\/franciscanos.org.br\/vidacrista\/wp-content\/uploads\/2021\/06\/artigo_24d.jpg\" \/>\n\t<meta property=\"og:image:width\" content=\"800\" \/>\n\t<meta property=\"og:image:height\" content=\"550\" \/>\n\t<meta property=\"og:image:type\" content=\"image\/jpeg\" \/>\n<meta name=\"author\" content=\"moacir\" \/>\n<meta name=\"twitter:card\" content=\"summary_large_image\" \/>\n<meta name=\"twitter:label1\" content=\"Escrito por\" \/>\n\t<meta name=\"twitter:data1\" content=\"moacir\" \/>\n\t<meta name=\"twitter:label2\" content=\"Est. tempo de leitura\" \/>\n\t<meta name=\"twitter:data2\" content=\"6 minutos\" \/>\n<script type=\"application\/ld+json\" class=\"yoast-schema-graph\">{\"@context\":\"https:\/\/schema.org\",\"@graph\":[{\"@type\":\"WebSite\",\"@id\":\"https:\/\/franciscanos.org.br\/vidacrista\/#website\",\"url\":\"https:\/\/franciscanos.org.br\/vidacrista\/\",\"name\":\"Vida Crist\u00e3 - Franciscanos\",\"description\":\"Prov\u00edncia Franciscana da Imaculada Concei\u00e7\u00e3o do Brasil - Ordem dos Frades Menores\",\"potentialAction\":[{\"@type\":\"SearchAction\",\"target\":{\"@type\":\"EntryPoint\",\"urlTemplate\":\"https:\/\/franciscanos.org.br\/vidacrista\/?s={search_term_string}\"},\"query-input\":\"required name=search_term_string\"}],\"inLanguage\":\"pt-BR\"},{\"@type\":\"WebPage\",\"@id\":\"https:\/\/franciscanos.org.br\/vidacrista\/duas-mulheres-sem-nome-sem-dignidade-e-excluidas-mc-521-43-ate-quando\/\",\"url\":\"https:\/\/franciscanos.org.br\/vidacrista\/duas-mulheres-sem-nome-sem-dignidade-e-excluidas-mc-521-43-ate-quando\/\",\"name\":\"Duas mulheres sem nome, sem dignidade e exclu\u00eddas (Mc 5,21-43) at\u00e9 quando? - Vida Crist\u00e3 - Franciscanos\",\"isPartOf\":{\"@id\":\"https:\/\/franciscanos.org.br\/vidacrista\/#website\"},\"datePublished\":\"2021-06-24T11:26:35+00:00\",\"dateModified\":\"2021-06-27T10:01:19+00:00\",\"author\":{\"@id\":\"https:\/\/franciscanos.org.br\/vidacrista\/#\/schema\/person\/1880bdd2c350b735648725ef7614736a\"},\"breadcrumb\":{\"@id\":\"https:\/\/franciscanos.org.br\/vidacrista\/duas-mulheres-sem-nome-sem-dignidade-e-excluidas-mc-521-43-ate-quando\/#breadcrumb\"},\"inLanguage\":\"pt-BR\",\"potentialAction\":[{\"@type\":\"ReadAction\",\"target\":[\"https:\/\/franciscanos.org.br\/vidacrista\/duas-mulheres-sem-nome-sem-dignidade-e-excluidas-mc-521-43-ate-quando\/\"]}]},{\"@type\":\"BreadcrumbList\",\"@id\":\"https:\/\/franciscanos.org.br\/vidacrista\/duas-mulheres-sem-nome-sem-dignidade-e-excluidas-mc-521-43-ate-quando\/#breadcrumb\",\"itemListElement\":[{\"@type\":\"ListItem\",\"position\":1,\"name\":\"Home\",\"item\":\"https:\/\/franciscanos.org.br\/vidacrista\/\"},{\"@type\":\"ListItem\",\"position\":2,\"name\":\"Duas mulheres sem nome, sem dignidade e exclu\u00eddas (Mc 5,21-43) at\u00e9 quando?\"}]},{\"@type\":\"Person\",\"@id\":\"https:\/\/franciscanos.org.br\/vidacrista\/#\/schema\/person\/1880bdd2c350b735648725ef7614736a\",\"name\":\"moacir\",\"image\":{\"@type\":\"ImageObject\",\"inLanguage\":\"pt-BR\",\"@id\":\"https:\/\/franciscanos.org.br\/vidacrista\/#\/schema\/person\/image\/\",\"url\":\"https:\/\/secure.gravatar.com\/avatar\/d08aa2ce4c8dd416d4479aa8536fcf64?s=96&d=mm&r=g\",\"contentUrl\":\"https:\/\/secure.gravatar.com\/avatar\/d08aa2ce4c8dd416d4479aa8536fcf64?s=96&d=mm&r=g\",\"caption\":\"moacir\"},\"url\":\"https:\/\/franciscanos.org.br\/vidacrista\/author\/moacir\/\"}]}<\/script>\n<!-- \/ Yoast SEO plugin. -->","yoast_head_json":{"title":"Duas mulheres sem nome, sem dignidade e exclu\u00eddas (Mc 5,21-43) at\u00e9 quando? - Vida Crist\u00e3 - Franciscanos","robots":{"index":"index","follow":"follow","max-snippet":"max-snippet:-1","max-image-preview":"max-image-preview:large","max-video-preview":"max-video-preview:-1"},"canonical":"https:\/\/franciscanos.org.br\/vidacrista\/duas-mulheres-sem-nome-sem-dignidade-e-excluidas-mc-521-43-ate-quando\/","og_locale":"pt_BR","og_type":"article","og_title":"Duas mulheres sem nome, sem dignidade e exclu\u00eddas (Mc 5,21-43) at\u00e9 quando? - Vida Crist\u00e3 - Franciscanos","og_description":"Artigo de Frei Jacir de Freitas Faria","og_url":"https:\/\/franciscanos.org.br\/vidacrista\/duas-mulheres-sem-nome-sem-dignidade-e-excluidas-mc-521-43-ate-quando\/","og_site_name":"Vida Crist\u00e3 - Franciscanos","article_published_time":"2021-06-24T11:26:35+00:00","article_modified_time":"2021-06-27T10:01:19+00:00","og_image":[{"width":800,"height":550,"url":"https:\/\/franciscanos.org.br\/vidacrista\/wp-content\/uploads\/2021\/06\/artigo_24d.jpg","type":"image\/jpeg"}],"author":"moacir","twitter_card":"summary_large_image","twitter_misc":{"Escrito por":"moacir","Est. tempo de leitura":"6 minutos"},"schema":{"@context":"https:\/\/schema.org","@graph":[{"@type":"WebSite","@id":"https:\/\/franciscanos.org.br\/vidacrista\/#website","url":"https:\/\/franciscanos.org.br\/vidacrista\/","name":"Vida Crist\u00e3 - Franciscanos","description":"Prov\u00edncia Franciscana da Imaculada Concei\u00e7\u00e3o do Brasil - Ordem dos Frades Menores","potentialAction":[{"@type":"SearchAction","target":{"@type":"EntryPoint","urlTemplate":"https:\/\/franciscanos.org.br\/vidacrista\/?s={search_term_string}"},"query-input":"required name=search_term_string"}],"inLanguage":"pt-BR"},{"@type":"WebPage","@id":"https:\/\/franciscanos.org.br\/vidacrista\/duas-mulheres-sem-nome-sem-dignidade-e-excluidas-mc-521-43-ate-quando\/","url":"https:\/\/franciscanos.org.br\/vidacrista\/duas-mulheres-sem-nome-sem-dignidade-e-excluidas-mc-521-43-ate-quando\/","name":"Duas mulheres sem nome, sem dignidade e exclu\u00eddas (Mc 5,21-43) at\u00e9 quando? - Vida Crist\u00e3 - Franciscanos","isPartOf":{"@id":"https:\/\/franciscanos.org.br\/vidacrista\/#website"},"datePublished":"2021-06-24T11:26:35+00:00","dateModified":"2021-06-27T10:01:19+00:00","author":{"@id":"https:\/\/franciscanos.org.br\/vidacrista\/#\/schema\/person\/1880bdd2c350b735648725ef7614736a"},"breadcrumb":{"@id":"https:\/\/franciscanos.org.br\/vidacrista\/duas-mulheres-sem-nome-sem-dignidade-e-excluidas-mc-521-43-ate-quando\/#breadcrumb"},"inLanguage":"pt-BR","potentialAction":[{"@type":"ReadAction","target":["https:\/\/franciscanos.org.br\/vidacrista\/duas-mulheres-sem-nome-sem-dignidade-e-excluidas-mc-521-43-ate-quando\/"]}]},{"@type":"BreadcrumbList","@id":"https:\/\/franciscanos.org.br\/vidacrista\/duas-mulheres-sem-nome-sem-dignidade-e-excluidas-mc-521-43-ate-quando\/#breadcrumb","itemListElement":[{"@type":"ListItem","position":1,"name":"Home","item":"https:\/\/franciscanos.org.br\/vidacrista\/"},{"@type":"ListItem","position":2,"name":"Duas mulheres sem nome, sem dignidade e exclu\u00eddas (Mc 5,21-43) at\u00e9 quando?"}]},{"@type":"Person","@id":"https:\/\/franciscanos.org.br\/vidacrista\/#\/schema\/person\/1880bdd2c350b735648725ef7614736a","name":"moacir","image":{"@type":"ImageObject","inLanguage":"pt-BR","@id":"https:\/\/franciscanos.org.br\/vidacrista\/#\/schema\/person\/image\/","url":"https:\/\/secure.gravatar.com\/avatar\/d08aa2ce4c8dd416d4479aa8536fcf64?s=96&d=mm&r=g","contentUrl":"https:\/\/secure.gravatar.com\/avatar\/d08aa2ce4c8dd416d4479aa8536fcf64?s=96&d=mm&r=g","caption":"moacir"},"url":"https:\/\/franciscanos.org.br\/vidacrista\/author\/moacir\/"}]}},"_links":{"self":[{"href":"https:\/\/franciscanos.org.br\/vidacrista\/wp-json\/wp\/v2\/posts\/189861"}],"collection":[{"href":"https:\/\/franciscanos.org.br\/vidacrista\/wp-json\/wp\/v2\/posts"}],"about":[{"href":"https:\/\/franciscanos.org.br\/vidacrista\/wp-json\/wp\/v2\/types\/post"}],"author":[{"embeddable":true,"href":"https:\/\/franciscanos.org.br\/vidacrista\/wp-json\/wp\/v2\/users\/3"}],"replies":[{"embeddable":true,"href":"https:\/\/franciscanos.org.br\/vidacrista\/wp-json\/wp\/v2\/comments?post=189861"}],"version-history":[{"count":2,"href":"https:\/\/franciscanos.org.br\/vidacrista\/wp-json\/wp\/v2\/posts\/189861\/revisions"}],"predecessor-version":[{"id":189878,"href":"https:\/\/franciscanos.org.br\/vidacrista\/wp-json\/wp\/v2\/posts\/189861\/revisions\/189878"}],"wp:featuredmedia":[{"embeddable":true,"href":"https:\/\/franciscanos.org.br\/vidacrista\/wp-json\/wp\/v2\/media\/189863"}],"wp:attachment":[{"href":"https:\/\/franciscanos.org.br\/vidacrista\/wp-json\/wp\/v2\/media?parent=189861"}],"wp:term":[{"taxonomy":"category","embeddable":true,"href":"https:\/\/franciscanos.org.br\/vidacrista\/wp-json\/wp\/v2\/categories?post=189861"},{"taxonomy":"post_tag","embeddable":true,"href":"https:\/\/franciscanos.org.br\/vidacrista\/wp-json\/wp\/v2\/tags?post=189861"}],"curies":[{"name":"wp","href":"https:\/\/api.w.org\/{rel}","templated":true}]}}