{"id":189849,"date":"2021-06-22T08:03:01","date_gmt":"2021-06-22T11:03:01","guid":{"rendered":"https:\/\/franciscanos.org.br\/vidacrista\/?p=189849"},"modified":"2021-06-22T08:05:57","modified_gmt":"2021-06-22T11:05:57","slug":"o-principio-compaixao-e-a-covid-19","status":"publish","type":"post","link":"https:\/\/franciscanos.org.br\/vidacrista\/o-principio-compaixao-e-a-covid-19\/","title":{"rendered":"O princ\u00edpio compaix\u00e3o e a Covid-19"},"content":{"rendered":"<div id=\"attachment_189855\" style=\"width: 850px\" class=\"wp-caption alignnone\"><img aria-describedby=\"caption-attachment-189855\" decoding=\"async\" loading=\"lazy\" class=\"wp-image-189855 size-full\" src=\"https:\/\/franciscanos.org.br\/vidacrista\/wp-content\/uploads\/2021\/06\/artigo_22.png\" alt=\"\" width=\"840\" height=\"450\" srcset=\"https:\/\/franciscanos.org.br\/vidacrista\/wp-content\/uploads\/2021\/06\/artigo_22.png 840w, https:\/\/franciscanos.org.br\/vidacrista\/wp-content\/uploads\/2021\/06\/artigo_22-450x241.png 450w, https:\/\/franciscanos.org.br\/vidacrista\/wp-content\/uploads\/2021\/06\/artigo_22-768x411.png 768w, https:\/\/franciscanos.org.br\/vidacrista\/wp-content\/uploads\/2021\/06\/artigo_22-150x80.png 150w\" sizes=\"(max-width: 840px) 100vw, 840px\" \/><p id=\"caption-attachment-189855\" class=\"wp-caption-text\">\u00a0 \u00a0 \u00a0 \u00a0 \u00a0 \u00a0 \u00a0 \u00a0 \u00a0 \u00a0 \u00a0 \u00a0 \u00a0 \u00a0 \u00a0 \u00a0 \u00a0 \u00a0 \u00a0 \u00a0 \u00a0 \u00a0 \u00a0 \u00a0 \u00a0 \u00a0 \u00a0 \u00a0 \u00a0 \u00a0 \u00a0 \u00a0 \u00a0 \u00a0 \u00a0 <em>Imagem ilustrativa: Canva (<a href=\"https:\/\/www.canva.com\/pt_br\/modelos\/\">www.canva.com\/pt_br\/modelos<\/a>)<\/em><\/p><\/div>\n<p><strong>Leonardo Boff<\/strong><\/p>\n<p>Atrav\u00e9s da Covid-19, a M\u00e3e Terra est\u00e1 movendo um contra-ataque \u00e0 humanidade como rea\u00e7\u00e3o ao avassalador ataque que vem sofrendo j\u00e1 h\u00e1 s\u00e9culos. Ela simplesmente est\u00e1 se defendendo. A Covid-19 \u00e9 igualmente um sinal e uma advert\u00eancia que nos envia: n\u00e3o podemos fazer-lhe uma guerra como temos feito at\u00e9 agora, pois est\u00e1 destruindo as bases biol\u00f3gicas que a sustenta e sustenta tamb\u00e9m todas as demais formas de vida, especialmente, a humana. Temos que mudar, caso contr\u00e1rio nos poder\u00e1 enviar v\u00edrus ainda mais letais, quem sabe, at\u00e9 um indefens\u00e1vel contra o qual nada poder\u00edamos. Ent\u00e3o estar\u00edamos como esp\u00e9cie seriamente amea\u00e7ados. N\u00e3o \u00e9 sem raz\u00e3o que a Covid-19 atingiu apenas os seres humanos, como aviso e li\u00e7\u00e3o. J\u00e1 levou milh\u00f5es \u00e0 morte, deixando uma via-sacra de sofrimentos a outros milh\u00f5es e uma amea\u00e7a letal que pode atingir a todos os demais.<\/p>\n<p>Os n\u00fameros frios escondem um mar de padecimentos por vidas perdidas, por amores destro\u00e7ados e por projetos destru\u00eddos. N\u00e3o h\u00e1 len\u00e7os suficientes para enxugar as l\u00e1grimas dos familiares queridos ou dos amigos mortos, dos quais n\u00e3o puderam dizer um \u00faltimo adeus, nem sequer celebrar-lhes o luto e acompanh\u00e1-los \u00e0 sepultura.<\/p>\n<p>Como se n\u00e3o bastasse o sofrimento produzido para grande parte da humanidade pelo sistema capitalista e neoliberal imperante, ferozmente competitivo e nada cooperativo. Ele permitiu que 1% dos mais ricos possu\u00edsse pessoalmente 45% de toda a riqueza global enquanto os 50% mais pobres ficassem com menos de 1%, segundo relat\u00f3rio recente do<em> Cr\u00e9dit Suisse.<\/em> Ou\u00e7amos aquele que mais entende de capitalismo no s\u00e9culo XXI, o franc\u00eas Thomas Piketty referindo-se ao caso brasileiro. Aqui, afirma, verifica-se a maior concentra\u00e7\u00e3o de renda do mundo; os milion\u00e1rios brasileiros, entre o 1% dos mais ricos, ficam \u00e0 frente do milion\u00e1rios do petr\u00f3leo do Oriente M\u00e9dio. N\u00e3o admira os milh\u00f5es de marginalizados e exclu\u00eddos que esta nefasta desigualdade produz.<\/p>\n<p>Novamente os n\u00fameros frios n\u00e3o podem esconder a fome, a mis\u00e9ria, a alta mortandade de crian\u00e7as e devasta\u00e7\u00e3o da natureza, especialmente na Amaz\u00f4nia e em outros biomas, implicada nesse processo de pilhagem de riquezas naturais.<\/p>\n<p>Mas nesse momento, pela intrus\u00e3o do coronav\u00edrus, a humanidade est\u00e1 crucificada e mal sabemos como baix\u00e1-la da cruz. \u00c9 ent\u00e3o que devemos ativar em todos n\u00f3s uma das mais sagradas virtudes do ser humano: a compaix\u00e3o. Ela \u00e9 atestada em todos os povos e culturas: a capacidade de colocar-se no lugar do outro, compartilhar de sua dor e assim alivi\u00e1-la.<\/p>\n<p>O maior te\u00f3logo crist\u00e3o, Tom\u00e1s de Aquino, assinala na sua <em>Suma Teol\u00f3gica<\/em> que a compaix\u00e3o \u00e9 a mais elevada de todas as virtudes, pois n\u00e3o somente abre a pessoa para a outra pessoa sen\u00e3o que a abre para a mais fraca e necessitada de ajuda. Neste sentido, conclu\u00eda, \u00e9 uma caracter\u00edstica essencial de Deus.<\/p>\n<p>Referimo-nos ao <em>princ\u00edpio<\/em> compaix\u00e3o e n\u00e3o simplesmente \u00e0 compaix\u00e3o. O princ\u00edpio, em sentido mais profundo (filos\u00f3fico) significa uma disposi\u00e7\u00e3o origin\u00e1ria e essencial, geradora de uma atitude permanente que se traduz em atos mas nunca se esgota neles. Sempre est\u00e1 aberta a novos atos. Em outras palavras, o princ\u00edpio tem a ver com algo pertencente \u00e0 natureza humana. Porque \u00e9 assim podia dizer o economista e fil\u00f3sofo ingl\u00eas Adam Smith (1723-1790) em seu livro sobre a Teoria dos <em>Sentimentos \u00c9ticos<\/em>: at\u00e9 a pessoa mais brutal e anticomunit\u00e1ria n\u00e3o est\u00e1 imune \u00e0 for\u00e7a da compaix\u00e3o.<\/p>\n<p>A reflex\u00e3o moderna nos ajudou a resgatar o princ\u00edpio compaix\u00e3o. Foi ficando cada vez mais claro para o pensamento cr\u00edtico que o ser humano n\u00e3o se estrutura somente sobre a raz\u00e3o intelectual-anal\u00edtica, necess\u00e1ria para darmos conta da complexidade de nosso mundo. Vigora em n\u00f3s, algo mais profundo e ancestral, surgido h\u00e1 mais de 200 milh\u00f5es de anos quando irromperam na evolu\u00e7\u00e3o os mam\u00edferos: a raz\u00e3o sens\u00edvel e cordial. Ela significa a capacidade de sentir, de afetar e ser afetado, de ter empatia, sensibilidade e amor.<\/p>\n<p>Somos seres racionais mas essencialmente sens\u00edveis. Na verdade, constru\u00edmos o mundo a partir de la\u00e7os afetivos. Tais la\u00e7os fazem com que as pessoas e as situa\u00e7\u00f5es sejam preciosas e portadoras de valor. N\u00e3o apenas habitamos o mundo pelo trabalho sen\u00e3o pela empatia, o cuidado e a amorosidade. Este \u00e9 o lugar da compaix\u00e3o.<\/p>\n<p>Quem trabalhou melhor que n\u00f3s ocidentais foi o budismo. A compaix\u00e3o (Karun\u00e1) se articula em dois movimentos distintos e complementares: o desapego total e o cuidado essencial. Desapego significa deixar o outro ser, n\u00e3o enquadr\u00e1-lo, respeitar sua vida e destino. Cuidado por ele, implica nunca deix\u00e1-lo s\u00f3 em seu sofrimento, envolver-se afetivamente com ele para que possa viver melhor carregando mais levemente sua dor.<\/p>\n<p>O terr\u00edvel do sofrimento n\u00e3o \u00e9 tanto o sofrimento em si, mas a solid\u00e3o no sofrimento. A compaix\u00e3o consiste em n\u00e3o deixar o outro s\u00f3. \u00c9 estar junto com ele, sentir seus padecimentos e ang\u00fastias, dizer-lhe palavras de consolo e dar-lhe um abra\u00e7o carregado de afeto.<\/p>\n<p>Hoje os que sofrem, choram e se desalentam com o destino tr\u00e1gico da vida, precisam desta compaix\u00e3o e desta profunda sensibilidade humanit\u00e1ria que nasce da raz\u00e3o sens\u00edvel e cordial. As palavras ditas que parecem corriqueiras ganham outro sonido, reboam dentro do cora\u00e7\u00e3o e trazem serenidade e suscitam um pequeno raio de esperan\u00e7a de que tudo vai passar. A partida foi tr\u00e1gica mas a chega em Deus \u00e9 bem-aventurada.<\/p>\n<p>A tradi\u00e7\u00e3o judaico-crist\u00e3 testemunha a grandeza da compaix\u00e3o. Em hebraico \u00e9 <em>\u201crahamim\u201d<\/em> que significa \u201cter entranhas\u201d, sentir o outro com profundo sentimento. Mais que sentir \u00e9 identificar-se com o outro. O Deus de Jesus e Jesus mesmo mostram-se especialmente misericordiosos como se revela nas par\u00e1bolas do bom samaritano (Lc 10,30-37) e do filho pr\u00f3digo (Lc 15,11-32). Curiosamente, neste par\u00e1bola, a virada se d\u00e1 n\u00e3o no filho pr\u00f3digo que volta mas no pai que se volta para o filho pr\u00f3digo.<\/p>\n<p>Mais no que nunca antes, face a devasta\u00e7\u00e3o feita pela Covid-19 em toda a popula\u00e7\u00e3o, sem exce\u00e7\u00e3o, faz-se urgente viver a compaix\u00e3o com os sofredores como o nosso lado mais humano, sens\u00edvel e solid\u00e1rio.<\/p>\n<hr \/>\n<p><strong>Leonardo Boff<\/strong> <em>escreveu com Werner M\u00fcller o livro &#8220;Princ\u00edpio compaix\u00e3o&amp;cuidado&#8221;, Vozes 2009; &#8220;Covid-19 &#8211; A M\u00e3e Terra contra-ataca a humanidade&#8221;, Vozes 2020.<\/em><\/p>\n","protected":false},"excerpt":{"rendered":"<p>Artigo de Leonardo Boff<\/p>\n","protected":false},"author":3,"featured_media":189851,"comment_status":"open","ping_status":"open","sticky":false,"template":"","format":"standard","meta":{"footnotes":""},"categories":[26],"tags":[59],"yoast_head":"<!-- This site is optimized with the Yoast SEO plugin v19.4 - https:\/\/yoast.com\/wordpress\/plugins\/seo\/ -->\n<title>O princ\u00edpio compaix\u00e3o e a Covid-19 - Vida Crist\u00e3 - Franciscanos<\/title>\n<meta name=\"robots\" content=\"index, follow, max-snippet:-1, max-image-preview:large, max-video-preview:-1\" \/>\n<link rel=\"canonical\" href=\"https:\/\/franciscanos.org.br\/vidacrista\/o-principio-compaixao-e-a-covid-19\/\" \/>\n<meta property=\"og:locale\" content=\"pt_BR\" \/>\n<meta property=\"og:type\" content=\"article\" \/>\n<meta property=\"og:title\" content=\"O princ\u00edpio compaix\u00e3o e a Covid-19 - Vida Crist\u00e3 - Franciscanos\" \/>\n<meta property=\"og:description\" content=\"Artigo de Leonardo Boff\" \/>\n<meta property=\"og:url\" content=\"https:\/\/franciscanos.org.br\/vidacrista\/o-principio-compaixao-e-a-covid-19\/\" \/>\n<meta property=\"og:site_name\" content=\"Vida Crist\u00e3 - Franciscanos\" \/>\n<meta property=\"article:published_time\" content=\"2021-06-22T11:03:01+00:00\" \/>\n<meta property=\"article:modified_time\" content=\"2021-06-22T11:05:57+00:00\" \/>\n<meta property=\"og:image\" content=\"https:\/\/franciscanos.org.br\/vidacrista\/wp-content\/uploads\/2021\/06\/artigo_22d-1.png\" \/>\n\t<meta property=\"og:image:width\" content=\"800\" \/>\n\t<meta property=\"og:image:height\" content=\"549\" \/>\n\t<meta property=\"og:image:type\" content=\"image\/png\" \/>\n<meta name=\"author\" content=\"moacir\" \/>\n<meta name=\"twitter:card\" content=\"summary_large_image\" \/>\n<meta name=\"twitter:label1\" content=\"Escrito por\" \/>\n\t<meta name=\"twitter:data1\" content=\"moacir\" \/>\n\t<meta name=\"twitter:label2\" content=\"Est. tempo de leitura\" \/>\n\t<meta name=\"twitter:data2\" content=\"6 minutos\" \/>\n<script type=\"application\/ld+json\" class=\"yoast-schema-graph\">{\"@context\":\"https:\/\/schema.org\",\"@graph\":[{\"@type\":\"WebSite\",\"@id\":\"https:\/\/franciscanos.org.br\/vidacrista\/#website\",\"url\":\"https:\/\/franciscanos.org.br\/vidacrista\/\",\"name\":\"Vida Crist\u00e3 - Franciscanos\",\"description\":\"Prov\u00edncia Franciscana da Imaculada Concei\u00e7\u00e3o do Brasil - Ordem dos Frades Menores\",\"potentialAction\":[{\"@type\":\"SearchAction\",\"target\":{\"@type\":\"EntryPoint\",\"urlTemplate\":\"https:\/\/franciscanos.org.br\/vidacrista\/?s={search_term_string}\"},\"query-input\":\"required name=search_term_string\"}],\"inLanguage\":\"pt-BR\"},{\"@type\":\"WebPage\",\"@id\":\"https:\/\/franciscanos.org.br\/vidacrista\/o-principio-compaixao-e-a-covid-19\/\",\"url\":\"https:\/\/franciscanos.org.br\/vidacrista\/o-principio-compaixao-e-a-covid-19\/\",\"name\":\"O princ\u00edpio compaix\u00e3o e a Covid-19 - Vida Crist\u00e3 - Franciscanos\",\"isPartOf\":{\"@id\":\"https:\/\/franciscanos.org.br\/vidacrista\/#website\"},\"datePublished\":\"2021-06-22T11:03:01+00:00\",\"dateModified\":\"2021-06-22T11:05:57+00:00\",\"author\":{\"@id\":\"https:\/\/franciscanos.org.br\/vidacrista\/#\/schema\/person\/1880bdd2c350b735648725ef7614736a\"},\"breadcrumb\":{\"@id\":\"https:\/\/franciscanos.org.br\/vidacrista\/o-principio-compaixao-e-a-covid-19\/#breadcrumb\"},\"inLanguage\":\"pt-BR\",\"potentialAction\":[{\"@type\":\"ReadAction\",\"target\":[\"https:\/\/franciscanos.org.br\/vidacrista\/o-principio-compaixao-e-a-covid-19\/\"]}]},{\"@type\":\"BreadcrumbList\",\"@id\":\"https:\/\/franciscanos.org.br\/vidacrista\/o-principio-compaixao-e-a-covid-19\/#breadcrumb\",\"itemListElement\":[{\"@type\":\"ListItem\",\"position\":1,\"name\":\"Home\",\"item\":\"https:\/\/franciscanos.org.br\/vidacrista\/\"},{\"@type\":\"ListItem\",\"position\":2,\"name\":\"O princ\u00edpio compaix\u00e3o e a Covid-19\"}]},{\"@type\":\"Person\",\"@id\":\"https:\/\/franciscanos.org.br\/vidacrista\/#\/schema\/person\/1880bdd2c350b735648725ef7614736a\",\"name\":\"moacir\",\"image\":{\"@type\":\"ImageObject\",\"inLanguage\":\"pt-BR\",\"@id\":\"https:\/\/franciscanos.org.br\/vidacrista\/#\/schema\/person\/image\/\",\"url\":\"https:\/\/secure.gravatar.com\/avatar\/d08aa2ce4c8dd416d4479aa8536fcf64?s=96&d=mm&r=g\",\"contentUrl\":\"https:\/\/secure.gravatar.com\/avatar\/d08aa2ce4c8dd416d4479aa8536fcf64?s=96&d=mm&r=g\",\"caption\":\"moacir\"},\"url\":\"https:\/\/franciscanos.org.br\/vidacrista\/author\/moacir\/\"}]}<\/script>\n<!-- \/ Yoast SEO plugin. -->","yoast_head_json":{"title":"O princ\u00edpio compaix\u00e3o e a Covid-19 - Vida Crist\u00e3 - Franciscanos","robots":{"index":"index","follow":"follow","max-snippet":"max-snippet:-1","max-image-preview":"max-image-preview:large","max-video-preview":"max-video-preview:-1"},"canonical":"https:\/\/franciscanos.org.br\/vidacrista\/o-principio-compaixao-e-a-covid-19\/","og_locale":"pt_BR","og_type":"article","og_title":"O princ\u00edpio compaix\u00e3o e a Covid-19 - Vida Crist\u00e3 - Franciscanos","og_description":"Artigo de Leonardo Boff","og_url":"https:\/\/franciscanos.org.br\/vidacrista\/o-principio-compaixao-e-a-covid-19\/","og_site_name":"Vida Crist\u00e3 - Franciscanos","article_published_time":"2021-06-22T11:03:01+00:00","article_modified_time":"2021-06-22T11:05:57+00:00","og_image":[{"width":800,"height":549,"url":"https:\/\/franciscanos.org.br\/vidacrista\/wp-content\/uploads\/2021\/06\/artigo_22d-1.png","type":"image\/png"}],"author":"moacir","twitter_card":"summary_large_image","twitter_misc":{"Escrito por":"moacir","Est. tempo de leitura":"6 minutos"},"schema":{"@context":"https:\/\/schema.org","@graph":[{"@type":"WebSite","@id":"https:\/\/franciscanos.org.br\/vidacrista\/#website","url":"https:\/\/franciscanos.org.br\/vidacrista\/","name":"Vida Crist\u00e3 - Franciscanos","description":"Prov\u00edncia Franciscana da Imaculada Concei\u00e7\u00e3o do Brasil - Ordem dos Frades Menores","potentialAction":[{"@type":"SearchAction","target":{"@type":"EntryPoint","urlTemplate":"https:\/\/franciscanos.org.br\/vidacrista\/?s={search_term_string}"},"query-input":"required name=search_term_string"}],"inLanguage":"pt-BR"},{"@type":"WebPage","@id":"https:\/\/franciscanos.org.br\/vidacrista\/o-principio-compaixao-e-a-covid-19\/","url":"https:\/\/franciscanos.org.br\/vidacrista\/o-principio-compaixao-e-a-covid-19\/","name":"O princ\u00edpio compaix\u00e3o e a Covid-19 - Vida Crist\u00e3 - Franciscanos","isPartOf":{"@id":"https:\/\/franciscanos.org.br\/vidacrista\/#website"},"datePublished":"2021-06-22T11:03:01+00:00","dateModified":"2021-06-22T11:05:57+00:00","author":{"@id":"https:\/\/franciscanos.org.br\/vidacrista\/#\/schema\/person\/1880bdd2c350b735648725ef7614736a"},"breadcrumb":{"@id":"https:\/\/franciscanos.org.br\/vidacrista\/o-principio-compaixao-e-a-covid-19\/#breadcrumb"},"inLanguage":"pt-BR","potentialAction":[{"@type":"ReadAction","target":["https:\/\/franciscanos.org.br\/vidacrista\/o-principio-compaixao-e-a-covid-19\/"]}]},{"@type":"BreadcrumbList","@id":"https:\/\/franciscanos.org.br\/vidacrista\/o-principio-compaixao-e-a-covid-19\/#breadcrumb","itemListElement":[{"@type":"ListItem","position":1,"name":"Home","item":"https:\/\/franciscanos.org.br\/vidacrista\/"},{"@type":"ListItem","position":2,"name":"O princ\u00edpio compaix\u00e3o e a Covid-19"}]},{"@type":"Person","@id":"https:\/\/franciscanos.org.br\/vidacrista\/#\/schema\/person\/1880bdd2c350b735648725ef7614736a","name":"moacir","image":{"@type":"ImageObject","inLanguage":"pt-BR","@id":"https:\/\/franciscanos.org.br\/vidacrista\/#\/schema\/person\/image\/","url":"https:\/\/secure.gravatar.com\/avatar\/d08aa2ce4c8dd416d4479aa8536fcf64?s=96&d=mm&r=g","contentUrl":"https:\/\/secure.gravatar.com\/avatar\/d08aa2ce4c8dd416d4479aa8536fcf64?s=96&d=mm&r=g","caption":"moacir"},"url":"https:\/\/franciscanos.org.br\/vidacrista\/author\/moacir\/"}]}},"_links":{"self":[{"href":"https:\/\/franciscanos.org.br\/vidacrista\/wp-json\/wp\/v2\/posts\/189849"}],"collection":[{"href":"https:\/\/franciscanos.org.br\/vidacrista\/wp-json\/wp\/v2\/posts"}],"about":[{"href":"https:\/\/franciscanos.org.br\/vidacrista\/wp-json\/wp\/v2\/types\/post"}],"author":[{"embeddable":true,"href":"https:\/\/franciscanos.org.br\/vidacrista\/wp-json\/wp\/v2\/users\/3"}],"replies":[{"embeddable":true,"href":"https:\/\/franciscanos.org.br\/vidacrista\/wp-json\/wp\/v2\/comments?post=189849"}],"version-history":[{"count":4,"href":"https:\/\/franciscanos.org.br\/vidacrista\/wp-json\/wp\/v2\/posts\/189849\/revisions"}],"predecessor-version":[{"id":189856,"href":"https:\/\/franciscanos.org.br\/vidacrista\/wp-json\/wp\/v2\/posts\/189849\/revisions\/189856"}],"wp:featuredmedia":[{"embeddable":true,"href":"https:\/\/franciscanos.org.br\/vidacrista\/wp-json\/wp\/v2\/media\/189851"}],"wp:attachment":[{"href":"https:\/\/franciscanos.org.br\/vidacrista\/wp-json\/wp\/v2\/media?parent=189849"}],"wp:term":[{"taxonomy":"category","embeddable":true,"href":"https:\/\/franciscanos.org.br\/vidacrista\/wp-json\/wp\/v2\/categories?post=189849"},{"taxonomy":"post_tag","embeddable":true,"href":"https:\/\/franciscanos.org.br\/vidacrista\/wp-json\/wp\/v2\/tags?post=189849"}],"curies":[{"name":"wp","href":"https:\/\/api.w.org\/{rel}","templated":true}]}}