{"id":189840,"date":"2021-06-19T08:57:27","date_gmt":"2021-06-19T11:57:27","guid":{"rendered":"https:\/\/franciscanos.org.br\/vidacrista\/?p=189840"},"modified":"2021-06-21T12:13:33","modified_gmt":"2021-06-21T15:13:33","slug":"passar-para-a-outra-margem-com-fe-sem-medo-e-com-mascara-mc-435-41","status":"publish","type":"post","link":"https:\/\/franciscanos.org.br\/vidacrista\/passar-para-a-outra-margem-com-fe-sem-medo-e-com-mascara-mc-435-41\/","title":{"rendered":"Passar para a outra margem com f\u00e9, sem medo e com m\u00e1scara (Mc 4,35-41)"},"content":{"rendered":"<div id=\"attachment_189842\" style=\"width: 850px\" class=\"wp-caption alignnone\"><img aria-describedby=\"caption-attachment-189842\" decoding=\"async\" loading=\"lazy\" class=\"wp-image-189842 size-full\" src=\"https:\/\/franciscanos.org.br\/vidacrista\/wp-content\/uploads\/2021\/06\/artigo_19.jpg\" alt=\"\" width=\"840\" height=\"450\" srcset=\"https:\/\/franciscanos.org.br\/vidacrista\/wp-content\/uploads\/2021\/06\/artigo_19.jpg 840w, https:\/\/franciscanos.org.br\/vidacrista\/wp-content\/uploads\/2021\/06\/artigo_19-450x241.jpg 450w, https:\/\/franciscanos.org.br\/vidacrista\/wp-content\/uploads\/2021\/06\/artigo_19-768x411.jpg 768w, https:\/\/franciscanos.org.br\/vidacrista\/wp-content\/uploads\/2021\/06\/artigo_19-150x80.jpg 150w\" sizes=\"(max-width: 840px) 100vw, 840px\" \/><p id=\"caption-attachment-189842\" class=\"wp-caption-text\"><em>\u00a0 \u00a0 \u00a0 \u00a0 \u00a0 \u00a0 \u00a0 \u00a0 \u00a0 \u00a0 \u00a0 \u00a0 \u00a0 \u00a0 \u00a0 \u00a0 \u00a0 \u00a0 \u00a0 \u00a0 \u00a0 \u00a0 \u00a0 Imagem ilustrativa: Ludolf Backhuysen (Wikimedia Commons, dom\u00ednio p\u00fablico) <\/em><\/p><\/div>\n<p><em>\u00a0Frei Jacir de Freitas Faria, OFM<\/em><a href=\"#_ftn1\" name=\"_ftnref1\">[1]<\/a><\/p>\n<p>O evangelho sobre o qual vamos refletir hoje \u00e9 Mc 4,35-41. Nos cap\u00edtulos anteriores, Jesus entra na sinagoga para ser reconhecido pelos dem\u00f4nios e ser confrontado com as lideran\u00e7as judaicas dos grupos dos fariseus, saduceus e herodianos. Nessa ocasi\u00e3o, Jesus entra tamb\u00e9m na casa de Pedro, onde cura sua sogra, doentes e \u00e9 confrontado pela sua fam\u00edlia.<\/p>\n<p>Nessa passagem, o ambiente \u00e9 outro, o mar. Por que o mar? Jesus est\u00e1 com os disc\u00edpulos num barco. Jesus dorme. Os disc\u00edpulos t\u00eam medo? Medo de qu\u00ea? Medo do vento. Voc\u00ea teve medo em sua vida? Qual a origem do medo? Jesus e os disc\u00edpulos haviam passado para a outra margem. Voc\u00ea j\u00e1 mudou de rumo, de margem em sua vida?<\/p>\n<p><iframe loading=\"lazy\" title=\"Reflex\u00e3o b\u00edblica - 12\u00ba Domingo do Tempo Comum (20\/06\/2021\" width=\"500\" height=\"281\" src=\"https:\/\/www.youtube.com\/embed\/domzFI66Azg?start=2&#038;feature=oembed\" frameborder=\"0\" allow=\"accelerometer; autoplay; clipboard-write; encrypted-media; gyroscope; picture-in-picture\" allowfullscreen><\/iframe><\/p>\n<p>Passemos \u00e0s poss\u00edveis respostas. A cena parece interessante. Jesus, na sua humanidade, dorme tranquilo. Os ap\u00f3stolos o protegem. Mar e vento sopram violentamente. Esses representam o poder (mar) e o esp\u00edrito (vento) do mal. Leviat\u00e3 era o dem\u00f4nio do mar, assim como Azazel era o dem\u00f4nio do deserto. O rei sel\u00eaucida Ant\u00edoco IV Ep\u00edfanes, que significa \u201crevela\u00e7\u00e3o de Deus\u201d e considerado uma \u201cbesta\u2019 pelos judeus, julgava-se \u201cSenhor do vento e do mar\u201d. Entre os romanos, do c\u00f4nsul Pompeu se dizia que o mar e o vento lhe obedeciam.<\/p>\n<p>Contr\u00e1rio aos poderosos, Jesus age como Deus criador que pode acalmar o mar e o vento. Em Jesus, Deus se desperta do sono para reger o mar. Contr\u00e1rio a Jonas, que dormia para n\u00e3o enfrentar os perigos do mar. \u00c0s palavras de Jesus: sil\u00eancio e quieto, o vento serena e tudo volta ao normal.<\/p>\n<p>Em seguida, Jesus chama a aten\u00e7\u00e3o dos disc\u00edpulos: \u201cN\u00e3o tendes f\u00e9? Nisso est\u00e1 a quest\u00e3o central da passagem: a falta de f\u00e9 dos disc\u00edpulos. O medo dos disc\u00edpulos est\u00e1 relacionado com a falta de f\u00e9. Na pergunta dos disc\u00edpulos, por quem \u00e9 este que at\u00e9 o mar e o vento obedecem, est\u00e1 a prova de que eles n\u00e3o foram capazes de reconhecer a a\u00e7\u00e3o de Deus em Jesus.<\/p>\n<p>Os disc\u00edpulos come\u00e7aram a romper com o mar, mas ainda n\u00e3o foram capazes de compreender o caminho de Jesus. O mar, os opressores, ainda os aterrorizam. Mar \u00e9 o ambiente ca\u00f3tico da ideologia do sistema opressor, que ainda est\u00e1 presente na vida dos disc\u00edpulos. Eles ainda n\u00e3o t\u00eam f\u00e9 suficiente para romper com ele.<\/p>\n<p>As primeiras comunidades estavam se aproximando dos gentios que ficam na outra margem. Uns defendiam o car\u00e1ter judaico da miss\u00e3o de Jesus, outros, n\u00e3o. Havia o conflito entre as propostas de Pedro e as de Paulo. Jesus estava \u201cdormindo\u201d, isto \u00e9, morto, parecia ausente. A barca dos disc\u00edpulos, das primeiras comunidades, estava \u00e0 deriva. Muitos crist\u00e3os estavam aderindo ao imp\u00e9rio romano. <a href=\"#_ftn2\" name=\"_ftnref2\">[2]<\/a><\/p>\n<p>O objetivo de Marcos, com essa passagem, era convocar a comunidade para ter f\u00e9 em Jesus ressuscitado da morte, vivo e atuante na comunidade com a for\u00e7a de Deus, capaz de dominar o caos e de vencer as pot\u00eancias infernais sat\u00e2nicas que amea\u00e7am as comunidades. No mar da vida, encontramos muitas dificuldades. Sem a f\u00e9 podemos afundar, mas quem cr\u00ea est\u00e1 salvo.\u00a0 O barco \u00e9 a comunidade, que sofre tormentos de todos os lados, mas que precisa ter f\u00e9.<\/p>\n<p>O que Marcos quis dizer para n\u00f3s, hoje, com essa passagem? Permita-me apontar duas situa\u00e7\u00f5es, uma de cunho pessoal e outra, comunit\u00e1ria, ainda que as duas se entrelacem.<\/p>\n<p>Na dimens\u00e3o pessoal, ficando com o sentindo existencial, t\u00e3o bem expresso naquela m\u00fasica de Nelson Mota, t\u00e3o cara \u00e0s comunidades: \u201cSe as \u00e1guas do mar da vida quiserem te afogar, segura nas m\u00e3os de Deus e vai. Se as tristezas desta lida quiserem te sufocar. Segura na m\u00e3o de Deus e vai. Segura na m\u00e3o de Deus, segura na m\u00e3o de Deus, pois ela, ela te sustentar\u00e1. N\u00e3o temas, segue adiante, e n\u00e3o olhes para tr\u00e1s Segura na m\u00e3o de Deus e vai.\u201d\u00a0 A fraqueza faz parte de condi\u00e7\u00e3o humana. Ningu\u00e9m \u00e9 super-homem ou supermulher. Precisamos reconhecer o nosso limite, mas acreditar sempre. Como disse o Papa Francisco, recentemente, aos sacerdotes que se creem os tais, mas que vale para todos n\u00f3s. Ele disse: \u201cOs sacerdotes super-homens terminam mal, todos eles. O sacerdote fr\u00e1gil, que conhece suas fraquezas e fala delas com o Senhor, esse ir\u00e1 bem\u201d.<\/p>\n<p>Na dimens\u00e3o social e coletiva, chamo a sua aten\u00e7\u00e3o para a atual conjuntura brasileira, dividida entre os projetos de constru\u00e7\u00e3o da sociedade. Estamos, como na comunidade de Marcos, com medo e sem saber a qual projeto seguir. Havia d\u00favida se deveria \u201cusar m\u00e1scara ou n\u00e3o\u201d, pois o medo os paralisava e os impedia de passar para a outra margem. Passamos a vida inteira trocando de margem: do beb\u00ea para a crian\u00e7a, da crian\u00e7a para o jovem, do jovem para o adulto. Com medo n\u00e3o se vence as passagens!<\/p>\n<p>\u00c9 bem verdade que o medo faz parte de nossa condi\u00e7\u00e3o humana. Quem disse que nunca teve medo, est\u00e1 mentido. Coragem, diria Jesus, para passar da margem do sofrimento para a alegria, da fome para a abund\u00e2ncia, da injusti\u00e7a para a justi\u00e7a, da pol\u00edtica desonesta para a verdadeira pol\u00edtica.<\/p>\n<p>Por fim, o segredo, na passagem do mar da vida, \u00e9 levar Jesus conosco na barca, pois s\u00f3 ele pode cuidar de n\u00f3s diante dos ventos nefastos e dos dem\u00f4nios do mar. Ele \u00e9 como uma m\u00e1scara que nos protege na travessia, na turbul\u00eancia vida infestada de nefastos v\u00edrus. Segura nas m\u00e3os de Deus e vai. Boa viagem. Paz e bem.<\/p>\n<hr \/>\n<p><a href=\"#_ftnref1\" name=\"_ftn1\">[1]<\/a> Doutor em Teologia B\u00edblica pela FAJE-BH. Mestre em Ci\u00eancias B\u00edblicas (Exegese) pelo Pontif\u00edcio Instituto B\u00edblico de Roma. Professor de exegese b\u00edblica. Membro da Associa\u00e7\u00e3o Brasileira de Pesquisa B\u00edblica (ABIB). Sacerdote Franciscano. Autor de dez livros e coautor de quatorze.\u00a0No nosso canal no You Tube: Frei Jacir B\u00edblia e Ap\u00f3crifos ou <a href=\"https:\/\/www.youtube.com\/c\/FreiJacirdeFreitasFariaB%C3%ADbliaAp%C3%B3crifos\">https:\/\/www.youtube.com\/c\/FreiJacirdeFreitasFariaB%C3%ADbliaAp%C3%B3crifos<\/a><\/p>\n<p><a href=\"#_ftnref2\" name=\"_ftn2\">[2]<\/a> SOARES, Armando Sebasti\u00e3o Gameleira; J\u00daNIOR, Jo\u00e3o Luiz Correia; OLIVA, Jos\u00e9 Raimundo. Marcos. S\u00e3o Paulo: Fonte Editorial\/Santu\u00e1rio, 2013, p. 189.<\/p>\n","protected":false},"excerpt":{"rendered":"<p>Artigo de \u00a0Frei Jacir de Freitas Faria<\/p>\n","protected":false},"author":3,"featured_media":189841,"comment_status":"open","ping_status":"open","sticky":false,"template":"","format":"standard","meta":{"footnotes":""},"categories":[26],"tags":[43],"yoast_head":"<!-- This site is optimized with the Yoast SEO plugin v19.4 - https:\/\/yoast.com\/wordpress\/plugins\/seo\/ -->\n<title>Passar para a outra margem com f\u00e9, sem medo e com m\u00e1scara (Mc 4,35-41) - Vida Crist\u00e3 - Franciscanos<\/title>\n<meta name=\"robots\" content=\"index, follow, max-snippet:-1, max-image-preview:large, max-video-preview:-1\" \/>\n<link rel=\"canonical\" href=\"https:\/\/franciscanos.org.br\/vidacrista\/passar-para-a-outra-margem-com-fe-sem-medo-e-com-mascara-mc-435-41\/\" \/>\n<meta property=\"og:locale\" content=\"pt_BR\" \/>\n<meta property=\"og:type\" content=\"article\" \/>\n<meta property=\"og:title\" content=\"Passar para a outra margem com f\u00e9, sem medo e com m\u00e1scara (Mc 4,35-41) - Vida Crist\u00e3 - Franciscanos\" \/>\n<meta property=\"og:description\" content=\"Artigo de \u00a0Frei Jacir de Freitas Faria\" \/>\n<meta property=\"og:url\" content=\"https:\/\/franciscanos.org.br\/vidacrista\/passar-para-a-outra-margem-com-fe-sem-medo-e-com-mascara-mc-435-41\/\" \/>\n<meta property=\"og:site_name\" content=\"Vida Crist\u00e3 - Franciscanos\" \/>\n<meta property=\"article:published_time\" content=\"2021-06-19T11:57:27+00:00\" \/>\n<meta property=\"article:modified_time\" content=\"2021-06-21T15:13:33+00:00\" \/>\n<meta property=\"og:image\" content=\"https:\/\/franciscanos.org.br\/vidacrista\/wp-content\/uploads\/2021\/06\/artigo_19d.jpg\" \/>\n\t<meta property=\"og:image:width\" content=\"800\" \/>\n\t<meta property=\"og:image:height\" content=\"550\" \/>\n\t<meta property=\"og:image:type\" content=\"image\/jpeg\" \/>\n<meta name=\"author\" content=\"moacir\" \/>\n<meta name=\"twitter:card\" content=\"summary_large_image\" \/>\n<meta name=\"twitter:label1\" content=\"Escrito por\" \/>\n\t<meta name=\"twitter:data1\" content=\"moacir\" \/>\n\t<meta name=\"twitter:label2\" content=\"Est. tempo de leitura\" \/>\n\t<meta name=\"twitter:data2\" content=\"6 minutos\" \/>\n<script type=\"application\/ld+json\" class=\"yoast-schema-graph\">{\"@context\":\"https:\/\/schema.org\",\"@graph\":[{\"@type\":\"WebSite\",\"@id\":\"https:\/\/franciscanos.org.br\/vidacrista\/#website\",\"url\":\"https:\/\/franciscanos.org.br\/vidacrista\/\",\"name\":\"Vida Crist\u00e3 - Franciscanos\",\"description\":\"Prov\u00edncia Franciscana da Imaculada Concei\u00e7\u00e3o do Brasil - Ordem dos Frades Menores\",\"potentialAction\":[{\"@type\":\"SearchAction\",\"target\":{\"@type\":\"EntryPoint\",\"urlTemplate\":\"https:\/\/franciscanos.org.br\/vidacrista\/?s={search_term_string}\"},\"query-input\":\"required name=search_term_string\"}],\"inLanguage\":\"pt-BR\"},{\"@type\":\"WebPage\",\"@id\":\"https:\/\/franciscanos.org.br\/vidacrista\/passar-para-a-outra-margem-com-fe-sem-medo-e-com-mascara-mc-435-41\/\",\"url\":\"https:\/\/franciscanos.org.br\/vidacrista\/passar-para-a-outra-margem-com-fe-sem-medo-e-com-mascara-mc-435-41\/\",\"name\":\"Passar para a outra margem com f\u00e9, sem medo e com m\u00e1scara (Mc 4,35-41) - Vida Crist\u00e3 - Franciscanos\",\"isPartOf\":{\"@id\":\"https:\/\/franciscanos.org.br\/vidacrista\/#website\"},\"datePublished\":\"2021-06-19T11:57:27+00:00\",\"dateModified\":\"2021-06-21T15:13:33+00:00\",\"author\":{\"@id\":\"https:\/\/franciscanos.org.br\/vidacrista\/#\/schema\/person\/1880bdd2c350b735648725ef7614736a\"},\"breadcrumb\":{\"@id\":\"https:\/\/franciscanos.org.br\/vidacrista\/passar-para-a-outra-margem-com-fe-sem-medo-e-com-mascara-mc-435-41\/#breadcrumb\"},\"inLanguage\":\"pt-BR\",\"potentialAction\":[{\"@type\":\"ReadAction\",\"target\":[\"https:\/\/franciscanos.org.br\/vidacrista\/passar-para-a-outra-margem-com-fe-sem-medo-e-com-mascara-mc-435-41\/\"]}]},{\"@type\":\"BreadcrumbList\",\"@id\":\"https:\/\/franciscanos.org.br\/vidacrista\/passar-para-a-outra-margem-com-fe-sem-medo-e-com-mascara-mc-435-41\/#breadcrumb\",\"itemListElement\":[{\"@type\":\"ListItem\",\"position\":1,\"name\":\"Home\",\"item\":\"https:\/\/franciscanos.org.br\/vidacrista\/\"},{\"@type\":\"ListItem\",\"position\":2,\"name\":\"Passar para a outra margem com f\u00e9, sem medo e com m\u00e1scara (Mc 4,35-41)\"}]},{\"@type\":\"Person\",\"@id\":\"https:\/\/franciscanos.org.br\/vidacrista\/#\/schema\/person\/1880bdd2c350b735648725ef7614736a\",\"name\":\"moacir\",\"image\":{\"@type\":\"ImageObject\",\"inLanguage\":\"pt-BR\",\"@id\":\"https:\/\/franciscanos.org.br\/vidacrista\/#\/schema\/person\/image\/\",\"url\":\"https:\/\/secure.gravatar.com\/avatar\/d08aa2ce4c8dd416d4479aa8536fcf64?s=96&d=mm&r=g\",\"contentUrl\":\"https:\/\/secure.gravatar.com\/avatar\/d08aa2ce4c8dd416d4479aa8536fcf64?s=96&d=mm&r=g\",\"caption\":\"moacir\"},\"url\":\"https:\/\/franciscanos.org.br\/vidacrista\/author\/moacir\/\"}]}<\/script>\n<!-- \/ Yoast SEO plugin. -->","yoast_head_json":{"title":"Passar para a outra margem com f\u00e9, sem medo e com m\u00e1scara (Mc 4,35-41) - Vida Crist\u00e3 - Franciscanos","robots":{"index":"index","follow":"follow","max-snippet":"max-snippet:-1","max-image-preview":"max-image-preview:large","max-video-preview":"max-video-preview:-1"},"canonical":"https:\/\/franciscanos.org.br\/vidacrista\/passar-para-a-outra-margem-com-fe-sem-medo-e-com-mascara-mc-435-41\/","og_locale":"pt_BR","og_type":"article","og_title":"Passar para a outra margem com f\u00e9, sem medo e com m\u00e1scara (Mc 4,35-41) - Vida Crist\u00e3 - Franciscanos","og_description":"Artigo de \u00a0Frei Jacir de Freitas Faria","og_url":"https:\/\/franciscanos.org.br\/vidacrista\/passar-para-a-outra-margem-com-fe-sem-medo-e-com-mascara-mc-435-41\/","og_site_name":"Vida Crist\u00e3 - Franciscanos","article_published_time":"2021-06-19T11:57:27+00:00","article_modified_time":"2021-06-21T15:13:33+00:00","og_image":[{"width":800,"height":550,"url":"https:\/\/franciscanos.org.br\/vidacrista\/wp-content\/uploads\/2021\/06\/artigo_19d.jpg","type":"image\/jpeg"}],"author":"moacir","twitter_card":"summary_large_image","twitter_misc":{"Escrito por":"moacir","Est. tempo de leitura":"6 minutos"},"schema":{"@context":"https:\/\/schema.org","@graph":[{"@type":"WebSite","@id":"https:\/\/franciscanos.org.br\/vidacrista\/#website","url":"https:\/\/franciscanos.org.br\/vidacrista\/","name":"Vida Crist\u00e3 - Franciscanos","description":"Prov\u00edncia Franciscana da Imaculada Concei\u00e7\u00e3o do Brasil - Ordem dos Frades Menores","potentialAction":[{"@type":"SearchAction","target":{"@type":"EntryPoint","urlTemplate":"https:\/\/franciscanos.org.br\/vidacrista\/?s={search_term_string}"},"query-input":"required name=search_term_string"}],"inLanguage":"pt-BR"},{"@type":"WebPage","@id":"https:\/\/franciscanos.org.br\/vidacrista\/passar-para-a-outra-margem-com-fe-sem-medo-e-com-mascara-mc-435-41\/","url":"https:\/\/franciscanos.org.br\/vidacrista\/passar-para-a-outra-margem-com-fe-sem-medo-e-com-mascara-mc-435-41\/","name":"Passar para a outra margem com f\u00e9, sem medo e com m\u00e1scara (Mc 4,35-41) - Vida Crist\u00e3 - Franciscanos","isPartOf":{"@id":"https:\/\/franciscanos.org.br\/vidacrista\/#website"},"datePublished":"2021-06-19T11:57:27+00:00","dateModified":"2021-06-21T15:13:33+00:00","author":{"@id":"https:\/\/franciscanos.org.br\/vidacrista\/#\/schema\/person\/1880bdd2c350b735648725ef7614736a"},"breadcrumb":{"@id":"https:\/\/franciscanos.org.br\/vidacrista\/passar-para-a-outra-margem-com-fe-sem-medo-e-com-mascara-mc-435-41\/#breadcrumb"},"inLanguage":"pt-BR","potentialAction":[{"@type":"ReadAction","target":["https:\/\/franciscanos.org.br\/vidacrista\/passar-para-a-outra-margem-com-fe-sem-medo-e-com-mascara-mc-435-41\/"]}]},{"@type":"BreadcrumbList","@id":"https:\/\/franciscanos.org.br\/vidacrista\/passar-para-a-outra-margem-com-fe-sem-medo-e-com-mascara-mc-435-41\/#breadcrumb","itemListElement":[{"@type":"ListItem","position":1,"name":"Home","item":"https:\/\/franciscanos.org.br\/vidacrista\/"},{"@type":"ListItem","position":2,"name":"Passar para a outra margem com f\u00e9, sem medo e com m\u00e1scara (Mc 4,35-41)"}]},{"@type":"Person","@id":"https:\/\/franciscanos.org.br\/vidacrista\/#\/schema\/person\/1880bdd2c350b735648725ef7614736a","name":"moacir","image":{"@type":"ImageObject","inLanguage":"pt-BR","@id":"https:\/\/franciscanos.org.br\/vidacrista\/#\/schema\/person\/image\/","url":"https:\/\/secure.gravatar.com\/avatar\/d08aa2ce4c8dd416d4479aa8536fcf64?s=96&d=mm&r=g","contentUrl":"https:\/\/secure.gravatar.com\/avatar\/d08aa2ce4c8dd416d4479aa8536fcf64?s=96&d=mm&r=g","caption":"moacir"},"url":"https:\/\/franciscanos.org.br\/vidacrista\/author\/moacir\/"}]}},"_links":{"self":[{"href":"https:\/\/franciscanos.org.br\/vidacrista\/wp-json\/wp\/v2\/posts\/189840"}],"collection":[{"href":"https:\/\/franciscanos.org.br\/vidacrista\/wp-json\/wp\/v2\/posts"}],"about":[{"href":"https:\/\/franciscanos.org.br\/vidacrista\/wp-json\/wp\/v2\/types\/post"}],"author":[{"embeddable":true,"href":"https:\/\/franciscanos.org.br\/vidacrista\/wp-json\/wp\/v2\/users\/3"}],"replies":[{"embeddable":true,"href":"https:\/\/franciscanos.org.br\/vidacrista\/wp-json\/wp\/v2\/comments?post=189840"}],"version-history":[{"count":2,"href":"https:\/\/franciscanos.org.br\/vidacrista\/wp-json\/wp\/v2\/posts\/189840\/revisions"}],"predecessor-version":[{"id":189848,"href":"https:\/\/franciscanos.org.br\/vidacrista\/wp-json\/wp\/v2\/posts\/189840\/revisions\/189848"}],"wp:featuredmedia":[{"embeddable":true,"href":"https:\/\/franciscanos.org.br\/vidacrista\/wp-json\/wp\/v2\/media\/189841"}],"wp:attachment":[{"href":"https:\/\/franciscanos.org.br\/vidacrista\/wp-json\/wp\/v2\/media?parent=189840"}],"wp:term":[{"taxonomy":"category","embeddable":true,"href":"https:\/\/franciscanos.org.br\/vidacrista\/wp-json\/wp\/v2\/categories?post=189840"},{"taxonomy":"post_tag","embeddable":true,"href":"https:\/\/franciscanos.org.br\/vidacrista\/wp-json\/wp\/v2\/tags?post=189840"}],"curies":[{"name":"wp","href":"https:\/\/api.w.org\/{rel}","templated":true}]}}