{"id":189818,"date":"2021-06-17T07:23:46","date_gmt":"2021-06-17T10:23:46","guid":{"rendered":"https:\/\/franciscanos.org.br\/vidacrista\/?p=189818"},"modified":"2021-06-17T07:23:46","modified_gmt":"2021-06-17T10:23:46","slug":"sem-espiritualidade-nao-salvaremos-a-vida-na-terra","status":"publish","type":"post","link":"https:\/\/franciscanos.org.br\/vidacrista\/sem-espiritualidade-nao-salvaremos-a-vida-na-terra\/","title":{"rendered":"Sem espiritualidade n\u00e3o salvaremos a vida na Terra"},"content":{"rendered":"<div id=\"attachment_189820\" style=\"width: 850px\" class=\"wp-caption alignnone\"><img aria-describedby=\"caption-attachment-189820\" decoding=\"async\" loading=\"lazy\" class=\"wp-image-189820 size-full\" src=\"https:\/\/franciscanos.org.br\/vidacrista\/wp-content\/uploads\/2021\/06\/francisco_17.jpg\" alt=\"\" width=\"840\" height=\"450\" srcset=\"https:\/\/franciscanos.org.br\/vidacrista\/wp-content\/uploads\/2021\/06\/francisco_17.jpg 840w, https:\/\/franciscanos.org.br\/vidacrista\/wp-content\/uploads\/2021\/06\/francisco_17-450x241.jpg 450w, https:\/\/franciscanos.org.br\/vidacrista\/wp-content\/uploads\/2021\/06\/francisco_17-768x411.jpg 768w, https:\/\/franciscanos.org.br\/vidacrista\/wp-content\/uploads\/2021\/06\/francisco_17-150x80.jpg 150w\" sizes=\"(max-width: 840px) 100vw, 840px\" \/><p id=\"caption-attachment-189820\" class=\"wp-caption-text\">\u00a0 \u00a0 \u00a0 \u00a0 \u00a0 \u00a0 \u00a0 \u00a0 \u00a0 \u00a0 \u00a0 \u00a0 \u00a0 \u00a0 \u00a0 \u00a0 \u00a0 \u00a0 \u00a0 \u00a0 \u00a0 \u00a0 \u00a0 \u00a0 \u00a0 \u00a0 <em>\u00a0 \u00a0Imagem: Jan Siberechts (Wikimedia Commons, dom\u00ednio p\u00fablico)<\/em><\/p><\/div>\n<p><strong>Leonardo Boff<\/strong><\/p>\n<p>Em momentos de grandes crises, de desastres naturais e agora com a epidemia do Coronav\u00edrus, os seres humanos deixam vir \u00e0 tona aquilo que est\u00e1 na sua ess\u00eancia como humanos: a solidariedade, a coopera\u00e7\u00e3o, o cuidado de uns para com os outros e para o seu entorno e a espiritualidade.<\/p>\n<p>Ouvimos da boca de Michail Gorbachev no encontros para a elabora\u00e7\u00e3o da Carta da Terra, exatamente dele considerado ateu por ser comunista e chefe de Estado: ou vamos desenvolver uma espiritualidade com novos valores, centrados na vida e na coopera\u00e7\u00e3o ou n\u00e3o haver\u00e1 solu\u00e7\u00e3o para a vida na Terra.<\/p>\n<p>Esta pandemia significa uma conclama\u00e7\u00e3o para esta espiritualidade salvadora. Como diz a Carta da Terra: &#8220;Como nunca antes na hist\u00f3ria, o destino comum nos conclama a um novo come\u00e7o\u2026 Isso requer uma mudan\u00e7a na mente e no cora\u00e7\u00e3o; requer um novo sentindo de interdepend\u00eancia global e de responsabilidade universal\u2026 s\u00f3 assim se chega a um modo sustent\u00e1vel de vida\u201d (Conclus\u00e3o)<\/p>\n<p>Vivemos uma emerg\u00eancia ecol\u00f3gica planet\u00e1ria. Acertadamente nos alertou a <em>Laudato Si<\/em>&#8216; do Papa Francisco: &#8220;As previs\u00f5es catastr\u00f3ficas j\u00e1 n\u00e3o se podem olhar com desprezo e ironia. O ritmo do consumo, desperd\u00edcio e altera\u00e7\u00e3o do ambiente superou de tal maneira as possibilidades do planeta, que o estilo insustent\u00e1vel de vida atual s\u00f3 pode desembocar em cat\u00e1strofes\u201d (n.161).<\/p>\n<p>Esta advert\u00eancias refor\u00e7am a urg\u00eancia de uma espiritualidade da Terra. Ela demanda um novo paradigma, apresentado pelo Papa Francisco em sua \u00faltima enc\u00edclica <em>Fratelli tutti<\/em> (2020): devemos deixar de nos imaginar os donos (dominus) da natureza para sermos de fato irm\u00e3os e irm\u00e3s (<em>frater, soror<\/em>). Se n\u00e3o fizermos essa travessia vale esta advert\u00eancia: &#8220;Ou nos salvamos todos ou ningu\u00e9m se salva\u201d (n. 32).<\/p>\n<p>Em fun\u00e7\u00e3o dessa miss\u00e3o comum se estabeleceu uma colabora\u00e7\u00e3o e uma articula\u00e7\u00e3o entre duas fam\u00edlias religiosas com suas tradi\u00e7\u00f5es espirituais, amig\u00e1veis para com a cria\u00e7\u00e3o, \u00e0 vida, aos mais destitu\u00eddos: os franciscanos com o Servi\u00e7o Inter-franciscano de Justi\u00e7a, Paz e Ecologia da Confer\u00eancia da Fam\u00edlia Franciscana do Brasil e os jesu\u00edtas com o Observat\u00f3rio Luciano Mendes de Almeida, a Rede de Justi\u00e7a socioambiental dos Jesu\u00edtas e o Movimento Cat\u00f3lico Global pelo Clima, somando-se ainda como parceiros a MAGIS, a FAJE.<\/p>\n<p>As espiritualidades e os valores de cada uma destas duas tradi\u00e7\u00f5es nos poder\u00e3o inspirar novas formas de cuidar da heran\u00e7a sagrada que a evolu\u00e7\u00e3o e Deus nos entregaram, a Terra, a <em>Magna Mater<\/em> dos antigos, a <strong>Pachamama<\/strong> dos andinos e a Gaia dos modernos.<\/p>\n<p>Em sua enc\u00edclica de ecologia integral <em>Laudato Si&#8217;<\/em>, o Papa Francisco apresenta S\u00e3o Francisco \u201ccomo o exemplo por excel\u00eancia pelo cuidado pelo que \u00e9 fr\u00e1gil, vivido com alegria e autenticidade. \u00c9 o padroeiro de todos os que estudam e trabalham no campo da ecologia, amado tamb\u00e9m por muitos que n\u00e3o s\u00e3o crist\u00e3os\u201d(n.10). Diz mais ainda: &#8220;Cora\u00e7\u00e3o universal, para ele qualquer criatura era uma irm\u00e3, unida a ele por la\u00e7os de carinho; por isso sentia-se chamado a cuidar de tudo o que existe\u2026 at\u00e9 das ervas silvestres que deviam ter o seu lugar no horto\u201d de cada convento dos frades (n.11.12).<\/p>\n<p>Para Santo In\u00e1cio de Loyola, grande devoto de S\u00e3o Francisco, e para este ser pobre significava mais que um exerc\u00edcio ac\u00e9tico, mas um despojamento de tudo para estar mais pr\u00f3ximo dos outros e construir com eles fraternidade. Ser pobre para ser mais irm\u00e3o e irm\u00e3.<\/p>\n<p>Para os primeiros companheiros de Santo In\u00e1cio a vida em pobreza, individual e comunit\u00e1ria, sempre acompanhou o cuidado com os pobres, parte essencial do carisma jesu\u00edtico. E S\u00e3o Francisco vivia estas tr\u00eas paix\u00f5es: ao Cristo crucificado, aos pobres mais pobres e \u00e0 natureza. Chamava a todas as criaturas, at\u00e9 ao feroz lobo de Gubbio com o doce nome de irm\u00e3os e de irm\u00e3s.<\/p>\n<p>Ambos vislumbravam Deus em todas as coisas. Como o expressou belamente Santo In\u00e1cio: \u201cEncontrar Deus em todas as coisas e ver que todas as coisas v\u00eam do alto\u201d. E dizia mais, bem na linha do esp\u00edrito de S\u00e3o Francisco: &#8220;N\u00e3o \u00e9 o muito saber que sacia e satisfaz a alma, mas o sentir e saborear internamente as coisas\u201d. S\u00f3 pode saborear internamente todas as coisas se as ama verdadeiramente e e sente unido a elas. Em S\u00e3o Francisco abundam afirma\u00e7\u00f5es semelhantes.<\/p>\n<p>Tais modos de vida e de relacionamento s\u00e3o fundamentais se quisermos reinventar uma forma amig\u00e1vel, reverente e cuidadosa para com a Terra e a natureza. Dai nascer\u00e1 uma civiliza\u00e7\u00e3o biocentrada. Como afirma a<em> Fratelli tutti,<\/em> fundada numa \u201cpol\u00edtica da ternura e da gentileza\u201d, \u201cno amor universal e na fraternidade sem fronteiras\u201d, na interdepend\u00eancia entre todos, na solidariedade, na coopera\u00e7\u00e3o e no cuidado para com tudo o que existe e vive, especialmente com os mais desprotegidos.<\/p>\n<p>A Covid-19 \u00e9 um sinal que a M\u00e3e Terra nos envia para assumirmos nossa miss\u00e3o que o Criador e o universo nos confiaram: de \u201cproteger e cuidar do Jardim do \u00c9den\u201d, isto \u00e9, da M\u00e3e Terra (Gn 2,15). Se juntos, estas duas Ordens, dos franciscanos e dos jesu\u00edtas, associados a outros, se propuserem realizar este sagrado prop\u00f3sito, dar\u00e3o um sinal de que nem tudo do Para\u00edso terrenal se perdeu. Ele come\u00e7a a crescer dentro de n\u00f3s e se expande para fora de n\u00f3s, fazendo, de verdade, da M\u00e3e Terra, a verdadeira e \u00fanica Casa Comum na qual podemos viver juntos na fraternidade, na amorosidade, na justi\u00e7a, na paz e na alegre celebra\u00e7\u00e3o da vida. S\u00e3o sonhos? Sim, s\u00e3o os Grandes Sonhos, necess\u00e1rios, que antecipam a realidade futura.<\/p>\n<hr \/>\n<p><strong>Leonardo Boff<\/strong>, <em>ecote\u00f3logo, da parte da fam\u00edlia franciscana.<\/em><\/p>\n","protected":false},"excerpt":{"rendered":"<p>Artigo de Leonardo Boff<\/p>\n","protected":false},"author":3,"featured_media":189819,"comment_status":"open","ping_status":"open","sticky":false,"template":"","format":"standard","meta":{"footnotes":""},"categories":[26],"tags":[59,331],"yoast_head":"<!-- This site is optimized with the Yoast SEO plugin v19.4 - https:\/\/yoast.com\/wordpress\/plugins\/seo\/ -->\n<title>Sem espiritualidade n\u00e3o salvaremos a vida na Terra - Vida Crist\u00e3 - Franciscanos<\/title>\n<meta name=\"robots\" content=\"index, follow, max-snippet:-1, max-image-preview:large, max-video-preview:-1\" \/>\n<link rel=\"canonical\" href=\"https:\/\/franciscanos.org.br\/vidacrista\/sem-espiritualidade-nao-salvaremos-a-vida-na-terra\/\" \/>\n<meta property=\"og:locale\" content=\"pt_BR\" \/>\n<meta property=\"og:type\" content=\"article\" \/>\n<meta property=\"og:title\" content=\"Sem espiritualidade n\u00e3o salvaremos a vida na Terra - Vida Crist\u00e3 - Franciscanos\" \/>\n<meta property=\"og:description\" content=\"Artigo de Leonardo Boff\" \/>\n<meta property=\"og:url\" content=\"https:\/\/franciscanos.org.br\/vidacrista\/sem-espiritualidade-nao-salvaremos-a-vida-na-terra\/\" \/>\n<meta property=\"og:site_name\" content=\"Vida Crist\u00e3 - Franciscanos\" \/>\n<meta property=\"article:published_time\" content=\"2021-06-17T10:23:46+00:00\" \/>\n<meta property=\"og:image\" content=\"https:\/\/franciscanos.org.br\/vidacrista\/wp-content\/uploads\/2021\/06\/francisco_17d.jpg\" \/>\n\t<meta property=\"og:image:width\" content=\"800\" \/>\n\t<meta property=\"og:image:height\" content=\"550\" \/>\n\t<meta property=\"og:image:type\" content=\"image\/jpeg\" \/>\n<meta name=\"author\" content=\"moacir\" \/>\n<meta name=\"twitter:card\" content=\"summary_large_image\" \/>\n<meta name=\"twitter:label1\" content=\"Escrito por\" \/>\n\t<meta name=\"twitter:data1\" content=\"moacir\" \/>\n\t<meta name=\"twitter:label2\" content=\"Est. tempo de leitura\" \/>\n\t<meta name=\"twitter:data2\" content=\"5 minutos\" \/>\n<script type=\"application\/ld+json\" class=\"yoast-schema-graph\">{\"@context\":\"https:\/\/schema.org\",\"@graph\":[{\"@type\":\"WebSite\",\"@id\":\"https:\/\/franciscanos.org.br\/vidacrista\/#website\",\"url\":\"https:\/\/franciscanos.org.br\/vidacrista\/\",\"name\":\"Vida Crist\u00e3 - Franciscanos\",\"description\":\"Prov\u00edncia Franciscana da Imaculada Concei\u00e7\u00e3o do Brasil - Ordem dos Frades Menores\",\"potentialAction\":[{\"@type\":\"SearchAction\",\"target\":{\"@type\":\"EntryPoint\",\"urlTemplate\":\"https:\/\/franciscanos.org.br\/vidacrista\/?s={search_term_string}\"},\"query-input\":\"required name=search_term_string\"}],\"inLanguage\":\"pt-BR\"},{\"@type\":\"WebPage\",\"@id\":\"https:\/\/franciscanos.org.br\/vidacrista\/sem-espiritualidade-nao-salvaremos-a-vida-na-terra\/\",\"url\":\"https:\/\/franciscanos.org.br\/vidacrista\/sem-espiritualidade-nao-salvaremos-a-vida-na-terra\/\",\"name\":\"Sem espiritualidade n\u00e3o salvaremos a vida na Terra - Vida Crist\u00e3 - Franciscanos\",\"isPartOf\":{\"@id\":\"https:\/\/franciscanos.org.br\/vidacrista\/#website\"},\"datePublished\":\"2021-06-17T10:23:46+00:00\",\"dateModified\":\"2021-06-17T10:23:46+00:00\",\"author\":{\"@id\":\"https:\/\/franciscanos.org.br\/vidacrista\/#\/schema\/person\/1880bdd2c350b735648725ef7614736a\"},\"breadcrumb\":{\"@id\":\"https:\/\/franciscanos.org.br\/vidacrista\/sem-espiritualidade-nao-salvaremos-a-vida-na-terra\/#breadcrumb\"},\"inLanguage\":\"pt-BR\",\"potentialAction\":[{\"@type\":\"ReadAction\",\"target\":[\"https:\/\/franciscanos.org.br\/vidacrista\/sem-espiritualidade-nao-salvaremos-a-vida-na-terra\/\"]}]},{\"@type\":\"BreadcrumbList\",\"@id\":\"https:\/\/franciscanos.org.br\/vidacrista\/sem-espiritualidade-nao-salvaremos-a-vida-na-terra\/#breadcrumb\",\"itemListElement\":[{\"@type\":\"ListItem\",\"position\":1,\"name\":\"Home\",\"item\":\"https:\/\/franciscanos.org.br\/vidacrista\/\"},{\"@type\":\"ListItem\",\"position\":2,\"name\":\"Sem espiritualidade n\u00e3o salvaremos a vida na Terra\"}]},{\"@type\":\"Person\",\"@id\":\"https:\/\/franciscanos.org.br\/vidacrista\/#\/schema\/person\/1880bdd2c350b735648725ef7614736a\",\"name\":\"moacir\",\"image\":{\"@type\":\"ImageObject\",\"inLanguage\":\"pt-BR\",\"@id\":\"https:\/\/franciscanos.org.br\/vidacrista\/#\/schema\/person\/image\/\",\"url\":\"https:\/\/secure.gravatar.com\/avatar\/d08aa2ce4c8dd416d4479aa8536fcf64?s=96&d=mm&r=g\",\"contentUrl\":\"https:\/\/secure.gravatar.com\/avatar\/d08aa2ce4c8dd416d4479aa8536fcf64?s=96&d=mm&r=g\",\"caption\":\"moacir\"},\"url\":\"https:\/\/franciscanos.org.br\/vidacrista\/author\/moacir\/\"}]}<\/script>\n<!-- \/ Yoast SEO plugin. -->","yoast_head_json":{"title":"Sem espiritualidade n\u00e3o salvaremos a vida na Terra - Vida Crist\u00e3 - Franciscanos","robots":{"index":"index","follow":"follow","max-snippet":"max-snippet:-1","max-image-preview":"max-image-preview:large","max-video-preview":"max-video-preview:-1"},"canonical":"https:\/\/franciscanos.org.br\/vidacrista\/sem-espiritualidade-nao-salvaremos-a-vida-na-terra\/","og_locale":"pt_BR","og_type":"article","og_title":"Sem espiritualidade n\u00e3o salvaremos a vida na Terra - Vida Crist\u00e3 - Franciscanos","og_description":"Artigo de Leonardo Boff","og_url":"https:\/\/franciscanos.org.br\/vidacrista\/sem-espiritualidade-nao-salvaremos-a-vida-na-terra\/","og_site_name":"Vida Crist\u00e3 - Franciscanos","article_published_time":"2021-06-17T10:23:46+00:00","og_image":[{"width":800,"height":550,"url":"https:\/\/franciscanos.org.br\/vidacrista\/wp-content\/uploads\/2021\/06\/francisco_17d.jpg","type":"image\/jpeg"}],"author":"moacir","twitter_card":"summary_large_image","twitter_misc":{"Escrito por":"moacir","Est. tempo de leitura":"5 minutos"},"schema":{"@context":"https:\/\/schema.org","@graph":[{"@type":"WebSite","@id":"https:\/\/franciscanos.org.br\/vidacrista\/#website","url":"https:\/\/franciscanos.org.br\/vidacrista\/","name":"Vida Crist\u00e3 - Franciscanos","description":"Prov\u00edncia Franciscana da Imaculada Concei\u00e7\u00e3o do Brasil - Ordem dos Frades Menores","potentialAction":[{"@type":"SearchAction","target":{"@type":"EntryPoint","urlTemplate":"https:\/\/franciscanos.org.br\/vidacrista\/?s={search_term_string}"},"query-input":"required name=search_term_string"}],"inLanguage":"pt-BR"},{"@type":"WebPage","@id":"https:\/\/franciscanos.org.br\/vidacrista\/sem-espiritualidade-nao-salvaremos-a-vida-na-terra\/","url":"https:\/\/franciscanos.org.br\/vidacrista\/sem-espiritualidade-nao-salvaremos-a-vida-na-terra\/","name":"Sem espiritualidade n\u00e3o salvaremos a vida na Terra - Vida Crist\u00e3 - Franciscanos","isPartOf":{"@id":"https:\/\/franciscanos.org.br\/vidacrista\/#website"},"datePublished":"2021-06-17T10:23:46+00:00","dateModified":"2021-06-17T10:23:46+00:00","author":{"@id":"https:\/\/franciscanos.org.br\/vidacrista\/#\/schema\/person\/1880bdd2c350b735648725ef7614736a"},"breadcrumb":{"@id":"https:\/\/franciscanos.org.br\/vidacrista\/sem-espiritualidade-nao-salvaremos-a-vida-na-terra\/#breadcrumb"},"inLanguage":"pt-BR","potentialAction":[{"@type":"ReadAction","target":["https:\/\/franciscanos.org.br\/vidacrista\/sem-espiritualidade-nao-salvaremos-a-vida-na-terra\/"]}]},{"@type":"BreadcrumbList","@id":"https:\/\/franciscanos.org.br\/vidacrista\/sem-espiritualidade-nao-salvaremos-a-vida-na-terra\/#breadcrumb","itemListElement":[{"@type":"ListItem","position":1,"name":"Home","item":"https:\/\/franciscanos.org.br\/vidacrista\/"},{"@type":"ListItem","position":2,"name":"Sem espiritualidade n\u00e3o salvaremos a vida na Terra"}]},{"@type":"Person","@id":"https:\/\/franciscanos.org.br\/vidacrista\/#\/schema\/person\/1880bdd2c350b735648725ef7614736a","name":"moacir","image":{"@type":"ImageObject","inLanguage":"pt-BR","@id":"https:\/\/franciscanos.org.br\/vidacrista\/#\/schema\/person\/image\/","url":"https:\/\/secure.gravatar.com\/avatar\/d08aa2ce4c8dd416d4479aa8536fcf64?s=96&d=mm&r=g","contentUrl":"https:\/\/secure.gravatar.com\/avatar\/d08aa2ce4c8dd416d4479aa8536fcf64?s=96&d=mm&r=g","caption":"moacir"},"url":"https:\/\/franciscanos.org.br\/vidacrista\/author\/moacir\/"}]}},"_links":{"self":[{"href":"https:\/\/franciscanos.org.br\/vidacrista\/wp-json\/wp\/v2\/posts\/189818"}],"collection":[{"href":"https:\/\/franciscanos.org.br\/vidacrista\/wp-json\/wp\/v2\/posts"}],"about":[{"href":"https:\/\/franciscanos.org.br\/vidacrista\/wp-json\/wp\/v2\/types\/post"}],"author":[{"embeddable":true,"href":"https:\/\/franciscanos.org.br\/vidacrista\/wp-json\/wp\/v2\/users\/3"}],"replies":[{"embeddable":true,"href":"https:\/\/franciscanos.org.br\/vidacrista\/wp-json\/wp\/v2\/comments?post=189818"}],"version-history":[{"count":1,"href":"https:\/\/franciscanos.org.br\/vidacrista\/wp-json\/wp\/v2\/posts\/189818\/revisions"}],"predecessor-version":[{"id":189821,"href":"https:\/\/franciscanos.org.br\/vidacrista\/wp-json\/wp\/v2\/posts\/189818\/revisions\/189821"}],"wp:featuredmedia":[{"embeddable":true,"href":"https:\/\/franciscanos.org.br\/vidacrista\/wp-json\/wp\/v2\/media\/189819"}],"wp:attachment":[{"href":"https:\/\/franciscanos.org.br\/vidacrista\/wp-json\/wp\/v2\/media?parent=189818"}],"wp:term":[{"taxonomy":"category","embeddable":true,"href":"https:\/\/franciscanos.org.br\/vidacrista\/wp-json\/wp\/v2\/categories?post=189818"},{"taxonomy":"post_tag","embeddable":true,"href":"https:\/\/franciscanos.org.br\/vidacrista\/wp-json\/wp\/v2\/tags?post=189818"}],"curies":[{"name":"wp","href":"https:\/\/api.w.org\/{rel}","templated":true}]}}