{"id":189757,"date":"2021-06-10T09:27:03","date_gmt":"2021-06-10T12:27:03","guid":{"rendered":"https:\/\/franciscanos.org.br\/vidacrista\/?p=189757"},"modified":"2021-06-10T09:27:36","modified_gmt":"2021-06-10T12:27:36","slug":"nosso-coracao-no-coracao-de-deus","status":"publish","type":"post","link":"https:\/\/franciscanos.org.br\/vidacrista\/nosso-coracao-no-coracao-de-deus\/","title":{"rendered":"Nosso cora\u00e7\u00e3o no Cora\u00e7\u00e3o de Deus"},"content":{"rendered":"<div id=\"attachment_189758\" style=\"width: 850px\" class=\"wp-caption alignnone\"><img aria-describedby=\"caption-attachment-189758\" decoding=\"async\" loading=\"lazy\" class=\"wp-image-189758 size-full\" src=\"https:\/\/franciscanos.org.br\/vidacrista\/wp-content\/uploads\/2021\/06\/coracao_10.jpg\" alt=\"\" width=\"840\" height=\"450\" srcset=\"https:\/\/franciscanos.org.br\/vidacrista\/wp-content\/uploads\/2021\/06\/coracao_10.jpg 840w, https:\/\/franciscanos.org.br\/vidacrista\/wp-content\/uploads\/2021\/06\/coracao_10-450x241.jpg 450w, https:\/\/franciscanos.org.br\/vidacrista\/wp-content\/uploads\/2021\/06\/coracao_10-768x411.jpg 768w, https:\/\/franciscanos.org.br\/vidacrista\/wp-content\/uploads\/2021\/06\/coracao_10-150x80.jpg 150w\" sizes=\"(max-width: 840px) 100vw, 840px\" \/><p id=\"caption-attachment-189758\" class=\"wp-caption-text\"><em>\u00a0 \u00a0 \u00a0 \u00a0 \u00a0 \u00a0 \u00a0 \u00a0 \u00a0 \u00a0 \u00a0 \u00a0 \u00a0 \u00a0 \u00a0 \u00a0 \u00a0 \u00a0 \u00a0 \u00a0 \u00a0 \u00a0 \u00a0 \u00a0 \u00a0 \u00a0 \u00a0 \u00a0 \u00a0 \u00a0 \u00a0 \u00a0 \u00a0 \u00a0 \u00a0 \u00a0 \u00a0 \u00a0 \u00a0 \u00a0 \u00a0 \u00a0 \u00a0 \u00a0 \u00a0 \u00a0 \u00a0 \u00a0 Imagem ilustrativa (fonte:<a href=\"https:\/\/www.cathopic.com\/\"> Catholic Pictures<\/a>)<\/em><\/p><\/div>\n<p>Chegando a Jesus, como os soldados o viram j\u00e1 morto, n\u00e3o lhe quebraram as pernas, mas um do soldados atravessou-lhe com uma lan\u00e7a o lado, e imediatamente saiu sangue e \u00e1gua (Jo 19,34).<\/p>\n<p>Veremos, nesses textos, o que se entende por \u201ccora\u00e7\u00e3o\u201d, cora\u00e7\u00e3o humano. Jesus nos amou de todo o cora\u00e7\u00e3o, quer dizer, de todas a suas entranhas.<br \/>\nO cora\u00e7\u00e3o \u00e9 o centro do organismo humano com especial fun\u00e7\u00e3o de governo dos sentidos superiores e inferiores. \u00c9 a sede dos sentimentos e de \u201cgoverno\u201d de todos os atos em que se empenha a personalidade humana. Constitui o centro da pessoa, a raiz de seu ser do qual proveem atitudes que se integram num conjunto psicofisiol\u00f3gico unit\u00e1rio. \u00c9 o cora\u00e7\u00e3o que determina os conjunto das for\u00e7as perceptivas e ps\u00edquicas formando um <em>unicum<\/em> com a dimens\u00e3o f\u00edsica, espiritual e moral de todas as pessoas. Al\u00e9m dessas importantes fun\u00e7\u00f5es corp\u00f3reas e ps\u00edquicas, o cora\u00e7\u00e3o tem uma fun\u00e7\u00e3o fundamental na constitui\u00e7\u00e3o espiritual do homem porque \u00e9 a sede da faculdade que nos remete para o transcendente.<\/p>\n<p>Na linguagem pr\u00f3pria da B\u00edblia, ele representa a morada estritamente interior, o centro mais profundo do homem, o \u201cfundo\u201d no qual moram os ideais mais elevados, as aspira\u00e7\u00f5es, a vontade, o conhecimento de si. \u00c9 tamb\u00e9m considerado o ponto onde se radica e do qual prov\u00e9m e para o qual converge a vida espiritual, a \u201csede\u201d com a capacidade de manifestar a realidade espiritual, o sentir espiritual, quer dizer o sentido sobrenatural, a sua consci\u00eancia moral na qual a Verdade fala. Entra em ti mesmo e l\u00e1 encontrar\u00e1s Deus e o Reino, dizem os mestres da espiritualidade, j\u00e1 que Deus colocou no cora\u00e7\u00e3o do homem o desejo dele. S\u00e3o Louren\u00e7o Justiniano afirma: \u201cO Reino de Deus est\u00e1 dentro de n\u00f3s e, portanto, \u00e9 dentro do cora\u00e7\u00e3o que Deus quer morar\u201d.<\/p>\n<p>O \u00f3rg\u00e3o com o qual se pode \u201cver\u201d a Deus \u00e9 o cora\u00e7\u00e3o, considerado o lugar da vis\u00e3o suprema, o lugar onde ele concede um desvelamento intuitivo. Somente o cora\u00e7\u00e3o puro \u00e9 capaz de perceber interiormente a divindade e ver os benef\u00edcios do amor de Deus. A esta forma de conhecimento n\u00e3o se pode chegar racional ou fisicamente, mas com \u201csentido divino\u201d, adquirido gradativamente com a ajuda da intelig\u00eancia reorientada segundo sua natureza espiritual e com um modelo de vida conforme o projeto querido por Deus. Como somente os puros de cora\u00e7\u00e3o podem ver a Deus, assim esses, j\u00e1 neste mundo, podem aproximar-se dos mist\u00e9rios celestes com alguma compreens\u00e3o porque o cora\u00e7\u00e3o puro se disp\u00f5e e se abre \u00e0 gra\u00e7a do Esp\u00edrito Deus atrai os cora\u00e7\u00f5es puros para deles tomar posse.<\/p>\n<p><em>Textos de Jole D\u2019Anna, &#8220;La pureza del cuore&#8221;, Rivista de Ascetica e M\u00edstica, n.2, aprile-giugno 2017<\/em><\/p>\n<hr \/>\n<p><strong>Para refletir e rezar<\/strong><\/p>\n<p>O \u201ccora\u00e7\u00e3o\u201d designa o centro mais \u00edntimo, onde toda multiplicidade \u00e9 ainda uma. Quando dizemos: \u201cCora\u00e7\u00e3o de Jesus\u201d, evocamos o que o Cristo em de mais \u00edntimo; que seu centro \u00e9 repleto do mist\u00e9rio de Deus; dizemos que neste cora\u00e7\u00e3o &#8211; em oposi\u00e7\u00e3o tr\u00e1gica, assustadora e beatificadora, com todas as nossas experi\u00eancias de vazio, de nada e de morte &#8211; reina o amor infinito por meio do qual o pr\u00f3prio Deus se entrega. Quando dizemos \u201cCora\u00e7\u00e3o de Jesus\u201d \u00e9 isto que cremos e confessamos com todas as for\u00e7as de nosso pr\u00f3prio cora\u00e7\u00e3o. Confessamo-lo no sofrimento que tomba sobre n\u00f3s: nesse momento temos todos os motivos de orientar nosso olhar sobre aquele cujo cora\u00e7\u00e3o foi traspassado <em>(Karl Ranher).<\/em><\/p>\n<hr \/>\n<p><strong>Frei Almir Guimar\u00e3es<\/strong><\/p>\n","protected":false},"excerpt":{"rendered":"<p>Solenidade do Sagrado Cora\u00e7\u00e3o de Jesus<\/p>\n","protected":false},"author":3,"featured_media":189759,"comment_status":"open","ping_status":"open","sticky":false,"template":"","format":"standard","meta":{"footnotes":""},"categories":[105],"tags":[112],"yoast_head":"<!-- This site is optimized with the Yoast SEO plugin v19.4 - https:\/\/yoast.com\/wordpress\/plugins\/seo\/ -->\n<title>Nosso cora\u00e7\u00e3o no Cora\u00e7\u00e3o de Deus - Vida Crist\u00e3 - Franciscanos<\/title>\n<meta name=\"robots\" content=\"index, follow, max-snippet:-1, max-image-preview:large, max-video-preview:-1\" \/>\n<link rel=\"canonical\" href=\"https:\/\/franciscanos.org.br\/vidacrista\/nosso-coracao-no-coracao-de-deus\/\" \/>\n<meta property=\"og:locale\" content=\"pt_BR\" \/>\n<meta property=\"og:type\" content=\"article\" \/>\n<meta property=\"og:title\" content=\"Nosso cora\u00e7\u00e3o no Cora\u00e7\u00e3o de Deus - Vida Crist\u00e3 - Franciscanos\" \/>\n<meta property=\"og:description\" content=\"Solenidade do Sagrado Cora\u00e7\u00e3o de Jesus\" \/>\n<meta property=\"og:url\" content=\"https:\/\/franciscanos.org.br\/vidacrista\/nosso-coracao-no-coracao-de-deus\/\" \/>\n<meta property=\"og:site_name\" content=\"Vida Crist\u00e3 - Franciscanos\" \/>\n<meta property=\"article:published_time\" content=\"2021-06-10T12:27:03+00:00\" \/>\n<meta property=\"article:modified_time\" content=\"2021-06-10T12:27:36+00:00\" \/>\n<meta property=\"og:image\" content=\"https:\/\/franciscanos.org.br\/vidacrista\/wp-content\/uploads\/2021\/06\/coracao_10d.jpg\" \/>\n\t<meta property=\"og:image:width\" content=\"800\" \/>\n\t<meta property=\"og:image:height\" content=\"550\" \/>\n\t<meta property=\"og:image:type\" content=\"image\/jpeg\" \/>\n<meta name=\"author\" content=\"moacir\" \/>\n<meta name=\"twitter:card\" content=\"summary_large_image\" \/>\n<meta name=\"twitter:label1\" content=\"Escrito por\" \/>\n\t<meta name=\"twitter:data1\" content=\"moacir\" \/>\n\t<meta name=\"twitter:label2\" content=\"Est. tempo de leitura\" \/>\n\t<meta name=\"twitter:data2\" content=\"3 minutos\" \/>\n<script type=\"application\/ld+json\" class=\"yoast-schema-graph\">{\"@context\":\"https:\/\/schema.org\",\"@graph\":[{\"@type\":\"WebSite\",\"@id\":\"https:\/\/franciscanos.org.br\/vidacrista\/#website\",\"url\":\"https:\/\/franciscanos.org.br\/vidacrista\/\",\"name\":\"Vida Crist\u00e3 - Franciscanos\",\"description\":\"Prov\u00edncia Franciscana da Imaculada Concei\u00e7\u00e3o do Brasil - Ordem dos Frades Menores\",\"potentialAction\":[{\"@type\":\"SearchAction\",\"target\":{\"@type\":\"EntryPoint\",\"urlTemplate\":\"https:\/\/franciscanos.org.br\/vidacrista\/?s={search_term_string}\"},\"query-input\":\"required name=search_term_string\"}],\"inLanguage\":\"pt-BR\"},{\"@type\":\"WebPage\",\"@id\":\"https:\/\/franciscanos.org.br\/vidacrista\/nosso-coracao-no-coracao-de-deus\/\",\"url\":\"https:\/\/franciscanos.org.br\/vidacrista\/nosso-coracao-no-coracao-de-deus\/\",\"name\":\"Nosso cora\u00e7\u00e3o no Cora\u00e7\u00e3o de Deus - Vida Crist\u00e3 - Franciscanos\",\"isPartOf\":{\"@id\":\"https:\/\/franciscanos.org.br\/vidacrista\/#website\"},\"datePublished\":\"2021-06-10T12:27:03+00:00\",\"dateModified\":\"2021-06-10T12:27:36+00:00\",\"author\":{\"@id\":\"https:\/\/franciscanos.org.br\/vidacrista\/#\/schema\/person\/1880bdd2c350b735648725ef7614736a\"},\"breadcrumb\":{\"@id\":\"https:\/\/franciscanos.org.br\/vidacrista\/nosso-coracao-no-coracao-de-deus\/#breadcrumb\"},\"inLanguage\":\"pt-BR\",\"potentialAction\":[{\"@type\":\"ReadAction\",\"target\":[\"https:\/\/franciscanos.org.br\/vidacrista\/nosso-coracao-no-coracao-de-deus\/\"]}]},{\"@type\":\"BreadcrumbList\",\"@id\":\"https:\/\/franciscanos.org.br\/vidacrista\/nosso-coracao-no-coracao-de-deus\/#breadcrumb\",\"itemListElement\":[{\"@type\":\"ListItem\",\"position\":1,\"name\":\"Home\",\"item\":\"https:\/\/franciscanos.org.br\/vidacrista\/\"},{\"@type\":\"ListItem\",\"position\":2,\"name\":\"Nosso cora\u00e7\u00e3o no Cora\u00e7\u00e3o de Deus\"}]},{\"@type\":\"Person\",\"@id\":\"https:\/\/franciscanos.org.br\/vidacrista\/#\/schema\/person\/1880bdd2c350b735648725ef7614736a\",\"name\":\"moacir\",\"image\":{\"@type\":\"ImageObject\",\"inLanguage\":\"pt-BR\",\"@id\":\"https:\/\/franciscanos.org.br\/vidacrista\/#\/schema\/person\/image\/\",\"url\":\"https:\/\/secure.gravatar.com\/avatar\/d08aa2ce4c8dd416d4479aa8536fcf64?s=96&d=mm&r=g\",\"contentUrl\":\"https:\/\/secure.gravatar.com\/avatar\/d08aa2ce4c8dd416d4479aa8536fcf64?s=96&d=mm&r=g\",\"caption\":\"moacir\"},\"url\":\"https:\/\/franciscanos.org.br\/vidacrista\/author\/moacir\/\"}]}<\/script>\n<!-- \/ Yoast SEO plugin. -->","yoast_head_json":{"title":"Nosso cora\u00e7\u00e3o no Cora\u00e7\u00e3o de Deus - Vida Crist\u00e3 - Franciscanos","robots":{"index":"index","follow":"follow","max-snippet":"max-snippet:-1","max-image-preview":"max-image-preview:large","max-video-preview":"max-video-preview:-1"},"canonical":"https:\/\/franciscanos.org.br\/vidacrista\/nosso-coracao-no-coracao-de-deus\/","og_locale":"pt_BR","og_type":"article","og_title":"Nosso cora\u00e7\u00e3o no Cora\u00e7\u00e3o de Deus - Vida Crist\u00e3 - Franciscanos","og_description":"Solenidade do Sagrado Cora\u00e7\u00e3o de Jesus","og_url":"https:\/\/franciscanos.org.br\/vidacrista\/nosso-coracao-no-coracao-de-deus\/","og_site_name":"Vida Crist\u00e3 - Franciscanos","article_published_time":"2021-06-10T12:27:03+00:00","article_modified_time":"2021-06-10T12:27:36+00:00","og_image":[{"width":800,"height":550,"url":"https:\/\/franciscanos.org.br\/vidacrista\/wp-content\/uploads\/2021\/06\/coracao_10d.jpg","type":"image\/jpeg"}],"author":"moacir","twitter_card":"summary_large_image","twitter_misc":{"Escrito por":"moacir","Est. tempo de leitura":"3 minutos"},"schema":{"@context":"https:\/\/schema.org","@graph":[{"@type":"WebSite","@id":"https:\/\/franciscanos.org.br\/vidacrista\/#website","url":"https:\/\/franciscanos.org.br\/vidacrista\/","name":"Vida Crist\u00e3 - Franciscanos","description":"Prov\u00edncia Franciscana da Imaculada Concei\u00e7\u00e3o do Brasil - Ordem dos Frades Menores","potentialAction":[{"@type":"SearchAction","target":{"@type":"EntryPoint","urlTemplate":"https:\/\/franciscanos.org.br\/vidacrista\/?s={search_term_string}"},"query-input":"required name=search_term_string"}],"inLanguage":"pt-BR"},{"@type":"WebPage","@id":"https:\/\/franciscanos.org.br\/vidacrista\/nosso-coracao-no-coracao-de-deus\/","url":"https:\/\/franciscanos.org.br\/vidacrista\/nosso-coracao-no-coracao-de-deus\/","name":"Nosso cora\u00e7\u00e3o no Cora\u00e7\u00e3o de Deus - Vida Crist\u00e3 - Franciscanos","isPartOf":{"@id":"https:\/\/franciscanos.org.br\/vidacrista\/#website"},"datePublished":"2021-06-10T12:27:03+00:00","dateModified":"2021-06-10T12:27:36+00:00","author":{"@id":"https:\/\/franciscanos.org.br\/vidacrista\/#\/schema\/person\/1880bdd2c350b735648725ef7614736a"},"breadcrumb":{"@id":"https:\/\/franciscanos.org.br\/vidacrista\/nosso-coracao-no-coracao-de-deus\/#breadcrumb"},"inLanguage":"pt-BR","potentialAction":[{"@type":"ReadAction","target":["https:\/\/franciscanos.org.br\/vidacrista\/nosso-coracao-no-coracao-de-deus\/"]}]},{"@type":"BreadcrumbList","@id":"https:\/\/franciscanos.org.br\/vidacrista\/nosso-coracao-no-coracao-de-deus\/#breadcrumb","itemListElement":[{"@type":"ListItem","position":1,"name":"Home","item":"https:\/\/franciscanos.org.br\/vidacrista\/"},{"@type":"ListItem","position":2,"name":"Nosso cora\u00e7\u00e3o no Cora\u00e7\u00e3o de Deus"}]},{"@type":"Person","@id":"https:\/\/franciscanos.org.br\/vidacrista\/#\/schema\/person\/1880bdd2c350b735648725ef7614736a","name":"moacir","image":{"@type":"ImageObject","inLanguage":"pt-BR","@id":"https:\/\/franciscanos.org.br\/vidacrista\/#\/schema\/person\/image\/","url":"https:\/\/secure.gravatar.com\/avatar\/d08aa2ce4c8dd416d4479aa8536fcf64?s=96&d=mm&r=g","contentUrl":"https:\/\/secure.gravatar.com\/avatar\/d08aa2ce4c8dd416d4479aa8536fcf64?s=96&d=mm&r=g","caption":"moacir"},"url":"https:\/\/franciscanos.org.br\/vidacrista\/author\/moacir\/"}]}},"_links":{"self":[{"href":"https:\/\/franciscanos.org.br\/vidacrista\/wp-json\/wp\/v2\/posts\/189757"}],"collection":[{"href":"https:\/\/franciscanos.org.br\/vidacrista\/wp-json\/wp\/v2\/posts"}],"about":[{"href":"https:\/\/franciscanos.org.br\/vidacrista\/wp-json\/wp\/v2\/types\/post"}],"author":[{"embeddable":true,"href":"https:\/\/franciscanos.org.br\/vidacrista\/wp-json\/wp\/v2\/users\/3"}],"replies":[{"embeddable":true,"href":"https:\/\/franciscanos.org.br\/vidacrista\/wp-json\/wp\/v2\/comments?post=189757"}],"version-history":[{"count":2,"href":"https:\/\/franciscanos.org.br\/vidacrista\/wp-json\/wp\/v2\/posts\/189757\/revisions"}],"predecessor-version":[{"id":189761,"href":"https:\/\/franciscanos.org.br\/vidacrista\/wp-json\/wp\/v2\/posts\/189757\/revisions\/189761"}],"wp:featuredmedia":[{"embeddable":true,"href":"https:\/\/franciscanos.org.br\/vidacrista\/wp-json\/wp\/v2\/media\/189759"}],"wp:attachment":[{"href":"https:\/\/franciscanos.org.br\/vidacrista\/wp-json\/wp\/v2\/media?parent=189757"}],"wp:term":[{"taxonomy":"category","embeddable":true,"href":"https:\/\/franciscanos.org.br\/vidacrista\/wp-json\/wp\/v2\/categories?post=189757"},{"taxonomy":"post_tag","embeddable":true,"href":"https:\/\/franciscanos.org.br\/vidacrista\/wp-json\/wp\/v2\/tags?post=189757"}],"curies":[{"name":"wp","href":"https:\/\/api.w.org\/{rel}","templated":true}]}}