{"id":189753,"date":"2021-06-10T08:38:06","date_gmt":"2021-06-10T11:38:06","guid":{"rendered":"https:\/\/franciscanos.org.br\/vidacrista\/?p=189753"},"modified":"2021-06-11T08:38:39","modified_gmt":"2021-06-11T11:38:39","slug":"o-sagrado-coracao-e-a-cruz-o-sangue-e-agua-jo-1931-37","status":"publish","type":"post","link":"https:\/\/franciscanos.org.br\/vidacrista\/o-sagrado-coracao-e-a-cruz-o-sangue-e-agua-jo-1931-37\/","title":{"rendered":"O Sagrado Cora\u00e7\u00e3o e a cruz, o sangue e \u00e1gua (Jo 19,31-37)"},"content":{"rendered":"<div id=\"attachment_189754\" style=\"width: 850px\" class=\"wp-caption alignnone\"><img aria-describedby=\"caption-attachment-189754\" decoding=\"async\" loading=\"lazy\" class=\"wp-image-189754 size-full\" src=\"https:\/\/franciscanos.org.br\/vidacrista\/wp-content\/uploads\/2021\/06\/jesus_10.jpg\" alt=\"\" width=\"840\" height=\"450\" srcset=\"https:\/\/franciscanos.org.br\/vidacrista\/wp-content\/uploads\/2021\/06\/jesus_10.jpg 840w, https:\/\/franciscanos.org.br\/vidacrista\/wp-content\/uploads\/2021\/06\/jesus_10-450x241.jpg 450w, https:\/\/franciscanos.org.br\/vidacrista\/wp-content\/uploads\/2021\/06\/jesus_10-768x411.jpg 768w, https:\/\/franciscanos.org.br\/vidacrista\/wp-content\/uploads\/2021\/06\/jesus_10-150x80.jpg 150w\" sizes=\"(max-width: 840px) 100vw, 840px\" \/><p id=\"caption-attachment-189754\" class=\"wp-caption-text\"><em>Imagem ilustrativa (fonte: <a href=\"https:\/\/www.cathopic.com\/\">Catholic Pictures<\/a>)<\/em><\/p><\/div>\n<p><em>\u00a0Frei Jacir de Freitas Faria, OFM<\/em><a href=\"#_ftn1\" name=\"_ftnref1\">[1]<\/a><\/p>\n<p><em>O evangelho sobre o qual vamos refletir \u00e9 Jo 19,31-37. Trata-se da agonia final de Jesus na cruz. Ele acabara de morrer. Vieram soldados com a ordem de Pilatos para quebrar as suas pernas. Por que isso? Para que isso? A pergunta, com certeza, mais inquietante \u00e9 por que ler essa passagem no dia dedicado ao Sagrado Cora\u00e7\u00e3o de Jesus? A Sexta-Feira Santa j\u00e1 est\u00e1 distante. Estranho? N\u00e3o. Ent\u00e3o, que rela\u00e7\u00e3o existe entre cora\u00e7\u00e3o e cruz? Ah! Outra pergunta: o que significa jorrar \u00e1gua e sangue do lado aberto de Jesus? Resta-nos, ent\u00e3o, refletir a partir desses quatro elementos que formam dois pares: o cora\u00e7\u00e3o e a cruz, o sangue e a \u00e1gua.<\/em><\/p>\n<p><iframe loading=\"lazy\" title=\"Reflex\u00e3o b\u00edblica - Solenidade do Sagrado Cora\u00e7\u00e3o de Jesus (11\/06\/2021)\" width=\"500\" height=\"281\" src=\"https:\/\/www.youtube.com\/embed\/9rm_XQdjzH0?start=184&#038;feature=oembed\" frameborder=\"0\" allow=\"accelerometer; autoplay; clipboard-write; encrypted-media; gyroscope; picture-in-picture\" allowfullscreen><\/iframe><\/p>\n<p><em>Vamos \u00e0 primeira resposta \u00e0s perguntas, a de ordem hist\u00f3rica. A devo\u00e7\u00e3o ao Sagrado Cora\u00e7\u00e3o de Jesus surgiu com a religiosa <\/em>Margarida Maria Alacoque. Era o ano de 1675. Segundo a tradi\u00e7\u00e3o, ela teve uma vis\u00e3o de Jesus mostrando-lhe o seu cora\u00e7\u00e3o e pedindo que fosse realizada uma celebra\u00e7\u00e3o em honra ao Sagrado Cora\u00e7\u00e3o de Jesus, no oitavo dia depois da festa de Corpus Christi, isto \u00e9, numa sexta-feira. Nesse dia, todos deveriam comungar e fazer o desagravo do Cora\u00e7\u00e3o de Jesus com muita piedade. O povo tinha medo de comungar. Havia um sentimento de poder comungar a pr\u00f3pria condena\u00e7\u00e3o ao inferno. Essa vis\u00e3o \u00e9 fruto dos ensinamentos de um holand\u00eas, chamado Corn\u00e9lio Jans\u00eanio. Ele pregava um Deus carrasco que punia os pecadores.<a href=\"#_ftn2\" name=\"_ftnref2\">[2]<\/a> O pedido de comungar e, mais tarde, de nove sextas-feiras ou o ano todo, em honra ao Sagrado Cora\u00e7\u00e3o de Jesus foi uma resposta ao jansenismo.<\/p>\n<p>O outro pedido, o do desagravo do Sagrado Cora\u00e7\u00e3o, \u00e9 uma devo\u00e7\u00e3o, uma piedade popular antiga na Igreja que consiste em fazer um ato de repara\u00e7\u00e3o de algo que foi feito de maneira errada. Por exemplo: o Sant\u00edssimo foi profanado. Ent\u00e3o, era necess\u00e1rio fazer um ato de desagravo do Sant\u00edssimo. O desagravo do Sagrado Cora\u00e7\u00e3o de Jesus se justifica porque segundo o evangelho de Jo\u00e3o, e somente ele, Jesus recebeu um golpe indevido de lan\u00e7a no seu cora\u00e7\u00e3o, uma viola\u00e7\u00e3o (Jo 19,34), seu cora\u00e7\u00e3o foi dilacerado. O amor n\u00e3o foi amado. E o que \u00e9 pior, Jesus morreu na cruz sem ser culpado de nada. Esse \u00e9 o sentido da festa do Sagrado Cora\u00e7\u00e3o, que logo se espalhou pela Europa e pelo mundo crist\u00e3o.<\/p>\n<p>Na B\u00edblia h\u00e1 v\u00e1rias cita\u00e7\u00f5es do substantivo cora\u00e7\u00e3o. Ele aparece 853 vezes. Para exemplificar: \u00a0povo tinha o cora\u00e7\u00e3o ind\u00f3cil (J 5,23); o Fara\u00f3 do Egito era de cora\u00e7\u00e3o duro (Ex 7,14); mudar de vida \u00e9 rasgar o cora\u00e7\u00e3o (Jl 2,13); o judeu \u00e9 chamado a ter um cora\u00e7\u00e3o puro (Sl 51,12); Jesus \u00e9 manso e humilde de cora\u00e7\u00e3o (Mt 11,24-30).<\/p>\n<p>Cora\u00e7\u00e3o \u00e9, na B\u00edblia, a sede da raz\u00e3o, da decis\u00e3o, mais do que sentimento. Deus, fonte de conhecimento, colocou a lei no nosso cora\u00e7\u00e3o (Jr 31, 3.33) para que possamos decifr\u00e1-la e viv\u00ea-la. A falta de raz\u00e3o das lideran\u00e7as judaicas e romanas crucificaram Jesus na cruz. Nela, Jesus teve o cora\u00e7\u00e3o dilacerados por an\u00f4nimos soldados que representavam o poderoso Pilatos, de cora\u00e7\u00e3o duro e m\u00e3os impuras, as quais foram lavadas com o sangue de Jesus.<\/p>\n<p>Uma coisa \u00e9 certa: a cruz tem rela\u00e7\u00e3o com o cora\u00e7\u00e3o e o cora\u00e7\u00e3o com a cruz. Na cidade do Divino, Divin\u00f3polis (MG), est\u00e1 sendo constru\u00edda uma cruz de 74 metros de altura dedicada ao Esp\u00edrito Santo. Duas outras, no L\u00edbano e no M\u00e9xico, dedicadas ao Pai e ao Filho, j\u00e1 foram constru\u00eddas. Chama a aten\u00e7\u00e3o, nas imagens de divulga\u00e7\u00e3o, a presen\u00e7a do cora\u00e7\u00e3o de Jesus no centro da cruz.<\/p>\n<p><em>Os dois outros elementos que aparecem em Jo 19,31-37 s\u00e3o o sangue e a \u00e1gua. Jesus e dois ladr\u00f5es estavam crucificados. Era o final de uma sexta-feira. No s\u00e1bado, que para os judeus come\u00e7a \u00e0s 18h da sexta-feira, n\u00e3o poderia ter um morto exposto. Isso causaria impureza no s\u00e1bado de P\u00e1scoa. Portanto, era preciso terminar o servi\u00e7o, isto \u00e9, causar a morte definitiva e tirar os corpos da cruz, expostos aos corvos famintos. Os soldados quebraram as pernas dos dois ladr\u00f5es, de modo que pudessem morrer por asfixia. Ao aproximarem de Jesus, a surpresa, ele j\u00e1 estava morto. Isto quer dizer que Jesus \u00e9 o cordeiro imolado sem defeito que seria oferecido na P\u00e1scoa judaica.<\/em><\/p>\n<p><em>No corpo de Jesus, um dos soldados golpeia com a lan\u00e7a e abre o seu lado. Seria o lado do cora\u00e7\u00e3o? Pode ser. H\u00e1 quem interprete que a lan\u00e7a entrou pelo lado direito e atingiu o cora\u00e7\u00e3o. Na apari\u00e7\u00e3o aos disc\u00edpulos, Jesus mostra tr\u00eas vezes esse lado chagado (Jo 20,20.25.27). Como vimos, esse relato em Jo 19,31-37 tornou-se o mais importante para justificar o ato reparat\u00f3rio do Sagrado Cora\u00e7\u00e3o de Jesus. O simbolismo do Jesus morto numa cruz injustamente nos convida a um ato de pedido de perd\u00e3o, de repara\u00e7\u00e3o, de convers\u00e3o em dire\u00e7\u00e3o \u00e0 uma vida nova que jorra do corpo morto. Que paradoxo, a salva\u00e7\u00e3o vem pela morte!\u00a0 Mas, como que de um corpo morto pode jorrar sangue e \u00e1gua?<\/em><\/p>\n<p><em>Santo Agostinho e tantos outros int\u00e9rpretes dessa passagem procuram respostas, das quais, destaco algumas.<\/em> <a href=\"#_ftn3\" name=\"_ftnref3\">[3]<\/a><em> A \u00e1gua e o sangue s\u00e3o os preciosos l\u00edquidos que nos mant\u00eam vivos. O nosso corpo \u00e9 um rio de sangue que passa pelas veias, rodeadas de carne embebecida por um rio abundante de \u00e1gua, reabastecido a cada vez que a tomamos. Jesus, o Divino, \u00e9 tamb\u00e9m humano, \u00e9 o que quis dizer Jo\u00e3o com esse acontecimento.<\/em><\/p>\n<p><em>O sangue significa a morte violenta de Jesus que nos salva, assim como os seus conterr\u00e2neos reparavam o pecado com sangue de bode aspergido no altar do sacrif\u00edcio (Lv 16). O sangue faz a mem\u00f3ria do corpo de Cristo na Eucaristia, assim como o doloroso o mart\u00edrio dos primeiros crist\u00e3os que derramavam seu sangue para testemunhar a ressurrei\u00e7\u00e3o de Jesus. <\/em><\/p>\n<p>A \u00e1gua simboliza o banho que purifica o velho Ad\u00e3o, o ser humano. Ela nos purifica como com um novo dil\u00favio (Gn 6,5\u20139,17). As \u00e1guas batismais nos purificam e nos preparam para uma vida a caminho, guiado pelo Esp\u00edrito Santo, no Pai e no Filho.<\/p>\n<p>Jo\u00e3o viu e deu o seu testemunho de que tudo aquilo era verdadeiro (Jo 19,15). Os outros que olhar\u00e3o s\u00e3o futuros adeptos da f\u00e9 em Jesus.<\/p>\n<p>Jesus, humanamente falando, \u00e9 o ser humano, o Ad\u00e3o que dorme, morto na cruz, para dele sair a \u2018m\u00e3e dos viventes\u2019, a Eva que, simbolicamente, gera a comunidade de f\u00e9, a \u2018nova m\u00e3e dos viventes\u2019. A m\u00e3e que nos acolhe hoje. N\u00f3s, os crist\u00e3os seguidores do cora\u00e7\u00e3o e da cruz, no sangue e na \u00e1gua da vida presente e futura. Am\u00e9m! Am\u00e9m! Am\u00e9m!<\/p>\n<hr \/>\n<p><a href=\"#_ftnref1\" name=\"_ftn1\">[1]<\/a> Doutor em Teologia B\u00edblica pela FAJE-BH. Mestre em Ci\u00eancias B\u00edblicas (Exegese) pelo Pontif\u00edcio Instituto B\u00edblico de Roma. Professor de exegese b\u00edblica. Membro da Associa\u00e7\u00e3o Brasileira de Pesquisa B\u00edblica (ABIB). Sacerdote Franciscano. Autor de dez livros e coautor de quatorze. No nosso canal no You Tube: Frei Jacir B\u00edblia e Ap\u00f3crifos ou <a href=\"https:\/\/www.youtube.com\/c\/FreiJacirdeFreitasFariaB%C3%ADbliaAp%C3%B3crifos\">https:\/\/www.youtube.com\/c\/FreiJacirdeFreitasFariaB%C3%ADbliaAp%C3%B3crifos<\/a><\/p>\n<p><a href=\"#_ftnref2\" name=\"_ftn2\">[2]<\/a> SANTOS, C\u00e2ndido dos. <strong>Jansenismo e Antijansenismo nos Finais do Antigo Regime<\/strong>. Portugal: Edi\u00e7\u00f5es Afrotamento, 2011; MELO, Amarildo Jos\u00e9 de. <strong><em>Jansenismo no Brasil<\/em><\/strong><em>: <\/em>tra\u00e7os de uma moral rigorista. Aparecida: Editora Santu\u00e1rio, 2014.<\/p>\n<p><a href=\"#_ftnref3\" name=\"_ftn3\">[3]<\/a> Veja RAVASI, Gianfranco; FABRIS, Rinaldo. <strong>Giovanni<\/strong>: traduzione e comento. Roma: Borla, 1992, p. 998-1004.<\/p>\n<p>&nbsp;<\/p>\n<p>&nbsp;<\/p>\n","protected":false},"excerpt":{"rendered":"<p>Artigo de Frei Jacir de Freitas Faria<\/p>\n","protected":false},"author":3,"featured_media":189755,"comment_status":"open","ping_status":"open","sticky":false,"template":"","format":"standard","meta":{"footnotes":""},"categories":[26],"tags":[43],"yoast_head":"<!-- This site is optimized with the Yoast SEO plugin v19.4 - https:\/\/yoast.com\/wordpress\/plugins\/seo\/ -->\n<title>O Sagrado Cora\u00e7\u00e3o e a cruz, o sangue e \u00e1gua (Jo 19,31-37) - Vida Crist\u00e3 - Franciscanos<\/title>\n<meta name=\"robots\" content=\"index, follow, max-snippet:-1, max-image-preview:large, max-video-preview:-1\" \/>\n<link rel=\"canonical\" href=\"https:\/\/franciscanos.org.br\/vidacrista\/o-sagrado-coracao-e-a-cruz-o-sangue-e-agua-jo-1931-37\/\" \/>\n<meta property=\"og:locale\" content=\"pt_BR\" \/>\n<meta property=\"og:type\" content=\"article\" \/>\n<meta property=\"og:title\" content=\"O Sagrado Cora\u00e7\u00e3o e a cruz, o sangue e \u00e1gua (Jo 19,31-37) - Vida Crist\u00e3 - Franciscanos\" \/>\n<meta property=\"og:description\" content=\"Artigo de Frei Jacir de Freitas Faria\" \/>\n<meta property=\"og:url\" content=\"https:\/\/franciscanos.org.br\/vidacrista\/o-sagrado-coracao-e-a-cruz-o-sangue-e-agua-jo-1931-37\/\" \/>\n<meta property=\"og:site_name\" content=\"Vida Crist\u00e3 - Franciscanos\" \/>\n<meta property=\"article:published_time\" content=\"2021-06-10T11:38:06+00:00\" \/>\n<meta property=\"article:modified_time\" content=\"2021-06-11T11:38:39+00:00\" \/>\n<meta property=\"og:image\" content=\"https:\/\/franciscanos.org.br\/vidacrista\/wp-content\/uploads\/2021\/06\/jesus_10d.jpg\" \/>\n\t<meta property=\"og:image:width\" content=\"800\" \/>\n\t<meta property=\"og:image:height\" content=\"550\" \/>\n\t<meta property=\"og:image:type\" content=\"image\/jpeg\" \/>\n<meta name=\"author\" content=\"moacir\" \/>\n<meta name=\"twitter:card\" content=\"summary_large_image\" \/>\n<meta name=\"twitter:label1\" content=\"Escrito por\" \/>\n\t<meta name=\"twitter:data1\" content=\"moacir\" \/>\n\t<meta name=\"twitter:label2\" content=\"Est. tempo de leitura\" \/>\n\t<meta name=\"twitter:data2\" content=\"7 minutos\" \/>\n<script type=\"application\/ld+json\" class=\"yoast-schema-graph\">{\"@context\":\"https:\/\/schema.org\",\"@graph\":[{\"@type\":\"WebSite\",\"@id\":\"https:\/\/franciscanos.org.br\/vidacrista\/#website\",\"url\":\"https:\/\/franciscanos.org.br\/vidacrista\/\",\"name\":\"Vida Crist\u00e3 - Franciscanos\",\"description\":\"Prov\u00edncia Franciscana da Imaculada Concei\u00e7\u00e3o do Brasil - Ordem dos Frades Menores\",\"potentialAction\":[{\"@type\":\"SearchAction\",\"target\":{\"@type\":\"EntryPoint\",\"urlTemplate\":\"https:\/\/franciscanos.org.br\/vidacrista\/?s={search_term_string}\"},\"query-input\":\"required name=search_term_string\"}],\"inLanguage\":\"pt-BR\"},{\"@type\":\"WebPage\",\"@id\":\"https:\/\/franciscanos.org.br\/vidacrista\/o-sagrado-coracao-e-a-cruz-o-sangue-e-agua-jo-1931-37\/\",\"url\":\"https:\/\/franciscanos.org.br\/vidacrista\/o-sagrado-coracao-e-a-cruz-o-sangue-e-agua-jo-1931-37\/\",\"name\":\"O Sagrado Cora\u00e7\u00e3o e a cruz, o sangue e \u00e1gua (Jo 19,31-37) - Vida Crist\u00e3 - Franciscanos\",\"isPartOf\":{\"@id\":\"https:\/\/franciscanos.org.br\/vidacrista\/#website\"},\"datePublished\":\"2021-06-10T11:38:06+00:00\",\"dateModified\":\"2021-06-11T11:38:39+00:00\",\"author\":{\"@id\":\"https:\/\/franciscanos.org.br\/vidacrista\/#\/schema\/person\/1880bdd2c350b735648725ef7614736a\"},\"breadcrumb\":{\"@id\":\"https:\/\/franciscanos.org.br\/vidacrista\/o-sagrado-coracao-e-a-cruz-o-sangue-e-agua-jo-1931-37\/#breadcrumb\"},\"inLanguage\":\"pt-BR\",\"potentialAction\":[{\"@type\":\"ReadAction\",\"target\":[\"https:\/\/franciscanos.org.br\/vidacrista\/o-sagrado-coracao-e-a-cruz-o-sangue-e-agua-jo-1931-37\/\"]}]},{\"@type\":\"BreadcrumbList\",\"@id\":\"https:\/\/franciscanos.org.br\/vidacrista\/o-sagrado-coracao-e-a-cruz-o-sangue-e-agua-jo-1931-37\/#breadcrumb\",\"itemListElement\":[{\"@type\":\"ListItem\",\"position\":1,\"name\":\"Home\",\"item\":\"https:\/\/franciscanos.org.br\/vidacrista\/\"},{\"@type\":\"ListItem\",\"position\":2,\"name\":\"O Sagrado Cora\u00e7\u00e3o e a cruz, o sangue e \u00e1gua (Jo 19,31-37)\"}]},{\"@type\":\"Person\",\"@id\":\"https:\/\/franciscanos.org.br\/vidacrista\/#\/schema\/person\/1880bdd2c350b735648725ef7614736a\",\"name\":\"moacir\",\"image\":{\"@type\":\"ImageObject\",\"inLanguage\":\"pt-BR\",\"@id\":\"https:\/\/franciscanos.org.br\/vidacrista\/#\/schema\/person\/image\/\",\"url\":\"https:\/\/secure.gravatar.com\/avatar\/d08aa2ce4c8dd416d4479aa8536fcf64?s=96&d=mm&r=g\",\"contentUrl\":\"https:\/\/secure.gravatar.com\/avatar\/d08aa2ce4c8dd416d4479aa8536fcf64?s=96&d=mm&r=g\",\"caption\":\"moacir\"},\"url\":\"https:\/\/franciscanos.org.br\/vidacrista\/author\/moacir\/\"}]}<\/script>\n<!-- \/ Yoast SEO plugin. -->","yoast_head_json":{"title":"O Sagrado Cora\u00e7\u00e3o e a cruz, o sangue e \u00e1gua (Jo 19,31-37) - Vida Crist\u00e3 - Franciscanos","robots":{"index":"index","follow":"follow","max-snippet":"max-snippet:-1","max-image-preview":"max-image-preview:large","max-video-preview":"max-video-preview:-1"},"canonical":"https:\/\/franciscanos.org.br\/vidacrista\/o-sagrado-coracao-e-a-cruz-o-sangue-e-agua-jo-1931-37\/","og_locale":"pt_BR","og_type":"article","og_title":"O Sagrado Cora\u00e7\u00e3o e a cruz, o sangue e \u00e1gua (Jo 19,31-37) - Vida Crist\u00e3 - Franciscanos","og_description":"Artigo de Frei Jacir de Freitas Faria","og_url":"https:\/\/franciscanos.org.br\/vidacrista\/o-sagrado-coracao-e-a-cruz-o-sangue-e-agua-jo-1931-37\/","og_site_name":"Vida Crist\u00e3 - Franciscanos","article_published_time":"2021-06-10T11:38:06+00:00","article_modified_time":"2021-06-11T11:38:39+00:00","og_image":[{"width":800,"height":550,"url":"https:\/\/franciscanos.org.br\/vidacrista\/wp-content\/uploads\/2021\/06\/jesus_10d.jpg","type":"image\/jpeg"}],"author":"moacir","twitter_card":"summary_large_image","twitter_misc":{"Escrito por":"moacir","Est. tempo de leitura":"7 minutos"},"schema":{"@context":"https:\/\/schema.org","@graph":[{"@type":"WebSite","@id":"https:\/\/franciscanos.org.br\/vidacrista\/#website","url":"https:\/\/franciscanos.org.br\/vidacrista\/","name":"Vida Crist\u00e3 - Franciscanos","description":"Prov\u00edncia Franciscana da Imaculada Concei\u00e7\u00e3o do Brasil - Ordem dos Frades Menores","potentialAction":[{"@type":"SearchAction","target":{"@type":"EntryPoint","urlTemplate":"https:\/\/franciscanos.org.br\/vidacrista\/?s={search_term_string}"},"query-input":"required name=search_term_string"}],"inLanguage":"pt-BR"},{"@type":"WebPage","@id":"https:\/\/franciscanos.org.br\/vidacrista\/o-sagrado-coracao-e-a-cruz-o-sangue-e-agua-jo-1931-37\/","url":"https:\/\/franciscanos.org.br\/vidacrista\/o-sagrado-coracao-e-a-cruz-o-sangue-e-agua-jo-1931-37\/","name":"O Sagrado Cora\u00e7\u00e3o e a cruz, o sangue e \u00e1gua (Jo 19,31-37) - Vida Crist\u00e3 - Franciscanos","isPartOf":{"@id":"https:\/\/franciscanos.org.br\/vidacrista\/#website"},"datePublished":"2021-06-10T11:38:06+00:00","dateModified":"2021-06-11T11:38:39+00:00","author":{"@id":"https:\/\/franciscanos.org.br\/vidacrista\/#\/schema\/person\/1880bdd2c350b735648725ef7614736a"},"breadcrumb":{"@id":"https:\/\/franciscanos.org.br\/vidacrista\/o-sagrado-coracao-e-a-cruz-o-sangue-e-agua-jo-1931-37\/#breadcrumb"},"inLanguage":"pt-BR","potentialAction":[{"@type":"ReadAction","target":["https:\/\/franciscanos.org.br\/vidacrista\/o-sagrado-coracao-e-a-cruz-o-sangue-e-agua-jo-1931-37\/"]}]},{"@type":"BreadcrumbList","@id":"https:\/\/franciscanos.org.br\/vidacrista\/o-sagrado-coracao-e-a-cruz-o-sangue-e-agua-jo-1931-37\/#breadcrumb","itemListElement":[{"@type":"ListItem","position":1,"name":"Home","item":"https:\/\/franciscanos.org.br\/vidacrista\/"},{"@type":"ListItem","position":2,"name":"O Sagrado Cora\u00e7\u00e3o e a cruz, o sangue e \u00e1gua (Jo 19,31-37)"}]},{"@type":"Person","@id":"https:\/\/franciscanos.org.br\/vidacrista\/#\/schema\/person\/1880bdd2c350b735648725ef7614736a","name":"moacir","image":{"@type":"ImageObject","inLanguage":"pt-BR","@id":"https:\/\/franciscanos.org.br\/vidacrista\/#\/schema\/person\/image\/","url":"https:\/\/secure.gravatar.com\/avatar\/d08aa2ce4c8dd416d4479aa8536fcf64?s=96&d=mm&r=g","contentUrl":"https:\/\/secure.gravatar.com\/avatar\/d08aa2ce4c8dd416d4479aa8536fcf64?s=96&d=mm&r=g","caption":"moacir"},"url":"https:\/\/franciscanos.org.br\/vidacrista\/author\/moacir\/"}]}},"_links":{"self":[{"href":"https:\/\/franciscanos.org.br\/vidacrista\/wp-json\/wp\/v2\/posts\/189753"}],"collection":[{"href":"https:\/\/franciscanos.org.br\/vidacrista\/wp-json\/wp\/v2\/posts"}],"about":[{"href":"https:\/\/franciscanos.org.br\/vidacrista\/wp-json\/wp\/v2\/types\/post"}],"author":[{"embeddable":true,"href":"https:\/\/franciscanos.org.br\/vidacrista\/wp-json\/wp\/v2\/users\/3"}],"replies":[{"embeddable":true,"href":"https:\/\/franciscanos.org.br\/vidacrista\/wp-json\/wp\/v2\/comments?post=189753"}],"version-history":[{"count":2,"href":"https:\/\/franciscanos.org.br\/vidacrista\/wp-json\/wp\/v2\/posts\/189753\/revisions"}],"predecessor-version":[{"id":189762,"href":"https:\/\/franciscanos.org.br\/vidacrista\/wp-json\/wp\/v2\/posts\/189753\/revisions\/189762"}],"wp:featuredmedia":[{"embeddable":true,"href":"https:\/\/franciscanos.org.br\/vidacrista\/wp-json\/wp\/v2\/media\/189755"}],"wp:attachment":[{"href":"https:\/\/franciscanos.org.br\/vidacrista\/wp-json\/wp\/v2\/media?parent=189753"}],"wp:term":[{"taxonomy":"category","embeddable":true,"href":"https:\/\/franciscanos.org.br\/vidacrista\/wp-json\/wp\/v2\/categories?post=189753"},{"taxonomy":"post_tag","embeddable":true,"href":"https:\/\/franciscanos.org.br\/vidacrista\/wp-json\/wp\/v2\/tags?post=189753"}],"curies":[{"name":"wp","href":"https:\/\/api.w.org\/{rel}","templated":true}]}}