{"id":189737,"date":"2021-06-08T10:54:52","date_gmt":"2021-06-08T13:54:52","guid":{"rendered":"https:\/\/franciscanos.org.br\/vidacrista\/?p=189737"},"modified":"2021-06-08T10:55:42","modified_gmt":"2021-06-08T13:55:42","slug":"atos-dos-apostolos","status":"publish","type":"post","link":"https:\/\/franciscanos.org.br\/vidacrista\/atos-dos-apostolos\/","title":{"rendered":"Atos dos Ap\u00f3stolos"},"content":{"rendered":"<div style=\"width: 850px\" class=\"wp-caption alignnone\"><img decoding=\"async\" loading=\"lazy\" src=\"https:\/\/franciscanos.org.br\/vidacrista\/wp-content\/uploads\/2021\/06\/luiz-840.jpg\" alt=\"\" width=\"840\" height=\"472\" \/><p class=\"wp-caption-text\"><em>\u00a0 \u00a0 \u00a0 \u00a0 \u00a0 \u00a0 \u00a0 \u00a0 \u00a0 \u00a0 \u00a0 \u00a0 \u00a0 \u00a0 \u00a0 \u00a0 \u00a0 \u00a0 \u00a0 \u00a0 \u00a0 \u00a0 \u00a0 \u00a0 \u00a0 \u00a0 \u00a0 \u00a0 Imagem: Spagnoletto, Jusepe de Ribera (wikipedia, dom\u00ednio p\u00fablico) <\/em><\/p><\/div>\n<p><strong>Frei Luiz Iakovacz<\/strong><\/p>\n<p>Nas celebra\u00e7\u00f5es dominicais, leem-se tr\u00eas leituras b\u00edblicas, das quais a primeira \u00e9 sempre extra\u00edda do AT. No Tempo Pascal, por\u00e9m, tanto nos dias de semana como nos domingos, proclama-se Atos dos Ap\u00f3stolos. Com isso, a Igreja enfatiza o valor deste livro na vida pessoal e comunit\u00e1ria. Uma leitura atenta nos faz descobrir curiosidades que nos estimulam \u00e0 sua leitura e compreens\u00e3o da mesma. Por exemplo: Por que este nome? Como explicar o vertiginoso crescimento do cristianismo? Onde surgiu o termo \u2018crist\u00e3o\u2019?<\/p>\n<p>H\u00e1 um consenso entre os estudiosos b\u00edblicos que, incialmente, Atos e o terceiro Evangelho eram uma \u00fanica obra. A separa\u00e7\u00e3o aconteceu em meados do S\u00e9culo II e, com isso, havia a necessidade de dar-lhe um nome. O apologista Tertuliano (160\u2013220) o chamou de \u201cMemorando de Lucas\u201d, o C\u00e2non Muratori de \u201cAtos de todos os Ap\u00f3stolos\u201d e outros mais. O que prevaleceu foi o nome dado pelo te\u00f3logo grego Santo Irineu (130\u2013202), \u201cAtos dos Ap\u00f3stolos\u201d, porque narra a hist\u00f3ria da \u201cEra Apost\u00f3lica Crist\u00e3 Primitiva\u201d. O curioso \u00e9 que os gregos, para imortalizar seus her\u00f3is, descreviam suas fa\u00e7anhas em livros chamados \u201cAtos\u201d, tais como \u201cAtos de An\u00edbal\u201d, \u201cAtos de Alexandre\u201d e outros.<\/p>\n<p>O mais curioso dos \u201cAtos dos Ap\u00f3stolos\u201d \u00e9 que os protagonistas s\u00e3o, apenas, dois: Pedro e Paulo. Jo\u00e3o \u00e9 lembrado, junto com Pedro, na ida ao Templo (3,1; 4,13.19) e na Samaria (8,14). Cita, tamb\u00e9m, o mart\u00edrio de Tiago (12,2). Os demais aparecem como grupo na escolha dos Sete Di\u00e1conos (6,2) e na Assembleia de Jerusal\u00e9m (15,2.4.6). O que teria acontecido com os outros ap\u00f3stolos? Segundo a tradi\u00e7\u00e3o cat\u00f3lica, todos partiram em miss\u00e3o e, nela, foram martirizados.<\/p>\n<p>Por outro lado, o hagi\u00f3grafo mostra um grande n\u00famero de mission\u00e1rios e mission\u00e1rias: o eloquente e versado nas Escrituras, Apolo (18,24); o generoso Barnab\u00e9 (4,36-37), l\u00edder de Antioquia (13,1) e companheiro de Paulo (13,2.7), al\u00e9m de outros nomes como Jo\u00e3o Marcos, Silas, Silvano, Tim\u00f3teo, Tito. No cap\u00edtulo 16 da carta aos Romanos, Paulo cita 23 nomes, dos quais nove s\u00e3o mulheres. Portanto, uma equipe numerosa que, somada aos Ap\u00f3stolos, missionam e solucionam conflitos, como o da assist\u00eancia \u00e0s vi\u00favas gregas (6,1-7), a circuncis\u00e3o (15,1-29), a composi\u00e7\u00e3o das equipes mission\u00e1rias (15,36-40).<\/p>\n<p>Tudo isto fez com que, no final do S\u00e9culo I, o cristianismo estivesse presente em todo o Imp\u00e9rio Romano. Come\u00e7ou com 3 mil em Pentecostes (2,41.47), depois 5 mil (4,4) e, por fim, uma \u201cmultid\u00e3o de homens e mulheres\u201d (5,14; 6,7; 16,5). Por\u00e9m, o respons\u00e1vel fundante \u00e9 o Esp\u00edrito Santo. Ali\u00e1s, os primeiros crist\u00e3os diziam que Atos dos Ap\u00f3stolos era o \u201cEvangelho do Esp\u00edrito Santo\u201d. Vejamos alguns textos:<\/p>\n<p>No dia de Pentecostes, os 120 que estavam no Cen\u00e1culo, ficaram \u201ccheios do Esp\u00edrito Santo e come\u00e7aram a falar v\u00e1rias l\u00ednguas\u201d (2,4). Diante do Sin\u00e9drio, Pedro \u201ccheio do Esp\u00edrito Santo\u201d responsabilizou-o pela morte de Jesus, mas \u201cDeus o ressuscitou e disso somos testemunhas\u201d (4,8-13). A morte de Ananias e Safira foi causada pela \u201cmentira ao Esp\u00edrito Santo\u201d (5,3). Est\u00eav\u00e3o, ao ser apedrejado, estava \u201ccheio do Esp\u00edrito Santo\u201d (7,55). Pedro e Jo\u00e3o impunham as m\u00e3os aos que foram batizados por Felipe e eles \u201crecebiam o Esp\u00edrito Santo\u201d (8,17). Foi o Esp\u00edrito Santo que inspirou a comunidade de Antioquia para que Paulo e Barnab\u00e9 fossem \u00e0s miss\u00f5es (13,2). Foi por insist\u00eancia do Esp\u00edrito Santo que Paulo, atravessando a Maced\u00f4nia, abriu as portas para evangelizar a Europa. Ele n\u00e3o queria (16,1-10).<\/p>\n<p>Em Cesareia, Pedro batizou os primeiros pag\u00e3os, sem a circuncis\u00e3o. Ao ser questionado pela comunidade de Jerusal\u00e9m, respondeu que os batizou porque o \u201cEspirito Santo desceu sobre eles como a n\u00f3s no princ\u00edpio&#8230; Quem sou eu para me opor a Deus\u201d?! (11,14.17). Isto significa que houve um Pentecostes sobre crist\u00e3os e outro sobre pag\u00e3os (cap\u00edtulos 2, 10 e 11).<\/p>\n<p>\u00c9 espantoso ver que o Esp\u00edrito Santo age 55 vezes nos mais diversos contextos e situa\u00e7\u00f5es.<\/p>\n<p>A palavra \u201ccrist\u00e3o\u201d ocorre tr\u00eas vezes no NT, sendo que duas delas em Atos. O curioso \u00e9 que foi fora de Jerusal\u00e9m. \u201cFoi em Antioquia que os seguidores de Jesus, pela primeira vez, receberam o nome de crist\u00e3os\u201d (11,26). Ap\u00f3s a prega\u00e7\u00e3o de Paulo diante do rei Agripa, este lhe diz: \u201c&#8230; por pouco n\u00e3o me convences a tornar-me crist\u00e3o\u201d (26,28). Por fim, em 1Pd 4,16: \u201cSe sofreres como crist\u00e3o, n\u00e3o te envergonhes, antes glorifiques a Deus por tal nome\u201d.<\/p>\n<p>Antes disso, eram conhecidos como \u201cseguidores do Caminho\u201d (9,2; 22,4) e, por duas vezes \u2013 e isto \u00e9 curioso \u2013 tidos como \u201cseita\u201d. Diante do governador Felix, Paulo \u00e9 acusado de ser o \u201ccabe\u00e7a da sediosa seita dos nazarenos\u201d (24,5). Os judeus que moravam em Roma, tamb\u00e9m tiveram esta mesma informa\u00e7\u00e3o (28,22).<\/p>\n<p>O final de Atos dos Ap\u00f3stolos narra que, por dois anos, Paulo permaneceu num aposento alugado, recebendo a todos que iam ter com ele, e lhes ensinava tudo o que se referia ao Reino e a Cristo. Fazia-o com \u201cplena liberdade, sem proibi\u00e7\u00e3o\u201d (28,30-31). Isto deixa o leitor em suspense e a perguntar-se: segundo a tradi\u00e7\u00e3o cat\u00f3lica, Paulo foi martirizado. Quando isto aconteceu? Outra pergunta: Foi evangelizar a Espanha, conforme era seu desejo (Rm 15,24.28)? Por fim, por que o hagi\u00f3grafo terminou nesse suspense? Teria, por acaso, sido preso e morto sem poder concluir o livro? Ou, nas entrelinhas, quer nos deixar um desafio, para que o cap\u00edtulo 29 continuasse sendo escrito pela caminhada hist\u00f3rica da Igreja de ontem, de hoje e de amanh\u00e3? Se assim for, fica pergunta: este cap\u00edtulo estar\u00e1 em sintonia com os outros vinte e oito? Pelo sim ou pelo n\u00e3o, a resposta nos impele a conhecermos melhor os Atos dos Ap\u00f3stolos e da caminhada da Igreja.<\/p>\n<hr \/>\n<p><strong>Frei Luiz Iakovacz, OFM<\/strong>,<em> frade desta Prov\u00edncia da Imaculada, reside na Par\u00f3quia Nossa Senhora do Ros\u00e1rio, em Conc\u00f3rdia, SC.<\/em><\/p>\n","protected":false},"excerpt":{"rendered":"<p>Artigo de Frei Luiz Iakovacz<\/p>\n","protected":false},"author":6,"featured_media":189739,"comment_status":"open","ping_status":"open","sticky":false,"template":"","format":"standard","meta":{"footnotes":""},"categories":[26],"tags":[208],"yoast_head":"<!-- This site is optimized with the Yoast SEO plugin v19.4 - https:\/\/yoast.com\/wordpress\/plugins\/seo\/ -->\n<title>Atos dos Ap\u00f3stolos - Vida Crist\u00e3 - Franciscanos<\/title>\n<meta name=\"robots\" content=\"index, follow, max-snippet:-1, max-image-preview:large, max-video-preview:-1\" \/>\n<link rel=\"canonical\" href=\"https:\/\/franciscanos.org.br\/vidacrista\/atos-dos-apostolos\/\" \/>\n<meta property=\"og:locale\" content=\"pt_BR\" \/>\n<meta property=\"og:type\" content=\"article\" \/>\n<meta property=\"og:title\" content=\"Atos dos Ap\u00f3stolos - Vida Crist\u00e3 - Franciscanos\" \/>\n<meta property=\"og:description\" content=\"Artigo de Frei Luiz Iakovacz\" \/>\n<meta property=\"og:url\" content=\"https:\/\/franciscanos.org.br\/vidacrista\/atos-dos-apostolos\/\" \/>\n<meta property=\"og:site_name\" content=\"Vida Crist\u00e3 - Franciscanos\" \/>\n<meta property=\"article:published_time\" content=\"2021-06-08T13:54:52+00:00\" \/>\n<meta property=\"article:modified_time\" content=\"2021-06-08T13:55:42+00:00\" \/>\n<meta property=\"og:image\" content=\"https:\/\/franciscanos.org.br\/vidacrista\/wp-content\/uploads\/2021\/06\/luiz-800.jpg\" \/>\n\t<meta property=\"og:image:width\" content=\"800\" \/>\n\t<meta property=\"og:image:height\" content=\"600\" \/>\n\t<meta property=\"og:image:type\" content=\"image\/jpeg\" \/>\n<meta name=\"author\" content=\"Jovenal Pereira\" \/>\n<meta name=\"twitter:card\" content=\"summary_large_image\" \/>\n<meta name=\"twitter:label1\" content=\"Escrito por\" \/>\n\t<meta name=\"twitter:data1\" content=\"Jovenal Pereira\" \/>\n\t<meta name=\"twitter:label2\" content=\"Est. tempo de leitura\" \/>\n\t<meta name=\"twitter:data2\" content=\"5 minutos\" \/>\n<script type=\"application\/ld+json\" class=\"yoast-schema-graph\">{\"@context\":\"https:\/\/schema.org\",\"@graph\":[{\"@type\":\"WebSite\",\"@id\":\"https:\/\/franciscanos.org.br\/vidacrista\/#website\",\"url\":\"https:\/\/franciscanos.org.br\/vidacrista\/\",\"name\":\"Vida Crist\u00e3 - Franciscanos\",\"description\":\"Prov\u00edncia Franciscana da Imaculada Concei\u00e7\u00e3o do Brasil - Ordem dos Frades Menores\",\"potentialAction\":[{\"@type\":\"SearchAction\",\"target\":{\"@type\":\"EntryPoint\",\"urlTemplate\":\"https:\/\/franciscanos.org.br\/vidacrista\/?s={search_term_string}\"},\"query-input\":\"required name=search_term_string\"}],\"inLanguage\":\"pt-BR\"},{\"@type\":\"WebPage\",\"@id\":\"https:\/\/franciscanos.org.br\/vidacrista\/atos-dos-apostolos\/\",\"url\":\"https:\/\/franciscanos.org.br\/vidacrista\/atos-dos-apostolos\/\",\"name\":\"Atos dos Ap\u00f3stolos - Vida Crist\u00e3 - Franciscanos\",\"isPartOf\":{\"@id\":\"https:\/\/franciscanos.org.br\/vidacrista\/#website\"},\"datePublished\":\"2021-06-08T13:54:52+00:00\",\"dateModified\":\"2021-06-08T13:55:42+00:00\",\"author\":{\"@id\":\"https:\/\/franciscanos.org.br\/vidacrista\/#\/schema\/person\/c052c0d9165fa75af6e14f595d2333a0\"},\"breadcrumb\":{\"@id\":\"https:\/\/franciscanos.org.br\/vidacrista\/atos-dos-apostolos\/#breadcrumb\"},\"inLanguage\":\"pt-BR\",\"potentialAction\":[{\"@type\":\"ReadAction\",\"target\":[\"https:\/\/franciscanos.org.br\/vidacrista\/atos-dos-apostolos\/\"]}]},{\"@type\":\"BreadcrumbList\",\"@id\":\"https:\/\/franciscanos.org.br\/vidacrista\/atos-dos-apostolos\/#breadcrumb\",\"itemListElement\":[{\"@type\":\"ListItem\",\"position\":1,\"name\":\"Home\",\"item\":\"https:\/\/franciscanos.org.br\/vidacrista\/\"},{\"@type\":\"ListItem\",\"position\":2,\"name\":\"Atos dos Ap\u00f3stolos\"}]},{\"@type\":\"Person\",\"@id\":\"https:\/\/franciscanos.org.br\/vidacrista\/#\/schema\/person\/c052c0d9165fa75af6e14f595d2333a0\",\"name\":\"Jovenal Pereira\",\"image\":{\"@type\":\"ImageObject\",\"inLanguage\":\"pt-BR\",\"@id\":\"https:\/\/franciscanos.org.br\/vidacrista\/#\/schema\/person\/image\/\",\"url\":\"https:\/\/secure.gravatar.com\/avatar\/e94509f531086e2eaf97e72f29ea00f9?s=96&d=mm&r=g\",\"contentUrl\":\"https:\/\/secure.gravatar.com\/avatar\/e94509f531086e2eaf97e72f29ea00f9?s=96&d=mm&r=g\",\"caption\":\"Jovenal Pereira\"},\"url\":\"https:\/\/franciscanos.org.br\/vidacrista\/author\/jovenal\/\"}]}<\/script>\n<!-- \/ Yoast SEO plugin. -->","yoast_head_json":{"title":"Atos dos Ap\u00f3stolos - Vida Crist\u00e3 - Franciscanos","robots":{"index":"index","follow":"follow","max-snippet":"max-snippet:-1","max-image-preview":"max-image-preview:large","max-video-preview":"max-video-preview:-1"},"canonical":"https:\/\/franciscanos.org.br\/vidacrista\/atos-dos-apostolos\/","og_locale":"pt_BR","og_type":"article","og_title":"Atos dos Ap\u00f3stolos - Vida Crist\u00e3 - Franciscanos","og_description":"Artigo de Frei Luiz Iakovacz","og_url":"https:\/\/franciscanos.org.br\/vidacrista\/atos-dos-apostolos\/","og_site_name":"Vida Crist\u00e3 - Franciscanos","article_published_time":"2021-06-08T13:54:52+00:00","article_modified_time":"2021-06-08T13:55:42+00:00","og_image":[{"width":800,"height":600,"url":"https:\/\/franciscanos.org.br\/vidacrista\/wp-content\/uploads\/2021\/06\/luiz-800.jpg","type":"image\/jpeg"}],"author":"Jovenal Pereira","twitter_card":"summary_large_image","twitter_misc":{"Escrito por":"Jovenal Pereira","Est. tempo de leitura":"5 minutos"},"schema":{"@context":"https:\/\/schema.org","@graph":[{"@type":"WebSite","@id":"https:\/\/franciscanos.org.br\/vidacrista\/#website","url":"https:\/\/franciscanos.org.br\/vidacrista\/","name":"Vida Crist\u00e3 - Franciscanos","description":"Prov\u00edncia Franciscana da Imaculada Concei\u00e7\u00e3o do Brasil - Ordem dos Frades Menores","potentialAction":[{"@type":"SearchAction","target":{"@type":"EntryPoint","urlTemplate":"https:\/\/franciscanos.org.br\/vidacrista\/?s={search_term_string}"},"query-input":"required name=search_term_string"}],"inLanguage":"pt-BR"},{"@type":"WebPage","@id":"https:\/\/franciscanos.org.br\/vidacrista\/atos-dos-apostolos\/","url":"https:\/\/franciscanos.org.br\/vidacrista\/atos-dos-apostolos\/","name":"Atos dos Ap\u00f3stolos - Vida Crist\u00e3 - Franciscanos","isPartOf":{"@id":"https:\/\/franciscanos.org.br\/vidacrista\/#website"},"datePublished":"2021-06-08T13:54:52+00:00","dateModified":"2021-06-08T13:55:42+00:00","author":{"@id":"https:\/\/franciscanos.org.br\/vidacrista\/#\/schema\/person\/c052c0d9165fa75af6e14f595d2333a0"},"breadcrumb":{"@id":"https:\/\/franciscanos.org.br\/vidacrista\/atos-dos-apostolos\/#breadcrumb"},"inLanguage":"pt-BR","potentialAction":[{"@type":"ReadAction","target":["https:\/\/franciscanos.org.br\/vidacrista\/atos-dos-apostolos\/"]}]},{"@type":"BreadcrumbList","@id":"https:\/\/franciscanos.org.br\/vidacrista\/atos-dos-apostolos\/#breadcrumb","itemListElement":[{"@type":"ListItem","position":1,"name":"Home","item":"https:\/\/franciscanos.org.br\/vidacrista\/"},{"@type":"ListItem","position":2,"name":"Atos dos Ap\u00f3stolos"}]},{"@type":"Person","@id":"https:\/\/franciscanos.org.br\/vidacrista\/#\/schema\/person\/c052c0d9165fa75af6e14f595d2333a0","name":"Jovenal Pereira","image":{"@type":"ImageObject","inLanguage":"pt-BR","@id":"https:\/\/franciscanos.org.br\/vidacrista\/#\/schema\/person\/image\/","url":"https:\/\/secure.gravatar.com\/avatar\/e94509f531086e2eaf97e72f29ea00f9?s=96&d=mm&r=g","contentUrl":"https:\/\/secure.gravatar.com\/avatar\/e94509f531086e2eaf97e72f29ea00f9?s=96&d=mm&r=g","caption":"Jovenal Pereira"},"url":"https:\/\/franciscanos.org.br\/vidacrista\/author\/jovenal\/"}]}},"_links":{"self":[{"href":"https:\/\/franciscanos.org.br\/vidacrista\/wp-json\/wp\/v2\/posts\/189737"}],"collection":[{"href":"https:\/\/franciscanos.org.br\/vidacrista\/wp-json\/wp\/v2\/posts"}],"about":[{"href":"https:\/\/franciscanos.org.br\/vidacrista\/wp-json\/wp\/v2\/types\/post"}],"author":[{"embeddable":true,"href":"https:\/\/franciscanos.org.br\/vidacrista\/wp-json\/wp\/v2\/users\/6"}],"replies":[{"embeddable":true,"href":"https:\/\/franciscanos.org.br\/vidacrista\/wp-json\/wp\/v2\/comments?post=189737"}],"version-history":[{"count":5,"href":"https:\/\/franciscanos.org.br\/vidacrista\/wp-json\/wp\/v2\/posts\/189737\/revisions"}],"predecessor-version":[{"id":189745,"href":"https:\/\/franciscanos.org.br\/vidacrista\/wp-json\/wp\/v2\/posts\/189737\/revisions\/189745"}],"wp:featuredmedia":[{"embeddable":true,"href":"https:\/\/franciscanos.org.br\/vidacrista\/wp-json\/wp\/v2\/media\/189739"}],"wp:attachment":[{"href":"https:\/\/franciscanos.org.br\/vidacrista\/wp-json\/wp\/v2\/media?parent=189737"}],"wp:term":[{"taxonomy":"category","embeddable":true,"href":"https:\/\/franciscanos.org.br\/vidacrista\/wp-json\/wp\/v2\/categories?post=189737"},{"taxonomy":"post_tag","embeddable":true,"href":"https:\/\/franciscanos.org.br\/vidacrista\/wp-json\/wp\/v2\/tags?post=189737"}],"curies":[{"name":"wp","href":"https:\/\/api.w.org\/{rel}","templated":true}]}}