{"id":189707,"date":"2021-06-04T08:04:59","date_gmt":"2021-06-04T11:04:59","guid":{"rendered":"https:\/\/franciscanos.org.br\/vidacrista\/?p=189707"},"modified":"2021-06-04T14:41:50","modified_gmt":"2021-06-04T17:41:50","slug":"o-reencontro-entre-a-aguia-e-o-condor","status":"publish","type":"post","link":"https:\/\/franciscanos.org.br\/vidacrista\/o-reencontro-entre-a-aguia-e-o-condor\/","title":{"rendered":"O reencontro entre a \u00c1guia e o Condor"},"content":{"rendered":"<div id=\"attachment_189711\" style=\"width: 850px\" class=\"wp-caption alignnone\"><img aria-describedby=\"caption-attachment-189711\" decoding=\"async\" loading=\"lazy\" class=\"wp-image-189711 size-full\" src=\"https:\/\/franciscanos.org.br\/vidacrista\/wp-content\/uploads\/2021\/06\/aguia-840x450-1.jpg\" alt=\"\" width=\"840\" height=\"450\" \/><p id=\"caption-attachment-189711\" class=\"wp-caption-text\"><em>\u00a0 \u00a0 \u00a0 \u00a0 \u00a0 \u00a0 \u00a0 \u00a0 \u00a0 \u00a0 \u00a0 \u00a0 \u00a0 \u00a0 \u00a0 \u00a0 \u00a0 \u00a0 \u00a0 \u00a0 \u00a0 \u00a0 \u00a0 \u00a0 \u00a0 \u00a0 \u00a0 \u00a0 Imagem: Montagem com Canva (<a href=\"https:\/\/www.canva.com\/pt_br\/modelos\/\">www.canva.com\/pt_br\/modelos<\/a>)<\/em><\/p><\/div>\n<p>O planeta Terra, devido \u00e0 sistem\u00e1tica agress\u00e3o nos \u00faltimos s\u00e9culos, est\u00e1 num franco e perigoso decl\u00ednio. A intrus\u00e3o da Covid-19 afetando diretamente todo o planeta e exclusivamente a esp\u00e9cie humana \u00e9 um entre os severos sinais de que a Terra viva nos est\u00e1 enviando: nosso modo de vida \u00e9 demasiadamente destrutivo levando \u00e0 morte a milh\u00f5es de seres humanos e a seres da natureza. Temos que mudar nosso modo produzir, de consumir e de morar na \u00fanica Casa Comum, caso contr\u00e1rio podemos conhecer um <em>armagedon<\/em> ecol\u00f3gico-social.<\/p>\n<p>Curiosamente, na contram\u00e3o desse processo que alguns o veem como a inaugura\u00e7\u00e3o de uma nova era geol\u00f3gica \u2013 o <strong>antropoceno e o necroceno<\/strong> \u2013 quer dizer, a sistem\u00e1tica destrui\u00e7\u00e3o de vidas perpetradas pelo pr\u00f3prio ser humano, irrompem os povos origin\u00e1rios, portadores de uma nova consci\u00eancia e de uma vitalidade, reprimida por s\u00e9culos. Est\u00e3o se refazendo biologicamente e surgindo como sujeitos hist\u00f3ricos. Sua maneira de se relacionar amigavelmente com a natureza e a M\u00e3e Terra fazem-se nossos mestres e doutores. Sentem-se t\u00e3o unidos a estas realidades que, defendendo-as, est\u00e3o se defendendo a si pr\u00f3prios.<\/p>\n<p>Foi grande o equ\u00edvoco dos invasores europeus de cham\u00e1-los de \u201c\u00edndios\u201d como se fossem habitantes de uma regi\u00e3o da \u00cdndia que todos buscavam. Eles, na verdade, se chamavam por v\u00e1rios nomes: Tawantinsuyo, Anauhuac, Pindorama entre outros. Prevaleceu o nome de <strong>Abya Yala<\/strong> dada pelo povo <strong>Kuna<\/strong> do norte da Col\u00f4mbia e do Panam\u00e1 que significava \u201cterra madura, terra viva, terra que floresce\u201d. Eram povos com seus nomes como ta\u00ednos, tikunas, zapotecas, astecas, maias, olmecas, toltecas, mexicas, aimaras, incas, qu\u00edchuas, tapaj\u00f3s, tupis, guaranis, mapuches e centenas de outros. A ado\u00e7\u00e3o de nome comum <strong>Abya Yala<\/strong> faz parte da constru\u00e7\u00e3o de uma identidade comum, na diversidade de suas culturas e express\u00e3o das articula\u00e7\u00f5es que os unem num imenso movimento que vai do norte o sul do continente americano. Em 2007 criaram a C\u00fapula dos Povos de<strong> Abya Yala<\/strong>.<\/p>\n<p>Mas sobre eles pesa uma vasta sombra que foi o exterm\u00ednio infligido pelos invasores europeus. Ocorreu um dos maiores genoc\u00eddios da hist\u00f3ria. Foram mortos por guerras de exterm\u00ednio ou por doen\u00e7as trazidas pelos brancos contra as quais n\u00e3o possu\u00edam imunidade, por trabalhos for\u00e7ados e mesti\u00e7agem for\u00e7ada, cerca de 70 milh\u00f5es de representantes destes povos. Os dados mais seguros foram levantados pela soci\u00f3loga e educadora Moema Viezzer e pelo soci\u00f3logo e historiador canadense radicado no Brasil Marcelo Grondin. O livro, impressionante, com pref\u00e1cio de Ailton Krenak leva como t\u00edtulo <em>&#8220;Abya Yala: genoc\u00eddio, resist\u00eancia e sobreviv\u00eancia dos povos origin\u00e1rios das Am\u00e9ricas&#8221;<\/em> (Editora Bambual, Rio de Janeiro 2021). Recolhem os dados do genoc\u00eddio das duas Am\u00e9ricas. Demos um pequeno resumo:<\/p>\n<p>No Caribe, em 1492, quando chegaram os colonizadores, havia quatro milh\u00f5es de ind\u00edgenas. Anos ap\u00f3s n\u00e3o havia mais nenhum. Todos foram mortos especialmente no Haiti.<\/p>\n<p>No M\u00e9xico, em 1500, havia 25 milh\u00f5es de ind\u00edgenas (Astecas, toltecas e outros). Depois de 70 anos, restaram apenas dois milh\u00f5es.<\/p>\n<p>Nos Andes existiam, em 1532, 15 milh\u00f5es de ind\u00edgenas; em poucos anos restou apenas um milh\u00e3o.<\/p>\n<p>Na Am\u00e9rica Central, em 1492, na Guatemala, Honduras, Belize, Nicar\u00e1gua, El Salvador, Costa rica e Panam\u00e1 havia entre 5, 6-13 milh\u00f5es de ind\u00edgenas, dos quais 90% foram mortos.<\/p>\n<p>Na Argentina, no Chile, na Col\u00f4mbia e no Paraguai morreram em m\u00e9dia, em alguns pa\u00edses mais em outros menos, cerca cerca de um milh\u00e3o de ind\u00edgenas.<\/p>\n<p>Nas Antilhas menores, como nas Bahamas, Barbados, Cura\u00e7ao, Granada, Guadalupe, Trinidad-Tobago e Ilhas Virgens, conheceram o mesmo exterm\u00ednio quase total.<\/p>\n<p>No Brasil, quando os portugueses aportaram nestas terras, havia cerca de 6 milh\u00f5es de povos origin\u00e1rios de dezenas de etnias com suas l\u00ednguas. O desencontro violento os reduziu a menos de um milh\u00e3o. Hoje, infelizmente, devido ao descuido por parte das autoridades, esse processo de morte continua, v\u00edtimas do coronav\u00edrus. Um s\u00e1bio da na\u00e7\u00e3o yanomami, o paj\u00e9 Davi Kopenawa Yanomamy relata no livro <em>&#8220;A Queda do C\u00e9u&#8221;<\/em> o que os xam\u00e3s de seu povo est\u00e3o entrevendo: a corrida da humanidade est\u00e1 rumando na dire\u00e7\u00e3o de seu fim.<\/p>\n<p>Nos Estados Unidos da Am\u00e9rica viviam em 1607 cerca de 18 milh\u00f5es de povos origin\u00e1rios e tempos depois sobreviveram apenas dois milh\u00f5es.<\/p>\n<p>No Canad\u00e1 havia, em 1492, dois milh\u00f5es de habitantes origin\u00e1rios e, em 1933, contavam-se apenas 120 mil.<\/p>\n<p>O livro n\u00e3o narra apenas a incomensur\u00e1vel trag\u00e9dia, mas especialmente as resist\u00eancias e modernamente as v\u00e1rias c\u00fapulas organizadas entre esses povos origin\u00e1rios, do sul e do norte das Am\u00e9ricas. Com isso se refor\u00e7aram mutuamente, resgatam a sabedoria ancestral dos xam\u00e3s, as tradi\u00e7\u00f5es e as mem\u00f3rias.<\/p>\n<p>Uma lenda-profecia expressa o reencontro desses povos: aquela entre a \u00c1guia, representando a Am\u00e9rica do Norte e o Condor a Am\u00e9rica do Sul. Ambos foram gerados pelo Sol e pela Lua. Viviam felizes voando juntos. Mas o destino os separou. A \u00c1guia dominou os espa\u00e7os e quase levou ao exterm\u00ednio o Condor.<\/p>\n<p>No entanto, quis esse mesmo destino que a partir da d\u00e9cada de 1990, ao se iniciarem as grandes c\u00fapulas entre os distintos povos origin\u00e1rios, do sul e do norte, o Condor e a \u00c1guia se reencontraram e come\u00e7aram a voar juntos. Do amor de ambos, nasceu o <strong>Quetzal<\/strong> da Am\u00e9rica Central, uma das mais belas aves da natureza, ave da cosmovis\u00e3o maia que expressa a uni\u00e3o do cora\u00e7\u00e3o com a mente, da arte com a ci\u00eancia, do masculino com o feminino. \u00c9 o come\u00e7o do novo tempo, da grande reconcilia\u00e7\u00e3o dos seres humanos entre si, como irm\u00e3os e irm\u00e3s, cuidadores na natureza, unidos por um mesmo cora\u00e7\u00e3o pulsante e habitando na mesma e generosa <em>Pachamama<\/em>, a M\u00e3e Terra.<\/p>\n<p>Quem sabe, no meio das tribula\u00e7\u00f5es do tempo presente em que nossa cultura encontrou seus limites intranspon\u00edveis e se sente urgida a mudar de rumo, esta profecia possa ser a antecipa\u00e7\u00e3o de um fim bom para todos n\u00f3s. Ainda voaremos juntos, a \u00c1guia do Norte com o Condor do Sul, sob a luz benfazeja do Sol que nos mostrar\u00e1 o melhor caminho.<\/p>\n<hr \/>\n<p><strong>Leonardo Boff<\/strong> <em>escreveu &#8220;O Casamento entre o C\u00e9u e a Terra: contos dos povos ind\u00edgenas do Brasil&#8221;, Mar de Ideias, Rio de Janeiro 2014.<\/em><\/p>\n","protected":false},"excerpt":{"rendered":"<p>Artigo de Leonardo Boff<\/p>\n","protected":false},"author":3,"featured_media":0,"comment_status":"open","ping_status":"open","sticky":false,"template":"","format":"standard","meta":{"footnotes":""},"categories":[26],"tags":[59],"yoast_head":"<!-- This site is optimized with the Yoast SEO plugin v19.4 - https:\/\/yoast.com\/wordpress\/plugins\/seo\/ -->\n<title>O reencontro entre a \u00c1guia e o Condor - Vida Crist\u00e3 - Franciscanos<\/title>\n<meta name=\"robots\" content=\"index, follow, max-snippet:-1, max-image-preview:large, max-video-preview:-1\" \/>\n<link rel=\"canonical\" href=\"https:\/\/franciscanos.org.br\/vidacrista\/o-reencontro-entre-a-aguia-e-o-condor\/\" \/>\n<meta property=\"og:locale\" content=\"pt_BR\" \/>\n<meta property=\"og:type\" content=\"article\" \/>\n<meta property=\"og:title\" content=\"O reencontro entre a \u00c1guia e o Condor - Vida Crist\u00e3 - Franciscanos\" \/>\n<meta property=\"og:description\" content=\"Artigo de Leonardo Boff\" \/>\n<meta property=\"og:url\" content=\"https:\/\/franciscanos.org.br\/vidacrista\/o-reencontro-entre-a-aguia-e-o-condor\/\" \/>\n<meta property=\"og:site_name\" content=\"Vida Crist\u00e3 - Franciscanos\" \/>\n<meta property=\"article:published_time\" content=\"2021-06-04T11:04:59+00:00\" \/>\n<meta property=\"article:modified_time\" content=\"2021-06-04T17:41:50+00:00\" \/>\n<meta property=\"og:image\" content=\"https:\/\/franciscanos.org.br\/vidacrista\/wp-content\/uploads\/2021\/06\/aguia-840x450-1.jpg\" \/>\n<meta name=\"author\" content=\"moacir\" \/>\n<meta name=\"twitter:card\" content=\"summary_large_image\" \/>\n<meta name=\"twitter:label1\" content=\"Escrito por\" \/>\n\t<meta name=\"twitter:data1\" content=\"moacir\" \/>\n\t<meta name=\"twitter:label2\" content=\"Est. tempo de leitura\" \/>\n\t<meta name=\"twitter:data2\" content=\"6 minutos\" \/>\n<script type=\"application\/ld+json\" class=\"yoast-schema-graph\">{\"@context\":\"https:\/\/schema.org\",\"@graph\":[{\"@type\":\"WebSite\",\"@id\":\"https:\/\/franciscanos.org.br\/vidacrista\/#website\",\"url\":\"https:\/\/franciscanos.org.br\/vidacrista\/\",\"name\":\"Vida Crist\u00e3 - Franciscanos\",\"description\":\"Prov\u00edncia Franciscana da Imaculada Concei\u00e7\u00e3o do Brasil - Ordem dos Frades Menores\",\"potentialAction\":[{\"@type\":\"SearchAction\",\"target\":{\"@type\":\"EntryPoint\",\"urlTemplate\":\"https:\/\/franciscanos.org.br\/vidacrista\/?s={search_term_string}\"},\"query-input\":\"required name=search_term_string\"}],\"inLanguage\":\"pt-BR\"},{\"@type\":\"WebPage\",\"@id\":\"https:\/\/franciscanos.org.br\/vidacrista\/o-reencontro-entre-a-aguia-e-o-condor\/\",\"url\":\"https:\/\/franciscanos.org.br\/vidacrista\/o-reencontro-entre-a-aguia-e-o-condor\/\",\"name\":\"O reencontro entre a \u00c1guia e o Condor - Vida Crist\u00e3 - Franciscanos\",\"isPartOf\":{\"@id\":\"https:\/\/franciscanos.org.br\/vidacrista\/#website\"},\"datePublished\":\"2021-06-04T11:04:59+00:00\",\"dateModified\":\"2021-06-04T17:41:50+00:00\",\"author\":{\"@id\":\"https:\/\/franciscanos.org.br\/vidacrista\/#\/schema\/person\/1880bdd2c350b735648725ef7614736a\"},\"breadcrumb\":{\"@id\":\"https:\/\/franciscanos.org.br\/vidacrista\/o-reencontro-entre-a-aguia-e-o-condor\/#breadcrumb\"},\"inLanguage\":\"pt-BR\",\"potentialAction\":[{\"@type\":\"ReadAction\",\"target\":[\"https:\/\/franciscanos.org.br\/vidacrista\/o-reencontro-entre-a-aguia-e-o-condor\/\"]}]},{\"@type\":\"BreadcrumbList\",\"@id\":\"https:\/\/franciscanos.org.br\/vidacrista\/o-reencontro-entre-a-aguia-e-o-condor\/#breadcrumb\",\"itemListElement\":[{\"@type\":\"ListItem\",\"position\":1,\"name\":\"Home\",\"item\":\"https:\/\/franciscanos.org.br\/vidacrista\/\"},{\"@type\":\"ListItem\",\"position\":2,\"name\":\"O reencontro entre a \u00c1guia e o Condor\"}]},{\"@type\":\"Person\",\"@id\":\"https:\/\/franciscanos.org.br\/vidacrista\/#\/schema\/person\/1880bdd2c350b735648725ef7614736a\",\"name\":\"moacir\",\"image\":{\"@type\":\"ImageObject\",\"inLanguage\":\"pt-BR\",\"@id\":\"https:\/\/franciscanos.org.br\/vidacrista\/#\/schema\/person\/image\/\",\"url\":\"https:\/\/secure.gravatar.com\/avatar\/d08aa2ce4c8dd416d4479aa8536fcf64?s=96&d=mm&r=g\",\"contentUrl\":\"https:\/\/secure.gravatar.com\/avatar\/d08aa2ce4c8dd416d4479aa8536fcf64?s=96&d=mm&r=g\",\"caption\":\"moacir\"},\"url\":\"https:\/\/franciscanos.org.br\/vidacrista\/author\/moacir\/\"}]}<\/script>\n<!-- \/ Yoast SEO plugin. -->","yoast_head_json":{"title":"O reencontro entre a \u00c1guia e o Condor - Vida Crist\u00e3 - Franciscanos","robots":{"index":"index","follow":"follow","max-snippet":"max-snippet:-1","max-image-preview":"max-image-preview:large","max-video-preview":"max-video-preview:-1"},"canonical":"https:\/\/franciscanos.org.br\/vidacrista\/o-reencontro-entre-a-aguia-e-o-condor\/","og_locale":"pt_BR","og_type":"article","og_title":"O reencontro entre a \u00c1guia e o Condor - Vida Crist\u00e3 - Franciscanos","og_description":"Artigo de Leonardo Boff","og_url":"https:\/\/franciscanos.org.br\/vidacrista\/o-reencontro-entre-a-aguia-e-o-condor\/","og_site_name":"Vida Crist\u00e3 - Franciscanos","article_published_time":"2021-06-04T11:04:59+00:00","article_modified_time":"2021-06-04T17:41:50+00:00","og_image":[{"url":"https:\/\/franciscanos.org.br\/vidacrista\/wp-content\/uploads\/2021\/06\/aguia-840x450-1.jpg"}],"author":"moacir","twitter_card":"summary_large_image","twitter_misc":{"Escrito por":"moacir","Est. tempo de leitura":"6 minutos"},"schema":{"@context":"https:\/\/schema.org","@graph":[{"@type":"WebSite","@id":"https:\/\/franciscanos.org.br\/vidacrista\/#website","url":"https:\/\/franciscanos.org.br\/vidacrista\/","name":"Vida Crist\u00e3 - Franciscanos","description":"Prov\u00edncia Franciscana da Imaculada Concei\u00e7\u00e3o do Brasil - Ordem dos Frades Menores","potentialAction":[{"@type":"SearchAction","target":{"@type":"EntryPoint","urlTemplate":"https:\/\/franciscanos.org.br\/vidacrista\/?s={search_term_string}"},"query-input":"required name=search_term_string"}],"inLanguage":"pt-BR"},{"@type":"WebPage","@id":"https:\/\/franciscanos.org.br\/vidacrista\/o-reencontro-entre-a-aguia-e-o-condor\/","url":"https:\/\/franciscanos.org.br\/vidacrista\/o-reencontro-entre-a-aguia-e-o-condor\/","name":"O reencontro entre a \u00c1guia e o Condor - Vida Crist\u00e3 - Franciscanos","isPartOf":{"@id":"https:\/\/franciscanos.org.br\/vidacrista\/#website"},"datePublished":"2021-06-04T11:04:59+00:00","dateModified":"2021-06-04T17:41:50+00:00","author":{"@id":"https:\/\/franciscanos.org.br\/vidacrista\/#\/schema\/person\/1880bdd2c350b735648725ef7614736a"},"breadcrumb":{"@id":"https:\/\/franciscanos.org.br\/vidacrista\/o-reencontro-entre-a-aguia-e-o-condor\/#breadcrumb"},"inLanguage":"pt-BR","potentialAction":[{"@type":"ReadAction","target":["https:\/\/franciscanos.org.br\/vidacrista\/o-reencontro-entre-a-aguia-e-o-condor\/"]}]},{"@type":"BreadcrumbList","@id":"https:\/\/franciscanos.org.br\/vidacrista\/o-reencontro-entre-a-aguia-e-o-condor\/#breadcrumb","itemListElement":[{"@type":"ListItem","position":1,"name":"Home","item":"https:\/\/franciscanos.org.br\/vidacrista\/"},{"@type":"ListItem","position":2,"name":"O reencontro entre a \u00c1guia e o Condor"}]},{"@type":"Person","@id":"https:\/\/franciscanos.org.br\/vidacrista\/#\/schema\/person\/1880bdd2c350b735648725ef7614736a","name":"moacir","image":{"@type":"ImageObject","inLanguage":"pt-BR","@id":"https:\/\/franciscanos.org.br\/vidacrista\/#\/schema\/person\/image\/","url":"https:\/\/secure.gravatar.com\/avatar\/d08aa2ce4c8dd416d4479aa8536fcf64?s=96&d=mm&r=g","contentUrl":"https:\/\/secure.gravatar.com\/avatar\/d08aa2ce4c8dd416d4479aa8536fcf64?s=96&d=mm&r=g","caption":"moacir"},"url":"https:\/\/franciscanos.org.br\/vidacrista\/author\/moacir\/"}]}},"_links":{"self":[{"href":"https:\/\/franciscanos.org.br\/vidacrista\/wp-json\/wp\/v2\/posts\/189707"}],"collection":[{"href":"https:\/\/franciscanos.org.br\/vidacrista\/wp-json\/wp\/v2\/posts"}],"about":[{"href":"https:\/\/franciscanos.org.br\/vidacrista\/wp-json\/wp\/v2\/types\/post"}],"author":[{"embeddable":true,"href":"https:\/\/franciscanos.org.br\/vidacrista\/wp-json\/wp\/v2\/users\/3"}],"replies":[{"embeddable":true,"href":"https:\/\/franciscanos.org.br\/vidacrista\/wp-json\/wp\/v2\/comments?post=189707"}],"version-history":[{"count":4,"href":"https:\/\/franciscanos.org.br\/vidacrista\/wp-json\/wp\/v2\/posts\/189707\/revisions"}],"predecessor-version":[{"id":189715,"href":"https:\/\/franciscanos.org.br\/vidacrista\/wp-json\/wp\/v2\/posts\/189707\/revisions\/189715"}],"wp:attachment":[{"href":"https:\/\/franciscanos.org.br\/vidacrista\/wp-json\/wp\/v2\/media?parent=189707"}],"wp:term":[{"taxonomy":"category","embeddable":true,"href":"https:\/\/franciscanos.org.br\/vidacrista\/wp-json\/wp\/v2\/categories?post=189707"},{"taxonomy":"post_tag","embeddable":true,"href":"https:\/\/franciscanos.org.br\/vidacrista\/wp-json\/wp\/v2\/tags?post=189707"}],"curies":[{"name":"wp","href":"https:\/\/api.w.org\/{rel}","templated":true}]}}