{"id":189665,"date":"2021-06-02T07:12:10","date_gmt":"2021-06-02T10:12:10","guid":{"rendered":"https:\/\/franciscanos.org.br\/vidacrista\/?p=189665"},"modified":"2021-06-03T05:02:40","modified_gmt":"2021-06-03T08:02:40","slug":"que-as-familias-nao-percam-a-capacidade-de-sonhar","status":"publish","type":"post","link":"https:\/\/franciscanos.org.br\/vidacrista\/que-as-familias-nao-percam-a-capacidade-de-sonhar\/","title":{"rendered":"\u00a0\u201cQue as fam\u00edlias n\u00e3o percam a capacidade de sonhar\u201d"},"content":{"rendered":"<div id=\"attachment_189666\" style=\"width: 850px\" class=\"wp-caption alignnone\"><img aria-describedby=\"caption-attachment-189666\" decoding=\"async\" loading=\"lazy\" class=\"wp-image-189666 size-full\" src=\"https:\/\/franciscanos.org.br\/vidacrista\/wp-content\/uploads\/2021\/06\/familia_02.png\" alt=\"\" width=\"840\" height=\"451\" srcset=\"https:\/\/franciscanos.org.br\/vidacrista\/wp-content\/uploads\/2021\/06\/familia_02.png 840w, https:\/\/franciscanos.org.br\/vidacrista\/wp-content\/uploads\/2021\/06\/familia_02-450x242.png 450w, https:\/\/franciscanos.org.br\/vidacrista\/wp-content\/uploads\/2021\/06\/familia_02-768x412.png 768w, https:\/\/franciscanos.org.br\/vidacrista\/wp-content\/uploads\/2021\/06\/familia_02-150x81.png 150w\" sizes=\"(max-width: 840px) 100vw, 840px\" \/><p id=\"caption-attachment-189666\" class=\"wp-caption-text\"><em>\u00a0 \u00a0 \u00a0 \u00a0 \u00a0 \u00a0 \u00a0 \u00a0 \u00a0 \u00a0 \u00a0 \u00a0 \u00a0 \u00a0 \u00a0 \u00a0 \u00a0 \u00a0 \u00a0 \u00a0 \u00a0 \u00a0 \u00a0 \u00a0 \u00a0 \u00a0 \u00a0 \u00a0 \u00a0 \u00a0 \u00a0 Imagem ilustrativa: Canva (<a href=\"https:\/\/www.canva.com\/pt_br\/modelos\/\">www.canva.com\/pt_br\/modelos<\/a>)<\/em><\/p><\/div>\n<p><strong>Frei Augusto Luiz Gabriel\u00a0<\/strong><\/p>\n<p>Esta frase do Papa Francisco serviu de inspira\u00e7\u00e3o para este artigo, visto que a fam\u00edlia desempenha um importante papel no enfrentamento da pandemia da Covid-19. Desde que este tempo desafiador come\u00e7ou, as fam\u00edlias se encontram muito mais pr\u00f3ximas e unidas em seus lares. Nossas casas tornaram-se tamb\u00e9m espa\u00e7os de trabalho, conviv\u00eancia e lazer. Em alguns casos, o lar deixou de ser apenas uma estrutura de quartos e salas, ou a localiza\u00e7\u00e3o de pessoas que vivem no mesmo endere\u00e7o. Foi preciso ter a capacidade constante de se reinventar de diferentes formas e meios, foi preciso ter a capacidade de sonhar, de esperan\u00e7ar.<\/p>\n<p>Mas, o que \u00e9 de fato uma fam\u00edlia? \u00c9 o lugar do humano por excel\u00eancia, o ber\u00e7o do ser humano, o espa\u00e7o onde se aprende a ser gente, o paradigma dos relacionamentos. \u00c9 no seio da fam\u00edlia que se faz as primeiras e fundamentais experi\u00eancias de nossas vidas. \u00c9 nela que se vive a comunh\u00e3o das exist\u00eancias.<\/p>\n<p>De um lado, o distanciamento social provocou altera\u00e7\u00f5es nas rela\u00e7\u00f5es familiares. A recorrente preocupa\u00e7\u00e3o com a sa\u00fade pessoal e coletiva, estresse, sobrecarga no trabalho <em>home office<\/em>, altera\u00e7\u00f5es de humor e desequil\u00edbrio emocional, afetaram o conv\u00edvio saud\u00e1vel das fam\u00edlias e, infelizmente, enquanto algumas fam\u00edlias vivem a crise da pandemia, outras ainda vivem a pandemia da viol\u00eancia. Sem contar os inumer\u00e1veis entes queridos que tiveram suas vidas ceifadas pela doen\u00e7a.<\/p>\n<p>Por outro lado, o distanciamento social aproximou os membros familiares, visto que at\u00e9 ent\u00e3o muitos pais trabalhavam fora e s\u00f3 estariam com seus filhos em um ter\u00e7o do dia, geralmente \u00e0 noite, por exemplo. Os benef\u00edcios dessa reviravolta foram, sem d\u00favida, muitos, como por exemplo: o preparo dos alimentos e das refei\u00e7\u00f5es em conjunto, as rodas de conversa, o aux\u00edlio nos trabalhos dom\u00e9sticos e escolares, a ora\u00e7\u00e3o do ter\u00e7o em fam\u00edlia, dentre outros. A pandemia, com tudo que vem causando, pode ser ruim momentaneamente, mas tamb\u00e9m poder\u00e1 servir para mudar as pessoas e seu modo de ver e de se relacionar. A fam\u00edlia precisa ser uma comunidade de pessoas que se estimam, uma comunh\u00e3o de vida, de troca de gentilezas, um espa\u00e7o onde n\u00e3o existam m\u00e1scaras.<\/p>\n<p>A fam\u00edlia de Nazar\u00e9 \u00e9 uma forte fonte de inspira\u00e7\u00e3o para n\u00f3s crist\u00e3os. Foi criativa, soube ouvir os apelos de Deus e se reinventar constantemente. Embora nem sempre tenha compreendido os passos de Jesus, soube perscrutar a vontade de Deus. Neste sentido, n\u00f3s tamb\u00e9m podemos ser ousados e criativos na tarefa de nos reinventarmos neste tempo de pandemia. Para ser fermento de fraternidade e de amor na sociedade, busque ser mais pr\u00f3ximo de seus pais, irm\u00e3os e parentes. Se morar longe, fa\u00e7a liga\u00e7\u00f5es de v\u00eddeo. Use a tecnologia a seu favor. Sintonize canais de televis\u00e3o com conte\u00fado saud\u00e1vel e busque por forma\u00e7\u00e3o e informa\u00e7\u00f5es verdadeiras e coerentes. Reze em fam\u00edlia! \u00c9 preciso se alimentar da f\u00e9 e somar for\u00e7as para, juntos, superarmos este delicado momento. Siga <em>em e com<\/em> a fam\u00edlia pelo caminho da verdade, amor e da fraternidade.<\/p>\n<p><strong>2021: ANO DA FAM\u00cdLIA<\/strong><\/p>\n<p>Neste ano de 2021, quinto anivers\u00e1rio da Exorta\u00e7\u00e3o Apost\u00f3lica P\u00f3s-sinodal, <em>Amoris laetitia<\/em>, sobre a beleza e a alegria do amor, o Papa Francisco instituiu a abertura do \u201cAno da Fam\u00edlia\u201d. Teve in\u00edcio no \u00faltimo dia 19 de mar\u00e7o, dia de S\u00e3o Jos\u00e9, e terminar\u00e1 no dia 26 de junho de 2022, durante o 10\u00ba Encontro Mundial das Fam\u00edlias, em Roma. Segundo o Sumo Pont\u00edfice, na fam\u00edlia h\u00e1 tr\u00eas palavras que devem ser sempre protegidas: &#8216;permiss\u00e3o&#8217;, &#8216;obrigado&#8217;, &#8216;perd\u00e3o&#8217;. Ou seja, pode-se experimentar uma sincera fraternidade, amorosidade e comunh\u00e3o. Mas isso somente, segundo o Sumo Pont\u00edfice, \u201cquando os afetos s\u00e3o s\u00e9rios, profundos, puros, quando o perd\u00e3o prevalece sobre as disc\u00f3rdias, quando a dureza cotidiana da vida \u00e9 suavizada pela ternura m\u00fatua e pela serena ades\u00e3o \u00e0 vontade de Deus\u201d.<\/p>\n<hr \/>\n<p><strong>Frei Augusto Luiz Gabriel, ofm,\u00a0<\/strong><em>\u00e9 frade estudante de Teologia no Instituto Teol\u00f3gico Franciscano (ITF). Este artigo foi publicado originalmente na \u201cRevista Ave-Maria\u201d.<\/em><\/p>\n","protected":false},"excerpt":{"rendered":"<p>Artigo de Frei Augusto Luiz Gabriel<\/p>\n","protected":false},"author":3,"featured_media":189667,"comment_status":"open","ping_status":"open","sticky":false,"template":"","format":"standard","meta":{"footnotes":""},"categories":[26],"tags":[352],"yoast_head":"<!-- This site is optimized with the Yoast SEO plugin v19.4 - https:\/\/yoast.com\/wordpress\/plugins\/seo\/ -->\n<title>\u00a0\u201cQue as fam\u00edlias n\u00e3o percam a capacidade de sonhar\u201d - Vida Crist\u00e3 - Franciscanos<\/title>\n<meta name=\"robots\" content=\"index, follow, max-snippet:-1, max-image-preview:large, max-video-preview:-1\" \/>\n<link rel=\"canonical\" href=\"https:\/\/franciscanos.org.br\/vidacrista\/que-as-familias-nao-percam-a-capacidade-de-sonhar\/\" \/>\n<meta property=\"og:locale\" content=\"pt_BR\" \/>\n<meta property=\"og:type\" content=\"article\" \/>\n<meta property=\"og:title\" content=\"\u00a0\u201cQue as fam\u00edlias n\u00e3o percam a capacidade de sonhar\u201d - Vida Crist\u00e3 - Franciscanos\" \/>\n<meta property=\"og:description\" content=\"Artigo de Frei Augusto Luiz Gabriel\" \/>\n<meta property=\"og:url\" content=\"https:\/\/franciscanos.org.br\/vidacrista\/que-as-familias-nao-percam-a-capacidade-de-sonhar\/\" \/>\n<meta property=\"og:site_name\" content=\"Vida Crist\u00e3 - Franciscanos\" \/>\n<meta property=\"article:published_time\" content=\"2021-06-02T10:12:10+00:00\" \/>\n<meta property=\"article:modified_time\" content=\"2021-06-03T08:02:40+00:00\" \/>\n<meta property=\"og:image\" content=\"https:\/\/franciscanos.org.br\/vidacrista\/wp-content\/uploads\/2021\/06\/familia_02d.png\" \/>\n\t<meta property=\"og:image:width\" content=\"800\" \/>\n\t<meta property=\"og:image:height\" content=\"550\" \/>\n\t<meta property=\"og:image:type\" content=\"image\/png\" \/>\n<meta name=\"author\" content=\"moacir\" \/>\n<meta name=\"twitter:card\" content=\"summary_large_image\" \/>\n<meta name=\"twitter:label1\" content=\"Escrito por\" \/>\n\t<meta name=\"twitter:data1\" content=\"moacir\" \/>\n\t<meta name=\"twitter:label2\" content=\"Est. tempo de leitura\" \/>\n\t<meta name=\"twitter:data2\" content=\"4 minutos\" \/>\n<script type=\"application\/ld+json\" class=\"yoast-schema-graph\">{\"@context\":\"https:\/\/schema.org\",\"@graph\":[{\"@type\":\"WebSite\",\"@id\":\"https:\/\/franciscanos.org.br\/vidacrista\/#website\",\"url\":\"https:\/\/franciscanos.org.br\/vidacrista\/\",\"name\":\"Vida Crist\u00e3 - Franciscanos\",\"description\":\"Prov\u00edncia Franciscana da Imaculada Concei\u00e7\u00e3o do Brasil - Ordem dos Frades Menores\",\"potentialAction\":[{\"@type\":\"SearchAction\",\"target\":{\"@type\":\"EntryPoint\",\"urlTemplate\":\"https:\/\/franciscanos.org.br\/vidacrista\/?s={search_term_string}\"},\"query-input\":\"required name=search_term_string\"}],\"inLanguage\":\"pt-BR\"},{\"@type\":\"WebPage\",\"@id\":\"https:\/\/franciscanos.org.br\/vidacrista\/que-as-familias-nao-percam-a-capacidade-de-sonhar\/\",\"url\":\"https:\/\/franciscanos.org.br\/vidacrista\/que-as-familias-nao-percam-a-capacidade-de-sonhar\/\",\"name\":\"\u00a0\u201cQue as fam\u00edlias n\u00e3o percam a capacidade de sonhar\u201d - Vida Crist\u00e3 - Franciscanos\",\"isPartOf\":{\"@id\":\"https:\/\/franciscanos.org.br\/vidacrista\/#website\"},\"datePublished\":\"2021-06-02T10:12:10+00:00\",\"dateModified\":\"2021-06-03T08:02:40+00:00\",\"author\":{\"@id\":\"https:\/\/franciscanos.org.br\/vidacrista\/#\/schema\/person\/1880bdd2c350b735648725ef7614736a\"},\"breadcrumb\":{\"@id\":\"https:\/\/franciscanos.org.br\/vidacrista\/que-as-familias-nao-percam-a-capacidade-de-sonhar\/#breadcrumb\"},\"inLanguage\":\"pt-BR\",\"potentialAction\":[{\"@type\":\"ReadAction\",\"target\":[\"https:\/\/franciscanos.org.br\/vidacrista\/que-as-familias-nao-percam-a-capacidade-de-sonhar\/\"]}]},{\"@type\":\"BreadcrumbList\",\"@id\":\"https:\/\/franciscanos.org.br\/vidacrista\/que-as-familias-nao-percam-a-capacidade-de-sonhar\/#breadcrumb\",\"itemListElement\":[{\"@type\":\"ListItem\",\"position\":1,\"name\":\"Home\",\"item\":\"https:\/\/franciscanos.org.br\/vidacrista\/\"},{\"@type\":\"ListItem\",\"position\":2,\"name\":\"\u00a0\u201cQue as fam\u00edlias n\u00e3o percam a capacidade de sonhar\u201d\"}]},{\"@type\":\"Person\",\"@id\":\"https:\/\/franciscanos.org.br\/vidacrista\/#\/schema\/person\/1880bdd2c350b735648725ef7614736a\",\"name\":\"moacir\",\"image\":{\"@type\":\"ImageObject\",\"inLanguage\":\"pt-BR\",\"@id\":\"https:\/\/franciscanos.org.br\/vidacrista\/#\/schema\/person\/image\/\",\"url\":\"https:\/\/secure.gravatar.com\/avatar\/d08aa2ce4c8dd416d4479aa8536fcf64?s=96&d=mm&r=g\",\"contentUrl\":\"https:\/\/secure.gravatar.com\/avatar\/d08aa2ce4c8dd416d4479aa8536fcf64?s=96&d=mm&r=g\",\"caption\":\"moacir\"},\"url\":\"https:\/\/franciscanos.org.br\/vidacrista\/author\/moacir\/\"}]}<\/script>\n<!-- \/ Yoast SEO plugin. -->","yoast_head_json":{"title":"\u00a0\u201cQue as fam\u00edlias n\u00e3o percam a capacidade de sonhar\u201d - Vida Crist\u00e3 - Franciscanos","robots":{"index":"index","follow":"follow","max-snippet":"max-snippet:-1","max-image-preview":"max-image-preview:large","max-video-preview":"max-video-preview:-1"},"canonical":"https:\/\/franciscanos.org.br\/vidacrista\/que-as-familias-nao-percam-a-capacidade-de-sonhar\/","og_locale":"pt_BR","og_type":"article","og_title":"\u00a0\u201cQue as fam\u00edlias n\u00e3o percam a capacidade de sonhar\u201d - Vida Crist\u00e3 - Franciscanos","og_description":"Artigo de Frei Augusto Luiz Gabriel","og_url":"https:\/\/franciscanos.org.br\/vidacrista\/que-as-familias-nao-percam-a-capacidade-de-sonhar\/","og_site_name":"Vida Crist\u00e3 - Franciscanos","article_published_time":"2021-06-02T10:12:10+00:00","article_modified_time":"2021-06-03T08:02:40+00:00","og_image":[{"width":800,"height":550,"url":"https:\/\/franciscanos.org.br\/vidacrista\/wp-content\/uploads\/2021\/06\/familia_02d.png","type":"image\/png"}],"author":"moacir","twitter_card":"summary_large_image","twitter_misc":{"Escrito por":"moacir","Est. tempo de leitura":"4 minutos"},"schema":{"@context":"https:\/\/schema.org","@graph":[{"@type":"WebSite","@id":"https:\/\/franciscanos.org.br\/vidacrista\/#website","url":"https:\/\/franciscanos.org.br\/vidacrista\/","name":"Vida Crist\u00e3 - Franciscanos","description":"Prov\u00edncia Franciscana da Imaculada Concei\u00e7\u00e3o do Brasil - Ordem dos Frades Menores","potentialAction":[{"@type":"SearchAction","target":{"@type":"EntryPoint","urlTemplate":"https:\/\/franciscanos.org.br\/vidacrista\/?s={search_term_string}"},"query-input":"required name=search_term_string"}],"inLanguage":"pt-BR"},{"@type":"WebPage","@id":"https:\/\/franciscanos.org.br\/vidacrista\/que-as-familias-nao-percam-a-capacidade-de-sonhar\/","url":"https:\/\/franciscanos.org.br\/vidacrista\/que-as-familias-nao-percam-a-capacidade-de-sonhar\/","name":"\u00a0\u201cQue as fam\u00edlias n\u00e3o percam a capacidade de sonhar\u201d - Vida Crist\u00e3 - Franciscanos","isPartOf":{"@id":"https:\/\/franciscanos.org.br\/vidacrista\/#website"},"datePublished":"2021-06-02T10:12:10+00:00","dateModified":"2021-06-03T08:02:40+00:00","author":{"@id":"https:\/\/franciscanos.org.br\/vidacrista\/#\/schema\/person\/1880bdd2c350b735648725ef7614736a"},"breadcrumb":{"@id":"https:\/\/franciscanos.org.br\/vidacrista\/que-as-familias-nao-percam-a-capacidade-de-sonhar\/#breadcrumb"},"inLanguage":"pt-BR","potentialAction":[{"@type":"ReadAction","target":["https:\/\/franciscanos.org.br\/vidacrista\/que-as-familias-nao-percam-a-capacidade-de-sonhar\/"]}]},{"@type":"BreadcrumbList","@id":"https:\/\/franciscanos.org.br\/vidacrista\/que-as-familias-nao-percam-a-capacidade-de-sonhar\/#breadcrumb","itemListElement":[{"@type":"ListItem","position":1,"name":"Home","item":"https:\/\/franciscanos.org.br\/vidacrista\/"},{"@type":"ListItem","position":2,"name":"\u00a0\u201cQue as fam\u00edlias n\u00e3o percam a capacidade de sonhar\u201d"}]},{"@type":"Person","@id":"https:\/\/franciscanos.org.br\/vidacrista\/#\/schema\/person\/1880bdd2c350b735648725ef7614736a","name":"moacir","image":{"@type":"ImageObject","inLanguage":"pt-BR","@id":"https:\/\/franciscanos.org.br\/vidacrista\/#\/schema\/person\/image\/","url":"https:\/\/secure.gravatar.com\/avatar\/d08aa2ce4c8dd416d4479aa8536fcf64?s=96&d=mm&r=g","contentUrl":"https:\/\/secure.gravatar.com\/avatar\/d08aa2ce4c8dd416d4479aa8536fcf64?s=96&d=mm&r=g","caption":"moacir"},"url":"https:\/\/franciscanos.org.br\/vidacrista\/author\/moacir\/"}]}},"_links":{"self":[{"href":"https:\/\/franciscanos.org.br\/vidacrista\/wp-json\/wp\/v2\/posts\/189665"}],"collection":[{"href":"https:\/\/franciscanos.org.br\/vidacrista\/wp-json\/wp\/v2\/posts"}],"about":[{"href":"https:\/\/franciscanos.org.br\/vidacrista\/wp-json\/wp\/v2\/types\/post"}],"author":[{"embeddable":true,"href":"https:\/\/franciscanos.org.br\/vidacrista\/wp-json\/wp\/v2\/users\/3"}],"replies":[{"embeddable":true,"href":"https:\/\/franciscanos.org.br\/vidacrista\/wp-json\/wp\/v2\/comments?post=189665"}],"version-history":[{"count":3,"href":"https:\/\/franciscanos.org.br\/vidacrista\/wp-json\/wp\/v2\/posts\/189665\/revisions"}],"predecessor-version":[{"id":189677,"href":"https:\/\/franciscanos.org.br\/vidacrista\/wp-json\/wp\/v2\/posts\/189665\/revisions\/189677"}],"wp:featuredmedia":[{"embeddable":true,"href":"https:\/\/franciscanos.org.br\/vidacrista\/wp-json\/wp\/v2\/media\/189667"}],"wp:attachment":[{"href":"https:\/\/franciscanos.org.br\/vidacrista\/wp-json\/wp\/v2\/media?parent=189665"}],"wp:term":[{"taxonomy":"category","embeddable":true,"href":"https:\/\/franciscanos.org.br\/vidacrista\/wp-json\/wp\/v2\/categories?post=189665"},{"taxonomy":"post_tag","embeddable":true,"href":"https:\/\/franciscanos.org.br\/vidacrista\/wp-json\/wp\/v2\/tags?post=189665"}],"curies":[{"name":"wp","href":"https:\/\/api.w.org\/{rel}","templated":true}]}}