{"id":189649,"date":"2021-05-31T08:12:26","date_gmt":"2021-05-31T11:12:26","guid":{"rendered":"https:\/\/franciscanos.org.br\/vidacrista\/?p=189649"},"modified":"2021-05-31T08:21:06","modified_gmt":"2021-05-31T11:21:06","slug":"economia-de-comunhao-30-anos","status":"publish","type":"post","link":"https:\/\/franciscanos.org.br\/vidacrista\/economia-de-comunhao-30-anos\/","title":{"rendered":"Economia de Comunh\u00e3o &#8211; 30 anos"},"content":{"rendered":"<div id=\"attachment_189651\" style=\"width: 850px\" class=\"wp-caption alignnone\"><img aria-describedby=\"caption-attachment-189651\" decoding=\"async\" loading=\"lazy\" class=\"wp-image-189651 size-full\" src=\"https:\/\/franciscanos.org.br\/vidacrista\/wp-content\/uploads\/2021\/05\/focolare_31.jpg\" alt=\"\" width=\"840\" height=\"450\" srcset=\"https:\/\/franciscanos.org.br\/vidacrista\/wp-content\/uploads\/2021\/05\/focolare_31.jpg 840w, https:\/\/franciscanos.org.br\/vidacrista\/wp-content\/uploads\/2021\/05\/focolare_31-450x241.jpg 450w, https:\/\/franciscanos.org.br\/vidacrista\/wp-content\/uploads\/2021\/05\/focolare_31-768x411.jpg 768w, https:\/\/franciscanos.org.br\/vidacrista\/wp-content\/uploads\/2021\/05\/focolare_31-150x80.jpg 150w\" sizes=\"(max-width: 840px) 100vw, 840px\" \/><p id=\"caption-attachment-189651\" class=\"wp-caption-text\"><em>\u00a0 \u00a0 \u00a0 \u00a0 \u00a0 \u00a0 \u00a0 \u00a0 \u00a0 \u00a0 \u00a0 \u00a0 \u00a0 \u00a0 \u00a0 \u00a0 \u00a0 \u00a0 \u00a0 \u00a0 \u00a0 \u00a0 \u00a0 \u00a0 \u00a0 \u00a0 \u00a0 \u00a0 \u00a0 \u00a0 \u00a0 \u00a0 \u00a0 \u00a0 \u00a0 \u00a0 \u00a0 \u00a0 \u00a0 \u00a0 \u00a0 \u00a0 \u00a0 \u00a0 \u00a0 \u00a0Imagem: Vatican Media<\/em><\/p><\/div>\n<p><strong>Robson Ribeiro de Oliveira Castro<\/strong><\/p>\n<p>Em 29 de maio de 1991, Chiara Lubich, fundadora do Movimento dos Focolares, movida com a dif\u00edcil situa\u00e7\u00e3o social brasileira,\u00a0 principalmente a realidade das favelas e a crise econ\u00f4mica que assolava e, ainda assola nosso pais, al\u00e9m da enorme desigualdade social caracter\u00edstica da realidade do fim do mil\u00eanio passado,\u00a0 lan\u00e7ou o projeto da Economia de Comunh\u00e3o (EdC).<\/p>\n<p>Este projeto, que tomou propor\u00e7\u00f5es grandiosas e atingiu todo o mundo, tem por objetivo propor uma nova rela\u00e7\u00e3o entre a sociedade e o capital. \u00c9 importante observar a promo\u00e7\u00e3o humana e relacionar a condi\u00e7\u00e3o econ\u00f4mica a uma proposta de desenvolvimento social. Desta forma, a EdC se fundamentou como uma saud\u00e1vel alternativa ao capitalismo selvagem, atenta \u00e0 realidade, ao compromisso com o desenvolvimento das classes mais fr\u00e1geis e ao aux\u00edlio da popula\u00e7\u00e3o que sofre com a pobreza.<\/p>\n<p>Atrelado ao pensamento da Doutrina Social da Igreja, \u00e9 importante observar que o trabalho tem uma prioridade para o ser humano; \u00e9 considerado uma necessidade para a manuten\u00e7\u00e3o da fam\u00edlia e, quando \u00e9 pensado na proposta de um bem comum\u00a0 no conjunto de meios de produ\u00e7\u00e3o, constituiu um grande instrumento e uma perspicaz realidade para as rela\u00e7\u00f5es humanas na sociedade. (Cf. <em>Comp\u00eandio Doutrina Social da Igreja Cat\u00f3lica<\/em>, N\u00ba 277).<\/p>\n<p>No contexto em que vivemos, 30 anos ap\u00f3s, a G\u00eanese da EdC encontramos realidades de projetos que foram fecundos e que atuam no meio social. Desta forma, a EdC entende a rela\u00e7\u00e3o entre o capital produzido e o trabalho de seus membros, visando colocar em comum a riqueza produzida por meio do trabalho e, assim, fomentar a partilha mediante a comunh\u00e3o e a fraternidade entre os trabalhadores. Com este aspecto e esta condi\u00e7\u00e3o, a EdC se coloca como colaboradora no combate \u00e0 pobreza, atrav\u00e9s da ascens\u00e3o da cultura e da reparti\u00e7\u00e3o dos bens, espirituais ou materiais.<\/p>\n<p>Assim, diante desta realidade, \u00e9 importante observar o momento que vivemos e o combate \u00e0 fome e \u00e0 mis\u00e9ria. Desta forma, no \u201cPrograma de forma\u00e7\u00e3o de Economia de Comunh\u00e3o 2020\u201d, encontramos a seguinte constata\u00e7\u00e3o: \u201cPercebemos em diversas situa\u00e7\u00f5es que existem muitas experi\u00eancias concretas de empresas, empreendimentos e pessoas que vivem a Economia de Comunh\u00e3o, que comprovam que nossos objetivos e fundamentos s\u00e3o poss\u00edveis. Ao mesmo tempo verificamos que localmente existe a dificuldade de fortalecimento de grupos e a\u00e7\u00f5es nas comunidades\u201d.<\/p>\n<p>\u00c9 importante observar que a proposta da EdC \u00e9, entre outras realidades, prop\u00f5e uma economia que esteja a servi\u00e7o dos mais pobres. Para tanto \u00e9 preciso que haja coopera\u00e7\u00e3o e uma proposta aut\u00eantica de ajuda m\u00fatua, interligada e atenta a desenvolver pr\u00e1ticas contra a desigualdade e atenta \u00e0 condi\u00e7\u00e3o de se doar ao pr\u00f3ximo.<\/p>\n<p>Assim, antes mesmo de pensar em bens mat\u00e9rias e na cultura do ter, atrelada ao desgaste do meio ambiente, \u00e9 preciso se doar ao outro, assim como Deus deu seu filho e se doou \u00e0 Cria\u00e7\u00e3o. Deste modo, o ser humano, um ser relacional,\u00a0 realiza-se na medida em que se doa ao outro e se considera parte de um processo aut\u00eantico de aproxima\u00e7\u00e3o e convers\u00e3o. O ser humano se realiza na medida que se doa para o outro, numa rela\u00e7\u00e3o de amor ainda que possa ser considerada \u00e1rdua, heroica e at\u00e9 mesmo dif\u00edcil por muitos.<\/p>\n<hr \/>\n<p><strong>Robson Ribeiro de Oliveira Castro<\/strong>\u00a0\u00a0<em>\u00e9 leigo. Mestre em Teologia pela Faculdade Jesu\u00edta de Filosofia e Teologia (FAJE). Atualmente leciona no Instituto Teol\u00f3gico Franciscano (ITF). E-mail: robsonrcastro@yahoo.com.br.<\/em><\/p>\n","protected":false},"excerpt":{"rendered":"<p>Artigo de Robson Ribeiro de Oliveira Castro<\/p>\n","protected":false},"author":3,"featured_media":189650,"comment_status":"open","ping_status":"open","sticky":false,"template":"","format":"standard","meta":{"footnotes":""},"categories":[26],"tags":[328],"yoast_head":"<!-- This site is optimized with the Yoast SEO plugin v19.4 - https:\/\/yoast.com\/wordpress\/plugins\/seo\/ -->\n<title>Economia de Comunh\u00e3o - 30 anos - Vida Crist\u00e3 - Franciscanos<\/title>\n<meta name=\"robots\" content=\"index, follow, max-snippet:-1, max-image-preview:large, max-video-preview:-1\" \/>\n<link rel=\"canonical\" href=\"https:\/\/franciscanos.org.br\/vidacrista\/economia-de-comunhao-30-anos\/\" \/>\n<meta property=\"og:locale\" content=\"pt_BR\" \/>\n<meta property=\"og:type\" content=\"article\" \/>\n<meta property=\"og:title\" content=\"Economia de Comunh\u00e3o - 30 anos - Vida Crist\u00e3 - Franciscanos\" \/>\n<meta property=\"og:description\" content=\"Artigo de Robson Ribeiro de Oliveira Castro\" \/>\n<meta property=\"og:url\" content=\"https:\/\/franciscanos.org.br\/vidacrista\/economia-de-comunhao-30-anos\/\" \/>\n<meta property=\"og:site_name\" content=\"Vida Crist\u00e3 - Franciscanos\" \/>\n<meta property=\"article:published_time\" content=\"2021-05-31T11:12:26+00:00\" \/>\n<meta property=\"article:modified_time\" content=\"2021-05-31T11:21:06+00:00\" \/>\n<meta property=\"og:image\" content=\"https:\/\/franciscanos.org.br\/vidacrista\/wp-content\/uploads\/2021\/05\/focolare_31d.jpg\" \/>\n\t<meta property=\"og:image:width\" content=\"800\" \/>\n\t<meta property=\"og:image:height\" content=\"550\" \/>\n\t<meta property=\"og:image:type\" content=\"image\/jpeg\" \/>\n<meta name=\"author\" content=\"moacir\" \/>\n<meta name=\"twitter:card\" content=\"summary_large_image\" \/>\n<meta name=\"twitter:label1\" content=\"Escrito por\" \/>\n\t<meta name=\"twitter:data1\" content=\"moacir\" \/>\n\t<meta name=\"twitter:label2\" content=\"Est. tempo de leitura\" \/>\n\t<meta name=\"twitter:data2\" content=\"3 minutos\" \/>\n<script type=\"application\/ld+json\" class=\"yoast-schema-graph\">{\"@context\":\"https:\/\/schema.org\",\"@graph\":[{\"@type\":\"WebSite\",\"@id\":\"https:\/\/franciscanos.org.br\/vidacrista\/#website\",\"url\":\"https:\/\/franciscanos.org.br\/vidacrista\/\",\"name\":\"Vida Crist\u00e3 - Franciscanos\",\"description\":\"Prov\u00edncia Franciscana da Imaculada Concei\u00e7\u00e3o do Brasil - Ordem dos Frades Menores\",\"potentialAction\":[{\"@type\":\"SearchAction\",\"target\":{\"@type\":\"EntryPoint\",\"urlTemplate\":\"https:\/\/franciscanos.org.br\/vidacrista\/?s={search_term_string}\"},\"query-input\":\"required name=search_term_string\"}],\"inLanguage\":\"pt-BR\"},{\"@type\":\"WebPage\",\"@id\":\"https:\/\/franciscanos.org.br\/vidacrista\/economia-de-comunhao-30-anos\/\",\"url\":\"https:\/\/franciscanos.org.br\/vidacrista\/economia-de-comunhao-30-anos\/\",\"name\":\"Economia de Comunh\u00e3o - 30 anos - Vida Crist\u00e3 - Franciscanos\",\"isPartOf\":{\"@id\":\"https:\/\/franciscanos.org.br\/vidacrista\/#website\"},\"datePublished\":\"2021-05-31T11:12:26+00:00\",\"dateModified\":\"2021-05-31T11:21:06+00:00\",\"author\":{\"@id\":\"https:\/\/franciscanos.org.br\/vidacrista\/#\/schema\/person\/1880bdd2c350b735648725ef7614736a\"},\"breadcrumb\":{\"@id\":\"https:\/\/franciscanos.org.br\/vidacrista\/economia-de-comunhao-30-anos\/#breadcrumb\"},\"inLanguage\":\"pt-BR\",\"potentialAction\":[{\"@type\":\"ReadAction\",\"target\":[\"https:\/\/franciscanos.org.br\/vidacrista\/economia-de-comunhao-30-anos\/\"]}]},{\"@type\":\"BreadcrumbList\",\"@id\":\"https:\/\/franciscanos.org.br\/vidacrista\/economia-de-comunhao-30-anos\/#breadcrumb\",\"itemListElement\":[{\"@type\":\"ListItem\",\"position\":1,\"name\":\"Home\",\"item\":\"https:\/\/franciscanos.org.br\/vidacrista\/\"},{\"@type\":\"ListItem\",\"position\":2,\"name\":\"Economia de Comunh\u00e3o &#8211; 30 anos\"}]},{\"@type\":\"Person\",\"@id\":\"https:\/\/franciscanos.org.br\/vidacrista\/#\/schema\/person\/1880bdd2c350b735648725ef7614736a\",\"name\":\"moacir\",\"image\":{\"@type\":\"ImageObject\",\"inLanguage\":\"pt-BR\",\"@id\":\"https:\/\/franciscanos.org.br\/vidacrista\/#\/schema\/person\/image\/\",\"url\":\"https:\/\/secure.gravatar.com\/avatar\/d08aa2ce4c8dd416d4479aa8536fcf64?s=96&d=mm&r=g\",\"contentUrl\":\"https:\/\/secure.gravatar.com\/avatar\/d08aa2ce4c8dd416d4479aa8536fcf64?s=96&d=mm&r=g\",\"caption\":\"moacir\"},\"url\":\"https:\/\/franciscanos.org.br\/vidacrista\/author\/moacir\/\"}]}<\/script>\n<!-- \/ Yoast SEO plugin. -->","yoast_head_json":{"title":"Economia de Comunh\u00e3o - 30 anos - Vida Crist\u00e3 - Franciscanos","robots":{"index":"index","follow":"follow","max-snippet":"max-snippet:-1","max-image-preview":"max-image-preview:large","max-video-preview":"max-video-preview:-1"},"canonical":"https:\/\/franciscanos.org.br\/vidacrista\/economia-de-comunhao-30-anos\/","og_locale":"pt_BR","og_type":"article","og_title":"Economia de Comunh\u00e3o - 30 anos - Vida Crist\u00e3 - Franciscanos","og_description":"Artigo de Robson Ribeiro de Oliveira Castro","og_url":"https:\/\/franciscanos.org.br\/vidacrista\/economia-de-comunhao-30-anos\/","og_site_name":"Vida Crist\u00e3 - Franciscanos","article_published_time":"2021-05-31T11:12:26+00:00","article_modified_time":"2021-05-31T11:21:06+00:00","og_image":[{"width":800,"height":550,"url":"https:\/\/franciscanos.org.br\/vidacrista\/wp-content\/uploads\/2021\/05\/focolare_31d.jpg","type":"image\/jpeg"}],"author":"moacir","twitter_card":"summary_large_image","twitter_misc":{"Escrito por":"moacir","Est. tempo de leitura":"3 minutos"},"schema":{"@context":"https:\/\/schema.org","@graph":[{"@type":"WebSite","@id":"https:\/\/franciscanos.org.br\/vidacrista\/#website","url":"https:\/\/franciscanos.org.br\/vidacrista\/","name":"Vida Crist\u00e3 - Franciscanos","description":"Prov\u00edncia Franciscana da Imaculada Concei\u00e7\u00e3o do Brasil - Ordem dos Frades Menores","potentialAction":[{"@type":"SearchAction","target":{"@type":"EntryPoint","urlTemplate":"https:\/\/franciscanos.org.br\/vidacrista\/?s={search_term_string}"},"query-input":"required name=search_term_string"}],"inLanguage":"pt-BR"},{"@type":"WebPage","@id":"https:\/\/franciscanos.org.br\/vidacrista\/economia-de-comunhao-30-anos\/","url":"https:\/\/franciscanos.org.br\/vidacrista\/economia-de-comunhao-30-anos\/","name":"Economia de Comunh\u00e3o - 30 anos - Vida Crist\u00e3 - Franciscanos","isPartOf":{"@id":"https:\/\/franciscanos.org.br\/vidacrista\/#website"},"datePublished":"2021-05-31T11:12:26+00:00","dateModified":"2021-05-31T11:21:06+00:00","author":{"@id":"https:\/\/franciscanos.org.br\/vidacrista\/#\/schema\/person\/1880bdd2c350b735648725ef7614736a"},"breadcrumb":{"@id":"https:\/\/franciscanos.org.br\/vidacrista\/economia-de-comunhao-30-anos\/#breadcrumb"},"inLanguage":"pt-BR","potentialAction":[{"@type":"ReadAction","target":["https:\/\/franciscanos.org.br\/vidacrista\/economia-de-comunhao-30-anos\/"]}]},{"@type":"BreadcrumbList","@id":"https:\/\/franciscanos.org.br\/vidacrista\/economia-de-comunhao-30-anos\/#breadcrumb","itemListElement":[{"@type":"ListItem","position":1,"name":"Home","item":"https:\/\/franciscanos.org.br\/vidacrista\/"},{"@type":"ListItem","position":2,"name":"Economia de Comunh\u00e3o &#8211; 30 anos"}]},{"@type":"Person","@id":"https:\/\/franciscanos.org.br\/vidacrista\/#\/schema\/person\/1880bdd2c350b735648725ef7614736a","name":"moacir","image":{"@type":"ImageObject","inLanguage":"pt-BR","@id":"https:\/\/franciscanos.org.br\/vidacrista\/#\/schema\/person\/image\/","url":"https:\/\/secure.gravatar.com\/avatar\/d08aa2ce4c8dd416d4479aa8536fcf64?s=96&d=mm&r=g","contentUrl":"https:\/\/secure.gravatar.com\/avatar\/d08aa2ce4c8dd416d4479aa8536fcf64?s=96&d=mm&r=g","caption":"moacir"},"url":"https:\/\/franciscanos.org.br\/vidacrista\/author\/moacir\/"}]}},"_links":{"self":[{"href":"https:\/\/franciscanos.org.br\/vidacrista\/wp-json\/wp\/v2\/posts\/189649"}],"collection":[{"href":"https:\/\/franciscanos.org.br\/vidacrista\/wp-json\/wp\/v2\/posts"}],"about":[{"href":"https:\/\/franciscanos.org.br\/vidacrista\/wp-json\/wp\/v2\/types\/post"}],"author":[{"embeddable":true,"href":"https:\/\/franciscanos.org.br\/vidacrista\/wp-json\/wp\/v2\/users\/3"}],"replies":[{"embeddable":true,"href":"https:\/\/franciscanos.org.br\/vidacrista\/wp-json\/wp\/v2\/comments?post=189649"}],"version-history":[{"count":3,"href":"https:\/\/franciscanos.org.br\/vidacrista\/wp-json\/wp\/v2\/posts\/189649\/revisions"}],"predecessor-version":[{"id":189654,"href":"https:\/\/franciscanos.org.br\/vidacrista\/wp-json\/wp\/v2\/posts\/189649\/revisions\/189654"}],"wp:featuredmedia":[{"embeddable":true,"href":"https:\/\/franciscanos.org.br\/vidacrista\/wp-json\/wp\/v2\/media\/189650"}],"wp:attachment":[{"href":"https:\/\/franciscanos.org.br\/vidacrista\/wp-json\/wp\/v2\/media?parent=189649"}],"wp:term":[{"taxonomy":"category","embeddable":true,"href":"https:\/\/franciscanos.org.br\/vidacrista\/wp-json\/wp\/v2\/categories?post=189649"},{"taxonomy":"post_tag","embeddable":true,"href":"https:\/\/franciscanos.org.br\/vidacrista\/wp-json\/wp\/v2\/tags?post=189649"}],"curies":[{"name":"wp","href":"https:\/\/api.w.org\/{rel}","templated":true}]}}