{"id":189640,"date":"2021-05-27T09:15:53","date_gmt":"2021-05-27T12:15:53","guid":{"rendered":"https:\/\/franciscanos.org.br\/vidacrista\/?p=189640"},"modified":"2021-05-31T06:49:27","modified_gmt":"2021-05-31T09:49:27","slug":"trindade-a-uniao-no-amor-na-diversidade-plural-e-na-igreja-de-batizados-mt-2816-20","status":"publish","type":"post","link":"https:\/\/franciscanos.org.br\/vidacrista\/trindade-a-uniao-no-amor-na-diversidade-plural-e-na-igreja-de-batizados-mt-2816-20\/","title":{"rendered":"Trindade: a uni\u00e3o no amor, na diversidade plural e na Igreja de batizados (Mt 28,16-20)"},"content":{"rendered":"<div id=\"attachment_189641\" style=\"width: 850px\" class=\"wp-caption alignnone\"><img aria-describedby=\"caption-attachment-189641\" decoding=\"async\" loading=\"lazy\" class=\"wp-image-189641 size-full\" src=\"https:\/\/franciscanos.org.br\/vidacrista\/wp-content\/uploads\/2021\/05\/artigo_27_1.jpg\" alt=\"\" width=\"840\" height=\"450\" srcset=\"https:\/\/franciscanos.org.br\/vidacrista\/wp-content\/uploads\/2021\/05\/artigo_27_1.jpg 840w, https:\/\/franciscanos.org.br\/vidacrista\/wp-content\/uploads\/2021\/05\/artigo_27_1-450x241.jpg 450w, https:\/\/franciscanos.org.br\/vidacrista\/wp-content\/uploads\/2021\/05\/artigo_27_1-768x411.jpg 768w, https:\/\/franciscanos.org.br\/vidacrista\/wp-content\/uploads\/2021\/05\/artigo_27_1-150x80.jpg 150w\" sizes=\"(max-width: 840px) 100vw, 840px\" \/><p id=\"caption-attachment-189641\" class=\"wp-caption-text\"><em>\u00a0Imagem ilustrativa (fonte: <a href=\"https:\/\/www.cathopic.com\/\">Catholic Pictures<\/a>)<\/em><\/p><\/div>\n<p><em>Frei Jacir de Freitas Faria, OFM<\/em><a href=\"#_ftn1\" name=\"_ftnref1\">[1]<\/a><\/p>\n<p>A partir do evangelho de Mt 28,16-20, vamos compreender o sentido da Trindade a partir de sua rela\u00e7\u00e3o com o batismo. Primeiro, uma pergunta: o que \u00e9 mesmo Trindade? Voc\u00ea, com certeza, dir\u00e1 que j\u00e1 sabe o que \u00e9 Trindade. Ser\u00e1? Sim e n\u00e3o. Qual crist\u00e3o cat\u00f3lico que n\u00e3o aprendeu, desde pequeno, a fazer o sinal da cruz sobre a fronte invocando o Pai, o Filho e o Esp\u00edrito Santo. \u00c9 bem verdade que o sinal da cruz, nascido nos primeiros s\u00e9culos do cristianismo, tinha como objetivo visualizar a f\u00e9 na morte e ressurrei\u00e7\u00e3o de Jesus. S\u00f3 mais tarde \u00e9 que ele foi associado \u00e0 Trindade. Os evang\u00e9licos n\u00e3o fazem o sinal da cruz com a justificativa de que ele n\u00e3o tem fundamenta\u00e7\u00e3o b\u00edblica.<\/p>\n<p>Para responder \u00e0s perguntas acima, vamos pontuar a hist\u00f3ria da compreens\u00e3o da f\u00e9 trinit\u00e1ria, sua simbologia, sua rela\u00e7\u00e3o com o texto b\u00edblico, com a tradi\u00e7\u00e3o e sua import\u00e2ncia para os nossos dias.<\/p>\n<p><iframe loading=\"lazy\" title=\"Reflex\u00e3o b\u00edblica - Solenidade da Sant\u00edssima Trindade (30\/05\/2021)\" width=\"500\" height=\"281\" src=\"https:\/\/www.youtube.com\/embed\/UVn8jYdketA?start=3&#038;feature=oembed\" frameborder=\"0\" allow=\"accelerometer; autoplay; clipboard-write; encrypted-media; gyroscope; picture-in-picture\" allowfullscreen><\/iframe><\/p>\n<p>O substantivo Trindade nos recorda o n\u00famero tr\u00eas. Ele vem do latim (<em>trinitas<\/em>) e quer dizer tr\u00edade ou tr\u00eas. A tr\u00edplice men\u00e7\u00e3o do Pai, do Filho e do Esp\u00edrito Santo e sua rela\u00e7\u00e3o com o batismo, conforme Mt 28,16-20, fez da Trindade a marca de todo crist\u00e3o batizado. Essa cita\u00e7\u00e3o reflete a pr\u00e1tica das comunidades do primeiro s\u00e9culo do cristianismo. No entanto, quem usou pela primeira vez o termo Trindade foi Tertuliano (160-220 E.C.)<\/p>\n<p>Agora, vejamos o simbolismo do n\u00famero tr\u00eas. Ele representa no juda\u00edsmo a uni\u00e3o e a consist\u00eancia. O tr\u00eas tem rela\u00e7\u00e3o com o Sagrado. O fazer tr\u00eas vezes uma coisa significa que ela \u00e9 dur\u00e1vel e firme em toda a vida. Por isso, o judeu teria que ir tr\u00eas vezes ao Templo de Jerusal\u00e9m durante o ano, nas festas das Tendas, da P\u00e1scoa e de Pentecostes. Ah! Outro detalhe, a B\u00edblia dos judeus, o Primeiro Testamento, est\u00e1 dividido em tr\u00eas partes (Tor\u00e1, Profetas e Escritos).<\/p>\n<p>Na B\u00edblia, o tr\u00eas aparece em v\u00e1rias formas: a) a profiss\u00e3o de f\u00e9 judaica, o <em>Shem\u00e1 Israel<\/em>, est\u00e1 baseada no amor a Deus em tr\u00eas condi\u00e7\u00f5es, pr\u00e1ticas de amor: o amar com o cora\u00e7\u00e3o, com o ser e com as posses (Dt 6,4-9); tr\u00eas vezes Pedro nega a Jesus (Mt 26,69-75); tr\u00eas anjos aparecem a Abra\u00e3o no carvalho de Mambr\u00e9 (Gn 18,1-33); Jesus ressuscitou ao terceiro dia (Mt 28,1). Poder\u00edamos continuar citando in\u00fameros outros modos de usar o tr\u00eas na B\u00edblia, mas j\u00e1 basta para dizer como esse modo de pensar judaico propiciou a f\u00e9 crist\u00e3 na Trindade.<\/p>\n<p>Ainda a prop\u00f3sito do <em>Shem\u00e1 Israel<\/em>, vale ressaltar que a ess\u00eancia de Deus \u00e9 o amor.\u00a0 Falar da Trindade \u00e9 falar de amor. Falar do amor \u00e9 falar da fam\u00edlia que \u00e9 constitu\u00edda por um pai, uma m\u00e3e e um filho(a). S\u00e3o tr\u00eas pessoas unidas pelo amor. Todos s\u00e3o diferentes, mas est\u00e3o unidos na mesma raiz. O pai n\u00e3o \u00e9 a m\u00e3e, a m\u00e3e n\u00e3o \u00e9 o filho. Os tr\u00eas t\u00eam a mesma \u00fanica ess\u00eancia, a mesma natureza, mas s\u00e3o pessoas distintas. A partir dessa rela\u00e7\u00e3o, podemos compreender a Trindade.\u00a0 N\u00e3o s\u00e3o tr\u00eas deuses, mas um s\u00f3 Deus em tr\u00eas pessoas.<\/p>\n<p>Dif\u00edcil para entender? Pode ser. Saiba que, para a Igreja, tamb\u00e9m n\u00e3o foi f\u00e1cil chegar ao dogma, a express\u00e3o de f\u00e9, na Trindade. Foram s\u00e9culos de discuss\u00e3o. A declara\u00e7\u00e3o trinit\u00e1ria ocorreu no Conc\u00edlio de Niceia, em 325 E.C., e foi reafirmada no Conc\u00edlio de Constantinopla, em junho de 380, pelos bispos. O resultado dessa f\u00f3rmula de f\u00e9 est\u00e1 nos Credos de Niceia e Constantinopla. Para que isso acontecesse, muitas heresias, controv\u00e9rsias trinit\u00e1rias, foram recha\u00e7adas pela Igreja, ainda por s\u00e9culos adiante.<\/p>\n<p>No evangelho de Jo\u00e3o, Jesus, o Filho, constantemente fala de si mesmo como revela\u00e7\u00e3o do Pai. \u201cQuem me viu, viu o Pai. Eu estou no Pai e o Pai est\u00e1 em mim\u201d (Jo 14,9-11). Jesus envia, assim como o Pai, Esp\u00edrito Santo para os ap\u00f3stolos (Jo 14,15-17; 20,22). O amor est\u00e1 sempre presente no evangelho de Jo\u00e3o.<\/p>\n<p>A rela\u00e7\u00e3o trinit\u00e1ria \u00e9 a da unidade na diversidade. Para entender isso, permita-me outro exemplo. A compara\u00e7\u00e3o da Trindade com a \u00e1gua.<a href=\"#_ftn2\" name=\"_ftnref2\">[2]<\/a> Conforme sua temperatura, podemos encontrar a \u00e1gua em tr\u00eas estados: l\u00edquido, s\u00f3lido (gelo) e gasoso (vapor). Trata-se, no entanto, da mesma \u00e1gua em formas diferentes. O l\u00edquido \u00e9 o Pai, que \u00e9 a base de tudo, que est\u00e1 em toda parte, com a sua manifesta\u00e7\u00e3o plena. O gelo \u00e9 a manifesta\u00e7\u00e3o de Deus-Pai no Filho, no Jesus hist\u00f3rico. O vapor, a brisa \u00e9 a manifesta\u00e7\u00e3o de Deus-Pai no Esp\u00edrito Santo que nos d\u00e1 o vigor, o frescor da vida, embalado pela presen\u00e7a o Pai e do Filho. Em qualquer estado, a \u00e1gua sempre ser\u00e1 \u00e1gua. Viu, agora, como assim \u00e9 f\u00e1cil entender esse mist\u00e9rio de f\u00e9?<\/p>\n<p>Uma \u00faltima considera\u00e7\u00e3o. Se a Trindade \u00e9, essencialmente, a unidade na diversidade das pessoas, isto \u00e9, um \u00e9 o mesmo Deus que nos desinstala e nos coloca sempre em a\u00e7\u00e3o, haveremos de reconhecer que vivemos num mundo plural, na diversidade de dons, de opini\u00f5es, e de modos de ver o mundo na Igreja, na sociedade e na pol\u00edtica. O grande desafio do ser trinit\u00e1rio \u00e9 respeitar as diferen\u00e7as. Essa foi a mensagem central da Campanha da Fraternidade de 2021.<\/p>\n<p>A Trindade \u00e9, sim, a melhor comunidade, como escreveu Leonardo Boff, <a href=\"#_ftn3\" name=\"_ftnref3\">[3]<\/a> um mist\u00e9rio carregado de uma energia libert\u00e1ria capaz de eliminar todas as formas de opress\u00e3o, possibilitando a inclus\u00e3o em todos os sentidos, no social, no econ\u00f4mico, no religioso etc. E tudo s\u00f3 ser\u00e1 poss\u00edvel, por causa de dois motivos: a) o princ\u00edpio trinit\u00e1rio \u00e9 o amor que nos une nas diferen\u00e7as; b) se um dia fomos batizados, voltando \u00e0 pergunta inicial dessa reflex\u00e3o, \u00e9 porque \u201co batismo \u00e9 a inicia\u00e7\u00e3o \u00e0 vida trina de Deus, que \u00e9 indispens\u00e1vel da vida de Deus com cada criatura ao longo do tempo \u2013 passado, presente e futuro. A participa\u00e7\u00e3o nessa vida trina \u00e9 mediada atrav\u00e9s da vida da Igreja.\u201d<a href=\"#_ftn4\" name=\"_ftnref4\">[4]<\/a><\/p>\n<p>No batismo, o Esp\u00edrito Santo nos impulsiona para miss\u00e3o. Na ressurrei\u00e7\u00e3o de Jesus, voltamos para os bra\u00e7os, para a casa do Pai, de onde viemos. Na eternidade do tempo, somos amor, somos trinit\u00e1rios.<\/p>\n<hr \/>\n<p><a href=\"#_ftnref1\" name=\"_ftn1\">[1]<\/a> Doutor em Teologia B\u00edblica pela FAJE-BH. Mestre em Ci\u00eancias B\u00edblicas (Exegese) pelo Pontif\u00edcio Instituto B\u00edblico de Roma. Professor de exegese b\u00edblica. Membro da Associa\u00e7\u00e3o Brasileira de Pesquisa B\u00edblica (ABIB). Sacerdote Franciscano. Autor de dez livros e coautor de quatorze. \u00a0Caso se interesse por aulas sobre B\u00edblia e ap\u00f3crifos, inscreva-se no nosso canal no You Tube: Frei Jacir B\u00edblia e Ap\u00f3crifos ou <a href=\"https:\/\/www.youtube.com\/c\/FreiJacirdeFreitasFariaB%C3%ADbliaAp%C3%B3crifos\">https:\/\/www.youtube.com\/c\/FreiJacirdeFreitasFariaB%C3%ADbliaAp%C3%B3crifos<\/a><\/p>\n<p><a href=\"#_ftnref2\" name=\"_ftn2\">[2]<\/a> Par\u00f3quia S\u00e3o Sebasti\u00e3o, Diocese de Teresina. Sant\u00edssima Trindade. Dispon\u00edvel em: <a href=\"https:\/\/semeandocatequese.wordpress.com\/2016\/10\/11\/santissima-trindade-dinamica-2\/\">https:\/\/semeandocatequese.wordpress.com\/2016\/10\/11\/santissima-trindade-dinamica-2\/<\/a><\/p>\n<p><a href=\"#_ftnref3\" name=\"_ftn3\">[3]<\/a> BOFF, Leonardo. <strong>A Sant\u00edssima Trindade \u00e9 a melhor comunidade<\/strong>. Petr\u00f3polis: Vozes, 1989.<\/p>\n<p><a href=\"#_ftnref4\" name=\"_ftn4\">[4]<\/a> <strong>GAILLARDETZ, Richard. Trindade: a rela\u00e7\u00e3o amorosa define o pr\u00f3prio ser de Deus. National Catholic Reporter<\/strong><strong>, <\/strong>out. 2016. Dispon\u00edvel em: <a href=\"http:\/\/www.ihu.unisinos.br\/78-noticias\/560853-trindade-a-relacao-amorosa-define-o-proprio-ser-de-deus\">http:\/\/www.ihu.unisinos.br\/78-noticias\/560853-trindade-a-relacao-amorosa-define-o-proprio-ser-de-deus<\/a><\/p>\n<p>&nbsp;<\/p>\n","protected":false},"excerpt":{"rendered":"<p>artigo de Frei Jacir de Freitas Faria<\/p>\n","protected":false},"author":3,"featured_media":189642,"comment_status":"open","ping_status":"open","sticky":false,"template":"","format":"standard","meta":{"footnotes":""},"categories":[26],"tags":[43],"yoast_head":"<!-- This site is optimized with the Yoast SEO plugin v19.4 - https:\/\/yoast.com\/wordpress\/plugins\/seo\/ -->\n<title>Trindade: a uni\u00e3o no amor, na diversidade plural e na Igreja de batizados (Mt 28,16-20) - Vida Crist\u00e3 - Franciscanos<\/title>\n<meta name=\"robots\" content=\"index, follow, max-snippet:-1, max-image-preview:large, max-video-preview:-1\" \/>\n<link rel=\"canonical\" href=\"https:\/\/franciscanos.org.br\/vidacrista\/trindade-a-uniao-no-amor-na-diversidade-plural-e-na-igreja-de-batizados-mt-2816-20\/\" \/>\n<meta property=\"og:locale\" content=\"pt_BR\" \/>\n<meta property=\"og:type\" content=\"article\" \/>\n<meta property=\"og:title\" content=\"Trindade: a uni\u00e3o no amor, na diversidade plural e na Igreja de batizados (Mt 28,16-20) - Vida Crist\u00e3 - Franciscanos\" \/>\n<meta property=\"og:description\" content=\"artigo de Frei Jacir de Freitas Faria\" \/>\n<meta property=\"og:url\" content=\"https:\/\/franciscanos.org.br\/vidacrista\/trindade-a-uniao-no-amor-na-diversidade-plural-e-na-igreja-de-batizados-mt-2816-20\/\" \/>\n<meta property=\"og:site_name\" content=\"Vida Crist\u00e3 - Franciscanos\" \/>\n<meta property=\"article:published_time\" content=\"2021-05-27T12:15:53+00:00\" \/>\n<meta property=\"article:modified_time\" content=\"2021-05-31T09:49:27+00:00\" \/>\n<meta property=\"og:image\" content=\"https:\/\/franciscanos.org.br\/vidacrista\/wp-content\/uploads\/2021\/05\/artigo_27_1d.jpg\" \/>\n\t<meta property=\"og:image:width\" content=\"800\" \/>\n\t<meta property=\"og:image:height\" content=\"500\" \/>\n\t<meta property=\"og:image:type\" content=\"image\/jpeg\" \/>\n<meta name=\"author\" content=\"moacir\" \/>\n<meta name=\"twitter:card\" content=\"summary_large_image\" \/>\n<meta name=\"twitter:label1\" content=\"Escrito por\" \/>\n\t<meta name=\"twitter:data1\" content=\"moacir\" \/>\n\t<meta name=\"twitter:label2\" content=\"Est. tempo de leitura\" \/>\n\t<meta name=\"twitter:data2\" content=\"6 minutos\" \/>\n<script type=\"application\/ld+json\" class=\"yoast-schema-graph\">{\"@context\":\"https:\/\/schema.org\",\"@graph\":[{\"@type\":\"WebSite\",\"@id\":\"https:\/\/franciscanos.org.br\/vidacrista\/#website\",\"url\":\"https:\/\/franciscanos.org.br\/vidacrista\/\",\"name\":\"Vida Crist\u00e3 - Franciscanos\",\"description\":\"Prov\u00edncia Franciscana da Imaculada Concei\u00e7\u00e3o do Brasil - Ordem dos Frades Menores\",\"potentialAction\":[{\"@type\":\"SearchAction\",\"target\":{\"@type\":\"EntryPoint\",\"urlTemplate\":\"https:\/\/franciscanos.org.br\/vidacrista\/?s={search_term_string}\"},\"query-input\":\"required name=search_term_string\"}],\"inLanguage\":\"pt-BR\"},{\"@type\":\"WebPage\",\"@id\":\"https:\/\/franciscanos.org.br\/vidacrista\/trindade-a-uniao-no-amor-na-diversidade-plural-e-na-igreja-de-batizados-mt-2816-20\/\",\"url\":\"https:\/\/franciscanos.org.br\/vidacrista\/trindade-a-uniao-no-amor-na-diversidade-plural-e-na-igreja-de-batizados-mt-2816-20\/\",\"name\":\"Trindade: a uni\u00e3o no amor, na diversidade plural e na Igreja de batizados (Mt 28,16-20) - Vida Crist\u00e3 - Franciscanos\",\"isPartOf\":{\"@id\":\"https:\/\/franciscanos.org.br\/vidacrista\/#website\"},\"datePublished\":\"2021-05-27T12:15:53+00:00\",\"dateModified\":\"2021-05-31T09:49:27+00:00\",\"author\":{\"@id\":\"https:\/\/franciscanos.org.br\/vidacrista\/#\/schema\/person\/1880bdd2c350b735648725ef7614736a\"},\"breadcrumb\":{\"@id\":\"https:\/\/franciscanos.org.br\/vidacrista\/trindade-a-uniao-no-amor-na-diversidade-plural-e-na-igreja-de-batizados-mt-2816-20\/#breadcrumb\"},\"inLanguage\":\"pt-BR\",\"potentialAction\":[{\"@type\":\"ReadAction\",\"target\":[\"https:\/\/franciscanos.org.br\/vidacrista\/trindade-a-uniao-no-amor-na-diversidade-plural-e-na-igreja-de-batizados-mt-2816-20\/\"]}]},{\"@type\":\"BreadcrumbList\",\"@id\":\"https:\/\/franciscanos.org.br\/vidacrista\/trindade-a-uniao-no-amor-na-diversidade-plural-e-na-igreja-de-batizados-mt-2816-20\/#breadcrumb\",\"itemListElement\":[{\"@type\":\"ListItem\",\"position\":1,\"name\":\"Home\",\"item\":\"https:\/\/franciscanos.org.br\/vidacrista\/\"},{\"@type\":\"ListItem\",\"position\":2,\"name\":\"Trindade: a uni\u00e3o no amor, na diversidade plural e na Igreja de batizados (Mt 28,16-20)\"}]},{\"@type\":\"Person\",\"@id\":\"https:\/\/franciscanos.org.br\/vidacrista\/#\/schema\/person\/1880bdd2c350b735648725ef7614736a\",\"name\":\"moacir\",\"image\":{\"@type\":\"ImageObject\",\"inLanguage\":\"pt-BR\",\"@id\":\"https:\/\/franciscanos.org.br\/vidacrista\/#\/schema\/person\/image\/\",\"url\":\"https:\/\/secure.gravatar.com\/avatar\/d08aa2ce4c8dd416d4479aa8536fcf64?s=96&d=mm&r=g\",\"contentUrl\":\"https:\/\/secure.gravatar.com\/avatar\/d08aa2ce4c8dd416d4479aa8536fcf64?s=96&d=mm&r=g\",\"caption\":\"moacir\"},\"url\":\"https:\/\/franciscanos.org.br\/vidacrista\/author\/moacir\/\"}]}<\/script>\n<!-- \/ Yoast SEO plugin. -->","yoast_head_json":{"title":"Trindade: a uni\u00e3o no amor, na diversidade plural e na Igreja de batizados (Mt 28,16-20) - Vida Crist\u00e3 - Franciscanos","robots":{"index":"index","follow":"follow","max-snippet":"max-snippet:-1","max-image-preview":"max-image-preview:large","max-video-preview":"max-video-preview:-1"},"canonical":"https:\/\/franciscanos.org.br\/vidacrista\/trindade-a-uniao-no-amor-na-diversidade-plural-e-na-igreja-de-batizados-mt-2816-20\/","og_locale":"pt_BR","og_type":"article","og_title":"Trindade: a uni\u00e3o no amor, na diversidade plural e na Igreja de batizados (Mt 28,16-20) - Vida Crist\u00e3 - Franciscanos","og_description":"artigo de Frei Jacir de Freitas Faria","og_url":"https:\/\/franciscanos.org.br\/vidacrista\/trindade-a-uniao-no-amor-na-diversidade-plural-e-na-igreja-de-batizados-mt-2816-20\/","og_site_name":"Vida Crist\u00e3 - Franciscanos","article_published_time":"2021-05-27T12:15:53+00:00","article_modified_time":"2021-05-31T09:49:27+00:00","og_image":[{"width":800,"height":500,"url":"https:\/\/franciscanos.org.br\/vidacrista\/wp-content\/uploads\/2021\/05\/artigo_27_1d.jpg","type":"image\/jpeg"}],"author":"moacir","twitter_card":"summary_large_image","twitter_misc":{"Escrito por":"moacir","Est. tempo de leitura":"6 minutos"},"schema":{"@context":"https:\/\/schema.org","@graph":[{"@type":"WebSite","@id":"https:\/\/franciscanos.org.br\/vidacrista\/#website","url":"https:\/\/franciscanos.org.br\/vidacrista\/","name":"Vida Crist\u00e3 - Franciscanos","description":"Prov\u00edncia Franciscana da Imaculada Concei\u00e7\u00e3o do Brasil - Ordem dos Frades Menores","potentialAction":[{"@type":"SearchAction","target":{"@type":"EntryPoint","urlTemplate":"https:\/\/franciscanos.org.br\/vidacrista\/?s={search_term_string}"},"query-input":"required name=search_term_string"}],"inLanguage":"pt-BR"},{"@type":"WebPage","@id":"https:\/\/franciscanos.org.br\/vidacrista\/trindade-a-uniao-no-amor-na-diversidade-plural-e-na-igreja-de-batizados-mt-2816-20\/","url":"https:\/\/franciscanos.org.br\/vidacrista\/trindade-a-uniao-no-amor-na-diversidade-plural-e-na-igreja-de-batizados-mt-2816-20\/","name":"Trindade: a uni\u00e3o no amor, na diversidade plural e na Igreja de batizados (Mt 28,16-20) - Vida Crist\u00e3 - Franciscanos","isPartOf":{"@id":"https:\/\/franciscanos.org.br\/vidacrista\/#website"},"datePublished":"2021-05-27T12:15:53+00:00","dateModified":"2021-05-31T09:49:27+00:00","author":{"@id":"https:\/\/franciscanos.org.br\/vidacrista\/#\/schema\/person\/1880bdd2c350b735648725ef7614736a"},"breadcrumb":{"@id":"https:\/\/franciscanos.org.br\/vidacrista\/trindade-a-uniao-no-amor-na-diversidade-plural-e-na-igreja-de-batizados-mt-2816-20\/#breadcrumb"},"inLanguage":"pt-BR","potentialAction":[{"@type":"ReadAction","target":["https:\/\/franciscanos.org.br\/vidacrista\/trindade-a-uniao-no-amor-na-diversidade-plural-e-na-igreja-de-batizados-mt-2816-20\/"]}]},{"@type":"BreadcrumbList","@id":"https:\/\/franciscanos.org.br\/vidacrista\/trindade-a-uniao-no-amor-na-diversidade-plural-e-na-igreja-de-batizados-mt-2816-20\/#breadcrumb","itemListElement":[{"@type":"ListItem","position":1,"name":"Home","item":"https:\/\/franciscanos.org.br\/vidacrista\/"},{"@type":"ListItem","position":2,"name":"Trindade: a uni\u00e3o no amor, na diversidade plural e na Igreja de batizados (Mt 28,16-20)"}]},{"@type":"Person","@id":"https:\/\/franciscanos.org.br\/vidacrista\/#\/schema\/person\/1880bdd2c350b735648725ef7614736a","name":"moacir","image":{"@type":"ImageObject","inLanguage":"pt-BR","@id":"https:\/\/franciscanos.org.br\/vidacrista\/#\/schema\/person\/image\/","url":"https:\/\/secure.gravatar.com\/avatar\/d08aa2ce4c8dd416d4479aa8536fcf64?s=96&d=mm&r=g","contentUrl":"https:\/\/secure.gravatar.com\/avatar\/d08aa2ce4c8dd416d4479aa8536fcf64?s=96&d=mm&r=g","caption":"moacir"},"url":"https:\/\/franciscanos.org.br\/vidacrista\/author\/moacir\/"}]}},"_links":{"self":[{"href":"https:\/\/franciscanos.org.br\/vidacrista\/wp-json\/wp\/v2\/posts\/189640"}],"collection":[{"href":"https:\/\/franciscanos.org.br\/vidacrista\/wp-json\/wp\/v2\/posts"}],"about":[{"href":"https:\/\/franciscanos.org.br\/vidacrista\/wp-json\/wp\/v2\/types\/post"}],"author":[{"embeddable":true,"href":"https:\/\/franciscanos.org.br\/vidacrista\/wp-json\/wp\/v2\/users\/3"}],"replies":[{"embeddable":true,"href":"https:\/\/franciscanos.org.br\/vidacrista\/wp-json\/wp\/v2\/comments?post=189640"}],"version-history":[{"count":2,"href":"https:\/\/franciscanos.org.br\/vidacrista\/wp-json\/wp\/v2\/posts\/189640\/revisions"}],"predecessor-version":[{"id":189644,"href":"https:\/\/franciscanos.org.br\/vidacrista\/wp-json\/wp\/v2\/posts\/189640\/revisions\/189644"}],"wp:featuredmedia":[{"embeddable":true,"href":"https:\/\/franciscanos.org.br\/vidacrista\/wp-json\/wp\/v2\/media\/189642"}],"wp:attachment":[{"href":"https:\/\/franciscanos.org.br\/vidacrista\/wp-json\/wp\/v2\/media?parent=189640"}],"wp:term":[{"taxonomy":"category","embeddable":true,"href":"https:\/\/franciscanos.org.br\/vidacrista\/wp-json\/wp\/v2\/categories?post=189640"},{"taxonomy":"post_tag","embeddable":true,"href":"https:\/\/franciscanos.org.br\/vidacrista\/wp-json\/wp\/v2\/tags?post=189640"}],"curies":[{"name":"wp","href":"https:\/\/api.w.org\/{rel}","templated":true}]}}