{"id":189624,"date":"2021-05-22T06:58:07","date_gmt":"2021-05-22T09:58:07","guid":{"rendered":"https:\/\/franciscanos.org.br\/vidacrista\/?p=189624"},"modified":"2021-05-22T07:02:05","modified_gmt":"2021-05-22T10:02:05","slug":"seis-anos-da-laudato-si-caminhos-de-reflexao","status":"publish","type":"post","link":"https:\/\/franciscanos.org.br\/vidacrista\/seis-anos-da-laudato-si-caminhos-de-reflexao\/","title":{"rendered":"Seis anos da Laudato Si\u2019: caminhos de reflex\u00e3o"},"content":{"rendered":"<div id=\"attachment_189625\" style=\"width: 850px\" class=\"wp-caption alignnone\"><img aria-describedby=\"caption-attachment-189625\" decoding=\"async\" loading=\"lazy\" class=\"wp-image-189625 size-full\" src=\"https:\/\/franciscanos.org.br\/vidacrista\/wp-content\/uploads\/2021\/05\/artigo_22.png\" alt=\"\" width=\"840\" height=\"511\" srcset=\"https:\/\/franciscanos.org.br\/vidacrista\/wp-content\/uploads\/2021\/05\/artigo_22.png 840w, https:\/\/franciscanos.org.br\/vidacrista\/wp-content\/uploads\/2021\/05\/artigo_22-450x274.png 450w, https:\/\/franciscanos.org.br\/vidacrista\/wp-content\/uploads\/2021\/05\/artigo_22-768x467.png 768w, https:\/\/franciscanos.org.br\/vidacrista\/wp-content\/uploads\/2021\/05\/artigo_22-150x91.png 150w\" sizes=\"(max-width: 840px) 100vw, 840px\" \/><p id=\"caption-attachment-189625\" class=\"wp-caption-text\"><em>\u00a0 \u00a0 \u00a0 \u00a0 \u00a0 \u00a0 \u00a0 \u00a0 \u00a0 \u00a0 \u00a0 \u00a0 \u00a0 \u00a0 \u00a0 \u00a0 \u00a0 \u00a0 \u00a0 \u00a0 \u00a0 \u00a0 \u00a0 \u00a0 \u00a0 \u00a0 \u00a0 \u00a0 \u00a0 \u00a0 \u00a0 \u00a0 \u00a0 \u00a0 \u00a0 \u00a0 Imagem ilustrativa: Canva (<a href=\"https:\/\/www.canva.com\/pt_br\/modelos\/\">www.canva.com\/pt_br\/modelos<\/a>)<\/em><\/p><\/div>\n<p><strong>Robson Ribeiro de Oliveira Castro<\/strong><\/p>\n<p>No dia 24 de maio de 2015, o Papa Francisco publicou a Enc\u00edclica <em>Laudato Si\u2019,<\/em> uma cr\u00edtica \u00e0 sociedade de consumo e a forma inconsequente e irrespons\u00e1vel do desenvolvimento humano a todo custo. Seis anos ap\u00f3s a publica\u00e7\u00e3o, tal documento ainda \u00e9 referendado e consultado em in\u00fameros aspectos para repensar a realidade do nosso mundo e as transforma\u00e7\u00f5es trazidas ao meio ambiente, principalmente em tempos de pandemia.<\/p>\n<p>Francisco faz apelo a todos e todas para uma mudan\u00e7a na condu\u00e7\u00e3o do planeta: \u201cEsta irm\u00e3 [m\u00e3e terra] clama contra o mal que lhe provocamos por causa do uso irrespons\u00e1vel e do abuso dos bens que Deus nela colocou.\u201d (<em>Laudato Si\u2019<\/em>, n. 2). A pesquisadora e professora Moema Miranda escreve, em seu artigo: <em>Laudato Si\u2019, 5 anos: Esperan\u00e7a e a perigosa arte de nomear dem\u00f4nios<\/em>, publicado na <em>Revista Grande Sinal, <\/em>algo extremamente importante: \u201cA Enc\u00edclica <em>Laudato Si\u2019<\/em> representa um gigantesco passo de convers\u00e3o dado pela Igreja Cat\u00f3lica diante das evid\u00eancias do colapso ambiental e suas ra\u00edzes antropog\u00eanicas\u201d.<\/p>\n<p>E de fato \u00e9 mesmo! A <em>Laudato Si\u2019<\/em> \u00e9 um marco na realidade de uma \u00e9tica social e o que chamamos de Doutrina Social da Igreja, pois apresenta a realidade da sociedade e do respeito ao meio ambiente. Para tanto, \u00e9 preciso observar o caminho vivo e, diante da realidade, mudar nossa conduta, como nos exp\u00f5e Leonardo Boff, em seu livro <em>Ecologia. Grito da terra, grito dos pobres<\/em>. \u201cA \u00e9tica da sociedade dominante hoje utilitarista e antropoc\u00eantrica, considera o conjunto dos seres a servi\u00e7o do ser humano que pode dispor deles a seu bel-prazer, atendendo a seus desejos e prefer\u00eancias\u201d.<\/p>\n<p>Nesta enc\u00edclica, Francisco apresenta a realidade do bem comum e o cuidado pela pessoa humana, principalmente em uma sociedade individualista e ego\u00edsta: \u201cO bem comum pressup\u00f5e o respeito pela pessoa humana enquanto tal, com direitos fundamentais e inalien\u00e1veis orientados para o seu desenvolvimento integral\u201d (<em>Laudato Si\u00b4,<\/em> n. 157).<\/p>\n<p>Para tanto, \u00e9 imprescind\u00edvel observar as transforma\u00e7\u00f5es que estamos vivendo, principalmente com a pandemia da Covid-19. Com o isolamento social, o ecossistema voltou a respirar e in\u00fameras quest\u00f5es puderam ser observadas, por exemplo: \u201cCom a quarentena na It\u00e1lia, cisnes e peixes voltaram aos canais de Veneza; patos a Roma e golfinhos \u00e0 Ilha da Sardenha\u201d, segundo o site <em>Conex\u00e3o Planeta<\/em>.<\/p>\n<p>Desta forma, \u00e9 poss\u00edvel observar que em Veneza, mediante a redu\u00e7\u00e3o do n\u00famero de turistas nos canais que cortam a cidade, voltaram os sinais de vida marinha. Era poss\u00edvel enxergar peixes no fundo dos canais e as \u00e1guas se tornaram cristalinas depois que as ruas foram esvaziadas.<\/p>\n<p>\u00c9 importante ressaltar que o ser humano, com sua necessidade de poder e gan\u00e2ncia, compromete a natureza e o bem de todos. Neste contexto, Leonardo Boff, em seu livro <em>\u00c9tica da vida<\/em>, nos apresenta o seguinte contexto: \u201cO antropocentrismo considera o ser humano rei\/rainha do universo. Considera que os demais seres s\u00f3 t\u00eam sentido quando ordenados ao ser humano; eles est\u00e3o a\u00ed dispon\u00edveis ao seu bel-prazer\u201d.<\/p>\n<p>Para tanto, \u00e9 preciso estar atento \u00e0 convoca\u00e7\u00e3o do Papa Francisco, que admoesta o ser humano que se acha o dono e propriet\u00e1rio de tudo no planeta. Em tempos de crise, a sociedade n\u00e3o pode viver apenas para o consumo, infelizmente, como afirma Leonardo Boff, em seu livro <em>Ecologia. Grito da terra, grito dos pobres<\/em>: \u201cO importante \u00e9 acumular grande n\u00famero de meios de vida, de riqueza material, de bens e servi\u00e7os a fim de poder desfrutar a curta passagem por este planeta\u201d.<\/p>\n<p>Papa Francisco \u00e9 cr\u00edtico e categ\u00f3rico no par\u00e1grafo 119 da <em>Laudato Si\u2019:<\/em> \u201cA cr\u00edtica do antropocentrismo desordenado n\u00e3o deveria deixar em segundo plano tamb\u00e9m o valor das rela\u00e7\u00f5es entre as pessoas. Se a crise ecol\u00f3gica \u00e9 uma express\u00e3o ou uma manifesta\u00e7\u00e3o externa da crise \u00e9tica, cultural e espiritual da modernidade, n\u00e3o podemos iludir-nos de sanar a nossa rela\u00e7\u00e3o com a natureza e o meio ambiente, sem curar todas as rela\u00e7\u00f5es humanas fundamentais\u201d.<\/p>\n<p>O caminho a ser trilhado \u00e9 do acolhimento e da responsabilidade com o meio ambiente. N\u00e3o se pode achar que os bens naturais s\u00e3o ilimitados. Desta forma \u00e9 urgente pensar em que mundo queremos viver e deixaremos para as futuras gera\u00e7\u00f5es. De fato, neste contexto, precisamos observar a dor do outro e sua condi\u00e7\u00e3o neste mundo: \u201cO meio ambiente \u00e9 um bem coletivo, patrim\u00f4nio de toda a humanidade e responsabilidade de todos. Quem possui uma parte \u00e9 apenas para administr\u00e1-la em benef\u00edcio de todos. Se n\u00e3o o fizermos, carregamos na consci\u00eancia o peso de negar a exist\u00eancia aos outros\u201d (<em>Laudato Si\u2019,<\/em> n. 95).<\/p>\n<p>Atento ao clamor de uma sociedade excludente e individualista, Francisco nos lembra que vivemos em uma rela\u00e7\u00e3o social: \u201c\u00c9 necess\u00e1rio voltar a sentir que precisamos uns dos outros, que temos uma responsabilidade para com os outros e o mundo, que vale a pena ser bons e honestos. Vivemos j\u00e1 muito tempo na degrada\u00e7\u00e3o moral, baldando-nos \u00e0 \u00e9tica, \u00e0 bondade, \u00e0 f\u00e9, \u00e0 honestidade; chegou o momento de reconhecer que esta alegre superficialidade de pouco nos serviu. Uma tal destrui\u00e7\u00e3o de todo o fundamento da vida social acaba por colocar-nos uns contra os outros na defesa dos pr\u00f3prios interesses, provoca o despertar de novas formas de viol\u00eancia e crueldade e impede o desenvolvimento duma verdadeira cultura do cuidado do meio ambiente.\u201d (<em>Laudato Si\u2019,<\/em> n. 229).<\/p>\n<p>Francisco nos d\u00e1 condi\u00e7\u00f5es de lutar e refletir sobre os problemas que enfrentamos, como afirma a pesquisadora Moema Miranda: \u201cO Papa Francisco abriu portas e janelas para o di\u00e1logo com a ci\u00eancia, com os saberes tradicionais, com a arte, a poesia e prop\u00f4s a linguagem da f\u00e9, como uma perspectiva que se soma a outras, na busca do caminho de retorno \u00e0 Terra\u201d.<\/p>\n<p>Francisco de Roma prop\u00f5e Francisco de Assis, o <em>Poverello<\/em>, como modelo: \u201cRecordemos o modelo de S\u00e3o Francisco de Assis, para propor uma s\u00e3 rela\u00e7\u00e3o com a cria\u00e7\u00e3o como dimens\u00e3o da convers\u00e3o integral da pessoa. Isto exige tamb\u00e9m reconhecer os pr\u00f3prios erros, pecados, v\u00edcios ou neglig\u00eancias, e arrepender-se de cora\u00e7\u00e3o, mudar a partir de dentro\u201d. (<em>Laudato Si\u2019,<\/em> n. 218). Que possamos colocar em pr\u00e1tica boas a\u00e7\u00f5es e lutar pela manuten\u00e7\u00e3o da Terra e que possamos nos empenhar, verdadeiramente, na defesa e preserva\u00e7\u00e3o da vida, sobretudo, dos mais pobres e sofredores.<\/p>\n<hr \/>\n<p><strong>Robson Ribeiro de Oliveira Castro<\/strong>\u00a0\u00a0<em>\u00e9 leigo. Mestre em Teologia pela Faculdade Jesu\u00edta de Filosofia e Teologia (FAJE). Atualmente leciona no Instituto Teol\u00f3gico Franciscano (ITF). E-mail: robsonrcastro@yahoo.com.br.<\/em><\/p>\n","protected":false},"excerpt":{"rendered":"<p>Artigo de Robson Ribeiro de Oliveira Castro<\/p>\n","protected":false},"author":3,"featured_media":189625,"comment_status":"open","ping_status":"open","sticky":false,"template":"","format":"standard","meta":{"footnotes":""},"categories":[26],"tags":[328],"yoast_head":"<!-- This site is optimized with the Yoast SEO plugin v19.4 - https:\/\/yoast.com\/wordpress\/plugins\/seo\/ -->\n<title>Seis anos da Laudato Si\u2019: caminhos de reflex\u00e3o - Vida Crist\u00e3 - Franciscanos<\/title>\n<meta name=\"robots\" content=\"index, follow, max-snippet:-1, max-image-preview:large, max-video-preview:-1\" \/>\n<link rel=\"canonical\" href=\"https:\/\/franciscanos.org.br\/vidacrista\/seis-anos-da-laudato-si-caminhos-de-reflexao\/\" \/>\n<meta property=\"og:locale\" content=\"pt_BR\" \/>\n<meta property=\"og:type\" content=\"article\" \/>\n<meta property=\"og:title\" content=\"Seis anos da Laudato Si\u2019: caminhos de reflex\u00e3o - Vida Crist\u00e3 - Franciscanos\" \/>\n<meta property=\"og:description\" content=\"Artigo de Robson Ribeiro de Oliveira Castro\" \/>\n<meta property=\"og:url\" content=\"https:\/\/franciscanos.org.br\/vidacrista\/seis-anos-da-laudato-si-caminhos-de-reflexao\/\" \/>\n<meta property=\"og:site_name\" content=\"Vida Crist\u00e3 - Franciscanos\" \/>\n<meta property=\"article:published_time\" content=\"2021-05-22T09:58:07+00:00\" \/>\n<meta property=\"article:modified_time\" content=\"2021-05-22T10:02:05+00:00\" \/>\n<meta property=\"og:image\" content=\"https:\/\/franciscanos.org.br\/vidacrista\/wp-content\/uploads\/2021\/05\/artigo_22.png\" \/>\n\t<meta property=\"og:image:width\" content=\"840\" \/>\n\t<meta property=\"og:image:height\" content=\"511\" \/>\n\t<meta property=\"og:image:type\" content=\"image\/png\" \/>\n<meta name=\"author\" content=\"moacir\" \/>\n<meta name=\"twitter:card\" content=\"summary_large_image\" \/>\n<meta name=\"twitter:label1\" content=\"Escrito por\" \/>\n\t<meta name=\"twitter:data1\" content=\"moacir\" \/>\n\t<meta name=\"twitter:label2\" content=\"Est. tempo de leitura\" \/>\n\t<meta name=\"twitter:data2\" content=\"6 minutos\" \/>\n<script type=\"application\/ld+json\" class=\"yoast-schema-graph\">{\"@context\":\"https:\/\/schema.org\",\"@graph\":[{\"@type\":\"WebSite\",\"@id\":\"https:\/\/franciscanos.org.br\/vidacrista\/#website\",\"url\":\"https:\/\/franciscanos.org.br\/vidacrista\/\",\"name\":\"Vida Crist\u00e3 - Franciscanos\",\"description\":\"Prov\u00edncia Franciscana da Imaculada Concei\u00e7\u00e3o do Brasil - Ordem dos Frades Menores\",\"potentialAction\":[{\"@type\":\"SearchAction\",\"target\":{\"@type\":\"EntryPoint\",\"urlTemplate\":\"https:\/\/franciscanos.org.br\/vidacrista\/?s={search_term_string}\"},\"query-input\":\"required name=search_term_string\"}],\"inLanguage\":\"pt-BR\"},{\"@type\":\"WebPage\",\"@id\":\"https:\/\/franciscanos.org.br\/vidacrista\/seis-anos-da-laudato-si-caminhos-de-reflexao\/\",\"url\":\"https:\/\/franciscanos.org.br\/vidacrista\/seis-anos-da-laudato-si-caminhos-de-reflexao\/\",\"name\":\"Seis anos da Laudato Si\u2019: caminhos de reflex\u00e3o - Vida Crist\u00e3 - Franciscanos\",\"isPartOf\":{\"@id\":\"https:\/\/franciscanos.org.br\/vidacrista\/#website\"},\"datePublished\":\"2021-05-22T09:58:07+00:00\",\"dateModified\":\"2021-05-22T10:02:05+00:00\",\"author\":{\"@id\":\"https:\/\/franciscanos.org.br\/vidacrista\/#\/schema\/person\/1880bdd2c350b735648725ef7614736a\"},\"breadcrumb\":{\"@id\":\"https:\/\/franciscanos.org.br\/vidacrista\/seis-anos-da-laudato-si-caminhos-de-reflexao\/#breadcrumb\"},\"inLanguage\":\"pt-BR\",\"potentialAction\":[{\"@type\":\"ReadAction\",\"target\":[\"https:\/\/franciscanos.org.br\/vidacrista\/seis-anos-da-laudato-si-caminhos-de-reflexao\/\"]}]},{\"@type\":\"BreadcrumbList\",\"@id\":\"https:\/\/franciscanos.org.br\/vidacrista\/seis-anos-da-laudato-si-caminhos-de-reflexao\/#breadcrumb\",\"itemListElement\":[{\"@type\":\"ListItem\",\"position\":1,\"name\":\"Home\",\"item\":\"https:\/\/franciscanos.org.br\/vidacrista\/\"},{\"@type\":\"ListItem\",\"position\":2,\"name\":\"Seis anos da Laudato Si\u2019: caminhos de reflex\u00e3o\"}]},{\"@type\":\"Person\",\"@id\":\"https:\/\/franciscanos.org.br\/vidacrista\/#\/schema\/person\/1880bdd2c350b735648725ef7614736a\",\"name\":\"moacir\",\"image\":{\"@type\":\"ImageObject\",\"inLanguage\":\"pt-BR\",\"@id\":\"https:\/\/franciscanos.org.br\/vidacrista\/#\/schema\/person\/image\/\",\"url\":\"https:\/\/secure.gravatar.com\/avatar\/d08aa2ce4c8dd416d4479aa8536fcf64?s=96&d=mm&r=g\",\"contentUrl\":\"https:\/\/secure.gravatar.com\/avatar\/d08aa2ce4c8dd416d4479aa8536fcf64?s=96&d=mm&r=g\",\"caption\":\"moacir\"},\"url\":\"https:\/\/franciscanos.org.br\/vidacrista\/author\/moacir\/\"}]}<\/script>\n<!-- \/ Yoast SEO plugin. -->","yoast_head_json":{"title":"Seis anos da Laudato Si\u2019: caminhos de reflex\u00e3o - Vida Crist\u00e3 - Franciscanos","robots":{"index":"index","follow":"follow","max-snippet":"max-snippet:-1","max-image-preview":"max-image-preview:large","max-video-preview":"max-video-preview:-1"},"canonical":"https:\/\/franciscanos.org.br\/vidacrista\/seis-anos-da-laudato-si-caminhos-de-reflexao\/","og_locale":"pt_BR","og_type":"article","og_title":"Seis anos da Laudato Si\u2019: caminhos de reflex\u00e3o - Vida Crist\u00e3 - Franciscanos","og_description":"Artigo de Robson Ribeiro de Oliveira Castro","og_url":"https:\/\/franciscanos.org.br\/vidacrista\/seis-anos-da-laudato-si-caminhos-de-reflexao\/","og_site_name":"Vida Crist\u00e3 - Franciscanos","article_published_time":"2021-05-22T09:58:07+00:00","article_modified_time":"2021-05-22T10:02:05+00:00","og_image":[{"width":840,"height":511,"url":"https:\/\/franciscanos.org.br\/vidacrista\/wp-content\/uploads\/2021\/05\/artigo_22.png","type":"image\/png"}],"author":"moacir","twitter_card":"summary_large_image","twitter_misc":{"Escrito por":"moacir","Est. tempo de leitura":"6 minutos"},"schema":{"@context":"https:\/\/schema.org","@graph":[{"@type":"WebSite","@id":"https:\/\/franciscanos.org.br\/vidacrista\/#website","url":"https:\/\/franciscanos.org.br\/vidacrista\/","name":"Vida Crist\u00e3 - Franciscanos","description":"Prov\u00edncia Franciscana da Imaculada Concei\u00e7\u00e3o do Brasil - Ordem dos Frades Menores","potentialAction":[{"@type":"SearchAction","target":{"@type":"EntryPoint","urlTemplate":"https:\/\/franciscanos.org.br\/vidacrista\/?s={search_term_string}"},"query-input":"required name=search_term_string"}],"inLanguage":"pt-BR"},{"@type":"WebPage","@id":"https:\/\/franciscanos.org.br\/vidacrista\/seis-anos-da-laudato-si-caminhos-de-reflexao\/","url":"https:\/\/franciscanos.org.br\/vidacrista\/seis-anos-da-laudato-si-caminhos-de-reflexao\/","name":"Seis anos da Laudato Si\u2019: caminhos de reflex\u00e3o - Vida Crist\u00e3 - Franciscanos","isPartOf":{"@id":"https:\/\/franciscanos.org.br\/vidacrista\/#website"},"datePublished":"2021-05-22T09:58:07+00:00","dateModified":"2021-05-22T10:02:05+00:00","author":{"@id":"https:\/\/franciscanos.org.br\/vidacrista\/#\/schema\/person\/1880bdd2c350b735648725ef7614736a"},"breadcrumb":{"@id":"https:\/\/franciscanos.org.br\/vidacrista\/seis-anos-da-laudato-si-caminhos-de-reflexao\/#breadcrumb"},"inLanguage":"pt-BR","potentialAction":[{"@type":"ReadAction","target":["https:\/\/franciscanos.org.br\/vidacrista\/seis-anos-da-laudato-si-caminhos-de-reflexao\/"]}]},{"@type":"BreadcrumbList","@id":"https:\/\/franciscanos.org.br\/vidacrista\/seis-anos-da-laudato-si-caminhos-de-reflexao\/#breadcrumb","itemListElement":[{"@type":"ListItem","position":1,"name":"Home","item":"https:\/\/franciscanos.org.br\/vidacrista\/"},{"@type":"ListItem","position":2,"name":"Seis anos da Laudato Si\u2019: caminhos de reflex\u00e3o"}]},{"@type":"Person","@id":"https:\/\/franciscanos.org.br\/vidacrista\/#\/schema\/person\/1880bdd2c350b735648725ef7614736a","name":"moacir","image":{"@type":"ImageObject","inLanguage":"pt-BR","@id":"https:\/\/franciscanos.org.br\/vidacrista\/#\/schema\/person\/image\/","url":"https:\/\/secure.gravatar.com\/avatar\/d08aa2ce4c8dd416d4479aa8536fcf64?s=96&d=mm&r=g","contentUrl":"https:\/\/secure.gravatar.com\/avatar\/d08aa2ce4c8dd416d4479aa8536fcf64?s=96&d=mm&r=g","caption":"moacir"},"url":"https:\/\/franciscanos.org.br\/vidacrista\/author\/moacir\/"}]}},"_links":{"self":[{"href":"https:\/\/franciscanos.org.br\/vidacrista\/wp-json\/wp\/v2\/posts\/189624"}],"collection":[{"href":"https:\/\/franciscanos.org.br\/vidacrista\/wp-json\/wp\/v2\/posts"}],"about":[{"href":"https:\/\/franciscanos.org.br\/vidacrista\/wp-json\/wp\/v2\/types\/post"}],"author":[{"embeddable":true,"href":"https:\/\/franciscanos.org.br\/vidacrista\/wp-json\/wp\/v2\/users\/3"}],"replies":[{"embeddable":true,"href":"https:\/\/franciscanos.org.br\/vidacrista\/wp-json\/wp\/v2\/comments?post=189624"}],"version-history":[{"count":5,"href":"https:\/\/franciscanos.org.br\/vidacrista\/wp-json\/wp\/v2\/posts\/189624\/revisions"}],"predecessor-version":[{"id":189630,"href":"https:\/\/franciscanos.org.br\/vidacrista\/wp-json\/wp\/v2\/posts\/189624\/revisions\/189630"}],"wp:featuredmedia":[{"embeddable":true,"href":"https:\/\/franciscanos.org.br\/vidacrista\/wp-json\/wp\/v2\/media\/189625"}],"wp:attachment":[{"href":"https:\/\/franciscanos.org.br\/vidacrista\/wp-json\/wp\/v2\/media?parent=189624"}],"wp:term":[{"taxonomy":"category","embeddable":true,"href":"https:\/\/franciscanos.org.br\/vidacrista\/wp-json\/wp\/v2\/categories?post=189624"},{"taxonomy":"post_tag","embeddable":true,"href":"https:\/\/franciscanos.org.br\/vidacrista\/wp-json\/wp\/v2\/tags?post=189624"}],"curies":[{"name":"wp","href":"https:\/\/api.w.org\/{rel}","templated":true}]}}