{"id":189618,"date":"2021-05-21T06:05:01","date_gmt":"2021-05-21T09:05:01","guid":{"rendered":"https:\/\/franciscanos.org.br\/vidacrista\/?p=189618"},"modified":"2021-05-21T09:38:30","modified_gmt":"2021-05-21T12:38:30","slug":"pedro-simao-filho-de-joao-tu-me-amas","status":"publish","type":"post","link":"https:\/\/franciscanos.org.br\/vidacrista\/pedro-simao-filho-de-joao-tu-me-amas\/","title":{"rendered":"\u201cPedro, Sim\u00e3o, Filho de Jo\u00e3o, tu me amas?\u201d"},"content":{"rendered":"<div id=\"attachment_189619\" style=\"width: 850px\" class=\"wp-caption alignnone\"><img aria-describedby=\"caption-attachment-189619\" decoding=\"async\" loading=\"lazy\" class=\"wp-image-189619 size-full\" src=\"https:\/\/franciscanos.org.br\/vidacrista\/wp-content\/uploads\/2021\/05\/cristo_pedro_01.jpg\" alt=\"\" width=\"840\" height=\"451\" srcset=\"https:\/\/franciscanos.org.br\/vidacrista\/wp-content\/uploads\/2021\/05\/cristo_pedro_01.jpg 840w, https:\/\/franciscanos.org.br\/vidacrista\/wp-content\/uploads\/2021\/05\/cristo_pedro_01-450x242.jpg 450w, https:\/\/franciscanos.org.br\/vidacrista\/wp-content\/uploads\/2021\/05\/cristo_pedro_01-768x412.jpg 768w, https:\/\/franciscanos.org.br\/vidacrista\/wp-content\/uploads\/2021\/05\/cristo_pedro_01-150x81.jpg 150w\" sizes=\"(max-width: 840px) 100vw, 840px\" \/><p id=\"caption-attachment-189619\" class=\"wp-caption-text\"><em>Imagem: quadro de Rafael (1483-1520), dom\u00ednio p\u00fablico<\/em><\/p><\/div>\n<p><strong>\u00a0<\/strong><strong>Uma pergunta para poucos (JO 21,15-19)<\/strong><\/p>\n<p><em>Frei Jacir de Freitas Faria, OFM<\/em><a href=\"#_ftn1\" name=\"_ftnref1\">[1]<\/a><\/p>\n<p>O evangelho sobre o qual vamos refletir hoje \u00e9 Jo 21,15-19. Dessa passagem vem uma pergunta impactante: \u201cPedro, Sim\u00e3o, Filho de Jo\u00e3o, tu me amas?\u201d Pergunto: voc\u00ea j\u00e1 fez essa pergunta para algu\u00e9m que lhe fez um mal, que traiu sua confian\u00e7a? Voc\u00ea me responderia: por que eu haveria de perguntar? A minha resposta est\u00e1 em tr\u00eas perguntas e tr\u00eas respostas.<\/p>\n<p>Primeiro, quero situar para voc\u00ea o contexto desse evangelho. Estamos no cap\u00edtulo vinte e um. O evangelho da comunidade do disc\u00edpulo amado j\u00e1 havia terminado com os vers\u00edculos trinta e trinta um do cap\u00edtulo vinte: \u201cJesus fez, diante de seus disc\u00edpulos, muitos outros sinais ainda, que n\u00e3o se acham escritos neste livro. Esses, por\u00e9m foram escritos para crer que Jesus \u00e9 o Cristo, o Filho de Deus, e para que, crendo, tenhais a vida em seu nome.\u201d<\/p>\n<p><iframe loading=\"lazy\" title=\"Reflex\u00e3o b\u00edblica - Sexta-feira da 7\u00aa Semana do P\u00e1scoa (21\/05\/2021)\" width=\"500\" height=\"281\" src=\"https:\/\/www.youtube.com\/embed\/sQF56ibbAGg?start=8&#038;feature=oembed\" frameborder=\"0\" allow=\"accelerometer; autoplay; clipboard-write; encrypted-media; gyroscope; picture-in-picture\" allowfullscreen><\/iframe><\/p>\n<p>Da\u00ed surge outra pergunta: por que outro redator acrescentou o cap\u00edtulo vinte e um? A resposta \u00e9 simples. Estamos no fim do ano cem. Pedro e Jo\u00e3o j\u00e1 tinham morrido. Pedro era a grande lideran\u00e7a do cristianismo emergente. Em torno da mem\u00f3ria deles havia comunidades com atua\u00e7\u00f5es diferenciadas. Era preciso unir essas duas lideran\u00e7as, os dois modos de viver o cristianismo.<a href=\"#_ftn2\" name=\"_ftnref2\">[2]<\/a> Muitos pensavam que Jo\u00e3o, que significa \u201cternura de Deus\u201d, n\u00e3o morreria antes da volta de Jesus. Segundo a tradi\u00e7\u00e3o dos ap\u00f3crifos, ele morreu em \u00c9feso. Ali\u00e1s, foi enterrado vivo pelos seus disc\u00edpulos declarando amor incondicional a Jesus.<a href=\"#_ftn3\" name=\"_ftnref3\">[3]<\/a><\/p>\n<p>Nesse cap\u00edtulo, Pedro e Jo\u00e3o estavam numa pesca. O ressuscitado chega pela terceira vez, e todos o reconhecem. Ele come p\u00e3o e peixe com eles. Como nos sin\u00f3ticos, Jesus chama Pedro \u00e0s margens do mar da Galileia. Seria para dar legitimidade ao evangelho de Jo\u00e3o? Sim. Na sequ\u00eancia, Jesus faz tr\u00eas perguntas a Pedro Sim\u00e3o sobre a grau de seu amor por ele.<\/p>\n<p>Uma vez, Pedro e duas, Sim\u00e3o. O que isso significa? Dois lados de uma mesma pessoa. Pedro \u00e9 a pedra e a gruta escavada na rocha, lugares onde Jesus pediu para fixar a comunidade Igreja.<a href=\"#_ftn4\" name=\"_ftnref4\">[4]<\/a>\u00a0 Sobre a fortaleza da pedra e sob, debaixo, da gruta, as Cefas, outro nome de Pedro (Jo 1,48), dos buracos que se formavam nas rochas, a casa dos pobres. J\u00e1 Sim\u00e3o significa \u201caquele que ouve\u201d, que interpreta corretamente.<\/p>\n<p>As tr\u00eas respostas de Jesus: \u201cApascenta as minhas ovelhas\/cordeiros\u201d referem-se ao Pedro Pastor que cuida. \u201cQuando ficares velho, te conduzir\u00e1 aonde n\u00e3o queres\u201d (v.18) est\u00e1 associado ao modo como Pedro morreu, crucificado de cabe\u00e7a para baixo.<\/p>\n<p>Perguntar tr\u00eas vezes relembra a profiss\u00e3o de f\u00e9 israelita do <em>Shem\u00e1 Israel<\/em> de Dt 6,4-9. Amar com o cora\u00e7\u00e3o (raz\u00e3o e sentimentos integrados), com a alma (ser) e com as posses (dinheiro). Perguntar tr\u00eas vezes relembra, sobretudo, as tr\u00eas vezes em que Pedro negou Jesus, como demonstra\u00e7\u00e3o de n\u00e3o amor (Jo 18,17-27).<\/p>\n<p>Toda a fala do ressuscitado gira em torno do amor e da fidelidade, palavras-chave no evangelho de Jo\u00e3o. Amor \u00e9 o centro da miss\u00e3o de Jo\u00e3o, de Pedro e das comunidades. No original grego s\u00e3o utilizados dois substantivos para falar do amor, o <em>\u00e1gape<\/em> e o amor <em>philia<\/em>. Jesus usa <em>\u00e1gape<\/em> na pergunta, e Pedro responde com o <em>philia<\/em>. Em s\u00edntese, \u00e1gape \u00e9 o amor fraterno, incondicional de Deus e do ser humano. <em>Philia<\/em> \u00e9 o amor da amizade, dos pais pelos filhos. Eles s\u00e3o sin\u00f4nimos e exigem fidelidade no seu cumprimento.<\/p>\n<p>Jesus confere a Pedro a tr\u00edplice miss\u00e3o de ser guia da comunidade, ainda que ele n\u00e3o fosse perfeito no amor. Os que seguiam Pedro devem seguir o Pedro que seguiu Jesus. Os disc\u00edpulos de Jo\u00e3o, da mesma forma. Era isso que o cap\u00edtulo vinte e um quis dizer.<\/p>\n<p>Voltando \u00e0 pergunta inicial: voc\u00ea perguntou a quem o traiu se ele o ama? Para fazer essa pergunta, voc\u00ea precisa estar antenado com o primeiro amor, seja o fraternal ou o da amizade, ambos envoltos com o papel da f\u00e9. Pedro e Jo\u00e3o, com esse relato, nunca perderam a f\u00e9 e o amor. Eles voltaram, simbolicamente, ao mar da vida, da Galileia, onde tudo come\u00e7ou.<\/p>\n<p>Lembre-se sempre disso. Amor e f\u00e9 est\u00e3o unidos em matrim\u00f4nio. Quando termina um, termina o outro. Quem n\u00e3o ama n\u00e3o cr\u00ea que tudo ser\u00e1 diferente. Jesus, pastor que ama, n\u00e3o pergunta pela trai\u00e7\u00e3o de Pedro, mas pelo refazer de seu amor fiel. O amor tudo perdoa para sempre recome\u00e7ar, porque quem ama de verdade permanece<a href=\"#_ftn5\" name=\"_ftnref5\">[5]<\/a> no amor sempre como os Pedros, os Sim\u00e3os e os Jo\u00e3os de ontem e hoje.<\/p>\n<hr \/>\n<p style=\"padding-left: 40px;\"><a href=\"#_ftnref1\" name=\"_ftn1\">[1]<\/a> Doutor em Teologia B\u00edblica pela FAJE-BH. Mestre em Ci\u00eancias B\u00edblicas (Exegese) pelo Pontif\u00edcio Instituto B\u00edblico de Roma. Professor de exegese b\u00edblica. Membro da Associa\u00e7\u00e3o Brasileira de Pesquisa B\u00edblica (ABIB). Sacerdote Franciscano. Autor de dez livros e coautor de quatorze. \u00a0Inscreva-se no nosso canal no You Tube: Frei Jacir B\u00edblia e Ap\u00f3crifos ou <a href=\"https:\/\/www.youtube.com\/c\/FreiJacirdeFreitasFariaB%C3%ADbliaAp%C3%B3crifos\">https:\/\/www.youtube.com\/c\/FreiJacirdeFreitasFariaB%C3%ADbliaAp%C3%B3crifos<\/a><\/p>\n<p style=\"padding-left: 40px;\"><a href=\"#_ftnref2\" name=\"_ftn2\">[2]<\/a> GARCIA, Paulo Roberto. Jo\u00e3o 21: ind\u00edcios para a reconstitui\u00e7\u00e3o de movimentos do Cristianismo Primitivo. Revista Caminhando v. 26, p. 1-11, jan.\/dez. 2021. Dispon\u00edvel em: <a href=\"https:\/\/www.metodista.br\/revistas\/revistas-metodista\/index.php\/Caminhando\/article\/view\/1035938\">https:\/\/www.metodista.br\/revistas\/revistas-metodista\/index.php\/Caminhando\/article\/view\/1035938<\/a><\/p>\n<p style=\"padding-left: 40px;\"><a href=\"#_ftnref3\" name=\"_ftn3\">[3]<\/a> FARIA, Jacir de Freitas. <strong>A Vida Secreta dos Ap\u00f3stolos e Ap\u00f3stolas<\/strong>: \u00e0 Luz dos Atos Ap\u00f3crifos. Petr\u00f3polis: Vozes, 2005, p. 184-87.<\/p>\n<p style=\"padding-left: 40px;\"><a href=\"#_ftnref4\" name=\"_ftn4\">[4]<\/a> FARIA, Jacir de Freitas. Pedro n\u00e3o \u00e9 pedra. Dispon\u00edvel em: <a href=\"http:\/\/www.bibliaeapocrifos.com.br\/segundo-testamento\/ler\/64\/pedro-nao-e-pedra-mt-16-18\">http:\/\/www.bibliaeapocrifos.com.br\/segundo-testamento\/ler\/64\/pedro-nao-e-pedra-mt-16-18<\/a><\/p>\n<p style=\"padding-left: 40px;\"><a href=\"#_ftnref5\" name=\"_ftn5\">[5]<\/a> FARIA, Jacir de Freitas. O permanecer, a verdade, o am\u00e9m e os la\u00e7os de eternidade em Jo 15,1-8 e na pandemia. Dispon\u00edvel em: <a href=\"https:\/\/www.youtube.com\/watch?v=KMdqIbmQE-Y&amp;t=69s\">https:\/\/www.youtube.com\/watch?v=KMdqIbmQE-Y&amp;t=69s<\/a><\/p>\n","protected":false},"excerpt":{"rendered":"<p>Artigo de Frei Jacir de Freitas Faria<\/p>\n","protected":false},"author":3,"featured_media":189620,"comment_status":"open","ping_status":"open","sticky":false,"template":"","format":"standard","meta":{"footnotes":""},"categories":[26],"tags":[43],"yoast_head":"<!-- This site is optimized with the Yoast SEO plugin v19.4 - https:\/\/yoast.com\/wordpress\/plugins\/seo\/ -->\n<title>\u201cPedro, Sim\u00e3o, Filho de Jo\u00e3o, tu me amas?\u201d - Vida Crist\u00e3 - Franciscanos<\/title>\n<meta name=\"robots\" content=\"index, follow, max-snippet:-1, max-image-preview:large, max-video-preview:-1\" \/>\n<link rel=\"canonical\" href=\"https:\/\/franciscanos.org.br\/vidacrista\/pedro-simao-filho-de-joao-tu-me-amas\/\" \/>\n<meta property=\"og:locale\" content=\"pt_BR\" \/>\n<meta property=\"og:type\" content=\"article\" \/>\n<meta property=\"og:title\" content=\"\u201cPedro, Sim\u00e3o, Filho de Jo\u00e3o, tu me amas?\u201d - Vida Crist\u00e3 - Franciscanos\" \/>\n<meta property=\"og:description\" content=\"Artigo de Frei Jacir de Freitas Faria\" \/>\n<meta property=\"og:url\" content=\"https:\/\/franciscanos.org.br\/vidacrista\/pedro-simao-filho-de-joao-tu-me-amas\/\" \/>\n<meta property=\"og:site_name\" content=\"Vida Crist\u00e3 - Franciscanos\" \/>\n<meta property=\"article:published_time\" content=\"2021-05-21T09:05:01+00:00\" \/>\n<meta property=\"article:modified_time\" content=\"2021-05-21T12:38:30+00:00\" \/>\n<meta property=\"og:image\" content=\"https:\/\/franciscanos.org.br\/vidacrista\/wp-content\/uploads\/2021\/05\/cristo_pedro_01d.jpg\" \/>\n\t<meta property=\"og:image:width\" content=\"800\" \/>\n\t<meta property=\"og:image:height\" content=\"549\" \/>\n\t<meta property=\"og:image:type\" content=\"image\/jpeg\" \/>\n<meta name=\"author\" content=\"moacir\" \/>\n<meta name=\"twitter:card\" content=\"summary_large_image\" \/>\n<meta name=\"twitter:label1\" content=\"Escrito por\" \/>\n\t<meta name=\"twitter:data1\" content=\"moacir\" \/>\n\t<meta name=\"twitter:label2\" content=\"Est. tempo de leitura\" \/>\n\t<meta name=\"twitter:data2\" content=\"5 minutos\" \/>\n<script type=\"application\/ld+json\" class=\"yoast-schema-graph\">{\"@context\":\"https:\/\/schema.org\",\"@graph\":[{\"@type\":\"WebSite\",\"@id\":\"https:\/\/franciscanos.org.br\/vidacrista\/#website\",\"url\":\"https:\/\/franciscanos.org.br\/vidacrista\/\",\"name\":\"Vida Crist\u00e3 - Franciscanos\",\"description\":\"Prov\u00edncia Franciscana da Imaculada Concei\u00e7\u00e3o do Brasil - Ordem dos Frades Menores\",\"potentialAction\":[{\"@type\":\"SearchAction\",\"target\":{\"@type\":\"EntryPoint\",\"urlTemplate\":\"https:\/\/franciscanos.org.br\/vidacrista\/?s={search_term_string}\"},\"query-input\":\"required name=search_term_string\"}],\"inLanguage\":\"pt-BR\"},{\"@type\":\"WebPage\",\"@id\":\"https:\/\/franciscanos.org.br\/vidacrista\/pedro-simao-filho-de-joao-tu-me-amas\/\",\"url\":\"https:\/\/franciscanos.org.br\/vidacrista\/pedro-simao-filho-de-joao-tu-me-amas\/\",\"name\":\"\u201cPedro, Sim\u00e3o, Filho de Jo\u00e3o, tu me amas?\u201d - Vida Crist\u00e3 - Franciscanos\",\"isPartOf\":{\"@id\":\"https:\/\/franciscanos.org.br\/vidacrista\/#website\"},\"datePublished\":\"2021-05-21T09:05:01+00:00\",\"dateModified\":\"2021-05-21T12:38:30+00:00\",\"author\":{\"@id\":\"https:\/\/franciscanos.org.br\/vidacrista\/#\/schema\/person\/1880bdd2c350b735648725ef7614736a\"},\"breadcrumb\":{\"@id\":\"https:\/\/franciscanos.org.br\/vidacrista\/pedro-simao-filho-de-joao-tu-me-amas\/#breadcrumb\"},\"inLanguage\":\"pt-BR\",\"potentialAction\":[{\"@type\":\"ReadAction\",\"target\":[\"https:\/\/franciscanos.org.br\/vidacrista\/pedro-simao-filho-de-joao-tu-me-amas\/\"]}]},{\"@type\":\"BreadcrumbList\",\"@id\":\"https:\/\/franciscanos.org.br\/vidacrista\/pedro-simao-filho-de-joao-tu-me-amas\/#breadcrumb\",\"itemListElement\":[{\"@type\":\"ListItem\",\"position\":1,\"name\":\"Home\",\"item\":\"https:\/\/franciscanos.org.br\/vidacrista\/\"},{\"@type\":\"ListItem\",\"position\":2,\"name\":\"\u201cPedro, Sim\u00e3o, Filho de Jo\u00e3o, tu me amas?\u201d\"}]},{\"@type\":\"Person\",\"@id\":\"https:\/\/franciscanos.org.br\/vidacrista\/#\/schema\/person\/1880bdd2c350b735648725ef7614736a\",\"name\":\"moacir\",\"image\":{\"@type\":\"ImageObject\",\"inLanguage\":\"pt-BR\",\"@id\":\"https:\/\/franciscanos.org.br\/vidacrista\/#\/schema\/person\/image\/\",\"url\":\"https:\/\/secure.gravatar.com\/avatar\/d08aa2ce4c8dd416d4479aa8536fcf64?s=96&d=mm&r=g\",\"contentUrl\":\"https:\/\/secure.gravatar.com\/avatar\/d08aa2ce4c8dd416d4479aa8536fcf64?s=96&d=mm&r=g\",\"caption\":\"moacir\"},\"url\":\"https:\/\/franciscanos.org.br\/vidacrista\/author\/moacir\/\"}]}<\/script>\n<!-- \/ Yoast SEO plugin. -->","yoast_head_json":{"title":"\u201cPedro, Sim\u00e3o, Filho de Jo\u00e3o, tu me amas?\u201d - Vida Crist\u00e3 - Franciscanos","robots":{"index":"index","follow":"follow","max-snippet":"max-snippet:-1","max-image-preview":"max-image-preview:large","max-video-preview":"max-video-preview:-1"},"canonical":"https:\/\/franciscanos.org.br\/vidacrista\/pedro-simao-filho-de-joao-tu-me-amas\/","og_locale":"pt_BR","og_type":"article","og_title":"\u201cPedro, Sim\u00e3o, Filho de Jo\u00e3o, tu me amas?\u201d - Vida Crist\u00e3 - Franciscanos","og_description":"Artigo de Frei Jacir de Freitas Faria","og_url":"https:\/\/franciscanos.org.br\/vidacrista\/pedro-simao-filho-de-joao-tu-me-amas\/","og_site_name":"Vida Crist\u00e3 - Franciscanos","article_published_time":"2021-05-21T09:05:01+00:00","article_modified_time":"2021-05-21T12:38:30+00:00","og_image":[{"width":800,"height":549,"url":"https:\/\/franciscanos.org.br\/vidacrista\/wp-content\/uploads\/2021\/05\/cristo_pedro_01d.jpg","type":"image\/jpeg"}],"author":"moacir","twitter_card":"summary_large_image","twitter_misc":{"Escrito por":"moacir","Est. tempo de leitura":"5 minutos"},"schema":{"@context":"https:\/\/schema.org","@graph":[{"@type":"WebSite","@id":"https:\/\/franciscanos.org.br\/vidacrista\/#website","url":"https:\/\/franciscanos.org.br\/vidacrista\/","name":"Vida Crist\u00e3 - Franciscanos","description":"Prov\u00edncia Franciscana da Imaculada Concei\u00e7\u00e3o do Brasil - Ordem dos Frades Menores","potentialAction":[{"@type":"SearchAction","target":{"@type":"EntryPoint","urlTemplate":"https:\/\/franciscanos.org.br\/vidacrista\/?s={search_term_string}"},"query-input":"required name=search_term_string"}],"inLanguage":"pt-BR"},{"@type":"WebPage","@id":"https:\/\/franciscanos.org.br\/vidacrista\/pedro-simao-filho-de-joao-tu-me-amas\/","url":"https:\/\/franciscanos.org.br\/vidacrista\/pedro-simao-filho-de-joao-tu-me-amas\/","name":"\u201cPedro, Sim\u00e3o, Filho de Jo\u00e3o, tu me amas?\u201d - Vida Crist\u00e3 - Franciscanos","isPartOf":{"@id":"https:\/\/franciscanos.org.br\/vidacrista\/#website"},"datePublished":"2021-05-21T09:05:01+00:00","dateModified":"2021-05-21T12:38:30+00:00","author":{"@id":"https:\/\/franciscanos.org.br\/vidacrista\/#\/schema\/person\/1880bdd2c350b735648725ef7614736a"},"breadcrumb":{"@id":"https:\/\/franciscanos.org.br\/vidacrista\/pedro-simao-filho-de-joao-tu-me-amas\/#breadcrumb"},"inLanguage":"pt-BR","potentialAction":[{"@type":"ReadAction","target":["https:\/\/franciscanos.org.br\/vidacrista\/pedro-simao-filho-de-joao-tu-me-amas\/"]}]},{"@type":"BreadcrumbList","@id":"https:\/\/franciscanos.org.br\/vidacrista\/pedro-simao-filho-de-joao-tu-me-amas\/#breadcrumb","itemListElement":[{"@type":"ListItem","position":1,"name":"Home","item":"https:\/\/franciscanos.org.br\/vidacrista\/"},{"@type":"ListItem","position":2,"name":"\u201cPedro, Sim\u00e3o, Filho de Jo\u00e3o, tu me amas?\u201d"}]},{"@type":"Person","@id":"https:\/\/franciscanos.org.br\/vidacrista\/#\/schema\/person\/1880bdd2c350b735648725ef7614736a","name":"moacir","image":{"@type":"ImageObject","inLanguage":"pt-BR","@id":"https:\/\/franciscanos.org.br\/vidacrista\/#\/schema\/person\/image\/","url":"https:\/\/secure.gravatar.com\/avatar\/d08aa2ce4c8dd416d4479aa8536fcf64?s=96&d=mm&r=g","contentUrl":"https:\/\/secure.gravatar.com\/avatar\/d08aa2ce4c8dd416d4479aa8536fcf64?s=96&d=mm&r=g","caption":"moacir"},"url":"https:\/\/franciscanos.org.br\/vidacrista\/author\/moacir\/"}]}},"_links":{"self":[{"href":"https:\/\/franciscanos.org.br\/vidacrista\/wp-json\/wp\/v2\/posts\/189618"}],"collection":[{"href":"https:\/\/franciscanos.org.br\/vidacrista\/wp-json\/wp\/v2\/posts"}],"about":[{"href":"https:\/\/franciscanos.org.br\/vidacrista\/wp-json\/wp\/v2\/types\/post"}],"author":[{"embeddable":true,"href":"https:\/\/franciscanos.org.br\/vidacrista\/wp-json\/wp\/v2\/users\/3"}],"replies":[{"embeddable":true,"href":"https:\/\/franciscanos.org.br\/vidacrista\/wp-json\/wp\/v2\/comments?post=189618"}],"version-history":[{"count":3,"href":"https:\/\/franciscanos.org.br\/vidacrista\/wp-json\/wp\/v2\/posts\/189618\/revisions"}],"predecessor-version":[{"id":189623,"href":"https:\/\/franciscanos.org.br\/vidacrista\/wp-json\/wp\/v2\/posts\/189618\/revisions\/189623"}],"wp:featuredmedia":[{"embeddable":true,"href":"https:\/\/franciscanos.org.br\/vidacrista\/wp-json\/wp\/v2\/media\/189620"}],"wp:attachment":[{"href":"https:\/\/franciscanos.org.br\/vidacrista\/wp-json\/wp\/v2\/media?parent=189618"}],"wp:term":[{"taxonomy":"category","embeddable":true,"href":"https:\/\/franciscanos.org.br\/vidacrista\/wp-json\/wp\/v2\/categories?post=189618"},{"taxonomy":"post_tag","embeddable":true,"href":"https:\/\/franciscanos.org.br\/vidacrista\/wp-json\/wp\/v2\/tags?post=189618"}],"curies":[{"name":"wp","href":"https:\/\/api.w.org\/{rel}","templated":true}]}}