{"id":189613,"date":"2021-05-18T06:42:24","date_gmt":"2021-05-18T09:42:24","guid":{"rendered":"https:\/\/franciscanos.org.br\/vidacrista\/?p=189613"},"modified":"2021-05-18T06:53:34","modified_gmt":"2021-05-18T09:53:34","slug":"o-papel-da-igreja-no-combate-ao-desmatamento","status":"publish","type":"post","link":"https:\/\/franciscanos.org.br\/vidacrista\/o-papel-da-igreja-no-combate-ao-desmatamento\/","title":{"rendered":"O papel da Igreja no combate ao desmatamento"},"content":{"rendered":"<div id=\"attachment_189614\" style=\"width: 850px\" class=\"wp-caption alignnone\"><img aria-describedby=\"caption-attachment-189614\" decoding=\"async\" loading=\"lazy\" class=\"wp-image-189614 size-full\" src=\"https:\/\/franciscanos.org.br\/vidacrista\/wp-content\/uploads\/2021\/05\/artigo_18.png\" alt=\"\" width=\"840\" height=\"450\" srcset=\"https:\/\/franciscanos.org.br\/vidacrista\/wp-content\/uploads\/2021\/05\/artigo_18.png 840w, https:\/\/franciscanos.org.br\/vidacrista\/wp-content\/uploads\/2021\/05\/artigo_18-450x241.png 450w, https:\/\/franciscanos.org.br\/vidacrista\/wp-content\/uploads\/2021\/05\/artigo_18-768x411.png 768w, https:\/\/franciscanos.org.br\/vidacrista\/wp-content\/uploads\/2021\/05\/artigo_18-150x80.png 150w\" sizes=\"(max-width: 840px) 100vw, 840px\" \/><p id=\"caption-attachment-189614\" class=\"wp-caption-text\"><em>\u00a0 \u00a0 \u00a0 \u00a0 \u00a0 \u00a0 \u00a0 \u00a0 \u00a0 \u00a0 \u00a0 \u00a0 \u00a0 \u00a0 \u00a0 \u00a0 \u00a0 \u00a0 \u00a0 \u00a0 \u00a0 \u00a0 \u00a0 \u00a0 \u00a0 \u00a0 \u00a0 \u00a0 Imagem ilustrativa: Canva (<a href=\"https:\/\/www.canva.com\/pt_br\/modelos\/\">www.canva.com\/pt_br\/modelos<\/a>)<\/em><\/p><\/div>\n<p><strong>Frei Augusto Luiz Gabriel<\/strong><\/p>\n<p>H\u00e1 mais de um ano, o Papa Francisco apresentou ao mundo a Exorta\u00e7\u00e3o Apost\u00f3lica \u201cQuerida Amaz\u00f4nia\u201d, um resultado do S\u00ednodo dos Bispos endere\u00e7ada ao povo de Deus e a todas as pessoas de boa vontade. Neste documento constru\u00eddo a muitas m\u00e3os, o Santo Padre faz um forte apelo para salvar a Amaz\u00f4nia. O evento que congregou bispos, l\u00edderes cat\u00f3licos, religiosos, ind\u00edgenas e ativistas de nove pa\u00edses da Am\u00e9rica do Sul, teve forte influ\u00eancia no pensamento de S\u00e3o Francisco de Assis, patrono da Ecologia, e tamb\u00e9m um fiel companheiro do Papa, que al\u00e9m de admir\u00e1-lo, escolheu para seu minist\u00e9rio o mesmo nome. Vale ressaltar que o S\u00ednodo da Amaz\u00f4nia se soma a um conjunto de a\u00e7\u00f5es do Pont\u00edfice que olham para o cuidado da Casa Comum.<\/p>\n<p>Lindas, exuberantes e verdes. \u00c9 assim que nos acostumamos a ver as florestas. No entanto, nos bastidores, um n\u00edvel alto e acelerado de desmatamento preocupa. O que os olhos dos governantes n\u00e3o veem, aos poucos tem gerado in\u00fameras consequ\u00eancias para todo Brasil e o mundo.<\/p>\n<p>O planeta todo nos foi entregue para ser utilizado com sabedoria. A natureza \u00e9 uma heran\u00e7a gratuita que recebemos de Deus e que devemos cultivar. Ela n\u00e3o \u00e9 um deus, mas sinal da express\u00e3o da bondade e da beleza que emanam do \u00fanico e verdadeiro Deus. Ainda mais, ao violentar a natureza, ela adoece ou \u00e9 ferida gravemente. O que nos foi dado para ser uma b\u00ean\u00e7\u00e3o se transforma em maldi\u00e7\u00e3o.<\/p>\n<p>Destruir a Amaz\u00f4nia provoca grandes impactos em todo universo. A chuva que \u00e9 produzida na Amaz\u00f4nia \u00e9 importante n\u00e3o apenas para a regi\u00e3o. Ela ajuda na gera\u00e7\u00e3o de energia, na produ\u00e7\u00e3o de alimentos e no abastecimento de \u00e1gua no centro, sul e sudeste brasileiro. Para os mais de 20 milh\u00f5es de brasileiros que habitam a Amaz\u00f4nia, o desmatamento nunca trouxe desenvolvimento social, pelo contr\u00e1rio, cerca de 85% dos casos de trabalho escravo do pa\u00eds ocorrem nas \u00e1reas desmatadas da Amaz\u00f4nia.<\/p>\n<p>A Igreja n\u00e3o pode se calar diante disto de tamanha devasta\u00e7\u00e3o da biodiversidade e do uso abusivo da terra. Ainda nos dias atuais, muitos s\u00e3o os exemplos prof\u00e9ticos e de corajosos crist\u00e3os, mission\u00e1rios, religiosos e \u2018padroeiros\u2019 do meio ambiente que protagonizaram a hist\u00f3ria da preserva\u00e7\u00e3o da floresta e do cuidado pela vida. Infelizmente, muitos s\u00e3o m\u00e1rtires, como por exemplo Pe. Ezequiel Ramin, Irm\u00e3 Dorothy Stang e Irm\u00e3 Cleusa Coelho. Nestes \u2018protagonistas crist\u00e3os\u2019, vemos a hist\u00f3ria prof\u00e9tica de quem lutou pelo direito das comunidades, dos ind\u00edgenas e de muitos outros povos que dependem da floresta para a sua subsist\u00eancia.<\/p>\n<p>Segundo o Ministro Geral da Ordem dos Frades Menores, Frei Michael Perry, o grito dos povos da Amaz\u00f4nia atinge diretamente as a\u00e7\u00f5es ligadas \u00e0 ecologia. \u00c9 necess\u00e1rio recordar que \u201cpara promover uma ecologia integral na vida de todos os dias da Amaz\u00f4nia, \u00e9 preciso compreender tamb\u00e9m a no\u00e7\u00e3o de justi\u00e7a e comunica\u00e7\u00e3o intergeracional, que inclui a transmiss\u00e3o da experi\u00eancia ancestral, cosmologias, espiritualidades e teologias dos povos ind\u00edgenas, em volta do cuidado da Casa Comum\u201d (<em>Instrumentum Laboris do S\u00ednodo<\/em>, 50).<\/p>\n<p>Muitas s\u00e3o as a\u00e7\u00f5es que a Igreja tem tomado perante o combate ao desmatamento.\u00a0 Reafirmando seu compromisso basilar com os povos da Pan-Amaz\u00f4nia, a Igreja busca ser presen\u00e7a evangelizadora, mesmo com o n\u00famero escasso de sacerdotes, religiosos e religiosas. Al\u00e9m disso, a Igreja cobra dos governos o respeito para com a M\u00e3e Terra, como definiu S\u00e3o Francisco de Assis, e indica necess\u00e1rios caminhos de cuidado da Casa Comum. Jorge Mario Bergoglio ecoa a op\u00e7\u00e3o franciscana e o clamor por uma ecologia integral que exige \u201cuma convers\u00e3o pessoal, social e ecol\u00f3gica (cf. LS 210)\u201d. Al\u00e9m disso, carecemos de pol\u00edticas p\u00fablicas e da nossa participa\u00e7\u00e3o na prote\u00e7\u00e3o e conserva\u00e7\u00e3o da natureza. A garantia da vida no planeta requer relacionamento saud\u00e1vel com o mundo, e, sobretudo, integra\u00e7\u00e3o entre o amor a natureza, Deus e as criaturas.\u00a0 S\u00e3o Francisco de Assis, patrono da ecologia, rogai por n\u00f3s!<\/p>\n<hr \/>\n<p><strong>Frei Augusto Luiz Gabriel, ofm, <\/strong><em>\u00e9 frade estudante de Teologia no Instituto Teol\u00f3gico Franciscano (ITF). Este artigo foi publicado originalmente na &#8220;Revista Ave-Maria&#8221;.<\/em><\/p>\n","protected":false},"excerpt":{"rendered":"<p>Artigo de Frei Augusto Luiz Gabriel<\/p>\n","protected":false},"author":3,"featured_media":189615,"comment_status":"open","ping_status":"open","sticky":false,"template":"","format":"standard","meta":{"footnotes":""},"categories":[26],"tags":[352],"yoast_head":"<!-- This site is optimized with the Yoast SEO plugin v19.4 - https:\/\/yoast.com\/wordpress\/plugins\/seo\/ -->\n<title>O papel da Igreja no combate ao desmatamento - Vida Crist\u00e3 - Franciscanos<\/title>\n<meta name=\"robots\" content=\"index, follow, max-snippet:-1, max-image-preview:large, max-video-preview:-1\" \/>\n<link rel=\"canonical\" href=\"https:\/\/franciscanos.org.br\/vidacrista\/o-papel-da-igreja-no-combate-ao-desmatamento\/\" \/>\n<meta property=\"og:locale\" content=\"pt_BR\" \/>\n<meta property=\"og:type\" content=\"article\" \/>\n<meta property=\"og:title\" content=\"O papel da Igreja no combate ao desmatamento - Vida Crist\u00e3 - Franciscanos\" \/>\n<meta property=\"og:description\" content=\"Artigo de Frei Augusto Luiz Gabriel\" \/>\n<meta property=\"og:url\" content=\"https:\/\/franciscanos.org.br\/vidacrista\/o-papel-da-igreja-no-combate-ao-desmatamento\/\" \/>\n<meta property=\"og:site_name\" content=\"Vida Crist\u00e3 - Franciscanos\" \/>\n<meta property=\"article:published_time\" content=\"2021-05-18T09:42:24+00:00\" \/>\n<meta property=\"article:modified_time\" content=\"2021-05-18T09:53:34+00:00\" \/>\n<meta property=\"og:image\" content=\"https:\/\/franciscanos.org.br\/vidacrista\/wp-content\/uploads\/2021\/05\/artigo_18d.png\" \/>\n\t<meta property=\"og:image:width\" content=\"800\" \/>\n\t<meta property=\"og:image:height\" content=\"550\" \/>\n\t<meta property=\"og:image:type\" content=\"image\/png\" \/>\n<meta name=\"author\" content=\"moacir\" \/>\n<meta name=\"twitter:card\" content=\"summary_large_image\" \/>\n<meta name=\"twitter:label1\" content=\"Escrito por\" \/>\n\t<meta name=\"twitter:data1\" content=\"moacir\" \/>\n\t<meta name=\"twitter:label2\" content=\"Est. tempo de leitura\" \/>\n\t<meta name=\"twitter:data2\" content=\"4 minutos\" \/>\n<script type=\"application\/ld+json\" class=\"yoast-schema-graph\">{\"@context\":\"https:\/\/schema.org\",\"@graph\":[{\"@type\":\"WebSite\",\"@id\":\"https:\/\/franciscanos.org.br\/vidacrista\/#website\",\"url\":\"https:\/\/franciscanos.org.br\/vidacrista\/\",\"name\":\"Vida Crist\u00e3 - Franciscanos\",\"description\":\"Prov\u00edncia Franciscana da Imaculada Concei\u00e7\u00e3o do Brasil - Ordem dos Frades Menores\",\"potentialAction\":[{\"@type\":\"SearchAction\",\"target\":{\"@type\":\"EntryPoint\",\"urlTemplate\":\"https:\/\/franciscanos.org.br\/vidacrista\/?s={search_term_string}\"},\"query-input\":\"required name=search_term_string\"}],\"inLanguage\":\"pt-BR\"},{\"@type\":\"WebPage\",\"@id\":\"https:\/\/franciscanos.org.br\/vidacrista\/o-papel-da-igreja-no-combate-ao-desmatamento\/\",\"url\":\"https:\/\/franciscanos.org.br\/vidacrista\/o-papel-da-igreja-no-combate-ao-desmatamento\/\",\"name\":\"O papel da Igreja no combate ao desmatamento - Vida Crist\u00e3 - Franciscanos\",\"isPartOf\":{\"@id\":\"https:\/\/franciscanos.org.br\/vidacrista\/#website\"},\"datePublished\":\"2021-05-18T09:42:24+00:00\",\"dateModified\":\"2021-05-18T09:53:34+00:00\",\"author\":{\"@id\":\"https:\/\/franciscanos.org.br\/vidacrista\/#\/schema\/person\/1880bdd2c350b735648725ef7614736a\"},\"breadcrumb\":{\"@id\":\"https:\/\/franciscanos.org.br\/vidacrista\/o-papel-da-igreja-no-combate-ao-desmatamento\/#breadcrumb\"},\"inLanguage\":\"pt-BR\",\"potentialAction\":[{\"@type\":\"ReadAction\",\"target\":[\"https:\/\/franciscanos.org.br\/vidacrista\/o-papel-da-igreja-no-combate-ao-desmatamento\/\"]}]},{\"@type\":\"BreadcrumbList\",\"@id\":\"https:\/\/franciscanos.org.br\/vidacrista\/o-papel-da-igreja-no-combate-ao-desmatamento\/#breadcrumb\",\"itemListElement\":[{\"@type\":\"ListItem\",\"position\":1,\"name\":\"Home\",\"item\":\"https:\/\/franciscanos.org.br\/vidacrista\/\"},{\"@type\":\"ListItem\",\"position\":2,\"name\":\"O papel da Igreja no combate ao desmatamento\"}]},{\"@type\":\"Person\",\"@id\":\"https:\/\/franciscanos.org.br\/vidacrista\/#\/schema\/person\/1880bdd2c350b735648725ef7614736a\",\"name\":\"moacir\",\"image\":{\"@type\":\"ImageObject\",\"inLanguage\":\"pt-BR\",\"@id\":\"https:\/\/franciscanos.org.br\/vidacrista\/#\/schema\/person\/image\/\",\"url\":\"https:\/\/secure.gravatar.com\/avatar\/d08aa2ce4c8dd416d4479aa8536fcf64?s=96&d=mm&r=g\",\"contentUrl\":\"https:\/\/secure.gravatar.com\/avatar\/d08aa2ce4c8dd416d4479aa8536fcf64?s=96&d=mm&r=g\",\"caption\":\"moacir\"},\"url\":\"https:\/\/franciscanos.org.br\/vidacrista\/author\/moacir\/\"}]}<\/script>\n<!-- \/ Yoast SEO plugin. -->","yoast_head_json":{"title":"O papel da Igreja no combate ao desmatamento - Vida Crist\u00e3 - Franciscanos","robots":{"index":"index","follow":"follow","max-snippet":"max-snippet:-1","max-image-preview":"max-image-preview:large","max-video-preview":"max-video-preview:-1"},"canonical":"https:\/\/franciscanos.org.br\/vidacrista\/o-papel-da-igreja-no-combate-ao-desmatamento\/","og_locale":"pt_BR","og_type":"article","og_title":"O papel da Igreja no combate ao desmatamento - Vida Crist\u00e3 - Franciscanos","og_description":"Artigo de Frei Augusto Luiz Gabriel","og_url":"https:\/\/franciscanos.org.br\/vidacrista\/o-papel-da-igreja-no-combate-ao-desmatamento\/","og_site_name":"Vida Crist\u00e3 - Franciscanos","article_published_time":"2021-05-18T09:42:24+00:00","article_modified_time":"2021-05-18T09:53:34+00:00","og_image":[{"width":800,"height":550,"url":"https:\/\/franciscanos.org.br\/vidacrista\/wp-content\/uploads\/2021\/05\/artigo_18d.png","type":"image\/png"}],"author":"moacir","twitter_card":"summary_large_image","twitter_misc":{"Escrito por":"moacir","Est. tempo de leitura":"4 minutos"},"schema":{"@context":"https:\/\/schema.org","@graph":[{"@type":"WebSite","@id":"https:\/\/franciscanos.org.br\/vidacrista\/#website","url":"https:\/\/franciscanos.org.br\/vidacrista\/","name":"Vida Crist\u00e3 - Franciscanos","description":"Prov\u00edncia Franciscana da Imaculada Concei\u00e7\u00e3o do Brasil - Ordem dos Frades Menores","potentialAction":[{"@type":"SearchAction","target":{"@type":"EntryPoint","urlTemplate":"https:\/\/franciscanos.org.br\/vidacrista\/?s={search_term_string}"},"query-input":"required name=search_term_string"}],"inLanguage":"pt-BR"},{"@type":"WebPage","@id":"https:\/\/franciscanos.org.br\/vidacrista\/o-papel-da-igreja-no-combate-ao-desmatamento\/","url":"https:\/\/franciscanos.org.br\/vidacrista\/o-papel-da-igreja-no-combate-ao-desmatamento\/","name":"O papel da Igreja no combate ao desmatamento - Vida Crist\u00e3 - Franciscanos","isPartOf":{"@id":"https:\/\/franciscanos.org.br\/vidacrista\/#website"},"datePublished":"2021-05-18T09:42:24+00:00","dateModified":"2021-05-18T09:53:34+00:00","author":{"@id":"https:\/\/franciscanos.org.br\/vidacrista\/#\/schema\/person\/1880bdd2c350b735648725ef7614736a"},"breadcrumb":{"@id":"https:\/\/franciscanos.org.br\/vidacrista\/o-papel-da-igreja-no-combate-ao-desmatamento\/#breadcrumb"},"inLanguage":"pt-BR","potentialAction":[{"@type":"ReadAction","target":["https:\/\/franciscanos.org.br\/vidacrista\/o-papel-da-igreja-no-combate-ao-desmatamento\/"]}]},{"@type":"BreadcrumbList","@id":"https:\/\/franciscanos.org.br\/vidacrista\/o-papel-da-igreja-no-combate-ao-desmatamento\/#breadcrumb","itemListElement":[{"@type":"ListItem","position":1,"name":"Home","item":"https:\/\/franciscanos.org.br\/vidacrista\/"},{"@type":"ListItem","position":2,"name":"O papel da Igreja no combate ao desmatamento"}]},{"@type":"Person","@id":"https:\/\/franciscanos.org.br\/vidacrista\/#\/schema\/person\/1880bdd2c350b735648725ef7614736a","name":"moacir","image":{"@type":"ImageObject","inLanguage":"pt-BR","@id":"https:\/\/franciscanos.org.br\/vidacrista\/#\/schema\/person\/image\/","url":"https:\/\/secure.gravatar.com\/avatar\/d08aa2ce4c8dd416d4479aa8536fcf64?s=96&d=mm&r=g","contentUrl":"https:\/\/secure.gravatar.com\/avatar\/d08aa2ce4c8dd416d4479aa8536fcf64?s=96&d=mm&r=g","caption":"moacir"},"url":"https:\/\/franciscanos.org.br\/vidacrista\/author\/moacir\/"}]}},"_links":{"self":[{"href":"https:\/\/franciscanos.org.br\/vidacrista\/wp-json\/wp\/v2\/posts\/189613"}],"collection":[{"href":"https:\/\/franciscanos.org.br\/vidacrista\/wp-json\/wp\/v2\/posts"}],"about":[{"href":"https:\/\/franciscanos.org.br\/vidacrista\/wp-json\/wp\/v2\/types\/post"}],"author":[{"embeddable":true,"href":"https:\/\/franciscanos.org.br\/vidacrista\/wp-json\/wp\/v2\/users\/3"}],"replies":[{"embeddable":true,"href":"https:\/\/franciscanos.org.br\/vidacrista\/wp-json\/wp\/v2\/comments?post=189613"}],"version-history":[{"count":2,"href":"https:\/\/franciscanos.org.br\/vidacrista\/wp-json\/wp\/v2\/posts\/189613\/revisions"}],"predecessor-version":[{"id":189617,"href":"https:\/\/franciscanos.org.br\/vidacrista\/wp-json\/wp\/v2\/posts\/189613\/revisions\/189617"}],"wp:featuredmedia":[{"embeddable":true,"href":"https:\/\/franciscanos.org.br\/vidacrista\/wp-json\/wp\/v2\/media\/189615"}],"wp:attachment":[{"href":"https:\/\/franciscanos.org.br\/vidacrista\/wp-json\/wp\/v2\/media?parent=189613"}],"wp:term":[{"taxonomy":"category","embeddable":true,"href":"https:\/\/franciscanos.org.br\/vidacrista\/wp-json\/wp\/v2\/categories?post=189613"},{"taxonomy":"post_tag","embeddable":true,"href":"https:\/\/franciscanos.org.br\/vidacrista\/wp-json\/wp\/v2\/tags?post=189613"}],"curies":[{"name":"wp","href":"https:\/\/api.w.org\/{rel}","templated":true}]}}