{"id":189601,"date":"2021-05-15T10:13:15","date_gmt":"2021-05-15T13:13:15","guid":{"rendered":"https:\/\/franciscanos.org.br\/vidacrista\/?p=189601"},"modified":"2021-05-15T10:14:01","modified_gmt":"2021-05-15T13:14:01","slug":"amizadesocial","status":"publish","type":"post","link":"https:\/\/franciscanos.org.br\/vidacrista\/amizadesocial\/","title":{"rendered":"Promover amizade social"},"content":{"rendered":"<p><img decoding=\"async\" loading=\"lazy\" class=\"alignnone wp-image-189603 \" src=\"https:\/\/franciscanos.org.br\/vidacrista\/wp-content\/uploads\/2021\/05\/artigo_15.jpg\" alt=\"\" width=\"826\" height=\"443\" srcset=\"https:\/\/franciscanos.org.br\/vidacrista\/wp-content\/uploads\/2021\/05\/artigo_15.jpg 800w, https:\/\/franciscanos.org.br\/vidacrista\/wp-content\/uploads\/2021\/05\/artigo_15-450x241.jpg 450w, https:\/\/franciscanos.org.br\/vidacrista\/wp-content\/uploads\/2021\/05\/artigo_15-768x412.jpg 768w, https:\/\/franciscanos.org.br\/vidacrista\/wp-content\/uploads\/2021\/05\/artigo_15-150x80.jpg 150w\" sizes=\"(max-width: 826px) 100vw, 826px\" \/><\/p>\n<p><strong>Dom Walmor Oliveira de Azevedo<br \/>\n<\/strong><\/p>\n<p>O crist\u00e3o, fiel \u00e0 sua identidade, obediente aos ensinamentos de Jesus, tem a miss\u00e3o de estar no mundo para promover, de maneira cidad\u00e3, a fraternidade e a amizade social. Jesus, na maestria da forma\u00e7\u00e3o de seus disc\u00edpulos, compartilha recomenda\u00e7\u00f5es e faz indica\u00e7\u00f5es preciosas. Forte e interpelante \u00e9 a lembran\u00e7a de sua palavra, quando disse: \u201cComo o Pai me amou assim tamb\u00e9m eu vos amei\u201d. Dessa forma, recomendou a cada disc\u00edpulo permanecer neste amor, convocando ao ato mais nobre e supremo da vida crist\u00e3, mandamento maior: \u201cAmai-vos uns aos outros como eu vos amei\u201d. A for\u00e7a desta \u201ccarta magna\u201d requer do disc\u00edpulo de Jesus a consci\u00eancia de sua tarefa mission\u00e1ria insubstitu\u00edvel \u2013 ser promotor da fraternidade e da amizade social. A compreens\u00e3o de que essa responsabilidade \u00e9 irrenunci\u00e1vel deve repercutir, como inc\u00f4modo terap\u00eautico, no cora\u00e7\u00e3o de cada um, com for\u00e7a de convers\u00e3o.<\/p>\n<p>Viver na contram\u00e3o da fraternidade e da amizade social provoca impag\u00e1veis passivos, que se revelam nas estat\u00edsticas sobre a viol\u00eancia, a exclus\u00e3o social, os preconceitos e as discrimina\u00e7\u00f5es que ferem mortalmente a dignidade humana. O preju\u00edzo incide tamb\u00e9m nos par\u00e2metros do desenvolvimento humano integral, com consequ\u00eancias delet\u00e9rias na cultura. Descompassos amea\u00e7am a vida e minam as condi\u00e7\u00f5es para se alcan\u00e7ar mais justi\u00e7a e paz. Por isso, \u00e9 ainda mais necess\u00e1rio o olhar genuinamente crist\u00e3o, que possui uma luz intr\u00ednseca: a luz da f\u00e9, que capacita o ser humano a enxergar para al\u00e9m das apar\u00eancias.\u00a0 Os que verdadeiramente s\u00e3o disc\u00edpulos de Jesus n\u00e3o recorrem \u00e0 usura, nem se deixam dominar pelo apego ou por l\u00f3gicas que favore\u00e7am a corrup\u00e7\u00e3o. Os crist\u00e3os devem se opor \u00e0 hegemonia de interesses explorat\u00f3rios que depredam o meio ambiente e os direitos, com injustific\u00e1vel indiferen\u00e7a em rela\u00e7\u00e3o ao mais pobres.<\/p>\n<p>Espera-se sempre dos crist\u00e3os atitudes coerentes com a sua dignidade e identidade, enraizadas nos valores do Evangelho. Por isso, s\u00e3o vergonhosas as l\u00f3gicas perversas e excludentes de uma sociedade de maioria crist\u00e3. Os disc\u00edpulos de Jesus, em di\u00e1logo e interc\u00e2mbio com cidad\u00e3os de outras confiss\u00f5es religiosas tamb\u00e9m deposit\u00e1rias de relevantes contribui\u00e7\u00f5es human\u00edsticas, precisam reagir. O momento atual est\u00e1 urgindo uma atua\u00e7\u00e3o mais l\u00facida, incidente e transformadora dos crist\u00e3os. Isto significa investir em a\u00e7\u00f5es individuais e sociais mais fortes e produtivas, \u00e0 luz de uma compreens\u00e3o inspirada no di\u00e1logo e na amizade social.<\/p>\n<p>Muitos comprometimentos s\u00e3o fruto da relativiza\u00e7\u00e3o do di\u00e1logo, que n\u00e3o raramente \u00e9 substitu\u00eddo at\u00e9 por barganhas pol\u00edticas. Em vez de dialogar, investe-se equivocadamente no preconceito ou em outras formas de exclus\u00e3o, valendo-se de fr\u00e1geis justificativas \u2013 falta de afinidade ou diverg\u00eancia nas escolhas. Mas, sem di\u00e1logo social \u2013 fen\u00f4meno mais amplo e importante que a simples tergiversa\u00e7\u00e3o pol\u00edtico-partid\u00e1ria \u2013 n\u00e3o se tecer\u00e1 a nova cultura que \u00e9 imprescind\u00edvel para reconstruir o Pa\u00eds. O di\u00e1logo deve ser sempre a alternativa poss\u00edvel entre a indiferen\u00e7a ego\u00edsta e o protesto violento. O Papa Francisco lembra, na Carta Enc\u00edclica <em>Fratelli Tutti<\/em>, que S\u00e3o Francisco de Assis prop\u00f5e a ado\u00e7\u00e3o de um estilo de vida com \u201csabor do Evangelho\u201d, convidando cada pessoa a perceber que todos s\u00e3o irm\u00e3os e irm\u00e3s uns dos outros. Nesta perspectiva, \u00e9 preciso reconhecer que um pa\u00eds cresce quando as suas diversas riquezas dialogam de modo construtivo.<\/p>\n<p>Di\u00e1logo \u00e9 mais que troca de opini\u00f5es \u2013 principalmente quando se pensa nos ju\u00edzos formados a partir de informa\u00e7\u00f5es n\u00e3o confi\u00e1veis. H\u00e1 uma grande urg\u00eancia na supera\u00e7\u00e3o de tudo que possa impedir a sociedade de dialogar. O ponto de partida \u00e9 a derrubada de preconceitos e do fechamento \u00e0s novas ideias. Assim, \u00e9 poss\u00edvel superar entendimentos limitados para alcan\u00e7ar a verdade. Tamb\u00e9m \u00e9 importante o cuidado com a linguagem midiaticamente produzida. N\u00e3o se pode investir no acirramento do \u00f3dio, caminho adotado por muitas campanhas pol\u00edticas. Os debatedores na sociedade n\u00e3o podem correr o risco de constituir quart\u00e9is de manipuladores nos segmentos da pol\u00edtica, da religi\u00e3o, da economia e da m\u00eddia, em defesa de interesses econ\u00f4micos e ideol\u00f3gicos cartoriais.<\/p>\n<p>A aus\u00eancia do di\u00e1logo \u00e9 a evid\u00eancia do desinteresse dos cidad\u00e3os pelo bem comum, prevalecendo a pequenez de se buscar apenas vantagens individuais. O Papa Francisco, na Carta Enc\u00edclica <em>Fratelli Tutti,<\/em> inspira o cora\u00e7\u00e3o humano a reagir quando diz: \u201cOs her\u00f3is do futuro ser\u00e3o aqueles que souberem quebrar esta l\u00f3gica doentia e, ultrapassando as conveni\u00eancias pessoais e partid\u00e1rias, decidam sustentar respeitosamente uma palavra densa de verdade\u201d. O compromisso com a verdade \u00e9 princ\u00edpio inegoci\u00e1vel da autenticidade crist\u00e3. E o cristianismo ensina, com a sua doutrina, posturas que fermentam o di\u00e1logo social, cultivando a capacidade de se respeitar o ponto de vista do outro. \u00a0Essa capacidade \u00e9 que torna fact\u00edvel, em uma sociedade pluralista, o di\u00e1logo que ultrapassa um mero consenso ocasional. A hora requer a qualifica\u00e7\u00e3o do debate p\u00fablico, da capacidade para dialogar, demandando de todos os cidad\u00e3os \u2013 exig\u00eancia sobretudo para os crist\u00e3os \u2013 dedica\u00e7\u00e3o na promo\u00e7\u00e3o da fraternidade e da amizade social.<\/p>\n<hr \/>\n<p><strong>Dom Walmor Oliveira de Azevedo <\/strong><em>\u00e9 Arcebispo de Belo Horizonte (MG) e presidente da CNBB.<\/em><\/p>\n<p>&nbsp;<\/p>\n","protected":false},"excerpt":{"rendered":"<p>Artigo de Dom Walmor Oliveira de Azevedo<\/p>\n","protected":false},"author":3,"featured_media":189602,"comment_status":"open","ping_status":"open","sticky":false,"template":"","format":"standard","meta":{"footnotes":""},"categories":[26],"tags":[271],"yoast_head":"<!-- This site is optimized with the Yoast SEO plugin v19.4 - https:\/\/yoast.com\/wordpress\/plugins\/seo\/ -->\n<title>Promover amizade social - Vida Crist\u00e3 - Franciscanos<\/title>\n<meta name=\"robots\" content=\"index, follow, max-snippet:-1, max-image-preview:large, max-video-preview:-1\" \/>\n<link rel=\"canonical\" href=\"https:\/\/franciscanos.org.br\/vidacrista\/amizadesocial\/\" \/>\n<meta property=\"og:locale\" content=\"pt_BR\" \/>\n<meta property=\"og:type\" content=\"article\" \/>\n<meta property=\"og:title\" content=\"Promover amizade social - Vida Crist\u00e3 - Franciscanos\" \/>\n<meta property=\"og:description\" content=\"Artigo de Dom Walmor Oliveira de Azevedo\" \/>\n<meta property=\"og:url\" content=\"https:\/\/franciscanos.org.br\/vidacrista\/amizadesocial\/\" \/>\n<meta property=\"og:site_name\" content=\"Vida Crist\u00e3 - Franciscanos\" \/>\n<meta property=\"article:published_time\" content=\"2021-05-15T13:13:15+00:00\" \/>\n<meta property=\"article:modified_time\" content=\"2021-05-15T13:14:01+00:00\" \/>\n<meta property=\"og:image\" content=\"https:\/\/franciscanos.org.br\/vidacrista\/wp-content\/uploads\/2021\/05\/artigo_15d.jpg\" \/>\n\t<meta property=\"og:image:width\" content=\"800\" \/>\n\t<meta property=\"og:image:height\" content=\"550\" \/>\n\t<meta property=\"og:image:type\" content=\"image\/jpeg\" \/>\n<meta name=\"author\" content=\"moacir\" \/>\n<meta name=\"twitter:card\" content=\"summary_large_image\" \/>\n<meta name=\"twitter:label1\" content=\"Escrito por\" \/>\n\t<meta name=\"twitter:data1\" content=\"moacir\" \/>\n\t<meta name=\"twitter:label2\" content=\"Est. tempo de leitura\" \/>\n\t<meta name=\"twitter:data2\" content=\"5 minutos\" \/>\n<script type=\"application\/ld+json\" class=\"yoast-schema-graph\">{\"@context\":\"https:\/\/schema.org\",\"@graph\":[{\"@type\":\"WebSite\",\"@id\":\"https:\/\/franciscanos.org.br\/vidacrista\/#website\",\"url\":\"https:\/\/franciscanos.org.br\/vidacrista\/\",\"name\":\"Vida Crist\u00e3 - Franciscanos\",\"description\":\"Prov\u00edncia Franciscana da Imaculada Concei\u00e7\u00e3o do Brasil - Ordem dos Frades Menores\",\"potentialAction\":[{\"@type\":\"SearchAction\",\"target\":{\"@type\":\"EntryPoint\",\"urlTemplate\":\"https:\/\/franciscanos.org.br\/vidacrista\/?s={search_term_string}\"},\"query-input\":\"required name=search_term_string\"}],\"inLanguage\":\"pt-BR\"},{\"@type\":\"WebPage\",\"@id\":\"https:\/\/franciscanos.org.br\/vidacrista\/amizadesocial\/\",\"url\":\"https:\/\/franciscanos.org.br\/vidacrista\/amizadesocial\/\",\"name\":\"Promover amizade social - Vida Crist\u00e3 - Franciscanos\",\"isPartOf\":{\"@id\":\"https:\/\/franciscanos.org.br\/vidacrista\/#website\"},\"datePublished\":\"2021-05-15T13:13:15+00:00\",\"dateModified\":\"2021-05-15T13:14:01+00:00\",\"author\":{\"@id\":\"https:\/\/franciscanos.org.br\/vidacrista\/#\/schema\/person\/1880bdd2c350b735648725ef7614736a\"},\"breadcrumb\":{\"@id\":\"https:\/\/franciscanos.org.br\/vidacrista\/amizadesocial\/#breadcrumb\"},\"inLanguage\":\"pt-BR\",\"potentialAction\":[{\"@type\":\"ReadAction\",\"target\":[\"https:\/\/franciscanos.org.br\/vidacrista\/amizadesocial\/\"]}]},{\"@type\":\"BreadcrumbList\",\"@id\":\"https:\/\/franciscanos.org.br\/vidacrista\/amizadesocial\/#breadcrumb\",\"itemListElement\":[{\"@type\":\"ListItem\",\"position\":1,\"name\":\"Home\",\"item\":\"https:\/\/franciscanos.org.br\/vidacrista\/\"},{\"@type\":\"ListItem\",\"position\":2,\"name\":\"Promover amizade social\"}]},{\"@type\":\"Person\",\"@id\":\"https:\/\/franciscanos.org.br\/vidacrista\/#\/schema\/person\/1880bdd2c350b735648725ef7614736a\",\"name\":\"moacir\",\"image\":{\"@type\":\"ImageObject\",\"inLanguage\":\"pt-BR\",\"@id\":\"https:\/\/franciscanos.org.br\/vidacrista\/#\/schema\/person\/image\/\",\"url\":\"https:\/\/secure.gravatar.com\/avatar\/d08aa2ce4c8dd416d4479aa8536fcf64?s=96&d=mm&r=g\",\"contentUrl\":\"https:\/\/secure.gravatar.com\/avatar\/d08aa2ce4c8dd416d4479aa8536fcf64?s=96&d=mm&r=g\",\"caption\":\"moacir\"},\"url\":\"https:\/\/franciscanos.org.br\/vidacrista\/author\/moacir\/\"}]}<\/script>\n<!-- \/ Yoast SEO plugin. -->","yoast_head_json":{"title":"Promover amizade social - Vida Crist\u00e3 - Franciscanos","robots":{"index":"index","follow":"follow","max-snippet":"max-snippet:-1","max-image-preview":"max-image-preview:large","max-video-preview":"max-video-preview:-1"},"canonical":"https:\/\/franciscanos.org.br\/vidacrista\/amizadesocial\/","og_locale":"pt_BR","og_type":"article","og_title":"Promover amizade social - Vida Crist\u00e3 - Franciscanos","og_description":"Artigo de Dom Walmor Oliveira de Azevedo","og_url":"https:\/\/franciscanos.org.br\/vidacrista\/amizadesocial\/","og_site_name":"Vida Crist\u00e3 - Franciscanos","article_published_time":"2021-05-15T13:13:15+00:00","article_modified_time":"2021-05-15T13:14:01+00:00","og_image":[{"width":800,"height":550,"url":"https:\/\/franciscanos.org.br\/vidacrista\/wp-content\/uploads\/2021\/05\/artigo_15d.jpg","type":"image\/jpeg"}],"author":"moacir","twitter_card":"summary_large_image","twitter_misc":{"Escrito por":"moacir","Est. tempo de leitura":"5 minutos"},"schema":{"@context":"https:\/\/schema.org","@graph":[{"@type":"WebSite","@id":"https:\/\/franciscanos.org.br\/vidacrista\/#website","url":"https:\/\/franciscanos.org.br\/vidacrista\/","name":"Vida Crist\u00e3 - Franciscanos","description":"Prov\u00edncia Franciscana da Imaculada Concei\u00e7\u00e3o do Brasil - Ordem dos Frades Menores","potentialAction":[{"@type":"SearchAction","target":{"@type":"EntryPoint","urlTemplate":"https:\/\/franciscanos.org.br\/vidacrista\/?s={search_term_string}"},"query-input":"required name=search_term_string"}],"inLanguage":"pt-BR"},{"@type":"WebPage","@id":"https:\/\/franciscanos.org.br\/vidacrista\/amizadesocial\/","url":"https:\/\/franciscanos.org.br\/vidacrista\/amizadesocial\/","name":"Promover amizade social - Vida Crist\u00e3 - Franciscanos","isPartOf":{"@id":"https:\/\/franciscanos.org.br\/vidacrista\/#website"},"datePublished":"2021-05-15T13:13:15+00:00","dateModified":"2021-05-15T13:14:01+00:00","author":{"@id":"https:\/\/franciscanos.org.br\/vidacrista\/#\/schema\/person\/1880bdd2c350b735648725ef7614736a"},"breadcrumb":{"@id":"https:\/\/franciscanos.org.br\/vidacrista\/amizadesocial\/#breadcrumb"},"inLanguage":"pt-BR","potentialAction":[{"@type":"ReadAction","target":["https:\/\/franciscanos.org.br\/vidacrista\/amizadesocial\/"]}]},{"@type":"BreadcrumbList","@id":"https:\/\/franciscanos.org.br\/vidacrista\/amizadesocial\/#breadcrumb","itemListElement":[{"@type":"ListItem","position":1,"name":"Home","item":"https:\/\/franciscanos.org.br\/vidacrista\/"},{"@type":"ListItem","position":2,"name":"Promover amizade social"}]},{"@type":"Person","@id":"https:\/\/franciscanos.org.br\/vidacrista\/#\/schema\/person\/1880bdd2c350b735648725ef7614736a","name":"moacir","image":{"@type":"ImageObject","inLanguage":"pt-BR","@id":"https:\/\/franciscanos.org.br\/vidacrista\/#\/schema\/person\/image\/","url":"https:\/\/secure.gravatar.com\/avatar\/d08aa2ce4c8dd416d4479aa8536fcf64?s=96&d=mm&r=g","contentUrl":"https:\/\/secure.gravatar.com\/avatar\/d08aa2ce4c8dd416d4479aa8536fcf64?s=96&d=mm&r=g","caption":"moacir"},"url":"https:\/\/franciscanos.org.br\/vidacrista\/author\/moacir\/"}]}},"_links":{"self":[{"href":"https:\/\/franciscanos.org.br\/vidacrista\/wp-json\/wp\/v2\/posts\/189601"}],"collection":[{"href":"https:\/\/franciscanos.org.br\/vidacrista\/wp-json\/wp\/v2\/posts"}],"about":[{"href":"https:\/\/franciscanos.org.br\/vidacrista\/wp-json\/wp\/v2\/types\/post"}],"author":[{"embeddable":true,"href":"https:\/\/franciscanos.org.br\/vidacrista\/wp-json\/wp\/v2\/users\/3"}],"replies":[{"embeddable":true,"href":"https:\/\/franciscanos.org.br\/vidacrista\/wp-json\/wp\/v2\/comments?post=189601"}],"version-history":[{"count":2,"href":"https:\/\/franciscanos.org.br\/vidacrista\/wp-json\/wp\/v2\/posts\/189601\/revisions"}],"predecessor-version":[{"id":189605,"href":"https:\/\/franciscanos.org.br\/vidacrista\/wp-json\/wp\/v2\/posts\/189601\/revisions\/189605"}],"wp:featuredmedia":[{"embeddable":true,"href":"https:\/\/franciscanos.org.br\/vidacrista\/wp-json\/wp\/v2\/media\/189602"}],"wp:attachment":[{"href":"https:\/\/franciscanos.org.br\/vidacrista\/wp-json\/wp\/v2\/media?parent=189601"}],"wp:term":[{"taxonomy":"category","embeddable":true,"href":"https:\/\/franciscanos.org.br\/vidacrista\/wp-json\/wp\/v2\/categories?post=189601"},{"taxonomy":"post_tag","embeddable":true,"href":"https:\/\/franciscanos.org.br\/vidacrista\/wp-json\/wp\/v2\/tags?post=189601"}],"curies":[{"name":"wp","href":"https:\/\/api.w.org\/{rel}","templated":true}]}}