{"id":189596,"date":"2021-05-13T14:37:12","date_gmt":"2021-05-13T17:37:12","guid":{"rendered":"https:\/\/franciscanos.org.br\/vidacrista\/?p=189596"},"modified":"2021-09-01T14:43:59","modified_gmt":"2021-09-01T17:43:59","slug":"enciclica-centesimus-annus-de-joao-paulo-ii-e-a-realidade-do-trabalho-em-tempos-de-pandemia","status":"publish","type":"post","link":"https:\/\/franciscanos.org.br\/vidacrista\/enciclica-centesimus-annus-de-joao-paulo-ii-e-a-realidade-do-trabalho-em-tempos-de-pandemia\/","title":{"rendered":"Enc\u00edclica \u201cCentesimus annus\u201d de Jo\u00e3o Paulo II e a realidade do trabalho em tempos de pandemia"},"content":{"rendered":"<div id=\"attachment_189597\" style=\"width: 850px\" class=\"wp-caption alignnone\"><img aria-describedby=\"caption-attachment-189597\" decoding=\"async\" loading=\"lazy\" class=\"wp-image-189597 size-full\" src=\"https:\/\/franciscanos.org.br\/vidacrista\/wp-content\/uploads\/2021\/05\/joaopaulo_1.jpg\" alt=\"\" width=\"840\" height=\"450\" srcset=\"https:\/\/franciscanos.org.br\/vidacrista\/wp-content\/uploads\/2021\/05\/joaopaulo_1.jpg 840w, https:\/\/franciscanos.org.br\/vidacrista\/wp-content\/uploads\/2021\/05\/joaopaulo_1-450x241.jpg 450w, https:\/\/franciscanos.org.br\/vidacrista\/wp-content\/uploads\/2021\/05\/joaopaulo_1-768x411.jpg 768w, https:\/\/franciscanos.org.br\/vidacrista\/wp-content\/uploads\/2021\/05\/joaopaulo_1-150x80.jpg 150w\" sizes=\"(max-width: 840px) 100vw, 840px\" \/><p id=\"caption-attachment-189597\" class=\"wp-caption-text\"><em>\u00a0 \u00a0 \u00a0 \u00a0 \u00a0 \u00a0 \u00a0 \u00a0 \u00a0 \u00a0 \u00a0 \u00a0 \u00a0 \u00a0 \u00a0 \u00a0 \u00a0 \u00a0 \u00a0 \u00a0 \u00a0 \u00a0 \u00a0 \u00a0 \u00a0 \u00a0 \u00a0 \u00a0 \u00a0 \u00a0 \u00a0 \u00a0 \u00a0 \u00a0 \u00a0 \u00a0 \u00a0 \u00a0 \u00a0 \u00a0 \u00a0 \u00a0 \u00a0 \u00a0 \u00a0 \u00a0 \u00a0 \u00a0 \u00a0 \u00a0 \u00a0 \u00a0 \u00a0 \u00a0 \u00a0 \u00a0 \u00a0 \u00a0 \u00a0 \u00a0 \u00a0 \u00a0 \u00a0 \u00a0 \u00a0Imagem: Vatican Media<\/em><\/p><\/div>\n<p><strong>Robson Ribeiro de Oliveira Castro<\/strong><\/p>\n<p>Em 1\u00ba de maio de 1991, o Papa Jo\u00e3o Paulo II lan\u00e7a a Enc\u00edclica <em>Centesimus Annus<\/em> em comemora\u00e7\u00e3o ao centen\u00e1rio da Enc\u00edclica <em>Rerum novarum<\/em> (\u201cDas coisas novas\u201d) de Le\u00e3o XIII. A enc\u00edclica Leonina \u00e9 a primeira a ser considerada um documento social da Igreja, incorporando o que hoje denominamos Doutrina Social da Igreja.<\/p>\n<p>Jo\u00e3o Paulo II inicia seu texto, na Enc\u00edclica <em>Centesimus Annus,<\/em> com uma realidade importante: \u201cDesejo agora propor uma \u2018releitura\u2019 da Enc\u00edclica Leonina, convidando a \u2018olhar para tr\u00e1s\u2019, ao pr\u00f3prio texto, para descobrir de novo a riqueza dos princ\u00edpios fundamentais nela formulados sobre a solu\u00e7\u00e3o da quest\u00e3o oper\u00e1ria. Mas convido tamb\u00e9m a \u2018olhar ao redor\u2019, \u00e0s \u2018coisas novas\u2019, que nos circundam e em que nos encontramos como que imersos, frequentemente muito diversas das \u2018coisas novas\u2019 que caracterizavam o \u00faltimo dec\u00eanio do s\u00e9culo passado\u201d (<em>Centesimus Annus<\/em> , n. 3).<\/p>\n<p>Fato determinante \u00e9 que a Enc\u00edclica <em>Centesimus Annus<\/em> de S\u00e3o Jo\u00e3o Paulo II, publicada em 1\u00ba de Maio de 1981 foi promulgada pouco tempo ap\u00f3s a queda do Muro de Berlim, em 9 de novembro de 1989, evento considerado por alguns como s\u00edmbolo da derrocada do comunismo.<\/p>\n<p>Jo\u00e3o Paulo II retoma alguns t\u00f3picos da <em>Rerum Novarum<\/em> para demonstrar que Le\u00e3o XIII j\u00e1 havia afrontado em seu tempo o conflito capital-trabalho, que ele chamava de \u201cquest\u00e3o oper\u00e1ria\u201d. A esse prop\u00f3sito, ele apresentou algumas indica\u00e7\u00f5es, tais como aquelas da dignidade do trabalho e do trabalhador, que permanecem v\u00e1lidas at\u00e9 hoje (n. 5).<\/p>\n<p>E diante deste contexto e desta realidade, \u00e9 poss\u00edvel observar que o texto \u00e9 bastante atual, como Jo\u00e3o Paulo II afirma ao lamentar a realidade de sua \u00e9poca. \u201cInfelizmente ainda hoje \u00e9 frequente encontrar casos de contratos entre patr\u00f5es e oper\u00e1rios, nos quais se ignora a mais elementar justi\u00e7a, em mat\u00e9ria de trabalho de menores ou feminino, dos hor\u00e1rios de trabalho, do estado higi\u00eanico dos locais de trabalho, e da leg\u00edtima retribui\u00e7\u00e3o\u201d.<\/p>\n<p>Nesta dura realidade \u00e9 urgente observar a condi\u00e7\u00e3o dos trabalhadores em 2021 com a situa\u00e7\u00e3o pand\u00eamica que estamos vivendo. Infelizmente, no contexto da Covid-19 temos um pa\u00eds entregue ao descaso. Muitos dos brasileiros perderam seus empregos ou tiveram que fazer algum tipo de \u201cbico\u201d para completar a renda familiar.<\/p>\n<p>O texto da <em>Centesimus Annus<\/em> aparenta ser t\u00e3o atual que o discurso de Jo\u00e3o Paulo II pode ser facilmente encaixado em nossa realidade, 30 anos depois: \u201cO homem \u00e9 reduzido a uma s\u00e9rie de rela\u00e7\u00f5es sociais, e desaparece o conceito de pessoa como sujeito aut\u00f3nomo de decis\u00e3o moral, que constr\u00f3i, atrav\u00e9s dessa decis\u00e3o, o ordenamento social. Desta errada concep\u00e7\u00e3o da pessoa, deriva a distor\u00e7\u00e3o do direito, que define o \u00e2mbito do exerc\u00edcio da liberdade bem como a oposi\u00e7\u00e3o \u00e0 propriedade privada.\u201d (n. 13)<\/p>\n<p>Desta forma, diversos trabalhadores se sujeitam \u00e0 explora\u00e7\u00e3o para manterem seus empregos. Na atualidade, a pandemia colocou o ser humano em uma realidade complexa e dif\u00edcil. A crise do trabalho \u00e9 resultado de uma op\u00e7\u00e3o social e mostrou a sua pior face: a fome! \u00a0Para tanto, diante desta grave crise que nos assola, devemos voltar nossos olhares e nosso esfor\u00e7o para os desamparados. \u00c9 urgente o zelo pelos mais pobres!<\/p>\n<p>Jo\u00e3o Paulo II n\u00e3o apresenta a realidade de se falar de uma sociedade que escraviza o ser humano e o coloca ref\u00e9m da m\u00e1quina social e o controle das grandes empresas: \u201cO homem, de fato, privado de algo que possa \u2018dizer seu\u2019 e da possibilidade de ganhar com que viver por sua iniciativa, acaba por depender da m\u00e1quina social e daqueles que a controlam, o que lhe torna muito mais dif\u00edcil reconhecer a sua dignidade de pessoa e impede o caminho para a constitui\u00e7\u00e3o de uma aut\u00eantica comunidade humana.\u201d (n. 13)<\/p>\n<p>Para tanto, \u00e9 preciso observar o que est\u00e1 vis\u00edvel em termos de pandemia. A crise que nos assola fez aumentar o distanciamento das classes sociais. \u00c9 necess\u00e1rio lutar pela valoriza\u00e7\u00e3o da vida e do trabalhador, principalmente em uma sociedade individualista, gananciosa e narcisista. Que seja poss\u00edvel ressoar o clamor desses textos em tempos t\u00e3o sombrios.<\/p>\n<hr \/>\n<p><strong>Robson Ribeiro de Oliveira Castro<\/strong>\u00a0\u00a0<em>\u00e9 leigo. Mestre em Teologia pela Faculdade Jesu\u00edta de Filosofia e Teologia (FAJE). Atualmente leciona no Instituto Teol\u00f3gico Franciscano (ITF). E-mail: robsonrcastro@yahoo.com.br.<\/em><\/p>\n","protected":false},"excerpt":{"rendered":"<p>Artigo de Robson Ribeiro de Oliveira Castro<\/p>\n","protected":false},"author":3,"featured_media":189598,"comment_status":"open","ping_status":"open","sticky":false,"template":"","format":"standard","meta":{"footnotes":""},"categories":[26],"tags":[328],"yoast_head":"<!-- This site is optimized with the Yoast SEO plugin v19.4 - https:\/\/yoast.com\/wordpress\/plugins\/seo\/ -->\n<title>Enc\u00edclica \u201cCentesimus annus\u201d de Jo\u00e3o Paulo II e a realidade do trabalho em tempos de pandemia - Vida Crist\u00e3 - Franciscanos<\/title>\n<meta name=\"robots\" content=\"index, follow, max-snippet:-1, max-image-preview:large, max-video-preview:-1\" \/>\n<link rel=\"canonical\" href=\"https:\/\/franciscanos.org.br\/vidacrista\/enciclica-centesimus-annus-de-joao-paulo-ii-e-a-realidade-do-trabalho-em-tempos-de-pandemia\/\" \/>\n<meta property=\"og:locale\" content=\"pt_BR\" \/>\n<meta property=\"og:type\" content=\"article\" \/>\n<meta property=\"og:title\" content=\"Enc\u00edclica \u201cCentesimus annus\u201d de Jo\u00e3o Paulo II e a realidade do trabalho em tempos de pandemia - Vida Crist\u00e3 - Franciscanos\" \/>\n<meta property=\"og:description\" content=\"Artigo de Robson Ribeiro de Oliveira Castro\" \/>\n<meta property=\"og:url\" content=\"https:\/\/franciscanos.org.br\/vidacrista\/enciclica-centesimus-annus-de-joao-paulo-ii-e-a-realidade-do-trabalho-em-tempos-de-pandemia\/\" \/>\n<meta property=\"og:site_name\" content=\"Vida Crist\u00e3 - Franciscanos\" \/>\n<meta property=\"article:published_time\" content=\"2021-05-13T17:37:12+00:00\" \/>\n<meta property=\"article:modified_time\" content=\"2021-09-01T17:43:59+00:00\" \/>\n<meta property=\"og:image\" content=\"https:\/\/franciscanos.org.br\/vidacrista\/wp-content\/uploads\/2021\/05\/joapaulo_1d.jpg\" \/>\n\t<meta property=\"og:image:width\" content=\"800\" \/>\n\t<meta property=\"og:image:height\" content=\"550\" \/>\n\t<meta property=\"og:image:type\" content=\"image\/jpeg\" \/>\n<meta name=\"author\" content=\"moacir\" \/>\n<meta name=\"twitter:card\" content=\"summary_large_image\" \/>\n<meta name=\"twitter:label1\" content=\"Escrito por\" \/>\n\t<meta name=\"twitter:data1\" content=\"moacir\" \/>\n\t<meta name=\"twitter:label2\" content=\"Est. tempo de leitura\" \/>\n\t<meta name=\"twitter:data2\" content=\"4 minutos\" \/>\n<script type=\"application\/ld+json\" class=\"yoast-schema-graph\">{\"@context\":\"https:\/\/schema.org\",\"@graph\":[{\"@type\":\"WebSite\",\"@id\":\"https:\/\/franciscanos.org.br\/vidacrista\/#website\",\"url\":\"https:\/\/franciscanos.org.br\/vidacrista\/\",\"name\":\"Vida Crist\u00e3 - Franciscanos\",\"description\":\"Prov\u00edncia Franciscana da Imaculada Concei\u00e7\u00e3o do Brasil - Ordem dos Frades Menores\",\"potentialAction\":[{\"@type\":\"SearchAction\",\"target\":{\"@type\":\"EntryPoint\",\"urlTemplate\":\"https:\/\/franciscanos.org.br\/vidacrista\/?s={search_term_string}\"},\"query-input\":\"required name=search_term_string\"}],\"inLanguage\":\"pt-BR\"},{\"@type\":\"WebPage\",\"@id\":\"https:\/\/franciscanos.org.br\/vidacrista\/enciclica-centesimus-annus-de-joao-paulo-ii-e-a-realidade-do-trabalho-em-tempos-de-pandemia\/\",\"url\":\"https:\/\/franciscanos.org.br\/vidacrista\/enciclica-centesimus-annus-de-joao-paulo-ii-e-a-realidade-do-trabalho-em-tempos-de-pandemia\/\",\"name\":\"Enc\u00edclica \u201cCentesimus annus\u201d de Jo\u00e3o Paulo II e a realidade do trabalho em tempos de pandemia - Vida Crist\u00e3 - Franciscanos\",\"isPartOf\":{\"@id\":\"https:\/\/franciscanos.org.br\/vidacrista\/#website\"},\"datePublished\":\"2021-05-13T17:37:12+00:00\",\"dateModified\":\"2021-09-01T17:43:59+00:00\",\"author\":{\"@id\":\"https:\/\/franciscanos.org.br\/vidacrista\/#\/schema\/person\/1880bdd2c350b735648725ef7614736a\"},\"breadcrumb\":{\"@id\":\"https:\/\/franciscanos.org.br\/vidacrista\/enciclica-centesimus-annus-de-joao-paulo-ii-e-a-realidade-do-trabalho-em-tempos-de-pandemia\/#breadcrumb\"},\"inLanguage\":\"pt-BR\",\"potentialAction\":[{\"@type\":\"ReadAction\",\"target\":[\"https:\/\/franciscanos.org.br\/vidacrista\/enciclica-centesimus-annus-de-joao-paulo-ii-e-a-realidade-do-trabalho-em-tempos-de-pandemia\/\"]}]},{\"@type\":\"BreadcrumbList\",\"@id\":\"https:\/\/franciscanos.org.br\/vidacrista\/enciclica-centesimus-annus-de-joao-paulo-ii-e-a-realidade-do-trabalho-em-tempos-de-pandemia\/#breadcrumb\",\"itemListElement\":[{\"@type\":\"ListItem\",\"position\":1,\"name\":\"Home\",\"item\":\"https:\/\/franciscanos.org.br\/vidacrista\/\"},{\"@type\":\"ListItem\",\"position\":2,\"name\":\"Enc\u00edclica \u201cCentesimus annus\u201d de Jo\u00e3o Paulo II e a realidade do trabalho em tempos de pandemia\"}]},{\"@type\":\"Person\",\"@id\":\"https:\/\/franciscanos.org.br\/vidacrista\/#\/schema\/person\/1880bdd2c350b735648725ef7614736a\",\"name\":\"moacir\",\"image\":{\"@type\":\"ImageObject\",\"inLanguage\":\"pt-BR\",\"@id\":\"https:\/\/franciscanos.org.br\/vidacrista\/#\/schema\/person\/image\/\",\"url\":\"https:\/\/secure.gravatar.com\/avatar\/d08aa2ce4c8dd416d4479aa8536fcf64?s=96&d=mm&r=g\",\"contentUrl\":\"https:\/\/secure.gravatar.com\/avatar\/d08aa2ce4c8dd416d4479aa8536fcf64?s=96&d=mm&r=g\",\"caption\":\"moacir\"},\"url\":\"https:\/\/franciscanos.org.br\/vidacrista\/author\/moacir\/\"}]}<\/script>\n<!-- \/ Yoast SEO plugin. -->","yoast_head_json":{"title":"Enc\u00edclica \u201cCentesimus annus\u201d de Jo\u00e3o Paulo II e a realidade do trabalho em tempos de pandemia - Vida Crist\u00e3 - Franciscanos","robots":{"index":"index","follow":"follow","max-snippet":"max-snippet:-1","max-image-preview":"max-image-preview:large","max-video-preview":"max-video-preview:-1"},"canonical":"https:\/\/franciscanos.org.br\/vidacrista\/enciclica-centesimus-annus-de-joao-paulo-ii-e-a-realidade-do-trabalho-em-tempos-de-pandemia\/","og_locale":"pt_BR","og_type":"article","og_title":"Enc\u00edclica \u201cCentesimus annus\u201d de Jo\u00e3o Paulo II e a realidade do trabalho em tempos de pandemia - Vida Crist\u00e3 - Franciscanos","og_description":"Artigo de Robson Ribeiro de Oliveira Castro","og_url":"https:\/\/franciscanos.org.br\/vidacrista\/enciclica-centesimus-annus-de-joao-paulo-ii-e-a-realidade-do-trabalho-em-tempos-de-pandemia\/","og_site_name":"Vida Crist\u00e3 - Franciscanos","article_published_time":"2021-05-13T17:37:12+00:00","article_modified_time":"2021-09-01T17:43:59+00:00","og_image":[{"width":800,"height":550,"url":"https:\/\/franciscanos.org.br\/vidacrista\/wp-content\/uploads\/2021\/05\/joapaulo_1d.jpg","type":"image\/jpeg"}],"author":"moacir","twitter_card":"summary_large_image","twitter_misc":{"Escrito por":"moacir","Est. tempo de leitura":"4 minutos"},"schema":{"@context":"https:\/\/schema.org","@graph":[{"@type":"WebSite","@id":"https:\/\/franciscanos.org.br\/vidacrista\/#website","url":"https:\/\/franciscanos.org.br\/vidacrista\/","name":"Vida Crist\u00e3 - Franciscanos","description":"Prov\u00edncia Franciscana da Imaculada Concei\u00e7\u00e3o do Brasil - Ordem dos Frades Menores","potentialAction":[{"@type":"SearchAction","target":{"@type":"EntryPoint","urlTemplate":"https:\/\/franciscanos.org.br\/vidacrista\/?s={search_term_string}"},"query-input":"required name=search_term_string"}],"inLanguage":"pt-BR"},{"@type":"WebPage","@id":"https:\/\/franciscanos.org.br\/vidacrista\/enciclica-centesimus-annus-de-joao-paulo-ii-e-a-realidade-do-trabalho-em-tempos-de-pandemia\/","url":"https:\/\/franciscanos.org.br\/vidacrista\/enciclica-centesimus-annus-de-joao-paulo-ii-e-a-realidade-do-trabalho-em-tempos-de-pandemia\/","name":"Enc\u00edclica \u201cCentesimus annus\u201d de Jo\u00e3o Paulo II e a realidade do trabalho em tempos de pandemia - Vida Crist\u00e3 - Franciscanos","isPartOf":{"@id":"https:\/\/franciscanos.org.br\/vidacrista\/#website"},"datePublished":"2021-05-13T17:37:12+00:00","dateModified":"2021-09-01T17:43:59+00:00","author":{"@id":"https:\/\/franciscanos.org.br\/vidacrista\/#\/schema\/person\/1880bdd2c350b735648725ef7614736a"},"breadcrumb":{"@id":"https:\/\/franciscanos.org.br\/vidacrista\/enciclica-centesimus-annus-de-joao-paulo-ii-e-a-realidade-do-trabalho-em-tempos-de-pandemia\/#breadcrumb"},"inLanguage":"pt-BR","potentialAction":[{"@type":"ReadAction","target":["https:\/\/franciscanos.org.br\/vidacrista\/enciclica-centesimus-annus-de-joao-paulo-ii-e-a-realidade-do-trabalho-em-tempos-de-pandemia\/"]}]},{"@type":"BreadcrumbList","@id":"https:\/\/franciscanos.org.br\/vidacrista\/enciclica-centesimus-annus-de-joao-paulo-ii-e-a-realidade-do-trabalho-em-tempos-de-pandemia\/#breadcrumb","itemListElement":[{"@type":"ListItem","position":1,"name":"Home","item":"https:\/\/franciscanos.org.br\/vidacrista\/"},{"@type":"ListItem","position":2,"name":"Enc\u00edclica \u201cCentesimus annus\u201d de Jo\u00e3o Paulo II e a realidade do trabalho em tempos de pandemia"}]},{"@type":"Person","@id":"https:\/\/franciscanos.org.br\/vidacrista\/#\/schema\/person\/1880bdd2c350b735648725ef7614736a","name":"moacir","image":{"@type":"ImageObject","inLanguage":"pt-BR","@id":"https:\/\/franciscanos.org.br\/vidacrista\/#\/schema\/person\/image\/","url":"https:\/\/secure.gravatar.com\/avatar\/d08aa2ce4c8dd416d4479aa8536fcf64?s=96&d=mm&r=g","contentUrl":"https:\/\/secure.gravatar.com\/avatar\/d08aa2ce4c8dd416d4479aa8536fcf64?s=96&d=mm&r=g","caption":"moacir"},"url":"https:\/\/franciscanos.org.br\/vidacrista\/author\/moacir\/"}]}},"_links":{"self":[{"href":"https:\/\/franciscanos.org.br\/vidacrista\/wp-json\/wp\/v2\/posts\/189596"}],"collection":[{"href":"https:\/\/franciscanos.org.br\/vidacrista\/wp-json\/wp\/v2\/posts"}],"about":[{"href":"https:\/\/franciscanos.org.br\/vidacrista\/wp-json\/wp\/v2\/types\/post"}],"author":[{"embeddable":true,"href":"https:\/\/franciscanos.org.br\/vidacrista\/wp-json\/wp\/v2\/users\/3"}],"replies":[{"embeddable":true,"href":"https:\/\/franciscanos.org.br\/vidacrista\/wp-json\/wp\/v2\/comments?post=189596"}],"version-history":[{"count":2,"href":"https:\/\/franciscanos.org.br\/vidacrista\/wp-json\/wp\/v2\/posts\/189596\/revisions"}],"predecessor-version":[{"id":190394,"href":"https:\/\/franciscanos.org.br\/vidacrista\/wp-json\/wp\/v2\/posts\/189596\/revisions\/190394"}],"wp:featuredmedia":[{"embeddable":true,"href":"https:\/\/franciscanos.org.br\/vidacrista\/wp-json\/wp\/v2\/media\/189598"}],"wp:attachment":[{"href":"https:\/\/franciscanos.org.br\/vidacrista\/wp-json\/wp\/v2\/media?parent=189596"}],"wp:term":[{"taxonomy":"category","embeddable":true,"href":"https:\/\/franciscanos.org.br\/vidacrista\/wp-json\/wp\/v2\/categories?post=189596"},{"taxonomy":"post_tag","embeddable":true,"href":"https:\/\/franciscanos.org.br\/vidacrista\/wp-json\/wp\/v2\/tags?post=189596"}],"curies":[{"name":"wp","href":"https:\/\/api.w.org\/{rel}","templated":true}]}}