{"id":189584,"date":"2021-05-10T07:12:25","date_gmt":"2021-05-10T10:12:25","guid":{"rendered":"https:\/\/franciscanos.org.br\/vidacrista\/?p=189584"},"modified":"2021-05-10T07:13:09","modified_gmt":"2021-05-10T10:13:09","slug":"cristaos-desafiados","status":"publish","type":"post","link":"https:\/\/franciscanos.org.br\/vidacrista\/cristaos-desafiados\/","title":{"rendered":"Crist\u00e3os desafiados"},"content":{"rendered":"<div id=\"attachment_189585\" style=\"width: 850px\" class=\"wp-caption alignnone\"><img aria-describedby=\"caption-attachment-189585\" decoding=\"async\" loading=\"lazy\" class=\"wp-image-189585 size-full\" src=\"https:\/\/franciscanos.org.br\/vidacrista\/wp-content\/uploads\/2021\/05\/artigo_10.jpg\" alt=\"\" width=\"840\" height=\"450\" srcset=\"https:\/\/franciscanos.org.br\/vidacrista\/wp-content\/uploads\/2021\/05\/artigo_10.jpg 840w, https:\/\/franciscanos.org.br\/vidacrista\/wp-content\/uploads\/2021\/05\/artigo_10-450x241.jpg 450w, https:\/\/franciscanos.org.br\/vidacrista\/wp-content\/uploads\/2021\/05\/artigo_10-768x411.jpg 768w, https:\/\/franciscanos.org.br\/vidacrista\/wp-content\/uploads\/2021\/05\/artigo_10-150x80.jpg 150w\" sizes=\"(max-width: 840px) 100vw, 840px\" \/><p id=\"caption-attachment-189585\" class=\"wp-caption-text\"><em>\u00a0 \u00a0 \u00a0 \u00a0 \u00a0 \u00a0 \u00a0 \u00a0 \u00a0 \u00a0 \u00a0 \u00a0 \u00a0 \u00a0 \u00a0 \u00a0 \u00a0 \u00a0 \u00a0 \u00a0 \u00a0 \u00a0 \u00a0 \u00a0 \u00a0 \u00a0 \u00a0 \u00a0 \u00a0 \u00a0 \u00a0 \u00a0 \u00a0 \u00a0 \u00a0 \u00a0 \u00a0 \u00a0 \u00a0 \u00a0 \u00a0 \u00a0 \u00a0 \u00a0 \u00a0 \u00a0 \u00a0 \u00a0 \u00a0 \u00a0 \u00a0 Imagem ilustrativa (fonte: <a href=\"https:\/\/www.cathopic.com\/\">Catholic Pictures)<\/a><\/em><\/p><\/div>\n<p><strong>Dom Walmor Oliveira de Azevedo<\/strong><\/p>\n<p>Os crist\u00e3os constituem a maioria absoluta da popula\u00e7\u00e3o no Brasil, revelam as estat\u00edsticas atuais. Informa\u00e7\u00e3o muito relevante da geografia religiosa, a ser confrontada com a realidade brasileira, para avalia\u00e7\u00f5es a respeito do contexto sociocultural, educativo e cient\u00edfico-tecnol\u00f3gico. Os valores e princ\u00edpios religiosos influenciam os rumos e as din\u00e2micas de uma sociedade. Tendem a incidir, de maneira constitutiva, no \u201cDNA cultural\u201d do povo. Sabe-se que o contexto religioso contribui para a promo\u00e7\u00e3o ou comprometimento da paz. Nessa perspectiva, pr\u00e1ticas religiosas onde h\u00e1 consenso sobre Deus \u2013 Deus da vida e da paz \u2013 deveriam produzir frutos condizentes com a f\u00e9 professada. Causa, pois, estranheza quando esses princ\u00edpios religiosos n\u00e3o conseguem contribuir com processos de humaniza\u00e7\u00e3o \u00e0 altura da concep\u00e7\u00e3o sagrada da dignidade humana. Uma situa\u00e7\u00e3o estranha e inaceit\u00e1vel.<\/p>\n<p>Urge revis\u00f5es c\u00e9leres e a interpela\u00e7\u00e3o da consci\u00eancia de todos que vivenciam as muitas pr\u00e1ticas religiosas. Todos s\u00e3o desafiados a adotar conduta coerente e, assim, ajudar a configurar novo contexto social a partir da f\u00e9 professada. Nessa perspectiva, h\u00e1 ponto importante para reflex\u00e3o: o Brasil, de maioria absoluta crist\u00e3, convive com valores e princ\u00edpios que est\u00e3o na contram\u00e3o das li\u00e7\u00f5es de Cristo Jesus, a pedra angular do Cristianismo. Cabe, pois, uma interroga\u00e7\u00e3o aos crist\u00e3os: vive-se, de fato, o Evangelho de Cristo na sociedade brasileira? Essa pergunta precisa inspirar novas perspectivas capazes de qualificar os tecidos social, econ\u00f4mico e pol\u00edtico do pa\u00eds, t\u00e3o fragilizados, produzindo tristes realidades \u2013 a desalmada desigualdade social, as polariza\u00e7\u00f5es pol\u00edticas e a car\u00eancia de l\u00edderes qualificados. Realidades que se contrastam com as riquezas do Brasil.<\/p>\n<p>A resposta h\u00e1 de considerar que o Cristianismo traz a genuinidade do amor, mas nem sempre \u00e9 praticado pelos pr\u00f3prios crist\u00e3os. Ainda que sejam reconhecidos testemunhos generosos, prof\u00e9ticos e muitos hero\u00edsmos, \u00e9 gesto de humildade reconhecer que, com frequ\u00eancia, n\u00e3o se vive o que se prega. Como uma sociedade de maioria crist\u00e3 consegue conviver com o aumento da dist\u00e2ncia entre os muitos que t\u00eam pouco e os poucos que t\u00eam muito? Os valores crist\u00e3os ainda precisam incidir e formatar din\u00e2micas culturais para garantir substratos formativos que possam alicer\u00e7ar cidadanias exemplares, entendimentos l\u00facidos na solu\u00e7\u00e3o dos problemas, respostas corajosas de cidad\u00e3os e cidad\u00e3s capazes de promover o desenvolvimento integral.<\/p>\n<p>O arcabou\u00e7o do Cristianismo \u00e9 uma incontest\u00e1vel alavanca para impulsionar a sociedade rumo ao equil\u00edbrio, inspirando qualificado di\u00e1logo pol\u00edtico e novas configura\u00e7\u00f5es culturais. Parece, para usar uma cena simb\u00f3lica, que os crist\u00e3os est\u00e3o usando capa de couro enquanto fazem chover sobre si a prega\u00e7\u00e3o do Evangelho, o ensino de sua doutrina e muitos testemunhos de f\u00e9. Ora, o an\u00fancio do Evangelho \u00e9 obra de transforma\u00e7\u00e3o radical, dos entendimentos \u00e0 conduta \u2013 foi assim, paradigmaticamente, nos prim\u00f3rdios do Cristianismo, na vida dos ap\u00f3stolos, e ao longo dos seus mais de dois mil anos de hist\u00f3ria. Suas propriedades, pela for\u00e7a da Palavra, t\u00eam prerrogativas para mudar mentalidades e condutas, alicer\u00e7ando uma cultura da vida e da paz. H\u00e1 de se perguntar a respeito de equ\u00edvocos na viv\u00eancia da f\u00e9 e redobrar a aten\u00e7\u00e3o sobre os riscos de se neutralizar o que \u00e9 pr\u00f3prio da Palavra de Deus no Cristianismo \u2013 heran\u00e7a do Juda\u00edsmo, enriquecida com a encarna\u00e7\u00e3o do Verbo, Jesus Cristo, o filho de Deus, Redentor e Salvador.<\/p>\n<p>Lembrando o Salmo 118, a Palavra \u00e9 l\u00e2mpada para os p\u00e9s e luz luzente para o caminho. Indica o rumo para superar um cristianismo torto que admite a centralidade da Palavra, mas a amorda\u00e7a com interesses e manipula\u00e7\u00f5es pol\u00edticas cartoriais. Os resultados s\u00e3o p\u00edfios, com uma cultura que amarga preju\u00edzos porque muitos crist\u00e3os adotam pr\u00e1ticas religiosas pouco transformadoras. Pessoas com convic\u00e7\u00f5es intimistas demais ou estreitadas a ponto de se vender a ideologias ou a interesses pol\u00edtico-partid\u00e1rios. Os crist\u00e3os est\u00e3o desafiados a responder a esta pergunta, com humildade e sabedoria: vive-se, de fato, o Evangelho de Cristo na sociedade brasileira? Essa resposta pode ser o recome\u00e7o de uma grande mudan\u00e7a civilizat\u00f3ria.<\/p>\n<hr \/>\n<p><strong>Dom Walmor Oliveira de Azevedo<\/strong> <em>\u00e9 Arcebispo de Belo Horizonte (MG) e presidente da CNBB.<\/em><\/p>\n<p><em>Fonte: site CNBB<\/em><\/p>\n","protected":false},"excerpt":{"rendered":"<p>Artigo de Dom Walmor Oliveira de Azevedo<\/p>\n","protected":false},"author":3,"featured_media":189586,"comment_status":"open","ping_status":"open","sticky":false,"template":"","format":"standard","meta":{"footnotes":""},"categories":[26],"tags":[271],"yoast_head":"<!-- This site is optimized with the Yoast SEO plugin v19.4 - https:\/\/yoast.com\/wordpress\/plugins\/seo\/ -->\n<title>Crist\u00e3os desafiados - Vida Crist\u00e3 - Franciscanos<\/title>\n<meta name=\"robots\" content=\"index, follow, max-snippet:-1, max-image-preview:large, max-video-preview:-1\" \/>\n<link rel=\"canonical\" href=\"https:\/\/franciscanos.org.br\/vidacrista\/cristaos-desafiados\/\" \/>\n<meta property=\"og:locale\" content=\"pt_BR\" \/>\n<meta property=\"og:type\" content=\"article\" \/>\n<meta property=\"og:title\" content=\"Crist\u00e3os desafiados - Vida Crist\u00e3 - Franciscanos\" \/>\n<meta property=\"og:description\" content=\"Artigo de Dom Walmor Oliveira de Azevedo\" \/>\n<meta property=\"og:url\" content=\"https:\/\/franciscanos.org.br\/vidacrista\/cristaos-desafiados\/\" \/>\n<meta property=\"og:site_name\" content=\"Vida Crist\u00e3 - Franciscanos\" \/>\n<meta property=\"article:published_time\" content=\"2021-05-10T10:12:25+00:00\" \/>\n<meta property=\"article:modified_time\" content=\"2021-05-10T10:13:09+00:00\" \/>\n<meta property=\"og:image\" content=\"https:\/\/franciscanos.org.br\/vidacrista\/wp-content\/uploads\/2021\/05\/artigo_10d.jpg\" \/>\n\t<meta property=\"og:image:width\" content=\"800\" \/>\n\t<meta property=\"og:image:height\" content=\"550\" \/>\n\t<meta property=\"og:image:type\" content=\"image\/jpeg\" \/>\n<meta name=\"author\" content=\"moacir\" \/>\n<meta name=\"twitter:card\" content=\"summary_large_image\" \/>\n<meta name=\"twitter:label1\" content=\"Escrito por\" \/>\n\t<meta name=\"twitter:data1\" content=\"moacir\" \/>\n\t<meta name=\"twitter:label2\" content=\"Est. tempo de leitura\" \/>\n\t<meta name=\"twitter:data2\" content=\"4 minutos\" \/>\n<script type=\"application\/ld+json\" class=\"yoast-schema-graph\">{\"@context\":\"https:\/\/schema.org\",\"@graph\":[{\"@type\":\"WebSite\",\"@id\":\"https:\/\/franciscanos.org.br\/vidacrista\/#website\",\"url\":\"https:\/\/franciscanos.org.br\/vidacrista\/\",\"name\":\"Vida Crist\u00e3 - Franciscanos\",\"description\":\"Prov\u00edncia Franciscana da Imaculada Concei\u00e7\u00e3o do Brasil - Ordem dos Frades Menores\",\"potentialAction\":[{\"@type\":\"SearchAction\",\"target\":{\"@type\":\"EntryPoint\",\"urlTemplate\":\"https:\/\/franciscanos.org.br\/vidacrista\/?s={search_term_string}\"},\"query-input\":\"required name=search_term_string\"}],\"inLanguage\":\"pt-BR\"},{\"@type\":\"WebPage\",\"@id\":\"https:\/\/franciscanos.org.br\/vidacrista\/cristaos-desafiados\/\",\"url\":\"https:\/\/franciscanos.org.br\/vidacrista\/cristaos-desafiados\/\",\"name\":\"Crist\u00e3os desafiados - Vida Crist\u00e3 - Franciscanos\",\"isPartOf\":{\"@id\":\"https:\/\/franciscanos.org.br\/vidacrista\/#website\"},\"datePublished\":\"2021-05-10T10:12:25+00:00\",\"dateModified\":\"2021-05-10T10:13:09+00:00\",\"author\":{\"@id\":\"https:\/\/franciscanos.org.br\/vidacrista\/#\/schema\/person\/1880bdd2c350b735648725ef7614736a\"},\"breadcrumb\":{\"@id\":\"https:\/\/franciscanos.org.br\/vidacrista\/cristaos-desafiados\/#breadcrumb\"},\"inLanguage\":\"pt-BR\",\"potentialAction\":[{\"@type\":\"ReadAction\",\"target\":[\"https:\/\/franciscanos.org.br\/vidacrista\/cristaos-desafiados\/\"]}]},{\"@type\":\"BreadcrumbList\",\"@id\":\"https:\/\/franciscanos.org.br\/vidacrista\/cristaos-desafiados\/#breadcrumb\",\"itemListElement\":[{\"@type\":\"ListItem\",\"position\":1,\"name\":\"Home\",\"item\":\"https:\/\/franciscanos.org.br\/vidacrista\/\"},{\"@type\":\"ListItem\",\"position\":2,\"name\":\"Crist\u00e3os desafiados\"}]},{\"@type\":\"Person\",\"@id\":\"https:\/\/franciscanos.org.br\/vidacrista\/#\/schema\/person\/1880bdd2c350b735648725ef7614736a\",\"name\":\"moacir\",\"image\":{\"@type\":\"ImageObject\",\"inLanguage\":\"pt-BR\",\"@id\":\"https:\/\/franciscanos.org.br\/vidacrista\/#\/schema\/person\/image\/\",\"url\":\"https:\/\/secure.gravatar.com\/avatar\/d08aa2ce4c8dd416d4479aa8536fcf64?s=96&d=mm&r=g\",\"contentUrl\":\"https:\/\/secure.gravatar.com\/avatar\/d08aa2ce4c8dd416d4479aa8536fcf64?s=96&d=mm&r=g\",\"caption\":\"moacir\"},\"url\":\"https:\/\/franciscanos.org.br\/vidacrista\/author\/moacir\/\"}]}<\/script>\n<!-- \/ Yoast SEO plugin. -->","yoast_head_json":{"title":"Crist\u00e3os desafiados - Vida Crist\u00e3 - Franciscanos","robots":{"index":"index","follow":"follow","max-snippet":"max-snippet:-1","max-image-preview":"max-image-preview:large","max-video-preview":"max-video-preview:-1"},"canonical":"https:\/\/franciscanos.org.br\/vidacrista\/cristaos-desafiados\/","og_locale":"pt_BR","og_type":"article","og_title":"Crist\u00e3os desafiados - Vida Crist\u00e3 - Franciscanos","og_description":"Artigo de Dom Walmor Oliveira de Azevedo","og_url":"https:\/\/franciscanos.org.br\/vidacrista\/cristaos-desafiados\/","og_site_name":"Vida Crist\u00e3 - Franciscanos","article_published_time":"2021-05-10T10:12:25+00:00","article_modified_time":"2021-05-10T10:13:09+00:00","og_image":[{"width":800,"height":550,"url":"https:\/\/franciscanos.org.br\/vidacrista\/wp-content\/uploads\/2021\/05\/artigo_10d.jpg","type":"image\/jpeg"}],"author":"moacir","twitter_card":"summary_large_image","twitter_misc":{"Escrito por":"moacir","Est. tempo de leitura":"4 minutos"},"schema":{"@context":"https:\/\/schema.org","@graph":[{"@type":"WebSite","@id":"https:\/\/franciscanos.org.br\/vidacrista\/#website","url":"https:\/\/franciscanos.org.br\/vidacrista\/","name":"Vida Crist\u00e3 - Franciscanos","description":"Prov\u00edncia Franciscana da Imaculada Concei\u00e7\u00e3o do Brasil - Ordem dos Frades Menores","potentialAction":[{"@type":"SearchAction","target":{"@type":"EntryPoint","urlTemplate":"https:\/\/franciscanos.org.br\/vidacrista\/?s={search_term_string}"},"query-input":"required name=search_term_string"}],"inLanguage":"pt-BR"},{"@type":"WebPage","@id":"https:\/\/franciscanos.org.br\/vidacrista\/cristaos-desafiados\/","url":"https:\/\/franciscanos.org.br\/vidacrista\/cristaos-desafiados\/","name":"Crist\u00e3os desafiados - Vida Crist\u00e3 - Franciscanos","isPartOf":{"@id":"https:\/\/franciscanos.org.br\/vidacrista\/#website"},"datePublished":"2021-05-10T10:12:25+00:00","dateModified":"2021-05-10T10:13:09+00:00","author":{"@id":"https:\/\/franciscanos.org.br\/vidacrista\/#\/schema\/person\/1880bdd2c350b735648725ef7614736a"},"breadcrumb":{"@id":"https:\/\/franciscanos.org.br\/vidacrista\/cristaos-desafiados\/#breadcrumb"},"inLanguage":"pt-BR","potentialAction":[{"@type":"ReadAction","target":["https:\/\/franciscanos.org.br\/vidacrista\/cristaos-desafiados\/"]}]},{"@type":"BreadcrumbList","@id":"https:\/\/franciscanos.org.br\/vidacrista\/cristaos-desafiados\/#breadcrumb","itemListElement":[{"@type":"ListItem","position":1,"name":"Home","item":"https:\/\/franciscanos.org.br\/vidacrista\/"},{"@type":"ListItem","position":2,"name":"Crist\u00e3os desafiados"}]},{"@type":"Person","@id":"https:\/\/franciscanos.org.br\/vidacrista\/#\/schema\/person\/1880bdd2c350b735648725ef7614736a","name":"moacir","image":{"@type":"ImageObject","inLanguage":"pt-BR","@id":"https:\/\/franciscanos.org.br\/vidacrista\/#\/schema\/person\/image\/","url":"https:\/\/secure.gravatar.com\/avatar\/d08aa2ce4c8dd416d4479aa8536fcf64?s=96&d=mm&r=g","contentUrl":"https:\/\/secure.gravatar.com\/avatar\/d08aa2ce4c8dd416d4479aa8536fcf64?s=96&d=mm&r=g","caption":"moacir"},"url":"https:\/\/franciscanos.org.br\/vidacrista\/author\/moacir\/"}]}},"_links":{"self":[{"href":"https:\/\/franciscanos.org.br\/vidacrista\/wp-json\/wp\/v2\/posts\/189584"}],"collection":[{"href":"https:\/\/franciscanos.org.br\/vidacrista\/wp-json\/wp\/v2\/posts"}],"about":[{"href":"https:\/\/franciscanos.org.br\/vidacrista\/wp-json\/wp\/v2\/types\/post"}],"author":[{"embeddable":true,"href":"https:\/\/franciscanos.org.br\/vidacrista\/wp-json\/wp\/v2\/users\/3"}],"replies":[{"embeddable":true,"href":"https:\/\/franciscanos.org.br\/vidacrista\/wp-json\/wp\/v2\/comments?post=189584"}],"version-history":[{"count":2,"href":"https:\/\/franciscanos.org.br\/vidacrista\/wp-json\/wp\/v2\/posts\/189584\/revisions"}],"predecessor-version":[{"id":189588,"href":"https:\/\/franciscanos.org.br\/vidacrista\/wp-json\/wp\/v2\/posts\/189584\/revisions\/189588"}],"wp:featuredmedia":[{"embeddable":true,"href":"https:\/\/franciscanos.org.br\/vidacrista\/wp-json\/wp\/v2\/media\/189586"}],"wp:attachment":[{"href":"https:\/\/franciscanos.org.br\/vidacrista\/wp-json\/wp\/v2\/media?parent=189584"}],"wp:term":[{"taxonomy":"category","embeddable":true,"href":"https:\/\/franciscanos.org.br\/vidacrista\/wp-json\/wp\/v2\/categories?post=189584"},{"taxonomy":"post_tag","embeddable":true,"href":"https:\/\/franciscanos.org.br\/vidacrista\/wp-json\/wp\/v2\/tags?post=189584"}],"curies":[{"name":"wp","href":"https:\/\/api.w.org\/{rel}","templated":true}]}}