{"id":189559,"date":"2021-09-24T00:47:26","date_gmt":"2021-09-24T03:47:26","guid":{"rendered":"https:\/\/franciscanos.org.br\/vidacrista\/?p=189559"},"modified":"2021-09-24T07:53:11","modified_gmt":"2021-09-24T10:53:11","slug":"mensagem-do-papa-para-o-107o-dia-mundial-do-migrante-e-do-refugiado","status":"publish","type":"post","link":"https:\/\/franciscanos.org.br\/vidacrista\/mensagem-do-papa-para-o-107o-dia-mundial-do-migrante-e-do-refugiado\/","title":{"rendered":"Mensagem do Papa para o 107\u00ba Dia Mundial do Migrante e do Refugiado"},"content":{"rendered":"<div id=\"attachment_189560\" style=\"width: 1290px\" class=\"wp-caption alignnone\"><img aria-describedby=\"caption-attachment-189560\" decoding=\"async\" loading=\"lazy\" class=\"wp-image-189560 size-full\" src=\"https:\/\/franciscanos.org.br\/vidacrista\/wp-content\/uploads\/2021\/05\/refugiado_01.jpg\" alt=\"\" width=\"1280\" height=\"720\" srcset=\"https:\/\/franciscanos.org.br\/vidacrista\/wp-content\/uploads\/2021\/05\/refugiado_01.jpg 1280w, https:\/\/franciscanos.org.br\/vidacrista\/wp-content\/uploads\/2021\/05\/refugiado_01-450x253.jpg 450w, https:\/\/franciscanos.org.br\/vidacrista\/wp-content\/uploads\/2021\/05\/refugiado_01-1024x576.jpg 1024w, https:\/\/franciscanos.org.br\/vidacrista\/wp-content\/uploads\/2021\/05\/refugiado_01-768x432.jpg 768w, https:\/\/franciscanos.org.br\/vidacrista\/wp-content\/uploads\/2021\/05\/refugiado_01-150x84.jpg 150w\" sizes=\"(max-width: 1280px) 100vw, 1280px\" \/><p id=\"caption-attachment-189560\" class=\"wp-caption-text\"><em> \u00a0 \u00a0 \u00a0 \u00a0 \u00a0 \u00a0 \u00a0 \u00a0 \u00a0 \u00a0 \u00a0Imagem: Vatican Media<\/em><\/p><\/div>\n<p align=\"center\"><span style=\"color: #663300;\"><b><br \/>\n<\/b><strong>26 de septembro de 20201<\/strong><\/span><\/p>\n<p align=\"center\"><span style=\"color: #663300;\"><b>\u00abRumo a um\u00a0<i>n\u00f3s<\/i>\u00a0cada vez maior\u00bb<\/b><\/span><\/p>\n<p><i>Queridos irm\u00e3os e irm\u00e3s!<\/i><\/p>\n<p>Na carta enc\u00edclica\u00a0<i><a href=\"https:\/\/www.vatican.va\/content\/francesco\/pt\/encyclicals\/documents\/papa-francesco_20201003_enciclica-fratelli-tutti.html\">Fratelli tutti<\/a><\/i>, deixei expressa uma preocupa\u00e7\u00e3o e um desejo, que continuo a considerar importantes: \u00abPassada a crise sanit\u00e1ria, a pior rea\u00e7\u00e3o seria cair ainda mais num consumismo febril e em novas formas de autoprote\u00e7\u00e3o ego\u00edsta. No fim, oxal\u00e1 j\u00e1 n\u00e3o existam \u201cos outros\u201d, mas apenas um \u201cn\u00f3s\u201d\u00bb (n.\u00a0<a href=\"https:\/\/www.vatican.va\/content\/francesco\/pt\/encyclicals\/documents\/papa-francesco_20201003_enciclica-fratelli-tutti.html#35\">35<\/a>).<\/p>\n<p>Por isso pensei dedicar a mensagem para o 107<sup>\u00ba<\/sup>\u00a0Dia Mundial do Migrante e do Refugiado ao tema \u00abRumo a um\u00a0<i>n\u00f3s<\/i>\u00a0cada vez maior\u00bb, pretendendo assim indicar claramente um horizonte para o nosso caminho comum neste mundo.<\/p>\n<p><i>A hist\u00f3ria do \u00abn\u00f3s\u00bb<\/i><\/p>\n<p>Este horizonte encontra-se no pr\u00f3prio projeto criador de Deus: \u00abDeus criou o ser humano \u00e0 sua imagem, criou-o \u00e0 imagem de Deus; Ele os criou homem e mulher. Aben\u00e7oando-os, Deus disse-lhes: \u201cCrescei, multiplicai-vos\u201d\u00bb (<i>Gn<\/i>\u00a01, 27-28). Deus criou-nos homem e mulher, seres diferentes e complementares para formarem, juntos, um\u00a0<i>n\u00f3s<\/i>\u00a0destinado a tornar-se cada vez maior com a multiplica\u00e7\u00e3o das gera\u00e7\u00f5es. Deus criou-nos \u00e0 sua imagem, \u00e0 imagem do seu Ser Uno e Trino, comunh\u00e3o na diversidade.<\/p>\n<p>E quando o ser humano, por causa da sua desobedi\u00eancia, se afastou d\u2019Ele, Deus, na sua miseric\u00f3rdia, quis oferecer um caminho de reconcilia\u00e7\u00e3o, n\u00e3o a indiv\u00edduos isoladamente, mas a um povo, um<i>\u00a0n\u00f3s<\/i>\u00a0destinado a incluir toda a fam\u00edlia humana, todos os povos: \u00abEsta \u00e9 a morada de Deus entre os homens. Ele habitar\u00e1 com eles; eles ser\u00e3o o seu povo e o pr\u00f3prio Deus estar\u00e1 com eles e ser\u00e1 o seu Deus\u00bb (<i>Ap<\/i>\u00a021, 3).<\/p>\n<p>Assim, a hist\u00f3ria da salva\u00e7\u00e3o v\u00ea um\u00a0<i>n\u00f3s<\/i>\u00a0no princ\u00edpio e um\u00a0<i>n\u00f3s<\/i>\u00a0no fim e, no centro, o mist\u00e9rio de Cristo, morto e ressuscitado \u00abpara que todos sejam um s\u00f3\u00bb (<i>Jo<\/i>\u00a017, 21). Mas o tempo presente mostra-nos que o\u00a0<i>n\u00f3s<\/i>\u00a0querido por Deus est\u00e1 dilacerado e dividido, ferido e desfigurado. E isto verifica-se sobretudo nos momentos de maior crise, como agora com a pandemia. Os nacionalismos fechados e agressivos (cf.\u00a0<i><a href=\"https:\/\/www.vatican.va\/content\/francesco\/pt\/encyclicals\/documents\/papa-francesco_20201003_enciclica-fratelli-tutti.html#11\">Fratelli tutti<\/a><\/i>, 11) e o individualismo radical (cf.\u00a0<i><a href=\"https:\/\/www.vatican.va\/content\/francesco\/pt\/encyclicals\/documents\/papa-francesco_20201003_enciclica-fratelli-tutti.html#105\">ibid<\/a>.<\/i>, 105) desagregam ou dividem o\u00a0<i>n\u00f3s<\/i>, tanto no mundo como dentro da Igreja. E o pre\u00e7o mais alto \u00e9 pago por aqueles que mais facilmente se podem tornar os\u00a0<i>outros<\/i>: os estrangeiros, os migrantes, os marginalizados, que habitam as periferias existenciais.<\/p>\n<p>Na realidade, estamos todos no mesmo barco e somos chamados a empenhar-nos para que n\u00e3o existam mais muros que nos separam, nem existam mais os<i>\u00a0outros<\/i>, mas s\u00f3 um\u00a0<i>n\u00f3s<\/i>, do tamanho da humanidade inteira. Por isso aproveito a ocasi\u00e3o deste Dia Mundial para lan\u00e7ar um duplo apelo a caminharmos juntos rumo a um\u00a0<i>n\u00f3s<\/i>\u00a0cada vez maior, dirigindo-me em primeiro lugar aos fi\u00e9is cat\u00f3licos e depois a todos os homens e mulheres da terra.<\/p>\n<p><i>Uma Igreja cada vez mais cat\u00f3lica<\/i><\/p>\n<p>Para os membros da Igreja Cat\u00f3lica, este apelo traduz-se num esfor\u00e7o por se configurarem cada vez mais fielmente ao seu ser de\u00a0<i>cat\u00f3licos<\/i>, tornando realidade aquilo que S\u00e3o Paulo recomendava \u00e0 comunidade de \u00c9feso: \u00abUm s\u00f3 corpo e um s\u00f3 esp\u00edrito, assim como a vossa voca\u00e7\u00e3o vos chama a uma s\u00f3 esperan\u00e7a; um s\u00f3 Senhor, uma s\u00f3 f\u00e9, um s\u00f3 batismo\u00bb (<i>Ef<\/i>\u00a04, 4-5).<\/p>\n<p>De facto, a catolicidade da Igreja, a sua universalidade \u00e9 uma realidade que requer ser acolhida e vivida em cada \u00e9poca, conforme a vontade e a gra\u00e7a do Senhor que prometeu estar sempre connosco at\u00e9 ao fim dos tempos (cf.\u00a0<i>Mt<\/i>\u00a028, 20). O seu Esp\u00edrito torna-nos capazes de abra\u00e7ar a todos para se fazer comunh\u00e3o na diversidade, harmonizando as diferen\u00e7as sem nunca impor uma uniformidade que despersonaliza. No encontro com a diversidade dos estrangeiros, dos migrantes, dos refugiados e no di\u00e1logo intercultural que da\u00ed pode brotar, \u00e9-nos dada a oportunidade de crescer como Igreja, enriquecer-nos mutuamente. Com efeito, todo o batizado, onde quer que se encontre, \u00e9 membro de pleno direito da comunidade eclesial local e\u00a0membro da \u00fanica Igreja, habitante na \u00fanica casa, componente da \u00fanica fam\u00edlia.<\/p>\n<p>Os fi\u00e9is cat\u00f3licos s\u00e3o chamados, cada qual a partir da comunidade onde vive, a comprometer-se para que a Igreja se torne cada vez mais inclusiva, dando continuidade \u00e0 miss\u00e3o que Jesus Cristo confiou aos Ap\u00f3stolos: \u00abPelo caminho, proclamai que o Reino do C\u00e9u est\u00e1 perto. Curai os enfermos, ressuscitai os mortos, purificai os leprosos, expulsai os dem\u00f3nios. Recebestes de gra\u00e7a, dai de gra\u00e7a\u00bb (<i>Mt<\/i>\u00a010, 7-8).<\/p>\n<p>Hoje, a Igreja \u00e9 chamada a sair pelas estradas das periferias existenciais para cuidar de quem est\u00e1 ferido e procurar quem anda extraviado, sem preconceitos nem medo, sem proselitismo, mas pronta a ampliar a sua tenda para acolher a todos. Entre os habitantes das periferias existenciais, encontraremos muitos\u00a0migrantes e refugiados, deslocados e v\u00edtimas de tr\u00e1fico humano, aos quais o Senhor deseja que seja manifestado o seu amor e anunciada a sua salva\u00e7\u00e3o. \u00abOs fluxos migrat\u00f3rios contempor\u00e2neos constituem uma nova \u201cfronteira\u201d mission\u00e1ria, uma ocasi\u00e3o privilegiada para anunciar Jesus Cristo e o seu Evangelho sem se mover do pr\u00f3prio ambiente, para testemunhar concretamente a f\u00e9 crist\u00e3 na caridade e no respeito profundo pelas outras express\u00f5es religiosas. O encontro com migrantes e refugiados de outras confiss\u00f5es e religi\u00f5es \u00e9 um terreno fecundo para o desenvolvimento de um di\u00e1logo ecum\u00e9nico e inter-religioso sincero e enriquecedor\u00bb (Papa Francisco,\u00a0<i><a href=\"http:\/\/www.vatican.va\/content\/francesco\/pt\/speeches\/2017\/september\/documents\/papa-francesco_20170922_direttori-pastoralimigranti.html\">Discurso aos Diretores Nacionais da Pastoral dos Migrantes<\/a><\/i>, 22\/IX\/2017).<\/p>\n<p><i>Um mundo cada vez mais inclusivo<\/i><\/p>\n<p>A todos os homens e mulheres da terra, apelo a caminharem juntos rumo a um\u00a0<i>n\u00f3s<\/i>\u00a0cada vez maior, a recomporem a fam\u00edlia humana, a fim de construirmos em conjunto o nosso futuro de justi\u00e7a e paz, tendo o cuidado de ningu\u00e9m ficar exclu\u00eddo.<\/p>\n<p>O futuro das nossas sociedades \u00e9 um futuro \u00aba cores\u00bb, enriquecido pela diversidade e as rela\u00e7\u00f5es interculturais. Por isso, hoje, devemos aprender a viver, juntos, em harmonia e paz. Encanta-me duma forma particular aquele quadro que descreve, no dia do \u00abbatismo\u00bb da Igreja no Pentecostes, as pessoas de Jerusal\u00e9m que escutam o an\u00fancio da salva\u00e7\u00e3o logo ap\u00f3s a descida do Esp\u00edrito Santo: \u00abPartos, medos, elamitas, habitantes da Mesopot\u00e2mia, da Judeia e da Capad\u00f3cia, do Ponto e da \u00c1sia, da Fr\u00edgia e da Panf\u00edlia, do Egito e das regi\u00f5es da L\u00edbia cirenaica, colonos de Roma, judeus e pros\u00e9litos, cretenses e \u00e1rabes ouvimo-los anunciar, nas nossas l\u00ednguas, as maravilhas de Deus\u00bb (<i>At<\/i>\u00a02, 9-11).<\/p>\n<p>\u00c9 o ideal da nova Jerusal\u00e9m (cf.\u00a0<i>Is<\/i>\u00a060;\u00a0<i>Ap<\/i>\u00a021, 3), onde todos os povos se encontram unidos, em paz e conc\u00f3rdia, celebrando a bondade de Deus e as maravilhas da cria\u00e7\u00e3o. Mas, para alcan\u00e7ar este ideal, devemos todos empenhar-nos por derrubar os muros que nos separam e construir pontes que favore\u00e7am a cultura do encontro, cientes da profunda interconex\u00e3o que existe entre n\u00f3s. Nesta perspetiva, as migra\u00e7\u00f5es contempor\u00e2neas oferecem-nos a oportunidade de superar os nossos medos para nos deixarmos enriquecer pela diversidade do dom de cada um. Ent\u00e3o, se quisermos, poderemos transformar as fronteiras em lugares privilegiados de encontro, onde possa florescer o milagre de um\u00a0<i>n\u00f3s<\/i>\u00a0cada vez maior.<\/p>\n<p>A todos os homens e mulheres da terra, pe\u00e7o que empreguem bem os dons que o Senhor nos confiou para conservar e tornar ainda mais bela a sua cria\u00e7\u00e3o. \u00abUm homem nobre partiu para uma regi\u00e3o long\u00ednqua, a fim de tomar posse de um reino e em seguida voltar. Chamando dez dos seus servos, entregou-lhes dez minas e disse-lhes: \u201cFazei render a mina at\u00e9 que eu volte\u201d\u00bb (<i>Lc<\/i>\u00a019, 12-13). O Senhor pedir-nos-\u00e1 contas das nossas obras! Mas, para assegurar o justo cuidado \u00e0 nossa Casa comum, devemos constituir-nos num\u00a0<i>n\u00f3s<\/i>\u00a0cada vez maior, cada vez mais correspons\u00e1vel, na forte convic\u00e7\u00e3o de que todo o bem feito ao mundo \u00e9 feito \u00e0s gera\u00e7\u00f5es presentes e futuras. Trata-se dum compromisso pessoal e coletivo, que se ocupa de todos os irm\u00e3os e irm\u00e3s que continuar\u00e3o a sofrer enquanto procuramos realizar um desenvolvimento mais sustent\u00e1vel, equilibrado e inclusivo. Um compromisso que n\u00e3o faz distin\u00e7\u00e3o entre aut\u00f3ctones e estrangeiros, entre residentes e h\u00f3spedes, porque se trata dum tesouro comum, de cujo cuidado e de cujos benef\u00edcios ningu\u00e9m deve ficar exclu\u00eddo.<\/p>\n<p><i>O sonho tem in\u00edcio<\/i><\/p>\n<p>O profeta Joel preanunciava o futuro messi\u00e2nico como um tempo de sonhos e vis\u00f5es inspirados pelo Esp\u00edrito: \u00abDerramarei o meu esp\u00edrito sobre toda a humanidade. Os vossos filhos e as vossas filhas profetizar\u00e3o, os vossos anci\u00e3os ter\u00e3o sonhos e os vossos jovens ter\u00e3o vis\u00f5es\u00bb (3, 1).\u00a0Somos chamados a sonhar juntos. N\u00e3o devemos ter medo de sonhar e de o fazermos juntos como uma \u00fanica humanidade, como companheiros da mesma viagem, como filhos e filhas desta mesma terra que \u00e9 a nossa Casa comum, todos irm\u00e3s e irm\u00e3os (cf.\u00a0<i><a href=\"https:\/\/www.vatican.va\/content\/francesco\/pt\/encyclicals\/documents\/papa-francesco_20201003_enciclica-fratelli-tutti.html#8\">Fratelli tutti<\/a><\/i>, 8).<\/p>\n<p><i>Ora\u00e7\u00e3o<\/i><\/p>\n<p>Pai santo e amado,<br \/>\no vosso Filho Jesus ensinou-nos<br \/>\nque nos C\u00e9us se esparge uma grande alegria<br \/>\nquando algu\u00e9m que estava perdido<br \/>\n\u00e9 reencontrado,<br \/>\nquando algu\u00e9m que estava exclu\u00eddo, rejeitado ou descartado<br \/>\n\u00e9 reinserido no nosso\u00a0<i>n\u00f3s<\/i>,<br \/>\nque assim se torna cada vez maior.<\/p>\n<p>Pedimo-Vos que concedais a todos os disc\u00edpulos de Jesus<br \/>\ne a todas as pessoas de boa vontade<br \/>\na gra\u00e7a de cumprirem a vossa vontade no mundo.<br \/>\nAben\u00e7oai todo o gesto de acolhimento e assist\u00eancia<br \/>\nque rep\u00f5e a pessoa que estiver em ex\u00edlio<br \/>\nno\u00a0<i>n\u00f3s<\/i>\u00a0da comunidade e da Igreja,<br \/>\npara que a nossa terra possa tornar-se,<br \/>\ntal como V\u00f3s a criastes,<br \/>\na Casa comum de todos os irm\u00e3os e irm\u00e3s. Amen.<\/p>\n<p>R<i>oma, em S\u00e3o Jo\u00e3o de Latr\u00e3o, na Festa dos Ap\u00f3stolos S\u00e3o Filipe e S\u00e3o Tiago, 3 de maio de 2021.<\/i><\/p>\n<p align=\"center\"><b>Francisco<\/b><\/p>\n","protected":false},"excerpt":{"rendered":"<p>Dia Mundial do Migrante e do Refugiado<\/p>\n","protected":false},"author":3,"featured_media":189561,"comment_status":"open","ping_status":"open","sticky":false,"template":"","format":"standard","meta":{"footnotes":""},"categories":[22],"tags":[350],"yoast_head":"<!-- This site is optimized with the Yoast SEO plugin v19.4 - https:\/\/yoast.com\/wordpress\/plugins\/seo\/ -->\n<title>Mensagem do Papa para o 107\u00ba Dia Mundial do Migrante e do Refugiado - Vida Crist\u00e3 - Franciscanos<\/title>\n<meta name=\"robots\" content=\"index, follow, max-snippet:-1, max-image-preview:large, max-video-preview:-1\" \/>\n<link rel=\"canonical\" href=\"https:\/\/franciscanos.org.br\/vidacrista\/mensagem-do-papa-para-o-107o-dia-mundial-do-migrante-e-do-refugiado\/\" \/>\n<meta property=\"og:locale\" content=\"pt_BR\" \/>\n<meta property=\"og:type\" content=\"article\" \/>\n<meta property=\"og:title\" content=\"Mensagem do Papa para o 107\u00ba Dia Mundial do Migrante e do Refugiado - Vida Crist\u00e3 - Franciscanos\" \/>\n<meta property=\"og:description\" content=\"Dia Mundial do Migrante e do Refugiado\" \/>\n<meta property=\"og:url\" content=\"https:\/\/franciscanos.org.br\/vidacrista\/mensagem-do-papa-para-o-107o-dia-mundial-do-migrante-e-do-refugiado\/\" \/>\n<meta property=\"og:site_name\" content=\"Vida Crist\u00e3 - Franciscanos\" \/>\n<meta property=\"article:published_time\" content=\"2021-09-24T03:47:26+00:00\" \/>\n<meta property=\"article:modified_time\" content=\"2021-09-24T10:53:11+00:00\" \/>\n<meta property=\"og:image\" content=\"https:\/\/franciscanos.org.br\/vidacrista\/wp-content\/uploads\/2021\/05\/refugiado_01d.jpg\" \/>\n\t<meta property=\"og:image:width\" content=\"800\" \/>\n\t<meta property=\"og:image:height\" content=\"550\" \/>\n\t<meta property=\"og:image:type\" content=\"image\/jpeg\" \/>\n<meta name=\"author\" content=\"moacir\" \/>\n<meta name=\"twitter:card\" content=\"summary_large_image\" \/>\n<meta name=\"twitter:label1\" content=\"Escrito por\" \/>\n\t<meta name=\"twitter:data1\" content=\"moacir\" \/>\n\t<meta name=\"twitter:label2\" content=\"Est. tempo de leitura\" \/>\n\t<meta name=\"twitter:data2\" content=\"8 minutos\" \/>\n<script type=\"application\/ld+json\" class=\"yoast-schema-graph\">{\"@context\":\"https:\/\/schema.org\",\"@graph\":[{\"@type\":\"WebSite\",\"@id\":\"https:\/\/franciscanos.org.br\/vidacrista\/#website\",\"url\":\"https:\/\/franciscanos.org.br\/vidacrista\/\",\"name\":\"Vida Crist\u00e3 - Franciscanos\",\"description\":\"Prov\u00edncia Franciscana da Imaculada Concei\u00e7\u00e3o do Brasil - Ordem dos Frades Menores\",\"potentialAction\":[{\"@type\":\"SearchAction\",\"target\":{\"@type\":\"EntryPoint\",\"urlTemplate\":\"https:\/\/franciscanos.org.br\/vidacrista\/?s={search_term_string}\"},\"query-input\":\"required name=search_term_string\"}],\"inLanguage\":\"pt-BR\"},{\"@type\":\"WebPage\",\"@id\":\"https:\/\/franciscanos.org.br\/vidacrista\/mensagem-do-papa-para-o-107o-dia-mundial-do-migrante-e-do-refugiado\/\",\"url\":\"https:\/\/franciscanos.org.br\/vidacrista\/mensagem-do-papa-para-o-107o-dia-mundial-do-migrante-e-do-refugiado\/\",\"name\":\"Mensagem do Papa para o 107\u00ba Dia Mundial do Migrante e do Refugiado - Vida Crist\u00e3 - Franciscanos\",\"isPartOf\":{\"@id\":\"https:\/\/franciscanos.org.br\/vidacrista\/#website\"},\"datePublished\":\"2021-09-24T03:47:26+00:00\",\"dateModified\":\"2021-09-24T10:53:11+00:00\",\"author\":{\"@id\":\"https:\/\/franciscanos.org.br\/vidacrista\/#\/schema\/person\/1880bdd2c350b735648725ef7614736a\"},\"breadcrumb\":{\"@id\":\"https:\/\/franciscanos.org.br\/vidacrista\/mensagem-do-papa-para-o-107o-dia-mundial-do-migrante-e-do-refugiado\/#breadcrumb\"},\"inLanguage\":\"pt-BR\",\"potentialAction\":[{\"@type\":\"ReadAction\",\"target\":[\"https:\/\/franciscanos.org.br\/vidacrista\/mensagem-do-papa-para-o-107o-dia-mundial-do-migrante-e-do-refugiado\/\"]}]},{\"@type\":\"BreadcrumbList\",\"@id\":\"https:\/\/franciscanos.org.br\/vidacrista\/mensagem-do-papa-para-o-107o-dia-mundial-do-migrante-e-do-refugiado\/#breadcrumb\",\"itemListElement\":[{\"@type\":\"ListItem\",\"position\":1,\"name\":\"Home\",\"item\":\"https:\/\/franciscanos.org.br\/vidacrista\/\"},{\"@type\":\"ListItem\",\"position\":2,\"name\":\"Mensagem do Papa para o 107\u00ba Dia Mundial do Migrante e do Refugiado\"}]},{\"@type\":\"Person\",\"@id\":\"https:\/\/franciscanos.org.br\/vidacrista\/#\/schema\/person\/1880bdd2c350b735648725ef7614736a\",\"name\":\"moacir\",\"image\":{\"@type\":\"ImageObject\",\"inLanguage\":\"pt-BR\",\"@id\":\"https:\/\/franciscanos.org.br\/vidacrista\/#\/schema\/person\/image\/\",\"url\":\"https:\/\/secure.gravatar.com\/avatar\/d08aa2ce4c8dd416d4479aa8536fcf64?s=96&d=mm&r=g\",\"contentUrl\":\"https:\/\/secure.gravatar.com\/avatar\/d08aa2ce4c8dd416d4479aa8536fcf64?s=96&d=mm&r=g\",\"caption\":\"moacir\"},\"url\":\"https:\/\/franciscanos.org.br\/vidacrista\/author\/moacir\/\"}]}<\/script>\n<!-- \/ Yoast SEO plugin. -->","yoast_head_json":{"title":"Mensagem do Papa para o 107\u00ba Dia Mundial do Migrante e do Refugiado - Vida Crist\u00e3 - Franciscanos","robots":{"index":"index","follow":"follow","max-snippet":"max-snippet:-1","max-image-preview":"max-image-preview:large","max-video-preview":"max-video-preview:-1"},"canonical":"https:\/\/franciscanos.org.br\/vidacrista\/mensagem-do-papa-para-o-107o-dia-mundial-do-migrante-e-do-refugiado\/","og_locale":"pt_BR","og_type":"article","og_title":"Mensagem do Papa para o 107\u00ba Dia Mundial do Migrante e do Refugiado - Vida Crist\u00e3 - Franciscanos","og_description":"Dia Mundial do Migrante e do Refugiado","og_url":"https:\/\/franciscanos.org.br\/vidacrista\/mensagem-do-papa-para-o-107o-dia-mundial-do-migrante-e-do-refugiado\/","og_site_name":"Vida Crist\u00e3 - Franciscanos","article_published_time":"2021-09-24T03:47:26+00:00","article_modified_time":"2021-09-24T10:53:11+00:00","og_image":[{"width":800,"height":550,"url":"https:\/\/franciscanos.org.br\/vidacrista\/wp-content\/uploads\/2021\/05\/refugiado_01d.jpg","type":"image\/jpeg"}],"author":"moacir","twitter_card":"summary_large_image","twitter_misc":{"Escrito por":"moacir","Est. tempo de leitura":"8 minutos"},"schema":{"@context":"https:\/\/schema.org","@graph":[{"@type":"WebSite","@id":"https:\/\/franciscanos.org.br\/vidacrista\/#website","url":"https:\/\/franciscanos.org.br\/vidacrista\/","name":"Vida Crist\u00e3 - Franciscanos","description":"Prov\u00edncia Franciscana da Imaculada Concei\u00e7\u00e3o do Brasil - Ordem dos Frades Menores","potentialAction":[{"@type":"SearchAction","target":{"@type":"EntryPoint","urlTemplate":"https:\/\/franciscanos.org.br\/vidacrista\/?s={search_term_string}"},"query-input":"required name=search_term_string"}],"inLanguage":"pt-BR"},{"@type":"WebPage","@id":"https:\/\/franciscanos.org.br\/vidacrista\/mensagem-do-papa-para-o-107o-dia-mundial-do-migrante-e-do-refugiado\/","url":"https:\/\/franciscanos.org.br\/vidacrista\/mensagem-do-papa-para-o-107o-dia-mundial-do-migrante-e-do-refugiado\/","name":"Mensagem do Papa para o 107\u00ba Dia Mundial do Migrante e do Refugiado - Vida Crist\u00e3 - Franciscanos","isPartOf":{"@id":"https:\/\/franciscanos.org.br\/vidacrista\/#website"},"datePublished":"2021-09-24T03:47:26+00:00","dateModified":"2021-09-24T10:53:11+00:00","author":{"@id":"https:\/\/franciscanos.org.br\/vidacrista\/#\/schema\/person\/1880bdd2c350b735648725ef7614736a"},"breadcrumb":{"@id":"https:\/\/franciscanos.org.br\/vidacrista\/mensagem-do-papa-para-o-107o-dia-mundial-do-migrante-e-do-refugiado\/#breadcrumb"},"inLanguage":"pt-BR","potentialAction":[{"@type":"ReadAction","target":["https:\/\/franciscanos.org.br\/vidacrista\/mensagem-do-papa-para-o-107o-dia-mundial-do-migrante-e-do-refugiado\/"]}]},{"@type":"BreadcrumbList","@id":"https:\/\/franciscanos.org.br\/vidacrista\/mensagem-do-papa-para-o-107o-dia-mundial-do-migrante-e-do-refugiado\/#breadcrumb","itemListElement":[{"@type":"ListItem","position":1,"name":"Home","item":"https:\/\/franciscanos.org.br\/vidacrista\/"},{"@type":"ListItem","position":2,"name":"Mensagem do Papa para o 107\u00ba Dia Mundial do Migrante e do Refugiado"}]},{"@type":"Person","@id":"https:\/\/franciscanos.org.br\/vidacrista\/#\/schema\/person\/1880bdd2c350b735648725ef7614736a","name":"moacir","image":{"@type":"ImageObject","inLanguage":"pt-BR","@id":"https:\/\/franciscanos.org.br\/vidacrista\/#\/schema\/person\/image\/","url":"https:\/\/secure.gravatar.com\/avatar\/d08aa2ce4c8dd416d4479aa8536fcf64?s=96&d=mm&r=g","contentUrl":"https:\/\/secure.gravatar.com\/avatar\/d08aa2ce4c8dd416d4479aa8536fcf64?s=96&d=mm&r=g","caption":"moacir"},"url":"https:\/\/franciscanos.org.br\/vidacrista\/author\/moacir\/"}]}},"_links":{"self":[{"href":"https:\/\/franciscanos.org.br\/vidacrista\/wp-json\/wp\/v2\/posts\/189559"}],"collection":[{"href":"https:\/\/franciscanos.org.br\/vidacrista\/wp-json\/wp\/v2\/posts"}],"about":[{"href":"https:\/\/franciscanos.org.br\/vidacrista\/wp-json\/wp\/v2\/types\/post"}],"author":[{"embeddable":true,"href":"https:\/\/franciscanos.org.br\/vidacrista\/wp-json\/wp\/v2\/users\/3"}],"replies":[{"embeddable":true,"href":"https:\/\/franciscanos.org.br\/vidacrista\/wp-json\/wp\/v2\/comments?post=189559"}],"version-history":[{"count":2,"href":"https:\/\/franciscanos.org.br\/vidacrista\/wp-json\/wp\/v2\/posts\/189559\/revisions"}],"predecessor-version":[{"id":190652,"href":"https:\/\/franciscanos.org.br\/vidacrista\/wp-json\/wp\/v2\/posts\/189559\/revisions\/190652"}],"wp:featuredmedia":[{"embeddable":true,"href":"https:\/\/franciscanos.org.br\/vidacrista\/wp-json\/wp\/v2\/media\/189561"}],"wp:attachment":[{"href":"https:\/\/franciscanos.org.br\/vidacrista\/wp-json\/wp\/v2\/media?parent=189559"}],"wp:term":[{"taxonomy":"category","embeddable":true,"href":"https:\/\/franciscanos.org.br\/vidacrista\/wp-json\/wp\/v2\/categories?post=189559"},{"taxonomy":"post_tag","embeddable":true,"href":"https:\/\/franciscanos.org.br\/vidacrista\/wp-json\/wp\/v2\/tags?post=189559"}],"curies":[{"name":"wp","href":"https:\/\/api.w.org\/{rel}","templated":true}]}}