{"id":189555,"date":"2021-05-07T05:46:27","date_gmt":"2021-05-07T08:46:27","guid":{"rendered":"https:\/\/franciscanos.org.br\/vidacrista\/?p=189555"},"modified":"2021-05-07T05:46:27","modified_gmt":"2021-05-07T08:46:27","slug":"escutar-com-o-coracao","status":"publish","type":"post","link":"https:\/\/franciscanos.org.br\/vidacrista\/escutar-com-o-coracao\/","title":{"rendered":"Escutar com o cora\u00e7\u00e3o"},"content":{"rendered":"<div id=\"attachment_189556\" style=\"width: 850px\" class=\"wp-caption alignnone\"><img aria-describedby=\"caption-attachment-189556\" decoding=\"async\" loading=\"lazy\" class=\"wp-image-189556 size-full\" src=\"https:\/\/franciscanos.org.br\/vidacrista\/wp-content\/uploads\/2021\/05\/sexta_07.jpg\" alt=\"\" width=\"840\" height=\"450\" srcset=\"https:\/\/franciscanos.org.br\/vidacrista\/wp-content\/uploads\/2021\/05\/sexta_07.jpg 840w, https:\/\/franciscanos.org.br\/vidacrista\/wp-content\/uploads\/2021\/05\/sexta_07-450x241.jpg 450w, https:\/\/franciscanos.org.br\/vidacrista\/wp-content\/uploads\/2021\/05\/sexta_07-768x411.jpg 768w, https:\/\/franciscanos.org.br\/vidacrista\/wp-content\/uploads\/2021\/05\/sexta_07-150x80.jpg 150w\" sizes=\"(max-width: 840px) 100vw, 840px\" \/><p id=\"caption-attachment-189556\" class=\"wp-caption-text\">\u00a0 \u00a0 \u00a0 \u00a0 \u00a0 \u00a0 \u00a0 \u00a0 \u00a0 \u00a0 \u00a0 \u00a0 \u00a0 \u00a0 \u00a0 \u00a0 \u00a0 \u00a0 \u00a0 \u00a0 \u00a0 \u00a0 \u00a0 \u00a0 \u00a0 \u00a0 \u00a0 \u00a0 \u00a0 \u00a0 \u00a0 \u00a0 \u00a0 \u00a0 \u00a0 \u00a0 \u00a0 \u00a0 \u00a0 \u00a0 \u00a0 \u00a0 \u00a0 \u00a0 \u00a0 \u00a0 \u00a0<em> \u00a0 \u00a0Imagem ilustrativa<\/em> (fonte: <a href=\"https:\/\/www.cathopic.com\/\">Catholic Pictures<\/a>)<\/p><\/div>\n<p>Jacques Leclerc, sacerdote franc\u00eas, exerceu seu minist\u00e9rio presbiteral, ao menos por um tempo, na Catedral de Notre Dame de Paris infelizmente seriamente prejudicada por terr\u00edvel inc\u00eandio. Assim, Leclerc fala do tema do encontro, da experi\u00eancia de estar na Catedral e de ouvir os rumores das \u201cvelhas pedras\u201d.<\/p>\n<p>\u201cDesde que exer\u00e7o meu minist\u00e9rio de padre em Notre Dame de Paris, dou o testemunho de que nossa catedral \u00e9 privilegiado local de encontro. Desde ent\u00e3o, me dei conta que basta um cora\u00e7\u00e3o \u00e1vido para ouvir o rumor das velhas pedras, suas confid\u00eancias e declara\u00e7\u00f5es. Para tanto necess\u00e1rio chegar ao sil\u00eancio puro que existe em n\u00f3s, para al\u00e9m do tempo, talvez um instante fugidio, proporcionado \u00e0 consci\u00eancia em que cada um se descobre com suas chagas, seus impulsos, seu desejo, seus acertos e desacertos, cada um com seu pecado secreto. Entrando ser\u00e1 fundamental tirar as m\u00e1scaras, e ter no c\u00f4ncavo das duas m\u00e3os sua verdade como uma chama fr\u00e1gil. Preciso ser\u00e1 calar e fazer com que o sil\u00eancio pessoal venha a se confundir com este vasto sil\u00eancio que \u00e9 a presen\u00e7a un\u00e2nime e a consci\u00eancia de uma catedral\u201d (<em>Jacques Leclerc, Debout sur le soleil, Seuil, Paris,<\/em> p.75-76).<\/p>\n<p>Catedral, templo, lugar encontro, de encontro consigo e com sua verdade, tirando maquiagens, adere\u00e7os, tirando as sand\u00e1lias dos p\u00e9s. Nossa verdade como uma chama bem fr\u00e1gil. O sil\u00eancio, aqueles mist\u00e9rios, as alturas, os vitr\u00f4s com incandescentes e suaves matizes, os sons do \u00f3rg\u00e3o com um suave ad\u00e1gio de Albinoni. Vamos escutando os sons de nosso eu mais profundo, do cora\u00e7\u00e3o. As batidas do cora\u00e7\u00e3o parecem se acelerar. Sil\u00eancio, olhos fechados.<\/p>\n<p>Nosso sil\u00eancio se mistura com o sil\u00eancio imenso do espa\u00e7o. As pedras querem falar&#8230; de tantos de perto e de longe que ali entraram, carregados de dores e revoltas, de chagas e feridas que resistiam a se fechar, de c\u00e2nticos de louvor e de queixumes, de melodias natalinas e de lamentos da sexta-feira das dores. De missas solenes e simples eucaristias celebradas nas capelas laterais. Dar tempo ao tempo. Deixar que as velhas pedras&#8230; falem&#8230; Deus reflete-se em tudo. Talvez ainda um derradeiro olhar para o Crucificado, par\u00e1bola viva do amor de Deus: \u201cEu te quero bem&#8230;vai em paz!\u201d E, quem sabe, n\u00e3o podendo controlar uma l\u00e1grima com tudo o que ouviu das velhas pedras.<\/p>\n<hr \/>\n<p><em>Frei Almir Guimar\u00e3es<\/em><\/p>\n","protected":false},"excerpt":{"rendered":"<p>Primeira Sexta-feira do M\u00eas<\/p>\n","protected":false},"author":3,"featured_media":189557,"comment_status":"open","ping_status":"open","sticky":false,"template":"","format":"standard","meta":{"footnotes":""},"categories":[105],"tags":[106],"yoast_head":"<!-- This site is optimized with the Yoast SEO plugin v19.4 - https:\/\/yoast.com\/wordpress\/plugins\/seo\/ -->\n<title>Escutar com o cora\u00e7\u00e3o - Vida Crist\u00e3 - Franciscanos<\/title>\n<meta name=\"robots\" content=\"index, follow, max-snippet:-1, max-image-preview:large, max-video-preview:-1\" \/>\n<link rel=\"canonical\" href=\"https:\/\/franciscanos.org.br\/vidacrista\/escutar-com-o-coracao\/\" \/>\n<meta property=\"og:locale\" content=\"pt_BR\" \/>\n<meta property=\"og:type\" content=\"article\" \/>\n<meta property=\"og:title\" content=\"Escutar com o cora\u00e7\u00e3o - Vida Crist\u00e3 - Franciscanos\" \/>\n<meta property=\"og:description\" content=\"Primeira Sexta-feira do M\u00eas\" \/>\n<meta property=\"og:url\" content=\"https:\/\/franciscanos.org.br\/vidacrista\/escutar-com-o-coracao\/\" \/>\n<meta property=\"og:site_name\" content=\"Vida Crist\u00e3 - Franciscanos\" \/>\n<meta property=\"article:published_time\" content=\"2021-05-07T08:46:27+00:00\" \/>\n<meta property=\"og:image\" content=\"https:\/\/franciscanos.org.br\/vidacrista\/wp-content\/uploads\/2021\/05\/sexta_07d.jpg\" \/>\n\t<meta property=\"og:image:width\" content=\"800\" \/>\n\t<meta property=\"og:image:height\" content=\"550\" \/>\n\t<meta property=\"og:image:type\" content=\"image\/jpeg\" \/>\n<meta name=\"author\" content=\"moacir\" \/>\n<meta name=\"twitter:card\" content=\"summary_large_image\" \/>\n<meta name=\"twitter:label1\" content=\"Escrito por\" \/>\n\t<meta name=\"twitter:data1\" content=\"moacir\" \/>\n\t<meta name=\"twitter:label2\" content=\"Est. tempo de leitura\" \/>\n\t<meta name=\"twitter:data2\" content=\"2 minutos\" \/>\n<script type=\"application\/ld+json\" class=\"yoast-schema-graph\">{\"@context\":\"https:\/\/schema.org\",\"@graph\":[{\"@type\":\"WebSite\",\"@id\":\"https:\/\/franciscanos.org.br\/vidacrista\/#website\",\"url\":\"https:\/\/franciscanos.org.br\/vidacrista\/\",\"name\":\"Vida Crist\u00e3 - Franciscanos\",\"description\":\"Prov\u00edncia Franciscana da Imaculada Concei\u00e7\u00e3o do Brasil - Ordem dos Frades Menores\",\"potentialAction\":[{\"@type\":\"SearchAction\",\"target\":{\"@type\":\"EntryPoint\",\"urlTemplate\":\"https:\/\/franciscanos.org.br\/vidacrista\/?s={search_term_string}\"},\"query-input\":\"required name=search_term_string\"}],\"inLanguage\":\"pt-BR\"},{\"@type\":\"WebPage\",\"@id\":\"https:\/\/franciscanos.org.br\/vidacrista\/escutar-com-o-coracao\/\",\"url\":\"https:\/\/franciscanos.org.br\/vidacrista\/escutar-com-o-coracao\/\",\"name\":\"Escutar com o cora\u00e7\u00e3o - Vida Crist\u00e3 - Franciscanos\",\"isPartOf\":{\"@id\":\"https:\/\/franciscanos.org.br\/vidacrista\/#website\"},\"datePublished\":\"2021-05-07T08:46:27+00:00\",\"dateModified\":\"2021-05-07T08:46:27+00:00\",\"author\":{\"@id\":\"https:\/\/franciscanos.org.br\/vidacrista\/#\/schema\/person\/1880bdd2c350b735648725ef7614736a\"},\"breadcrumb\":{\"@id\":\"https:\/\/franciscanos.org.br\/vidacrista\/escutar-com-o-coracao\/#breadcrumb\"},\"inLanguage\":\"pt-BR\",\"potentialAction\":[{\"@type\":\"ReadAction\",\"target\":[\"https:\/\/franciscanos.org.br\/vidacrista\/escutar-com-o-coracao\/\"]}]},{\"@type\":\"BreadcrumbList\",\"@id\":\"https:\/\/franciscanos.org.br\/vidacrista\/escutar-com-o-coracao\/#breadcrumb\",\"itemListElement\":[{\"@type\":\"ListItem\",\"position\":1,\"name\":\"Home\",\"item\":\"https:\/\/franciscanos.org.br\/vidacrista\/\"},{\"@type\":\"ListItem\",\"position\":2,\"name\":\"Escutar com o cora\u00e7\u00e3o\"}]},{\"@type\":\"Person\",\"@id\":\"https:\/\/franciscanos.org.br\/vidacrista\/#\/schema\/person\/1880bdd2c350b735648725ef7614736a\",\"name\":\"moacir\",\"image\":{\"@type\":\"ImageObject\",\"inLanguage\":\"pt-BR\",\"@id\":\"https:\/\/franciscanos.org.br\/vidacrista\/#\/schema\/person\/image\/\",\"url\":\"https:\/\/secure.gravatar.com\/avatar\/d08aa2ce4c8dd416d4479aa8536fcf64?s=96&d=mm&r=g\",\"contentUrl\":\"https:\/\/secure.gravatar.com\/avatar\/d08aa2ce4c8dd416d4479aa8536fcf64?s=96&d=mm&r=g\",\"caption\":\"moacir\"},\"url\":\"https:\/\/franciscanos.org.br\/vidacrista\/author\/moacir\/\"}]}<\/script>\n<!-- \/ Yoast SEO plugin. -->","yoast_head_json":{"title":"Escutar com o cora\u00e7\u00e3o - Vida Crist\u00e3 - Franciscanos","robots":{"index":"index","follow":"follow","max-snippet":"max-snippet:-1","max-image-preview":"max-image-preview:large","max-video-preview":"max-video-preview:-1"},"canonical":"https:\/\/franciscanos.org.br\/vidacrista\/escutar-com-o-coracao\/","og_locale":"pt_BR","og_type":"article","og_title":"Escutar com o cora\u00e7\u00e3o - Vida Crist\u00e3 - Franciscanos","og_description":"Primeira Sexta-feira do M\u00eas","og_url":"https:\/\/franciscanos.org.br\/vidacrista\/escutar-com-o-coracao\/","og_site_name":"Vida Crist\u00e3 - Franciscanos","article_published_time":"2021-05-07T08:46:27+00:00","og_image":[{"width":800,"height":550,"url":"https:\/\/franciscanos.org.br\/vidacrista\/wp-content\/uploads\/2021\/05\/sexta_07d.jpg","type":"image\/jpeg"}],"author":"moacir","twitter_card":"summary_large_image","twitter_misc":{"Escrito por":"moacir","Est. tempo de leitura":"2 minutos"},"schema":{"@context":"https:\/\/schema.org","@graph":[{"@type":"WebSite","@id":"https:\/\/franciscanos.org.br\/vidacrista\/#website","url":"https:\/\/franciscanos.org.br\/vidacrista\/","name":"Vida Crist\u00e3 - Franciscanos","description":"Prov\u00edncia Franciscana da Imaculada Concei\u00e7\u00e3o do Brasil - Ordem dos Frades Menores","potentialAction":[{"@type":"SearchAction","target":{"@type":"EntryPoint","urlTemplate":"https:\/\/franciscanos.org.br\/vidacrista\/?s={search_term_string}"},"query-input":"required name=search_term_string"}],"inLanguage":"pt-BR"},{"@type":"WebPage","@id":"https:\/\/franciscanos.org.br\/vidacrista\/escutar-com-o-coracao\/","url":"https:\/\/franciscanos.org.br\/vidacrista\/escutar-com-o-coracao\/","name":"Escutar com o cora\u00e7\u00e3o - Vida Crist\u00e3 - Franciscanos","isPartOf":{"@id":"https:\/\/franciscanos.org.br\/vidacrista\/#website"},"datePublished":"2021-05-07T08:46:27+00:00","dateModified":"2021-05-07T08:46:27+00:00","author":{"@id":"https:\/\/franciscanos.org.br\/vidacrista\/#\/schema\/person\/1880bdd2c350b735648725ef7614736a"},"breadcrumb":{"@id":"https:\/\/franciscanos.org.br\/vidacrista\/escutar-com-o-coracao\/#breadcrumb"},"inLanguage":"pt-BR","potentialAction":[{"@type":"ReadAction","target":["https:\/\/franciscanos.org.br\/vidacrista\/escutar-com-o-coracao\/"]}]},{"@type":"BreadcrumbList","@id":"https:\/\/franciscanos.org.br\/vidacrista\/escutar-com-o-coracao\/#breadcrumb","itemListElement":[{"@type":"ListItem","position":1,"name":"Home","item":"https:\/\/franciscanos.org.br\/vidacrista\/"},{"@type":"ListItem","position":2,"name":"Escutar com o cora\u00e7\u00e3o"}]},{"@type":"Person","@id":"https:\/\/franciscanos.org.br\/vidacrista\/#\/schema\/person\/1880bdd2c350b735648725ef7614736a","name":"moacir","image":{"@type":"ImageObject","inLanguage":"pt-BR","@id":"https:\/\/franciscanos.org.br\/vidacrista\/#\/schema\/person\/image\/","url":"https:\/\/secure.gravatar.com\/avatar\/d08aa2ce4c8dd416d4479aa8536fcf64?s=96&d=mm&r=g","contentUrl":"https:\/\/secure.gravatar.com\/avatar\/d08aa2ce4c8dd416d4479aa8536fcf64?s=96&d=mm&r=g","caption":"moacir"},"url":"https:\/\/franciscanos.org.br\/vidacrista\/author\/moacir\/"}]}},"_links":{"self":[{"href":"https:\/\/franciscanos.org.br\/vidacrista\/wp-json\/wp\/v2\/posts\/189555"}],"collection":[{"href":"https:\/\/franciscanos.org.br\/vidacrista\/wp-json\/wp\/v2\/posts"}],"about":[{"href":"https:\/\/franciscanos.org.br\/vidacrista\/wp-json\/wp\/v2\/types\/post"}],"author":[{"embeddable":true,"href":"https:\/\/franciscanos.org.br\/vidacrista\/wp-json\/wp\/v2\/users\/3"}],"replies":[{"embeddable":true,"href":"https:\/\/franciscanos.org.br\/vidacrista\/wp-json\/wp\/v2\/comments?post=189555"}],"version-history":[{"count":1,"href":"https:\/\/franciscanos.org.br\/vidacrista\/wp-json\/wp\/v2\/posts\/189555\/revisions"}],"predecessor-version":[{"id":189558,"href":"https:\/\/franciscanos.org.br\/vidacrista\/wp-json\/wp\/v2\/posts\/189555\/revisions\/189558"}],"wp:featuredmedia":[{"embeddable":true,"href":"https:\/\/franciscanos.org.br\/vidacrista\/wp-json\/wp\/v2\/media\/189557"}],"wp:attachment":[{"href":"https:\/\/franciscanos.org.br\/vidacrista\/wp-json\/wp\/v2\/media?parent=189555"}],"wp:term":[{"taxonomy":"category","embeddable":true,"href":"https:\/\/franciscanos.org.br\/vidacrista\/wp-json\/wp\/v2\/categories?post=189555"},{"taxonomy":"post_tag","embeddable":true,"href":"https:\/\/franciscanos.org.br\/vidacrista\/wp-json\/wp\/v2\/tags?post=189555"}],"curies":[{"name":"wp","href":"https:\/\/api.w.org\/{rel}","templated":true}]}}