{"id":189465,"date":"2021-05-02T06:03:39","date_gmt":"2021-05-02T09:03:39","guid":{"rendered":"https:\/\/franciscanos.org.br\/vidacrista\/?p=189465"},"modified":"2021-05-02T08:00:09","modified_gmt":"2021-05-02T11:00:09","slug":"o-permanecer-a-verdade-o-amem-e-os-lacos-de-eternidade-em-jo-151-8-e-na-pandemia","status":"publish","type":"post","link":"https:\/\/franciscanos.org.br\/vidacrista\/o-permanecer-a-verdade-o-amem-e-os-lacos-de-eternidade-em-jo-151-8-e-na-pandemia\/","title":{"rendered":"O permanecer, a verdade, o am\u00e9m e os la\u00e7os de eternidade em Jo 15,1-8 e na pandemia"},"content":{"rendered":"<div id=\"attachment_189466\" style=\"width: 850px\" class=\"wp-caption alignnone\"><img aria-describedby=\"caption-attachment-189466\" decoding=\"async\" loading=\"lazy\" class=\"wp-image-189466 size-full\" src=\"https:\/\/franciscanos.org.br\/vidacrista\/wp-content\/uploads\/2021\/05\/artigo_02.png\" alt=\"\" width=\"840\" height=\"450\" srcset=\"https:\/\/franciscanos.org.br\/vidacrista\/wp-content\/uploads\/2021\/05\/artigo_02.png 840w, https:\/\/franciscanos.org.br\/vidacrista\/wp-content\/uploads\/2021\/05\/artigo_02-450x241.png 450w, https:\/\/franciscanos.org.br\/vidacrista\/wp-content\/uploads\/2021\/05\/artigo_02-768x411.png 768w, https:\/\/franciscanos.org.br\/vidacrista\/wp-content\/uploads\/2021\/05\/artigo_02-150x80.png 150w\" sizes=\"(max-width: 840px) 100vw, 840px\" \/><p id=\"caption-attachment-189466\" class=\"wp-caption-text\"><em>\u00a0 \u00a0 \u00a0 \u00a0 \u00a0 \u00a0 \u00a0 \u00a0 \u00a0 \u00a0 \u00a0 \u00a0 \u00a0 \u00a0 \u00a0 \u00a0 \u00a0 \u00a0 \u00a0 \u00a0 \u00a0 \u00a0 \u00a0 \u00a0 \u00a0 \u00a0 \u00a0 \u00a0 \u00a0 \u00a0Imagem ilustrativa: Canva (<a href=\"https:\/\/www.canva.com\/pt_br\/modelos\/\">www.canva.com\/pt_br\/modelos)<\/a><\/em><\/p><\/div>\n<p><em>Frei Jacir de Freitas Faria, OFM<\/em><a href=\"#_ftn1\" name=\"_ftnref1\">[1]<\/a><\/p>\n<p>O evangelho sobre o qual vamos refletir \u00e9 Jo 15,1-18. Como tem\u00e1tica quero propor a seguinte reflex\u00e3o: O permanecer, a verdade, o am\u00e9m e os la\u00e7os de eternidade. Jo 15,1-8 \u00e9 uma par\u00e1bola, uma compara\u00e7\u00e3o que Jesus faz, quando diz: \u201cEu sou a videira verdadeira e meu Pai \u00e9 o agricultor\u201d (15,1). Qual o significado dessa afirmativa de Jesus? \u00c9 a pen\u00faltima vez, a sexta, que Jesus diz: \u201cEu sou\u201d. A \u00faltima ser\u00e1 \u201cEu sou a ressurrei\u00e7\u00e3o e a vida\u201d (Jo 11,25). Jesus tamb\u00e9m faz um forte apelo: \u201cPermanecei em mim!\u201d Ali\u00e1s, sete vezes, em oito vers\u00edculos, aparece o verbo permanecer. Qual o sentido de permanecer?<\/p>\n<p>Vou come\u00e7ar pelo sentido de permanecer a partir de uma experi\u00eancia que acabo de passar, que tem muito a ver com Jo 15,1-8. Penso que muitos dos que est\u00e3o nos lendo j\u00e1 poder\u00e3o tamb\u00e9m ter passado por ela.<\/p>\n<p>Vivenciei, de forma solid\u00e1ria, fraterna e familiar, o sofrimento, a f\u00e9 e a esperan\u00e7a diante da morte de uma m\u00e3e, cuja causa morte foi o tem\u00edvel coronav\u00edrus. Seu nome era Maria, a matriarca que morreu jovem, com apenas 65 anos. Quanta luta para conseguir um hospital, um CTI, um tratamento digno para quem foi de uma dignidade ilibada. Um sofrimento que arrastou intermin\u00e1veis vinte e um dias.<\/p>\n<p><iframe loading=\"lazy\" title=\"Reflex\u00e3o b\u00edblica - 5\u00ba Domingo da P\u00e1scoa (02\/05\/2021)\" width=\"500\" height=\"281\" src=\"https:\/\/www.youtube.com\/embed\/KMdqIbmQE-Y?feature=oembed\" frameborder=\"0\" allow=\"accelerometer; autoplay; clipboard-write; encrypted-media; gyroscope; picture-in-picture\" allowfullscreen><\/iframe><\/p>\n<p>Na f\u00e9 em Deus, sob a prote\u00e7\u00e3o de Nossa Senhora Aparecida, modo como ela educou seu filho, filhas e neto, todos n\u00f3s nos mov\u00edamos na firme esperan\u00e7a de que tudo sairia bem. Infelizmente, veio a esperada e inesperada morte, seguida de um n\u00e3o vel\u00f3rio, como mandam as regras da pandemia. Muito sofrimento para ela e para n\u00f3s. Celebramos na inspira\u00e7\u00e3o da ressurrei\u00e7\u00e3o de L\u00e1zaro, quando Marta diz a Jesus: \u201cSe o Senhor estivesse aqui, meu irm\u00e3o n\u00e3o teria morrido (Jo 11,21). Eu nem me ousaria elencar aqui os v\u00e1rios \u201cses\u201d que, se tivesse sido diferente, n\u00e3o teria causado a sua morte.<\/p>\n<p>Com a sua P\u00e1scoa, ainda que fora de \u00e9poca, permanece a f\u00e9 em Deus-Pai. Permanece a esperan\u00e7a de que ela est\u00e1 na vida eterna junto com os seus. Permanece o sofrimento da aus\u00eancia que ser\u00e1 substitu\u00edda, no findar do luto, por uma terna lembran\u00e7a de tudo que ela foi, viveu e ensinou, numa eterna saudade. No trem da vida, na luta por viver, n\u00e3o mais ser\u00e1 poss\u00edvel sua presen\u00e7a f\u00edsica, mas, espiritual, sim. Maria, que tinha o sobrenome de Georgina, coisa que poucos sabiam, permanecer\u00e1 para sempre na for\u00e7a do simbolismo de seu nome Maria, a \u201cAmada de Deus\u201d.<\/p>\n<p>Permanecer, esse o verbo, a a\u00e7\u00e3o que nos moveu at\u00e9 aqui. Jesus \u00e9 claro no seu chamado aos disc\u00edpulos para permanecer nele. Permanecei em mim, que sou a videira verdadeira. Trata-se da uni\u00e3o entre o tronco e os ramos, Jesus e seus disc\u00edpulos. Permanecer \u00e9 morar. Morar \u00e9 estar dentro. Como namorar \u00e9 entrar na morada do outro. O desafio para os enamorados \u00e9 saber se eles ser\u00e3o capazes de morar dentro do outro por toda uma vida, na sa\u00fade, na doen\u00e7a, na alegria e na tristeza. Quem permanece tem rela\u00e7\u00e3o de afinidade.<\/p>\n<p>Permanecer em Jesus \u00e9 deixar Deus morar dentro de n\u00f3s. Que maravilha de experi\u00eancia! O filho mora dentro da m\u00e3e antes de nascer. A m\u00e3e mora dentro dele por toda a vida, mesmo depois da morte.<\/p>\n<p>Jesus, quando anuncia a sua morte, diz que nos deixaria o Esp\u00edrito Par\u00e1clito, o Esp\u00edrito da Verdade, que ser\u00e1 o nosso defensor, nosso advogado para sempre. O Esp\u00edrito \u00e9 o da Verdade, Jesus \u00e9 a verdadeira videira. Por que isso? Verdade \u00e9 muito usado em Jo\u00e3o. Deus do Primeiro Testamento \u00e9 o Deus da Verdade (Is 65,16).<\/p>\n<p>Verdade \u00e9 outro nome de Deus, expresso no termo <em>amen<\/em>, que, em hebraico, tomando as iniciais, diz: Deus, Rei e Fiel (<em>Elohim Melech Neeman<\/em>). Esse am\u00e9m \u00e9 traduzido por verdade (Jo 3,3; Ap 3,14). Am\u00e9m vem de <em>aman<\/em>, que significa verdade, fiel. Jesus \u00e9 a verdadeira videira. Outras videiras s\u00e3o falsas. Ele \u00e9 o caminho, a verdade e a vida. A ele, os disc\u00edpulos e n\u00f3s, devemos estar unidos para sempre. Verdade \u00e9, por outro lado, \u00e9 a presen\u00e7a de governos negacionistas da pandemia. A esses n\u00e3o podemos dizer am\u00e9m.<\/p>\n<p>Como na experi\u00eancia que relatamos, entre m\u00e3e e filhos, tronco e ramos, Jesus nos mostra que a vida \u00e9 esse n\u00f3 de rela\u00e7\u00f5es, de estar juntos. Ningu\u00e9m vive sozinho. Somos fam\u00edlia, na sua primeira experi\u00eancia, somos sociedade, somos Igreja na f\u00e9. Jesus convoca seus disc\u00edpulos permanecerem Nele e, por conseguinte, no Pai, Deus que Ele revela. Lembre-se de que o grande objetivo do evangelho de Jo\u00e3o \u00e9 demonstrar como Jesus revela Deus, o Pai, o agricultor, aquele que cuida do tronco que \u00e9 Jesus, que une a comunidade de f\u00e9.<\/p>\n<p>Quem n\u00e3o permanecer nele, a Verdade-Deus-Filho, ser\u00e1 cortado como ramo seco e queimado. Trata-se dos que n\u00e3o produzem frutos de amor, n\u00e3o vivem no amor fraterno, na caridade, o que ser\u00e1 dito no oitavo uso do verbo permanecer, no vers\u00edculo nove: permanecei no meu amor. Amor fraterno \u00e9 outro carro chefe do evangelho de Jo\u00e3o. Os que n\u00e3o permanecem ligados ao tronco s\u00e3o os inimigos, os n\u00e3o crist\u00e3os daquela \u00e9poca, ou at\u00e9 mesmo que participavam da comunidade, mas n\u00e3o eram fi\u00e9is aos ensinamentos de Jesus. Um dos grandes desafios da Igreja \u00e9 ser presen\u00e7a, comunh\u00e3o. Jesus n\u00e3o veio propor normas, dogmas, mas relacionamentos que nos fazem permanecer unidos por la\u00e7os de eternidade, na Verdade que \u00e9 Deus. Am\u00e9m! Am\u00e9m! Am\u00e9m!<\/p>\n<hr \/>\n<p><a href=\"#_ftnref1\" name=\"_ftn1\">[1]<\/a> Doutor em Teologia B\u00edblica pela FAJE-BH. Mestre em Ci\u00eancias B\u00edblicas (Exegese) pelo Pontif\u00edcio Instituto B\u00edblico de Roma. Professor de exegese b\u00edblica. Membro da Associa\u00e7\u00e3o Brasileira de Pesquisa B\u00edblica (ABIB). Sacerdote Franciscano. Autor de dez livros e coautor de quatorze. \u00a0Inscreva-se no nosso canal no You Tube: Frei Jacir B\u00edblia e Ap\u00f3crifos ou <a href=\"https:\/\/www.youtube.com\/c\/FreiJacirdeFreitasFariaB%C3%ADbliaAp%C3%B3crifos\">https:\/\/www.youtube.com\/c\/FreiJacirdeFreitasFariaB%C3%ADbliaAp%C3%B3crifos<\/a><\/p>\n","protected":false},"excerpt":{"rendered":"<p>Artigo de Frei Jacir de Freitas Faria<\/p>\n","protected":false},"author":3,"featured_media":189467,"comment_status":"open","ping_status":"open","sticky":false,"template":"","format":"standard","meta":{"footnotes":""},"categories":[26],"tags":[43],"yoast_head":"<!-- This site is optimized with the Yoast SEO plugin v19.4 - https:\/\/yoast.com\/wordpress\/plugins\/seo\/ -->\n<title>O permanecer, a verdade, o am\u00e9m e os la\u00e7os de eternidade em Jo 15,1-8 e na pandemia - Vida Crist\u00e3 - Franciscanos<\/title>\n<meta name=\"robots\" content=\"index, follow, max-snippet:-1, max-image-preview:large, max-video-preview:-1\" \/>\n<link rel=\"canonical\" href=\"https:\/\/franciscanos.org.br\/vidacrista\/o-permanecer-a-verdade-o-amem-e-os-lacos-de-eternidade-em-jo-151-8-e-na-pandemia\/\" \/>\n<meta property=\"og:locale\" content=\"pt_BR\" \/>\n<meta property=\"og:type\" content=\"article\" \/>\n<meta property=\"og:title\" content=\"O permanecer, a verdade, o am\u00e9m e os la\u00e7os de eternidade em Jo 15,1-8 e na pandemia - Vida Crist\u00e3 - Franciscanos\" \/>\n<meta property=\"og:description\" content=\"Artigo de Frei Jacir de Freitas Faria\" \/>\n<meta property=\"og:url\" content=\"https:\/\/franciscanos.org.br\/vidacrista\/o-permanecer-a-verdade-o-amem-e-os-lacos-de-eternidade-em-jo-151-8-e-na-pandemia\/\" \/>\n<meta property=\"og:site_name\" content=\"Vida Crist\u00e3 - Franciscanos\" \/>\n<meta property=\"article:published_time\" content=\"2021-05-02T09:03:39+00:00\" \/>\n<meta property=\"article:modified_time\" content=\"2021-05-02T11:00:09+00:00\" \/>\n<meta property=\"og:image\" content=\"https:\/\/franciscanos.org.br\/vidacrista\/wp-content\/uploads\/2021\/05\/artigo_02d.png\" \/>\n\t<meta property=\"og:image:width\" content=\"800\" \/>\n\t<meta property=\"og:image:height\" content=\"550\" \/>\n\t<meta property=\"og:image:type\" content=\"image\/png\" \/>\n<meta name=\"author\" content=\"moacir\" \/>\n<meta name=\"twitter:card\" content=\"summary_large_image\" \/>\n<meta name=\"twitter:label1\" content=\"Escrito por\" \/>\n\t<meta name=\"twitter:data1\" content=\"moacir\" \/>\n\t<meta name=\"twitter:label2\" content=\"Est. tempo de leitura\" \/>\n\t<meta name=\"twitter:data2\" content=\"5 minutos\" \/>\n<script type=\"application\/ld+json\" class=\"yoast-schema-graph\">{\"@context\":\"https:\/\/schema.org\",\"@graph\":[{\"@type\":\"WebSite\",\"@id\":\"https:\/\/franciscanos.org.br\/vidacrista\/#website\",\"url\":\"https:\/\/franciscanos.org.br\/vidacrista\/\",\"name\":\"Vida Crist\u00e3 - Franciscanos\",\"description\":\"Prov\u00edncia Franciscana da Imaculada Concei\u00e7\u00e3o do Brasil - Ordem dos Frades Menores\",\"potentialAction\":[{\"@type\":\"SearchAction\",\"target\":{\"@type\":\"EntryPoint\",\"urlTemplate\":\"https:\/\/franciscanos.org.br\/vidacrista\/?s={search_term_string}\"},\"query-input\":\"required name=search_term_string\"}],\"inLanguage\":\"pt-BR\"},{\"@type\":\"WebPage\",\"@id\":\"https:\/\/franciscanos.org.br\/vidacrista\/o-permanecer-a-verdade-o-amem-e-os-lacos-de-eternidade-em-jo-151-8-e-na-pandemia\/\",\"url\":\"https:\/\/franciscanos.org.br\/vidacrista\/o-permanecer-a-verdade-o-amem-e-os-lacos-de-eternidade-em-jo-151-8-e-na-pandemia\/\",\"name\":\"O permanecer, a verdade, o am\u00e9m e os la\u00e7os de eternidade em Jo 15,1-8 e na pandemia - Vida Crist\u00e3 - Franciscanos\",\"isPartOf\":{\"@id\":\"https:\/\/franciscanos.org.br\/vidacrista\/#website\"},\"datePublished\":\"2021-05-02T09:03:39+00:00\",\"dateModified\":\"2021-05-02T11:00:09+00:00\",\"author\":{\"@id\":\"https:\/\/franciscanos.org.br\/vidacrista\/#\/schema\/person\/1880bdd2c350b735648725ef7614736a\"},\"breadcrumb\":{\"@id\":\"https:\/\/franciscanos.org.br\/vidacrista\/o-permanecer-a-verdade-o-amem-e-os-lacos-de-eternidade-em-jo-151-8-e-na-pandemia\/#breadcrumb\"},\"inLanguage\":\"pt-BR\",\"potentialAction\":[{\"@type\":\"ReadAction\",\"target\":[\"https:\/\/franciscanos.org.br\/vidacrista\/o-permanecer-a-verdade-o-amem-e-os-lacos-de-eternidade-em-jo-151-8-e-na-pandemia\/\"]}]},{\"@type\":\"BreadcrumbList\",\"@id\":\"https:\/\/franciscanos.org.br\/vidacrista\/o-permanecer-a-verdade-o-amem-e-os-lacos-de-eternidade-em-jo-151-8-e-na-pandemia\/#breadcrumb\",\"itemListElement\":[{\"@type\":\"ListItem\",\"position\":1,\"name\":\"Home\",\"item\":\"https:\/\/franciscanos.org.br\/vidacrista\/\"},{\"@type\":\"ListItem\",\"position\":2,\"name\":\"O permanecer, a verdade, o am\u00e9m e os la\u00e7os de eternidade em Jo 15,1-8 e na pandemia\"}]},{\"@type\":\"Person\",\"@id\":\"https:\/\/franciscanos.org.br\/vidacrista\/#\/schema\/person\/1880bdd2c350b735648725ef7614736a\",\"name\":\"moacir\",\"image\":{\"@type\":\"ImageObject\",\"inLanguage\":\"pt-BR\",\"@id\":\"https:\/\/franciscanos.org.br\/vidacrista\/#\/schema\/person\/image\/\",\"url\":\"https:\/\/secure.gravatar.com\/avatar\/d08aa2ce4c8dd416d4479aa8536fcf64?s=96&d=mm&r=g\",\"contentUrl\":\"https:\/\/secure.gravatar.com\/avatar\/d08aa2ce4c8dd416d4479aa8536fcf64?s=96&d=mm&r=g\",\"caption\":\"moacir\"},\"url\":\"https:\/\/franciscanos.org.br\/vidacrista\/author\/moacir\/\"}]}<\/script>\n<!-- \/ Yoast SEO plugin. -->","yoast_head_json":{"title":"O permanecer, a verdade, o am\u00e9m e os la\u00e7os de eternidade em Jo 15,1-8 e na pandemia - Vida Crist\u00e3 - Franciscanos","robots":{"index":"index","follow":"follow","max-snippet":"max-snippet:-1","max-image-preview":"max-image-preview:large","max-video-preview":"max-video-preview:-1"},"canonical":"https:\/\/franciscanos.org.br\/vidacrista\/o-permanecer-a-verdade-o-amem-e-os-lacos-de-eternidade-em-jo-151-8-e-na-pandemia\/","og_locale":"pt_BR","og_type":"article","og_title":"O permanecer, a verdade, o am\u00e9m e os la\u00e7os de eternidade em Jo 15,1-8 e na pandemia - Vida Crist\u00e3 - Franciscanos","og_description":"Artigo de Frei Jacir de Freitas Faria","og_url":"https:\/\/franciscanos.org.br\/vidacrista\/o-permanecer-a-verdade-o-amem-e-os-lacos-de-eternidade-em-jo-151-8-e-na-pandemia\/","og_site_name":"Vida Crist\u00e3 - Franciscanos","article_published_time":"2021-05-02T09:03:39+00:00","article_modified_time":"2021-05-02T11:00:09+00:00","og_image":[{"width":800,"height":550,"url":"https:\/\/franciscanos.org.br\/vidacrista\/wp-content\/uploads\/2021\/05\/artigo_02d.png","type":"image\/png"}],"author":"moacir","twitter_card":"summary_large_image","twitter_misc":{"Escrito por":"moacir","Est. tempo de leitura":"5 minutos"},"schema":{"@context":"https:\/\/schema.org","@graph":[{"@type":"WebSite","@id":"https:\/\/franciscanos.org.br\/vidacrista\/#website","url":"https:\/\/franciscanos.org.br\/vidacrista\/","name":"Vida Crist\u00e3 - Franciscanos","description":"Prov\u00edncia Franciscana da Imaculada Concei\u00e7\u00e3o do Brasil - Ordem dos Frades Menores","potentialAction":[{"@type":"SearchAction","target":{"@type":"EntryPoint","urlTemplate":"https:\/\/franciscanos.org.br\/vidacrista\/?s={search_term_string}"},"query-input":"required name=search_term_string"}],"inLanguage":"pt-BR"},{"@type":"WebPage","@id":"https:\/\/franciscanos.org.br\/vidacrista\/o-permanecer-a-verdade-o-amem-e-os-lacos-de-eternidade-em-jo-151-8-e-na-pandemia\/","url":"https:\/\/franciscanos.org.br\/vidacrista\/o-permanecer-a-verdade-o-amem-e-os-lacos-de-eternidade-em-jo-151-8-e-na-pandemia\/","name":"O permanecer, a verdade, o am\u00e9m e os la\u00e7os de eternidade em Jo 15,1-8 e na pandemia - Vida Crist\u00e3 - Franciscanos","isPartOf":{"@id":"https:\/\/franciscanos.org.br\/vidacrista\/#website"},"datePublished":"2021-05-02T09:03:39+00:00","dateModified":"2021-05-02T11:00:09+00:00","author":{"@id":"https:\/\/franciscanos.org.br\/vidacrista\/#\/schema\/person\/1880bdd2c350b735648725ef7614736a"},"breadcrumb":{"@id":"https:\/\/franciscanos.org.br\/vidacrista\/o-permanecer-a-verdade-o-amem-e-os-lacos-de-eternidade-em-jo-151-8-e-na-pandemia\/#breadcrumb"},"inLanguage":"pt-BR","potentialAction":[{"@type":"ReadAction","target":["https:\/\/franciscanos.org.br\/vidacrista\/o-permanecer-a-verdade-o-amem-e-os-lacos-de-eternidade-em-jo-151-8-e-na-pandemia\/"]}]},{"@type":"BreadcrumbList","@id":"https:\/\/franciscanos.org.br\/vidacrista\/o-permanecer-a-verdade-o-amem-e-os-lacos-de-eternidade-em-jo-151-8-e-na-pandemia\/#breadcrumb","itemListElement":[{"@type":"ListItem","position":1,"name":"Home","item":"https:\/\/franciscanos.org.br\/vidacrista\/"},{"@type":"ListItem","position":2,"name":"O permanecer, a verdade, o am\u00e9m e os la\u00e7os de eternidade em Jo 15,1-8 e na pandemia"}]},{"@type":"Person","@id":"https:\/\/franciscanos.org.br\/vidacrista\/#\/schema\/person\/1880bdd2c350b735648725ef7614736a","name":"moacir","image":{"@type":"ImageObject","inLanguage":"pt-BR","@id":"https:\/\/franciscanos.org.br\/vidacrista\/#\/schema\/person\/image\/","url":"https:\/\/secure.gravatar.com\/avatar\/d08aa2ce4c8dd416d4479aa8536fcf64?s=96&d=mm&r=g","contentUrl":"https:\/\/secure.gravatar.com\/avatar\/d08aa2ce4c8dd416d4479aa8536fcf64?s=96&d=mm&r=g","caption":"moacir"},"url":"https:\/\/franciscanos.org.br\/vidacrista\/author\/moacir\/"}]}},"_links":{"self":[{"href":"https:\/\/franciscanos.org.br\/vidacrista\/wp-json\/wp\/v2\/posts\/189465"}],"collection":[{"href":"https:\/\/franciscanos.org.br\/vidacrista\/wp-json\/wp\/v2\/posts"}],"about":[{"href":"https:\/\/franciscanos.org.br\/vidacrista\/wp-json\/wp\/v2\/types\/post"}],"author":[{"embeddable":true,"href":"https:\/\/franciscanos.org.br\/vidacrista\/wp-json\/wp\/v2\/users\/3"}],"replies":[{"embeddable":true,"href":"https:\/\/franciscanos.org.br\/vidacrista\/wp-json\/wp\/v2\/comments?post=189465"}],"version-history":[{"count":4,"href":"https:\/\/franciscanos.org.br\/vidacrista\/wp-json\/wp\/v2\/posts\/189465\/revisions"}],"predecessor-version":[{"id":189471,"href":"https:\/\/franciscanos.org.br\/vidacrista\/wp-json\/wp\/v2\/posts\/189465\/revisions\/189471"}],"wp:featuredmedia":[{"embeddable":true,"href":"https:\/\/franciscanos.org.br\/vidacrista\/wp-json\/wp\/v2\/media\/189467"}],"wp:attachment":[{"href":"https:\/\/franciscanos.org.br\/vidacrista\/wp-json\/wp\/v2\/media?parent=189465"}],"wp:term":[{"taxonomy":"category","embeddable":true,"href":"https:\/\/franciscanos.org.br\/vidacrista\/wp-json\/wp\/v2\/categories?post=189465"},{"taxonomy":"post_tag","embeddable":true,"href":"https:\/\/franciscanos.org.br\/vidacrista\/wp-json\/wp\/v2\/tags?post=189465"}],"curies":[{"name":"wp","href":"https:\/\/api.w.org\/{rel}","templated":true}]}}