{"id":189450,"date":"2021-04-30T07:30:12","date_gmt":"2021-04-30T10:30:12","guid":{"rendered":"https:\/\/franciscanos.org.br\/vidacrista\/?p=189450"},"modified":"2021-04-30T07:33:52","modified_gmt":"2021-04-30T10:33:52","slug":"1o-de-maio-a-pandemia-e-a-crise-do-desemprego","status":"publish","type":"post","link":"https:\/\/franciscanos.org.br\/vidacrista\/1o-de-maio-a-pandemia-e-a-crise-do-desemprego\/","title":{"rendered":"1\u00ba de Maio: a pandemia e a crise do desemprego"},"content":{"rendered":"<div id=\"attachment_189451\" style=\"width: 850px\" class=\"wp-caption alignnone\"><img aria-describedby=\"caption-attachment-189451\" decoding=\"async\" loading=\"lazy\" class=\"wp-image-189451 size-full\" src=\"https:\/\/franciscanos.org.br\/vidacrista\/wp-content\/uploads\/2021\/04\/jose_trabalho_30.jpg\" alt=\"\" width=\"840\" height=\"450\" srcset=\"https:\/\/franciscanos.org.br\/vidacrista\/wp-content\/uploads\/2021\/04\/jose_trabalho_30.jpg 840w, https:\/\/franciscanos.org.br\/vidacrista\/wp-content\/uploads\/2021\/04\/jose_trabalho_30-450x241.jpg 450w, https:\/\/franciscanos.org.br\/vidacrista\/wp-content\/uploads\/2021\/04\/jose_trabalho_30-768x411.jpg 768w, https:\/\/franciscanos.org.br\/vidacrista\/wp-content\/uploads\/2021\/04\/jose_trabalho_30-150x80.jpg 150w\" sizes=\"(max-width: 840px) 100vw, 840px\" \/><p id=\"caption-attachment-189451\" class=\"wp-caption-text\"><em>\u00a0 \u00a0 \u00a0 \u00a0 \u00a0 \u00a0 \u00a0 \u00a0 \u00a0 \u00a0 \u00a0 \u00a0 \u00a0 \u00a0 \u00a0 \u00a0 \u00a0 \u00a0 \u00a0 \u00a0 \u00a0 \u00a0 \u00a0 \u00a0 \u00a0 \u00a0 \u00a0 \u00a0 \u00a0 \u00a0 \u00a0 \u00a0 \u00a0 \u00a0 \u00a0 \u00a0 \u00a0 \u00a0 \u00a0 \u00a0 \u00a0 \u00a0 \u00a0 \u00a0 \u00a0 Modesto Faustini, 1886-90 (Wikimedia Commons, dom\u00ednio p\u00fablico)<\/em><\/p><\/div>\n<p><strong>Robson Ribeiro de Oliveira Castro<\/strong><\/p>\n<p>Iniciamos o m\u00eas de maio com uma data emblem\u00e1tica: dia 1\u00ba de maio &#8211; Dia do Trabalhador! Neste dia se faz mem\u00f3ria a S\u00e3o Jos\u00e9 que, como um bom pai trabalhador, S\u00e3o Jos\u00e9 \u201cera um carpinteiro que trabalhou honestamente para garantir o sustento da sua fam\u00edlia. Com ele, Jesus aprendeu o valor, a dignidade e a alegria do que significa comer o p\u00e3o fruto do pr\u00f3prio trabalho\u201d, como nos apresenta o Papa Francisco na Carta Apost\u00f3lica <em>Patris Corde<\/em>.<\/p>\n<p>No exemplo de Jos\u00e9, Jesus aprendeu o of\u00edcio de carpinteiro e tamb\u00e9m as tradi\u00e7\u00f5es judaicas de seu povo. Aprendeu a cuidar e zelar pelo trabalho. Conheceu e aprendeu a manipular as ferramentas certas para cada tipo de madeira ou servi\u00e7o. Conseguiu compreender a sua miss\u00e3o, atento ao que via na carpintaria de Jos\u00e9, transformando um peda\u00e7o torto de madeira em lindos objetos.<\/p>\n<p>Ao nos depararmos com a pandemia do novo coronav\u00edrus, nossa realidade mudou. As transforma\u00e7\u00f5es s\u00e3o vis\u00edveis e cada vez mais urgentes. N\u00e3o \u00e9 novidade que hoje, nas redes sociais e nos jornais, encontramos o relato de fam\u00edlias que sofrem com o desemprego.<\/p>\n<p>A fome voltou a ser o cen\u00e1rio de milh\u00f5es de brasileiros, mas, ao mesmo tempo, ganhamos novos bilion\u00e1rios. Por isso, falar de distanciamento social \u00e9 algo s\u00e9rio nos nossos dias, dura realidade frente aos problemas sociais existentes. Com este cen\u00e1rio, o povo brasileiro est\u00e1 incr\u00e9dulo frente \u00e0s perdas de vidas humanas e o desemprego. Isso se d\u00e1 pela crise que, diante da realidade da pandemia da Covid-19, muitos setores interromperam suas atividades, dispensando seus funcion\u00e1rios.<\/p>\n<p>Atentos \u00e0s realidades e ao que nos assola al\u00e9m da Covid-19, temos um pa\u00eds entregue ao descaso. S\u00f3 h\u00e1 espa\u00e7o para se falar de armamento, destrui\u00e7\u00e3o das florestas e mares, al\u00e9m de discriminar os povos ind\u00edgenas, negros, LGBTQI+ e todos que pertencem \u00e0s periferias e comp\u00f5em a parcela mais pobre da sociedade.<\/p>\n<p>N\u00e3o h\u00e1 espa\u00e7o nas agendas dos governantes e o aux\u00edlio emergencial n\u00e3o garante o sustento de fam\u00edlias inteiras. Preferem gastar com outros setores e n\u00e3o se preocupam com o povo. \u00c9 urgente pensar nas consequ\u00eancias desta pandemia que afeta, f\u00edsica e psicologicamente, a sociedade inteira. Destarte, faz-se necess\u00e1rio pensar, a longo prazo, em planos de preserva\u00e7\u00e3o dos empregos e alternativas para a vida de milhares de fam\u00edlias.<\/p>\n<p>Ent\u00e3o, diante deste cen\u00e1rio como comemorar o Dia do Trabalhador? Uma vez que muitos dos brasileiros perderam seus empregos ou tiveram que adaptar a vida para fazer algum tipo de \u201cbico\u201d para completar a renda de uma fam\u00edlia numerosa e que vive, muitas das vezes, nas periferias, n\u00e3o somente f\u00edsicas, mas tamb\u00e9m existenciais, como j\u00e1 nos alertava o Papa Francisco.<\/p>\n<p>Para tentar reverter este quadro, muitos trabalhadores se sujeitam \u00e0 explora\u00e7\u00e3o para manterem seus empregos. A pandemia colocou o ser humano em uma realidade complexa e dif\u00edcil. A crise do trabalho \u00e9 resultado de uma op\u00e7\u00e3o social e mostrou a sua pior face: a fome!<\/p>\n<p>Vivenciar este per\u00edodo, olhando para a realidade e diante dos desafios, somos obrigado a reinventar aquilo que j\u00e1 era estabelecido: recriar atitudes e um novo jeito de ser e viver, mais \u00e9tico, humano e solid\u00e1rio com os que sofrem<\/p>\n<p>Infelizmente, esta realidade ainda \u00e9 muito distante e dif\u00edcil face a uma sociedade que \u00e9 individualista. Entretanto, o retorno aos lares e o isolamento social nos fez observar que a fam\u00edlia e a casa s\u00e3o um ambiente prop\u00edcio para o reencontro da fam\u00edlia. Por isso, a \u00e9tica nos faz refletir sobre nossas condutas e nossa rela\u00e7\u00e3o social.<\/p>\n<p>De fato, \u00e9 uma preocupa\u00e7\u00e3o constante, uma realidade que precisa ser revista, e a condi\u00e7\u00e3o de uma maior atua\u00e7\u00e3o dos l\u00edderes do governo e empres\u00e1rios pela luta contra a fome e a mis\u00e9ria no mundo todo. Por isso refa\u00e7o a pergunta: \u201cE o trabalho, cad\u00ea?\u201d<\/p>\n<p>\u00c9 necess\u00e1rio observar a conduta \u00e9tica de lideres mundiais e a sua preocupa\u00e7\u00e3o em manter a condi\u00e7\u00e3o humana e sua dignidade. Para tanto, os menos favorecidos e as classes trabalhadoras mais pobres, que sofrem com a pandemia, necessitam de apoio e condi\u00e7\u00f5es para manter suas fam\u00edlias.<\/p>\n<p>Importante refor\u00e7ar a dignidade do trabalhador e do trabalho, pois \u201ca crise do nosso tempo, que \u00e9 econ\u00f4mica, social, cultural e espiritual, pode constituir para todos um apelo a redescobrir o valor, a import\u00e2ncia e a necessidade do trabalho para dar origem a uma nova \u2018normalidade\u2019, em que ningu\u00e9m seja exclu\u00eddo\u201d, afirma o Papa Francisco na Carta Apost\u00f3lica <em>Patris Corde<\/em>.<\/p>\n<p>A nossa condi\u00e7\u00e3o humana e a nossa conduta \u00e9tico-moral devem ser pautadas em princ\u00edpios, pois diante do outro e da sua agonia, devemos considerar como nossa tamb\u00e9m a sua dor e o seu sofrimento. Diante desta condi\u00e7\u00e3o, que se possa falar em miseric\u00f3rdia e amor, mais do que lucro e bens materiais.<\/p>\n<hr \/>\n<p><strong>Robson Ribeiro de Oliveira Castro<\/strong>\u00a0\u00a0<em>\u00e9 leigo. Mestre em Teologia pela Faculdade Jesu\u00edta de Filosofia e Teologia (FAJE). Atualmente leciona no Instituto Teol\u00f3gico Franciscano (ITF). E-mail: robsonrcastro@yahoo.com.br.<\/em><\/p>\n","protected":false},"excerpt":{"rendered":"<p>Artigo de Robson Ribeiro de Oliveira Castro<\/p>\n","protected":false},"author":3,"featured_media":189452,"comment_status":"open","ping_status":"open","sticky":false,"template":"","format":"standard","meta":{"footnotes":""},"categories":[26],"tags":[328],"yoast_head":"<!-- This site is optimized with the Yoast SEO plugin v19.4 - https:\/\/yoast.com\/wordpress\/plugins\/seo\/ -->\n<title>1\u00ba de Maio: a pandemia e a crise do desemprego - Vida Crist\u00e3 - Franciscanos<\/title>\n<meta name=\"robots\" content=\"index, follow, max-snippet:-1, max-image-preview:large, max-video-preview:-1\" \/>\n<link rel=\"canonical\" href=\"https:\/\/franciscanos.org.br\/vidacrista\/1o-de-maio-a-pandemia-e-a-crise-do-desemprego\/\" \/>\n<meta property=\"og:locale\" content=\"pt_BR\" \/>\n<meta property=\"og:type\" content=\"article\" \/>\n<meta property=\"og:title\" content=\"1\u00ba de Maio: a pandemia e a crise do desemprego - Vida Crist\u00e3 - Franciscanos\" \/>\n<meta property=\"og:description\" content=\"Artigo de Robson Ribeiro de Oliveira Castro\" \/>\n<meta property=\"og:url\" content=\"https:\/\/franciscanos.org.br\/vidacrista\/1o-de-maio-a-pandemia-e-a-crise-do-desemprego\/\" \/>\n<meta property=\"og:site_name\" content=\"Vida Crist\u00e3 - Franciscanos\" \/>\n<meta property=\"article:published_time\" content=\"2021-04-30T10:30:12+00:00\" \/>\n<meta property=\"article:modified_time\" content=\"2021-04-30T10:33:52+00:00\" \/>\n<meta property=\"og:image\" content=\"https:\/\/franciscanos.org.br\/vidacrista\/wp-content\/uploads\/2021\/04\/jose_trabalho_30d.jpg\" \/>\n\t<meta property=\"og:image:width\" content=\"800\" \/>\n\t<meta property=\"og:image:height\" content=\"550\" \/>\n\t<meta property=\"og:image:type\" content=\"image\/jpeg\" \/>\n<meta name=\"author\" content=\"moacir\" \/>\n<meta name=\"twitter:card\" content=\"summary_large_image\" \/>\n<meta name=\"twitter:label1\" content=\"Escrito por\" \/>\n\t<meta name=\"twitter:data1\" content=\"moacir\" \/>\n\t<meta name=\"twitter:label2\" content=\"Est. tempo de leitura\" \/>\n\t<meta name=\"twitter:data2\" content=\"5 minutos\" \/>\n<script type=\"application\/ld+json\" class=\"yoast-schema-graph\">{\"@context\":\"https:\/\/schema.org\",\"@graph\":[{\"@type\":\"WebSite\",\"@id\":\"https:\/\/franciscanos.org.br\/vidacrista\/#website\",\"url\":\"https:\/\/franciscanos.org.br\/vidacrista\/\",\"name\":\"Vida Crist\u00e3 - Franciscanos\",\"description\":\"Prov\u00edncia Franciscana da Imaculada Concei\u00e7\u00e3o do Brasil - Ordem dos Frades Menores\",\"potentialAction\":[{\"@type\":\"SearchAction\",\"target\":{\"@type\":\"EntryPoint\",\"urlTemplate\":\"https:\/\/franciscanos.org.br\/vidacrista\/?s={search_term_string}\"},\"query-input\":\"required name=search_term_string\"}],\"inLanguage\":\"pt-BR\"},{\"@type\":\"WebPage\",\"@id\":\"https:\/\/franciscanos.org.br\/vidacrista\/1o-de-maio-a-pandemia-e-a-crise-do-desemprego\/\",\"url\":\"https:\/\/franciscanos.org.br\/vidacrista\/1o-de-maio-a-pandemia-e-a-crise-do-desemprego\/\",\"name\":\"1\u00ba de Maio: a pandemia e a crise do desemprego - Vida Crist\u00e3 - Franciscanos\",\"isPartOf\":{\"@id\":\"https:\/\/franciscanos.org.br\/vidacrista\/#website\"},\"datePublished\":\"2021-04-30T10:30:12+00:00\",\"dateModified\":\"2021-04-30T10:33:52+00:00\",\"author\":{\"@id\":\"https:\/\/franciscanos.org.br\/vidacrista\/#\/schema\/person\/1880bdd2c350b735648725ef7614736a\"},\"breadcrumb\":{\"@id\":\"https:\/\/franciscanos.org.br\/vidacrista\/1o-de-maio-a-pandemia-e-a-crise-do-desemprego\/#breadcrumb\"},\"inLanguage\":\"pt-BR\",\"potentialAction\":[{\"@type\":\"ReadAction\",\"target\":[\"https:\/\/franciscanos.org.br\/vidacrista\/1o-de-maio-a-pandemia-e-a-crise-do-desemprego\/\"]}]},{\"@type\":\"BreadcrumbList\",\"@id\":\"https:\/\/franciscanos.org.br\/vidacrista\/1o-de-maio-a-pandemia-e-a-crise-do-desemprego\/#breadcrumb\",\"itemListElement\":[{\"@type\":\"ListItem\",\"position\":1,\"name\":\"Home\",\"item\":\"https:\/\/franciscanos.org.br\/vidacrista\/\"},{\"@type\":\"ListItem\",\"position\":2,\"name\":\"1\u00ba de Maio: a pandemia e a crise do desemprego\"}]},{\"@type\":\"Person\",\"@id\":\"https:\/\/franciscanos.org.br\/vidacrista\/#\/schema\/person\/1880bdd2c350b735648725ef7614736a\",\"name\":\"moacir\",\"image\":{\"@type\":\"ImageObject\",\"inLanguage\":\"pt-BR\",\"@id\":\"https:\/\/franciscanos.org.br\/vidacrista\/#\/schema\/person\/image\/\",\"url\":\"https:\/\/secure.gravatar.com\/avatar\/d08aa2ce4c8dd416d4479aa8536fcf64?s=96&d=mm&r=g\",\"contentUrl\":\"https:\/\/secure.gravatar.com\/avatar\/d08aa2ce4c8dd416d4479aa8536fcf64?s=96&d=mm&r=g\",\"caption\":\"moacir\"},\"url\":\"https:\/\/franciscanos.org.br\/vidacrista\/author\/moacir\/\"}]}<\/script>\n<!-- \/ Yoast SEO plugin. -->","yoast_head_json":{"title":"1\u00ba de Maio: a pandemia e a crise do desemprego - Vida Crist\u00e3 - Franciscanos","robots":{"index":"index","follow":"follow","max-snippet":"max-snippet:-1","max-image-preview":"max-image-preview:large","max-video-preview":"max-video-preview:-1"},"canonical":"https:\/\/franciscanos.org.br\/vidacrista\/1o-de-maio-a-pandemia-e-a-crise-do-desemprego\/","og_locale":"pt_BR","og_type":"article","og_title":"1\u00ba de Maio: a pandemia e a crise do desemprego - Vida Crist\u00e3 - Franciscanos","og_description":"Artigo de Robson Ribeiro de Oliveira Castro","og_url":"https:\/\/franciscanos.org.br\/vidacrista\/1o-de-maio-a-pandemia-e-a-crise-do-desemprego\/","og_site_name":"Vida Crist\u00e3 - Franciscanos","article_published_time":"2021-04-30T10:30:12+00:00","article_modified_time":"2021-04-30T10:33:52+00:00","og_image":[{"width":800,"height":550,"url":"https:\/\/franciscanos.org.br\/vidacrista\/wp-content\/uploads\/2021\/04\/jose_trabalho_30d.jpg","type":"image\/jpeg"}],"author":"moacir","twitter_card":"summary_large_image","twitter_misc":{"Escrito por":"moacir","Est. tempo de leitura":"5 minutos"},"schema":{"@context":"https:\/\/schema.org","@graph":[{"@type":"WebSite","@id":"https:\/\/franciscanos.org.br\/vidacrista\/#website","url":"https:\/\/franciscanos.org.br\/vidacrista\/","name":"Vida Crist\u00e3 - Franciscanos","description":"Prov\u00edncia Franciscana da Imaculada Concei\u00e7\u00e3o do Brasil - Ordem dos Frades Menores","potentialAction":[{"@type":"SearchAction","target":{"@type":"EntryPoint","urlTemplate":"https:\/\/franciscanos.org.br\/vidacrista\/?s={search_term_string}"},"query-input":"required name=search_term_string"}],"inLanguage":"pt-BR"},{"@type":"WebPage","@id":"https:\/\/franciscanos.org.br\/vidacrista\/1o-de-maio-a-pandemia-e-a-crise-do-desemprego\/","url":"https:\/\/franciscanos.org.br\/vidacrista\/1o-de-maio-a-pandemia-e-a-crise-do-desemprego\/","name":"1\u00ba de Maio: a pandemia e a crise do desemprego - Vida Crist\u00e3 - Franciscanos","isPartOf":{"@id":"https:\/\/franciscanos.org.br\/vidacrista\/#website"},"datePublished":"2021-04-30T10:30:12+00:00","dateModified":"2021-04-30T10:33:52+00:00","author":{"@id":"https:\/\/franciscanos.org.br\/vidacrista\/#\/schema\/person\/1880bdd2c350b735648725ef7614736a"},"breadcrumb":{"@id":"https:\/\/franciscanos.org.br\/vidacrista\/1o-de-maio-a-pandemia-e-a-crise-do-desemprego\/#breadcrumb"},"inLanguage":"pt-BR","potentialAction":[{"@type":"ReadAction","target":["https:\/\/franciscanos.org.br\/vidacrista\/1o-de-maio-a-pandemia-e-a-crise-do-desemprego\/"]}]},{"@type":"BreadcrumbList","@id":"https:\/\/franciscanos.org.br\/vidacrista\/1o-de-maio-a-pandemia-e-a-crise-do-desemprego\/#breadcrumb","itemListElement":[{"@type":"ListItem","position":1,"name":"Home","item":"https:\/\/franciscanos.org.br\/vidacrista\/"},{"@type":"ListItem","position":2,"name":"1\u00ba de Maio: a pandemia e a crise do desemprego"}]},{"@type":"Person","@id":"https:\/\/franciscanos.org.br\/vidacrista\/#\/schema\/person\/1880bdd2c350b735648725ef7614736a","name":"moacir","image":{"@type":"ImageObject","inLanguage":"pt-BR","@id":"https:\/\/franciscanos.org.br\/vidacrista\/#\/schema\/person\/image\/","url":"https:\/\/secure.gravatar.com\/avatar\/d08aa2ce4c8dd416d4479aa8536fcf64?s=96&d=mm&r=g","contentUrl":"https:\/\/secure.gravatar.com\/avatar\/d08aa2ce4c8dd416d4479aa8536fcf64?s=96&d=mm&r=g","caption":"moacir"},"url":"https:\/\/franciscanos.org.br\/vidacrista\/author\/moacir\/"}]}},"_links":{"self":[{"href":"https:\/\/franciscanos.org.br\/vidacrista\/wp-json\/wp\/v2\/posts\/189450"}],"collection":[{"href":"https:\/\/franciscanos.org.br\/vidacrista\/wp-json\/wp\/v2\/posts"}],"about":[{"href":"https:\/\/franciscanos.org.br\/vidacrista\/wp-json\/wp\/v2\/types\/post"}],"author":[{"embeddable":true,"href":"https:\/\/franciscanos.org.br\/vidacrista\/wp-json\/wp\/v2\/users\/3"}],"replies":[{"embeddable":true,"href":"https:\/\/franciscanos.org.br\/vidacrista\/wp-json\/wp\/v2\/comments?post=189450"}],"version-history":[{"count":2,"href":"https:\/\/franciscanos.org.br\/vidacrista\/wp-json\/wp\/v2\/posts\/189450\/revisions"}],"predecessor-version":[{"id":189454,"href":"https:\/\/franciscanos.org.br\/vidacrista\/wp-json\/wp\/v2\/posts\/189450\/revisions\/189454"}],"wp:featuredmedia":[{"embeddable":true,"href":"https:\/\/franciscanos.org.br\/vidacrista\/wp-json\/wp\/v2\/media\/189452"}],"wp:attachment":[{"href":"https:\/\/franciscanos.org.br\/vidacrista\/wp-json\/wp\/v2\/media?parent=189450"}],"wp:term":[{"taxonomy":"category","embeddable":true,"href":"https:\/\/franciscanos.org.br\/vidacrista\/wp-json\/wp\/v2\/categories?post=189450"},{"taxonomy":"post_tag","embeddable":true,"href":"https:\/\/franciscanos.org.br\/vidacrista\/wp-json\/wp\/v2\/tags?post=189450"}],"curies":[{"name":"wp","href":"https:\/\/api.w.org\/{rel}","templated":true}]}}