{"id":189444,"date":"2021-04-26T10:49:58","date_gmt":"2021-04-26T13:49:58","guid":{"rendered":"https:\/\/franciscanos.org.br\/vidacrista\/?p=189444"},"modified":"2021-04-26T10:50:12","modified_gmt":"2021-04-26T13:50:12","slug":"somos-os-pastores-e-os-mercenarios-da-metafora-do-cuidado-em-jo-1011-18-e-na-igreja-e-no-pais-divididos","status":"publish","type":"post","link":"https:\/\/franciscanos.org.br\/vidacrista\/somos-os-pastores-e-os-mercenarios-da-metafora-do-cuidado-em-jo-1011-18-e-na-igreja-e-no-pais-divididos\/","title":{"rendered":"Somos os pastores e os mercen\u00e1rios da met\u00e1fora do cuidado em Jo 10,11-18 e na Igreja e no pa\u00eds divididos"},"content":{"rendered":"<div id=\"attachment_189446\" style=\"width: 850px\" class=\"wp-caption alignnone\"><img aria-describedby=\"caption-attachment-189446\" decoding=\"async\" loading=\"lazy\" class=\"wp-image-189446 size-full\" src=\"https:\/\/franciscanos.org.br\/vidacrista\/wp-content\/uploads\/2021\/04\/pastor.png\" alt=\"\" width=\"840\" height=\"474\" srcset=\"https:\/\/franciscanos.org.br\/vidacrista\/wp-content\/uploads\/2021\/04\/pastor.png 840w, https:\/\/franciscanos.org.br\/vidacrista\/wp-content\/uploads\/2021\/04\/pastor-450x254.png 450w, https:\/\/franciscanos.org.br\/vidacrista\/wp-content\/uploads\/2021\/04\/pastor-768x433.png 768w, https:\/\/franciscanos.org.br\/vidacrista\/wp-content\/uploads\/2021\/04\/pastor-150x85.png 150w\" sizes=\"(max-width: 840px) 100vw, 840px\" \/><p id=\"caption-attachment-189446\" class=\"wp-caption-text\">\u00a0 \u00a0<em>\u00a0 \u00a0 \u00a0 \u00a0 \u00a0 \u00a0 \u00a0 \u00a0 \u00a0 \u00a0 \u00a0 \u00a0 \u00a0 \u00a0 \u00a0 \u00a0 \u00a0 \u00a0 \u00a0 \u00a0 \u00a0 \u00a0 \u00a0 \u00a0 \u00a0 \u00a0 \u00a0 \u00a0 \u00a0 \u00a0 \u00a0Imagem ilustrativa: Canva (<a href=\"https:\/\/www.canva.com\/pt_br\/modelos\/\">www.canva.com\/pt_br\/modelos<\/a>)<\/em><\/p><\/div>\n<p><em>Frei Jacir de Freitas Faria, OFM<\/em><a href=\"#_ftn1\" name=\"_ftnref1\">[1]<\/a><\/p>\n<p>O evangelho sobre o qual vamos refletir hoje, Jo 10,11-18, \u00e9 carregado de simbolismos e de uma met\u00e1fora muito conhecida de todos n\u00f3s, a do Bom Pastor. Interessante, vivemos quase todos em cidades. N\u00e3o conhecemos ovelhas, mas, quando falamos de pastor, algo ressoa dentro de n\u00f3s como muito familiar. E \u00e9 nisso que est\u00e1 o poder da met\u00e1fora. Ela produz um sentimento coletivo que vem do sentimento e n\u00e3o da raz\u00e3o. Met\u00e1fora, substantivo grego, capaz de transferir o sentido real de uma coisa para outra. Eu me lembro sempre da m\u00e9dica oncologista, Dra. Aline Lauda, que cuidou como pastora da minha m\u00e3e. Ela dizia: \u201cDona Luci \u00e9 uma gatinha mimosa!\u201d Gata minha m\u00e3e nunca foi, pois n\u00e3o tinha quatro patas, mas amorosa, dedicada e carinhosa sempre foi. Algumas \u201covelhas\u201d at\u00e9 me chamam de \u201cgatinho de Divin\u00f3polis\u201d, mas, nesse caso, tenho certeza de que n\u00e3o \u00e9 uma met\u00e1fora. Bom, voltemos \u00e0 met\u00e1fora do pastor.<\/p>\n<p>Feitos esses esclarecimentos, quero propor duas perguntas: Quem, de fato, pode ser considerado pastor como tal: o bispo, o padre, o papa, a m\u00e3e, o pai, o pol\u00edtico, o pastor de uma igreja evang\u00e9lica? Quais atitudes revelam o ser pastor de algu\u00e9m? Vou procurar responder a essas perguntas com Jo 10,11-18. Primeiro, essa passagem n\u00e3o pode ser lida sem considerar o cap\u00edtulo 9 e os vers\u00edculos anteriores, de 1 a 10. No cap\u00edtulo 9, Jesus havia curado um cego de nascen\u00e7a. Ele n\u00e3o foi aceito pelos fariseus. Jesus se encontra com ele no p\u00e1tio do templo e se apresenta como sendo a pessoa que havia curado a sua cegueira. O ex-cego professa a sua f\u00e9 em Jesus como Messias e, portanto, Pastor, assim como era visto o Deus-Pastor de Israel. O messias viria como pastor. Lembra do Sl 22(21): \u201cO Senhor \u00e9 o meu Pastor!\u201d. Em outras passagens do Segundo Testamento, Jesus \u00e9 tamb\u00e9m chamado de Pastor. Depois de, como pastor, fazer com que um cego o pudesse ver como luz, no seu sexto sinal, Jesus, na sequ\u00eancia, diz a si mesmo dois eu sou. \u201cEu sou a porta das ovelhas\u201d (10,1) e \u201cEu sou o bom Pastor\u201d (10,11). Outros cinco \u201cEu sou\u201d, relembrando o Pai, ser\u00e3o ditos ao longo do evangelho de Jo\u00e3o.<\/p>\n<p><iframe loading=\"lazy\" title=\"Reflex\u00e3o b\u00edblica - 4\u00ba Domingo da P\u00e1scoa (25\/04\/2021)\" width=\"500\" height=\"281\" src=\"https:\/\/www.youtube.com\/embed\/wSXNhTpoA-g?start=1&#038;feature=oembed\" frameborder=\"0\" allow=\"accelerometer; autoplay; clipboard-write; encrypted-media; gyroscope; picture-in-picture\" allowfullscreen><\/iframe><\/p>\n<p>O ex-cego estava no p\u00e1tio do templo judaico. Em p\u00e1tios, conforme os costumes judaicos, as ovelhas dormiam juntas. No recolher das ovelhas, cada pastor as chamava e as suas o reconheciam pela voz. No templo de Jerusal\u00e9m, sete vezes Jesus se revela no evangelho de Jo\u00e3o, mas n\u00e3o \u00e9 reconhecido pelos judeus como messias e Filho de Deus. Ele, que havia feito cego ver, d\u00e1 a vida pelas suas ovelhas e elas o conhecem. Conhecer era um verbo muito caro aos gn\u00f3sticos, os quais ensinavam que, para obter a salva\u00e7\u00e3o, era necess\u00e1ria conhecer a origem de onde viemos, a plenitude de luz. Bom, noutra oportunidade, explicarei quem eram esses gn\u00f3sticos.<\/p>\n<p>Voltemos ao imagin\u00e1rio da met\u00e1fora. Jesus diz que seus opositores s\u00e3o todos mercen\u00e1rios, aqueles que n\u00e3o se importam com as ovelhas, deixando-as \u00e0 merc\u00ea dos lobos vorazes, como os fariseus. Estes vivem por interesses e n\u00e3o pelo cuidado. Jesus fez ainda outra afirmativa: \u201ctenho outras ovelhas de outro redil, devo conduzi-las tamb\u00e9m\u201d. Eles est\u00e1 se referindo aos samaritanos, um grupo de judeus que n\u00e3o eram aceitos no juda\u00edsmo. Lembra do encontro de Jesus com a samaritana? (Jo 4,1-30). Jesus, em Jo\u00e3o, recolhe a todos na sua miss\u00e3o de Salvador, o que fica evidente com a sua morte na cruz, o pastor que d\u00e1 a vida por suas ovelhas.<\/p>\n<p>Bom, est\u00e1 na hora de voltarmos \u00e0s perguntas iniciais. Respondo \u00e0s duas juntas. Ainda que apliquemos aos personagens citados o t\u00edtulo de pastor, muitas vezes eles n\u00e3o agem como tais. Pastor \u00e9 todo aquele que cuida, doa a sua vida sem interesse, que sente a dor do outro com compaix\u00e3o, que \u00e9 um igual, um parceiro, um conhecedor do outro. Eu ousaria dizer que, sem a poesia que o termo carrega, m\u00e3e \u00e9 exemplo perfeito do ser pastor.<\/p>\n<p>Pena que para n\u00f3s, brasileiros, a imagem de pastor \u00e9 de algu\u00e9m que manda. E \u00e9 por isso que temos a s\u00edndrome da inferioridade. Nos submetemos com facilidade a bons pastores, mas tamb\u00e9m a mercen\u00e1rios travestidos de pastores. N\u00e3o conseguimos ver o outro como igual, mas sempre como superior.<\/p>\n<p>Porque cuida, o pastor \u00e9 o que fala a verdade. Trago aqui a saudosa mem\u00f3ria de Dom Helder C\u00e2mera, o pastor dos pobres, que certa vez disse: &#8220;Quando dou comida aos pobres, me chamam de santo; quando pergunto por que eles s\u00e3o pobres, chamam-me de comunista&#8221;. Meu caro pastor, estamos vivendo suas palavras na Igreja. Somos o que somos: pastores e mercen\u00e1rios. A Igreja no Brasil est\u00e1 dividida. Aos bispos, reunidos em assembleia, e ao povo brasileiro, o pastor papa Francisco nos pede que deixemos de lado nossas \u201cdivis\u00f5es e desacordos\u201d e que sejamos exemplos de unidade para superar n\u00e3o s\u00f3 o coronav\u00edrus, mas tamb\u00e9m os outros \u201cv\u00edrus que infectam a humanidade\u201d. Entendeu a met\u00e1fora? Ah, ele tamb\u00e9m lembrou aos bispos e a n\u00f3s que \u201ca caridade nos incita a chorar com os que choram e a estender a m\u00e3o, principalmente aos mais necessitados, para que voltem a sorrir\u201d. A sociedade brasileira est\u00e1 dividida, quebrada em meio aos pastores e lobos mercen\u00e1rios. N\u00e3o gostaria de terminar com essa triste constata\u00e7\u00e3o. Quisera que tudo fosse diferente. A nossa ess\u00eancia \u00e9 a do cuidado, do ser pastor. Quando a negamos, sofremos individual e coletivamente. Que Deus, o Pastor por excel\u00eancia, nos ilumine na nossa miss\u00e3o de ser pastores e pastoras sempre! <strong>\u00a0\u00a0\u00a0<\/strong>\u00a0<strong>\u00a0\u00a0\u00a0\u00a0<\/strong><\/p>\n<hr \/>\n<p><a href=\"#_ftnref1\" name=\"_ftn1\">[1]<\/a> Doutor em Teologia B\u00edblica pela FAJE-BH. Mestre em Ci\u00eancias B\u00edblicas (Exegese) pelo Pontif\u00edcio Instituto B\u00edblico de Roma. Professor de exegese b\u00edblica. Membro da Associa\u00e7\u00e3o Brasileira de Pesquisa B\u00edblica (ABIB). Sacerdote Franciscano. Autor de dez livros e coautor de quatorze. \u00a0Inscreva-se no nosso canal no You Tube: Frei Jacir B\u00edblia e Ap\u00f3crifos ou <a href=\"https:\/\/www.youtube.com\/c\/FreiJacirdeFreitasFariaB%C3%ADbliaAp%C3%B3crifos\">https:\/\/www.youtube.com\/c\/FreiJacirdeFreitasFariaB%C3%ADbliaAp%C3%B3crifos<\/a><\/p>\n","protected":false},"excerpt":{"rendered":"<p>Artigo de Frei Jacir de Freitas Faria<\/p>\n","protected":false},"author":3,"featured_media":189447,"comment_status":"open","ping_status":"open","sticky":false,"template":"","format":"standard","meta":{"footnotes":""},"categories":[26],"tags":[43],"yoast_head":"<!-- This site is optimized with the Yoast SEO plugin v19.4 - https:\/\/yoast.com\/wordpress\/plugins\/seo\/ -->\n<title>Somos os pastores e os mercen\u00e1rios da met\u00e1fora do cuidado em Jo 10,11-18 e na Igreja e no pa\u00eds divididos - Vida Crist\u00e3 - Franciscanos<\/title>\n<meta name=\"robots\" content=\"index, follow, max-snippet:-1, max-image-preview:large, max-video-preview:-1\" \/>\n<link rel=\"canonical\" href=\"https:\/\/franciscanos.org.br\/vidacrista\/somos-os-pastores-e-os-mercenarios-da-metafora-do-cuidado-em-jo-1011-18-e-na-igreja-e-no-pais-divididos\/\" \/>\n<meta property=\"og:locale\" content=\"pt_BR\" \/>\n<meta property=\"og:type\" content=\"article\" \/>\n<meta property=\"og:title\" content=\"Somos os pastores e os mercen\u00e1rios da met\u00e1fora do cuidado em Jo 10,11-18 e na Igreja e no pa\u00eds divididos - Vida Crist\u00e3 - Franciscanos\" \/>\n<meta property=\"og:description\" content=\"Artigo de Frei Jacir de Freitas Faria\" \/>\n<meta property=\"og:url\" content=\"https:\/\/franciscanos.org.br\/vidacrista\/somos-os-pastores-e-os-mercenarios-da-metafora-do-cuidado-em-jo-1011-18-e-na-igreja-e-no-pais-divididos\/\" \/>\n<meta property=\"og:site_name\" content=\"Vida Crist\u00e3 - Franciscanos\" \/>\n<meta property=\"article:published_time\" content=\"2021-04-26T13:49:58+00:00\" \/>\n<meta property=\"article:modified_time\" content=\"2021-04-26T13:50:12+00:00\" \/>\n<meta property=\"og:image\" content=\"https:\/\/franciscanos.org.br\/vidacrista\/wp-content\/uploads\/2021\/04\/artigo_26d.png\" \/>\n\t<meta property=\"og:image:width\" content=\"800\" \/>\n\t<meta property=\"og:image:height\" content=\"549\" \/>\n\t<meta property=\"og:image:type\" content=\"image\/png\" \/>\n<meta name=\"author\" content=\"moacir\" \/>\n<meta name=\"twitter:card\" content=\"summary_large_image\" \/>\n<meta name=\"twitter:label1\" content=\"Escrito por\" \/>\n\t<meta name=\"twitter:data1\" content=\"moacir\" \/>\n\t<meta name=\"twitter:label2\" content=\"Est. tempo de leitura\" \/>\n\t<meta name=\"twitter:data2\" content=\"5 minutos\" \/>\n<script type=\"application\/ld+json\" class=\"yoast-schema-graph\">{\"@context\":\"https:\/\/schema.org\",\"@graph\":[{\"@type\":\"WebSite\",\"@id\":\"https:\/\/franciscanos.org.br\/vidacrista\/#website\",\"url\":\"https:\/\/franciscanos.org.br\/vidacrista\/\",\"name\":\"Vida Crist\u00e3 - Franciscanos\",\"description\":\"Prov\u00edncia Franciscana da Imaculada Concei\u00e7\u00e3o do Brasil - Ordem dos Frades Menores\",\"potentialAction\":[{\"@type\":\"SearchAction\",\"target\":{\"@type\":\"EntryPoint\",\"urlTemplate\":\"https:\/\/franciscanos.org.br\/vidacrista\/?s={search_term_string}\"},\"query-input\":\"required name=search_term_string\"}],\"inLanguage\":\"pt-BR\"},{\"@type\":\"WebPage\",\"@id\":\"https:\/\/franciscanos.org.br\/vidacrista\/somos-os-pastores-e-os-mercenarios-da-metafora-do-cuidado-em-jo-1011-18-e-na-igreja-e-no-pais-divididos\/\",\"url\":\"https:\/\/franciscanos.org.br\/vidacrista\/somos-os-pastores-e-os-mercenarios-da-metafora-do-cuidado-em-jo-1011-18-e-na-igreja-e-no-pais-divididos\/\",\"name\":\"Somos os pastores e os mercen\u00e1rios da met\u00e1fora do cuidado em Jo 10,11-18 e na Igreja e no pa\u00eds divididos - Vida Crist\u00e3 - Franciscanos\",\"isPartOf\":{\"@id\":\"https:\/\/franciscanos.org.br\/vidacrista\/#website\"},\"datePublished\":\"2021-04-26T13:49:58+00:00\",\"dateModified\":\"2021-04-26T13:50:12+00:00\",\"author\":{\"@id\":\"https:\/\/franciscanos.org.br\/vidacrista\/#\/schema\/person\/1880bdd2c350b735648725ef7614736a\"},\"breadcrumb\":{\"@id\":\"https:\/\/franciscanos.org.br\/vidacrista\/somos-os-pastores-e-os-mercenarios-da-metafora-do-cuidado-em-jo-1011-18-e-na-igreja-e-no-pais-divididos\/#breadcrumb\"},\"inLanguage\":\"pt-BR\",\"potentialAction\":[{\"@type\":\"ReadAction\",\"target\":[\"https:\/\/franciscanos.org.br\/vidacrista\/somos-os-pastores-e-os-mercenarios-da-metafora-do-cuidado-em-jo-1011-18-e-na-igreja-e-no-pais-divididos\/\"]}]},{\"@type\":\"BreadcrumbList\",\"@id\":\"https:\/\/franciscanos.org.br\/vidacrista\/somos-os-pastores-e-os-mercenarios-da-metafora-do-cuidado-em-jo-1011-18-e-na-igreja-e-no-pais-divididos\/#breadcrumb\",\"itemListElement\":[{\"@type\":\"ListItem\",\"position\":1,\"name\":\"Home\",\"item\":\"https:\/\/franciscanos.org.br\/vidacrista\/\"},{\"@type\":\"ListItem\",\"position\":2,\"name\":\"Somos os pastores e os mercen\u00e1rios da met\u00e1fora do cuidado em Jo 10,11-18 e na Igreja e no pa\u00eds divididos\"}]},{\"@type\":\"Person\",\"@id\":\"https:\/\/franciscanos.org.br\/vidacrista\/#\/schema\/person\/1880bdd2c350b735648725ef7614736a\",\"name\":\"moacir\",\"image\":{\"@type\":\"ImageObject\",\"inLanguage\":\"pt-BR\",\"@id\":\"https:\/\/franciscanos.org.br\/vidacrista\/#\/schema\/person\/image\/\",\"url\":\"https:\/\/secure.gravatar.com\/avatar\/d08aa2ce4c8dd416d4479aa8536fcf64?s=96&d=mm&r=g\",\"contentUrl\":\"https:\/\/secure.gravatar.com\/avatar\/d08aa2ce4c8dd416d4479aa8536fcf64?s=96&d=mm&r=g\",\"caption\":\"moacir\"},\"url\":\"https:\/\/franciscanos.org.br\/vidacrista\/author\/moacir\/\"}]}<\/script>\n<!-- \/ Yoast SEO plugin. -->","yoast_head_json":{"title":"Somos os pastores e os mercen\u00e1rios da met\u00e1fora do cuidado em Jo 10,11-18 e na Igreja e no pa\u00eds divididos - Vida Crist\u00e3 - Franciscanos","robots":{"index":"index","follow":"follow","max-snippet":"max-snippet:-1","max-image-preview":"max-image-preview:large","max-video-preview":"max-video-preview:-1"},"canonical":"https:\/\/franciscanos.org.br\/vidacrista\/somos-os-pastores-e-os-mercenarios-da-metafora-do-cuidado-em-jo-1011-18-e-na-igreja-e-no-pais-divididos\/","og_locale":"pt_BR","og_type":"article","og_title":"Somos os pastores e os mercen\u00e1rios da met\u00e1fora do cuidado em Jo 10,11-18 e na Igreja e no pa\u00eds divididos - Vida Crist\u00e3 - Franciscanos","og_description":"Artigo de Frei Jacir de Freitas Faria","og_url":"https:\/\/franciscanos.org.br\/vidacrista\/somos-os-pastores-e-os-mercenarios-da-metafora-do-cuidado-em-jo-1011-18-e-na-igreja-e-no-pais-divididos\/","og_site_name":"Vida Crist\u00e3 - Franciscanos","article_published_time":"2021-04-26T13:49:58+00:00","article_modified_time":"2021-04-26T13:50:12+00:00","og_image":[{"width":800,"height":549,"url":"https:\/\/franciscanos.org.br\/vidacrista\/wp-content\/uploads\/2021\/04\/artigo_26d.png","type":"image\/png"}],"author":"moacir","twitter_card":"summary_large_image","twitter_misc":{"Escrito por":"moacir","Est. tempo de leitura":"5 minutos"},"schema":{"@context":"https:\/\/schema.org","@graph":[{"@type":"WebSite","@id":"https:\/\/franciscanos.org.br\/vidacrista\/#website","url":"https:\/\/franciscanos.org.br\/vidacrista\/","name":"Vida Crist\u00e3 - Franciscanos","description":"Prov\u00edncia Franciscana da Imaculada Concei\u00e7\u00e3o do Brasil - Ordem dos Frades Menores","potentialAction":[{"@type":"SearchAction","target":{"@type":"EntryPoint","urlTemplate":"https:\/\/franciscanos.org.br\/vidacrista\/?s={search_term_string}"},"query-input":"required name=search_term_string"}],"inLanguage":"pt-BR"},{"@type":"WebPage","@id":"https:\/\/franciscanos.org.br\/vidacrista\/somos-os-pastores-e-os-mercenarios-da-metafora-do-cuidado-em-jo-1011-18-e-na-igreja-e-no-pais-divididos\/","url":"https:\/\/franciscanos.org.br\/vidacrista\/somos-os-pastores-e-os-mercenarios-da-metafora-do-cuidado-em-jo-1011-18-e-na-igreja-e-no-pais-divididos\/","name":"Somos os pastores e os mercen\u00e1rios da met\u00e1fora do cuidado em Jo 10,11-18 e na Igreja e no pa\u00eds divididos - Vida Crist\u00e3 - Franciscanos","isPartOf":{"@id":"https:\/\/franciscanos.org.br\/vidacrista\/#website"},"datePublished":"2021-04-26T13:49:58+00:00","dateModified":"2021-04-26T13:50:12+00:00","author":{"@id":"https:\/\/franciscanos.org.br\/vidacrista\/#\/schema\/person\/1880bdd2c350b735648725ef7614736a"},"breadcrumb":{"@id":"https:\/\/franciscanos.org.br\/vidacrista\/somos-os-pastores-e-os-mercenarios-da-metafora-do-cuidado-em-jo-1011-18-e-na-igreja-e-no-pais-divididos\/#breadcrumb"},"inLanguage":"pt-BR","potentialAction":[{"@type":"ReadAction","target":["https:\/\/franciscanos.org.br\/vidacrista\/somos-os-pastores-e-os-mercenarios-da-metafora-do-cuidado-em-jo-1011-18-e-na-igreja-e-no-pais-divididos\/"]}]},{"@type":"BreadcrumbList","@id":"https:\/\/franciscanos.org.br\/vidacrista\/somos-os-pastores-e-os-mercenarios-da-metafora-do-cuidado-em-jo-1011-18-e-na-igreja-e-no-pais-divididos\/#breadcrumb","itemListElement":[{"@type":"ListItem","position":1,"name":"Home","item":"https:\/\/franciscanos.org.br\/vidacrista\/"},{"@type":"ListItem","position":2,"name":"Somos os pastores e os mercen\u00e1rios da met\u00e1fora do cuidado em Jo 10,11-18 e na Igreja e no pa\u00eds divididos"}]},{"@type":"Person","@id":"https:\/\/franciscanos.org.br\/vidacrista\/#\/schema\/person\/1880bdd2c350b735648725ef7614736a","name":"moacir","image":{"@type":"ImageObject","inLanguage":"pt-BR","@id":"https:\/\/franciscanos.org.br\/vidacrista\/#\/schema\/person\/image\/","url":"https:\/\/secure.gravatar.com\/avatar\/d08aa2ce4c8dd416d4479aa8536fcf64?s=96&d=mm&r=g","contentUrl":"https:\/\/secure.gravatar.com\/avatar\/d08aa2ce4c8dd416d4479aa8536fcf64?s=96&d=mm&r=g","caption":"moacir"},"url":"https:\/\/franciscanos.org.br\/vidacrista\/author\/moacir\/"}]}},"_links":{"self":[{"href":"https:\/\/franciscanos.org.br\/vidacrista\/wp-json\/wp\/v2\/posts\/189444"}],"collection":[{"href":"https:\/\/franciscanos.org.br\/vidacrista\/wp-json\/wp\/v2\/posts"}],"about":[{"href":"https:\/\/franciscanos.org.br\/vidacrista\/wp-json\/wp\/v2\/types\/post"}],"author":[{"embeddable":true,"href":"https:\/\/franciscanos.org.br\/vidacrista\/wp-json\/wp\/v2\/users\/3"}],"replies":[{"embeddable":true,"href":"https:\/\/franciscanos.org.br\/vidacrista\/wp-json\/wp\/v2\/comments?post=189444"}],"version-history":[{"count":2,"href":"https:\/\/franciscanos.org.br\/vidacrista\/wp-json\/wp\/v2\/posts\/189444\/revisions"}],"predecessor-version":[{"id":189449,"href":"https:\/\/franciscanos.org.br\/vidacrista\/wp-json\/wp\/v2\/posts\/189444\/revisions\/189449"}],"wp:featuredmedia":[{"embeddable":true,"href":"https:\/\/franciscanos.org.br\/vidacrista\/wp-json\/wp\/v2\/media\/189447"}],"wp:attachment":[{"href":"https:\/\/franciscanos.org.br\/vidacrista\/wp-json\/wp\/v2\/media?parent=189444"}],"wp:term":[{"taxonomy":"category","embeddable":true,"href":"https:\/\/franciscanos.org.br\/vidacrista\/wp-json\/wp\/v2\/categories?post=189444"},{"taxonomy":"post_tag","embeddable":true,"href":"https:\/\/franciscanos.org.br\/vidacrista\/wp-json\/wp\/v2\/tags?post=189444"}],"curies":[{"name":"wp","href":"https:\/\/api.w.org\/{rel}","templated":true}]}}