{"id":189424,"date":"2021-04-22T08:12:38","date_gmt":"2021-04-22T11:12:38","guid":{"rendered":"https:\/\/franciscanos.org.br\/vidacrista\/?p=189424"},"modified":"2021-04-22T08:12:38","modified_gmt":"2021-04-22T11:12:38","slug":"comer-o-mundo-ou-salvaguardar-o-mundo","status":"publish","type":"post","link":"https:\/\/franciscanos.org.br\/vidacrista\/comer-o-mundo-ou-salvaguardar-o-mundo\/","title":{"rendered":"Comer o mundo ou salvaguardar o mundo?"},"content":{"rendered":"<div id=\"attachment_189425\" style=\"width: 850px\" class=\"wp-caption alignnone\"><img aria-describedby=\"caption-attachment-189425\" decoding=\"async\" loading=\"lazy\" class=\"wp-image-189425 size-full\" src=\"https:\/\/franciscanos.org.br\/vidacrista\/wp-content\/uploads\/2021\/04\/terra_22.png\" alt=\"\" width=\"840\" height=\"450\" srcset=\"https:\/\/franciscanos.org.br\/vidacrista\/wp-content\/uploads\/2021\/04\/terra_22.png 840w, https:\/\/franciscanos.org.br\/vidacrista\/wp-content\/uploads\/2021\/04\/terra_22-450x241.png 450w, https:\/\/franciscanos.org.br\/vidacrista\/wp-content\/uploads\/2021\/04\/terra_22-768x411.png 768w, https:\/\/franciscanos.org.br\/vidacrista\/wp-content\/uploads\/2021\/04\/terra_22-150x80.png 150w\" sizes=\"(max-width: 840px) 100vw, 840px\" \/><p id=\"caption-attachment-189425\" class=\"wp-caption-text\">\u00a0 \u00a0 \u00a0 \u00a0 \u00a0 \u00a0 \u00a0 \u00a0 \u00a0 \u00a0 \u00a0 \u00a0 \u00a0 \u00a0 \u00a0 \u00a0 \u00a0 \u00a0 \u00a0 \u00a0 \u00a0 \u00a0 \u00a0 \u00a0 \u00a0 \u00a0 \u00a0 \u00a0 \u00a0 \u00a0 \u00a0 \u00a0 \u00a0 \u00a0 \u00a0 \u00a0 \u00a0 \u00a0<em> \u00a0 \u00a0Imagem ilustrativa: Canva (<a href=\"https:\/\/www.canva.com\/pt_br\/modelos\/\">www.canva.com\/pt_br\/modelos<\/a>)<\/em><\/p><\/div>\n<p>\u201cComer o mundo\u201d ou \u201csalvaguardar o mundo\u201d representam uma met\u00e1fora, frequente na boca de lideran\u00e7as ind\u00edgenas, questionando o paradigma de nossa civiliza\u00e7\u00e3o, cuja viol\u00eancia os fez quase desaparecer. Agora,\u00a0 ele foi posto em xeque pela Covid-19. O v\u00edrus caiu como um raio sobre o paradigma do \u201ccomer o mundo\u201d, vale dizer, explorar ilimitadamente \u00a0tudo que existe na natureza na perspectiva de um crescimento\/enriquecimento sem fim. O v\u00edrus destruiu os mantras que o sustentam: centralidade do lucro, alcan\u00e7ado pela concorr\u00eancia o mais feroz poss\u00edvel, acumulado privadamente, \u00e0 custa da superexplora\u00e7\u00e3o dos recursos naturais. A obedecer estes mantras, estar\u00edamos seguramente em maus len\u00e7\u00f3is. O que nos est\u00e1 salvando \u00e9\u00a0 o ocultado e feito invis\u00edvel no paradigma do \u201ccomer o mundo\u201d: a vida, a solidariedade, a interdepend\u00eancia entre todos e o cuidado da natureza e de uns para com os outros. \u00c9 o paradigma imperioso do \u201csalvaguardar o mundo\u201d.<\/p>\n<p>Este paradigma do \u201ccomer o mundo\u201d tem alta ancestralidade. Vem de Atenas do s\u00e9culo V a.C quando irrompeu o esp\u00edrito cr\u00edtico, abandonando os mitos, que permitiu perceber a din\u00e2mica intr\u00ednseca do esp\u00edrito que \u00e9 a ruptura de todos os limites e a busca do infinito. Tal prop\u00f3sito\u00a0 foi pensado pelos grandes fil\u00f3sofos, pelos artistas, aparecendo tamb\u00e9m nas trag\u00e9dias de S\u00f3focles, \u00c9squilo e e Eur\u00edpides e praticado pelos pol\u00edticos. N\u00e3o \u00e9 mais\u00a0 \u201cmed\u00e9n \u00e1gan\u201d do templo de Delfos: \u201cnada em excesso\u201d mas agora \u00e9 a expans\u00e3o <em>espacial<\/em> ilimitada (cria\u00e7\u00e3o de col\u00f4nias e de um \u00a0imp\u00e9rio) e a expans\u00e3o\u00a0<em>temporal\u00a0<\/em>abrir-se ao futuro sem fim (perspectiva ilimitada para a frente).<\/p>\n<p data-adtags-visited=\"true\">Tal projeto de \u201ccomer o mundo\u201d ganhou corpo na pr\u00f3pria Gr\u00e9cia pela cria\u00e7\u00e3o do imp\u00e9rio de Alexandre, o Grande (356-323) que, com a idade de apenas 23 anos, fundou um imp\u00e9rio que se <em>expandia<\/em>\u00a0do Adri\u00e1tico at\u00e9 o rio Indo na \u00cdndia.<\/p>\n<p data-adtags-visited=\"true\">O \u201ccomer o mundo\u201d se <em>aprofundou<\/em>\u00a0no vasto imp\u00e9rio romano, se\u00a0<em>refor\u00e7ou<\/em>\u00a0na idade moderna colonial e industrial e\u00a0<em>culminou<\/em> no mundo contempor\u00e2neo com a globaliza\u00e7\u00e3o da tecnoci\u00eancia ocidental, expandida para todos os rinc\u00f5es do planeta. \u00c9 o imp\u00e9rio do\u00a0<strong>ilimitad<\/strong>o, traduzido no prop\u00f3sito (ilus\u00f3rio) do capitalismo\/neoliberalismo do crescimento sem limites em dire\u00e7\u00e3o ao futuro. Basta dar como exemplo desta busca do crescimento ilimitado, o fato de que na \u00faltima gera\u00e7\u00e3o se queimou mais recursos energ\u00e9ticos do que todas as gera\u00e7\u00f5es anteriores da humanidade. N\u00e3o h\u00e1 lugar que n\u00e3o tenha sido explorado, visando a acumula\u00e7\u00e3o de bens.<\/p>\n<p data-adtags-visited=\"true\">Mas eis que irrompeu um limite intranspon\u00edvel: a Terra limitada como planeta, pequena, superpovoada, com bens e servi\u00e7os limitados n\u00e3o suporta um projeto ilimitado. Tudo tem limites. No dia 22 de setembro de 2020 as ci\u00eancias da Terra e da vida identificaram a Sobrecarga da Terra (The Earth Overhoot). Quer dizer, o limite dos bens e servi\u00e7os naturais renov\u00e1veis, b\u00e1sicos para a sustenta\u00e7\u00e3o da vida. Eles se esgotaram. O consumismo, ao n\u00e3o aceitar limites, leva a fazer viol\u00eancia, arrancando da M\u00e3e Terra aquilo que ela j\u00e1 n\u00e3o pode mais dar. Estamos consumindo o equivalente a uma Terra e meia. As consequ\u00eancias desta extors\u00e3o se mostram na rea\u00e7\u00e3o da M\u00e3e Terra exausta: o aumento do aquecimento global, a eros\u00e3o da biodiversidade (cerca de cem mil esp\u00e9cies eliminadas por ano e um milh\u00e3o sob risco), a perda da fertilidade dos solos e a desertifica\u00e7\u00e3o crescente \u00a0entre outros eventos extremos.<\/p>\n<p data-adtags-visited=\"true\">A ultrapassagem de algumas das\u00a0<em>nove fronteiras planet\u00e1rias<\/em> (mudan\u00e7as clim\u00e1ticas, extin\u00e7\u00e3o de esp\u00e9cies, acidifica\u00e7\u00e3o dos oceanos e outras) podem provocar um efeito sist\u00eamico, derrubando todas as nove e assim induzir a um colapso da nossa civiliza\u00e7\u00e3o. A intrus\u00e3o da Covid-19 p\u00f4s de joelhos todas as pot\u00eancias militaristas, tornando in\u00fateis e rid\u00edculas as armas de destrui\u00e7\u00e3o em massa. A gama de v\u00edrus preanunciados, caso n\u00e3o mudarmos a nossa rela\u00e7\u00e3o destruidora da natureza, poder\u00e1 sacrificar v\u00e1rios milh\u00f5es de pessoas e afinar a biosfera, essencial para todas as formas de vida.<\/p>\n<p data-adtags-visited=\"true\">Presentemente, a humanidade est\u00e1 sendo tomada pelo <em>\u00a0terror metaf\u00edsico<\/em> face aos limites intranspon\u00edveis e \u00e0 possibilidade do fim da esp\u00e9cie. \u00c9 ilus\u00f3rio o pretendido <em>Great Reset<\/em>\u00a0do sistema do capital. A Terra o far\u00e1 fracassar.<\/p>\n<p data-adtags-visited=\"true\">\u00c9 neste contexto dram\u00e1tico que emerge o outro paradigma do \u201c<em>salvaguardar o mundo\u201d.<\/em> Ele \u00e9 suscitado particularmente por lideran\u00e7as ind\u00edgenas como Ailton Krenak, Davi Kopenawa Yanomani, S\u00f4nia Guajajara, Renata Machado Tupinamb\u00e1, Cristine Taku\u00e1, Raoni Metuktire entre outros. Para todos eles vigora uma profunda comunh\u00e3o com a natureza da qual se sentem parte. N\u00e3o precisam pensar a Terra como a Grande M\u00e3e, Pachamam e Tonantzin porque a sentem assim. \u00a0Naturalmente salvaguardam o mundo porque \u00e9 uma extens\u00e3o de seu pr\u00f3prio corpo.<\/p>\n<p data-adtags-visited=\"true\">A ecologia do profundo e integral como vem exposta na\u00a0<em>Carta da Terra<\/em>\u00a0(2000), nas enc\u00edclicas do Papa Francisco\u00a0<em>Laudato Si&#8217;: como cuidar da Casa comum<\/em>\u00a0(2015) e\u00a0<em>Fratelli tutti (2020)<\/em>\u00a0e no programa\u00a0<em>Justi\u00e7a, Paz e Preserva\u00e7\u00e3o do Criado<\/em> do Conselho Mundial de Igrejas, entre noutros grupos, assumiram o \u201c<em>salvaguardar o mundo<\/em>\u201d. O prop\u00f3sito comum \u00e9 garantir a condi\u00e7\u00f5es f\u00edsico-qu\u00edmico-ecol\u00f3gicas que sustentam e perpetuam a vida em \u00a0todas as suas formas, especialmente, a humana. J\u00e1 estamos dentro da sexta extin\u00e7\u00e3o em massa e pelo antropoceno a aprofundamos. Se n\u00e3o lermos emocionalmente, com o cora\u00e7\u00e3o, os dados da ci\u00eancia sobre as amea\u00e7as que pesam sobre nossa sobreviv\u00eancia, dificilmente nos engajaremos para \u201c<em>salvaguardar o mundo<\/em>\u201d.<\/p>\n<p data-adtags-visited=\"true\">Severamente alertou o Papa Francisco na\u00a0<em>Fratelli tutti<\/em>: &#8220;O<em>u nos salvamos todos juntos ou ningu\u00e9m se salva<\/em>\u201d(n.32). \u00c9 uma advert\u00eancia quase desesperada se n\u00e3o quisermos \u201cengrossar o cortejo dos que rumam na dire\u00e7\u00e3o de sua sepultura\u201d (S.Bauman). Damos o salto da f\u00e9 e cremos no que se diz no Livro da Sabedoria: &#8220;<em>Deus \u00e9 o apaixonado amante da vida<\/em>\u201d (11,26). Se assim \u00e9, Ele n\u00e3o permitir\u00e1 que desapareceremos t\u00e3o miseravelmente da face da Terra. Assim cremos e esperamos.<\/p>\n<hr \/>\n<p data-adtags-visited=\"true\"><strong>Leonardo Boff<\/strong>\u00a0<em> escreveu: &#8220;Cuidar da Terra-Proteger a vida: como evitar o fim do mundo&#8221;, Record 2010; &#8220;Covid-19, a M\u00e3e Terra contra-ataca a Humanidade: advert\u00eancias da pandemia&#8221;, \u00a0Vozes 2020.<\/em><\/p>\n","protected":false},"excerpt":{"rendered":"<p>Artigo de Leonardo Boff<\/p>\n","protected":false},"author":3,"featured_media":0,"comment_status":"open","ping_status":"open","sticky":false,"template":"","format":"standard","meta":{"footnotes":""},"categories":[26],"tags":[59],"yoast_head":"<!-- This site is optimized with the Yoast SEO plugin v19.4 - https:\/\/yoast.com\/wordpress\/plugins\/seo\/ -->\n<title>Comer o mundo ou salvaguardar o mundo? - Vida Crist\u00e3 - Franciscanos<\/title>\n<meta name=\"robots\" content=\"index, follow, max-snippet:-1, max-image-preview:large, max-video-preview:-1\" \/>\n<link rel=\"canonical\" href=\"https:\/\/franciscanos.org.br\/vidacrista\/comer-o-mundo-ou-salvaguardar-o-mundo\/\" \/>\n<meta property=\"og:locale\" content=\"pt_BR\" \/>\n<meta property=\"og:type\" content=\"article\" \/>\n<meta property=\"og:title\" content=\"Comer o mundo ou salvaguardar o mundo? - Vida Crist\u00e3 - Franciscanos\" \/>\n<meta property=\"og:description\" content=\"Artigo de Leonardo Boff\" \/>\n<meta property=\"og:url\" content=\"https:\/\/franciscanos.org.br\/vidacrista\/comer-o-mundo-ou-salvaguardar-o-mundo\/\" \/>\n<meta property=\"og:site_name\" content=\"Vida Crist\u00e3 - Franciscanos\" \/>\n<meta property=\"article:published_time\" content=\"2021-04-22T11:12:38+00:00\" \/>\n<meta property=\"og:image\" content=\"https:\/\/franciscanos.org.br\/vidacrista\/wp-content\/uploads\/2021\/04\/terra_22.png\" \/>\n<meta name=\"author\" content=\"moacir\" \/>\n<meta name=\"twitter:card\" content=\"summary_large_image\" \/>\n<meta name=\"twitter:label1\" content=\"Escrito por\" \/>\n\t<meta name=\"twitter:data1\" content=\"moacir\" \/>\n\t<meta name=\"twitter:label2\" content=\"Est. tempo de leitura\" \/>\n\t<meta name=\"twitter:data2\" content=\"5 minutos\" \/>\n<script type=\"application\/ld+json\" class=\"yoast-schema-graph\">{\"@context\":\"https:\/\/schema.org\",\"@graph\":[{\"@type\":\"WebSite\",\"@id\":\"https:\/\/franciscanos.org.br\/vidacrista\/#website\",\"url\":\"https:\/\/franciscanos.org.br\/vidacrista\/\",\"name\":\"Vida Crist\u00e3 - Franciscanos\",\"description\":\"Prov\u00edncia Franciscana da Imaculada Concei\u00e7\u00e3o do Brasil - Ordem dos Frades Menores\",\"potentialAction\":[{\"@type\":\"SearchAction\",\"target\":{\"@type\":\"EntryPoint\",\"urlTemplate\":\"https:\/\/franciscanos.org.br\/vidacrista\/?s={search_term_string}\"},\"query-input\":\"required name=search_term_string\"}],\"inLanguage\":\"pt-BR\"},{\"@type\":\"WebPage\",\"@id\":\"https:\/\/franciscanos.org.br\/vidacrista\/comer-o-mundo-ou-salvaguardar-o-mundo\/\",\"url\":\"https:\/\/franciscanos.org.br\/vidacrista\/comer-o-mundo-ou-salvaguardar-o-mundo\/\",\"name\":\"Comer o mundo ou salvaguardar o mundo? - Vida Crist\u00e3 - Franciscanos\",\"isPartOf\":{\"@id\":\"https:\/\/franciscanos.org.br\/vidacrista\/#website\"},\"datePublished\":\"2021-04-22T11:12:38+00:00\",\"dateModified\":\"2021-04-22T11:12:38+00:00\",\"author\":{\"@id\":\"https:\/\/franciscanos.org.br\/vidacrista\/#\/schema\/person\/1880bdd2c350b735648725ef7614736a\"},\"breadcrumb\":{\"@id\":\"https:\/\/franciscanos.org.br\/vidacrista\/comer-o-mundo-ou-salvaguardar-o-mundo\/#breadcrumb\"},\"inLanguage\":\"pt-BR\",\"potentialAction\":[{\"@type\":\"ReadAction\",\"target\":[\"https:\/\/franciscanos.org.br\/vidacrista\/comer-o-mundo-ou-salvaguardar-o-mundo\/\"]}]},{\"@type\":\"BreadcrumbList\",\"@id\":\"https:\/\/franciscanos.org.br\/vidacrista\/comer-o-mundo-ou-salvaguardar-o-mundo\/#breadcrumb\",\"itemListElement\":[{\"@type\":\"ListItem\",\"position\":1,\"name\":\"Home\",\"item\":\"https:\/\/franciscanos.org.br\/vidacrista\/\"},{\"@type\":\"ListItem\",\"position\":2,\"name\":\"Comer o mundo ou salvaguardar o mundo?\"}]},{\"@type\":\"Person\",\"@id\":\"https:\/\/franciscanos.org.br\/vidacrista\/#\/schema\/person\/1880bdd2c350b735648725ef7614736a\",\"name\":\"moacir\",\"image\":{\"@type\":\"ImageObject\",\"inLanguage\":\"pt-BR\",\"@id\":\"https:\/\/franciscanos.org.br\/vidacrista\/#\/schema\/person\/image\/\",\"url\":\"https:\/\/secure.gravatar.com\/avatar\/d08aa2ce4c8dd416d4479aa8536fcf64?s=96&d=mm&r=g\",\"contentUrl\":\"https:\/\/secure.gravatar.com\/avatar\/d08aa2ce4c8dd416d4479aa8536fcf64?s=96&d=mm&r=g\",\"caption\":\"moacir\"},\"url\":\"https:\/\/franciscanos.org.br\/vidacrista\/author\/moacir\/\"}]}<\/script>\n<!-- \/ Yoast SEO plugin. -->","yoast_head_json":{"title":"Comer o mundo ou salvaguardar o mundo? - Vida Crist\u00e3 - Franciscanos","robots":{"index":"index","follow":"follow","max-snippet":"max-snippet:-1","max-image-preview":"max-image-preview:large","max-video-preview":"max-video-preview:-1"},"canonical":"https:\/\/franciscanos.org.br\/vidacrista\/comer-o-mundo-ou-salvaguardar-o-mundo\/","og_locale":"pt_BR","og_type":"article","og_title":"Comer o mundo ou salvaguardar o mundo? - Vida Crist\u00e3 - Franciscanos","og_description":"Artigo de Leonardo Boff","og_url":"https:\/\/franciscanos.org.br\/vidacrista\/comer-o-mundo-ou-salvaguardar-o-mundo\/","og_site_name":"Vida Crist\u00e3 - Franciscanos","article_published_time":"2021-04-22T11:12:38+00:00","og_image":[{"url":"https:\/\/franciscanos.org.br\/vidacrista\/wp-content\/uploads\/2021\/04\/terra_22.png"}],"author":"moacir","twitter_card":"summary_large_image","twitter_misc":{"Escrito por":"moacir","Est. tempo de leitura":"5 minutos"},"schema":{"@context":"https:\/\/schema.org","@graph":[{"@type":"WebSite","@id":"https:\/\/franciscanos.org.br\/vidacrista\/#website","url":"https:\/\/franciscanos.org.br\/vidacrista\/","name":"Vida Crist\u00e3 - Franciscanos","description":"Prov\u00edncia Franciscana da Imaculada Concei\u00e7\u00e3o do Brasil - Ordem dos Frades Menores","potentialAction":[{"@type":"SearchAction","target":{"@type":"EntryPoint","urlTemplate":"https:\/\/franciscanos.org.br\/vidacrista\/?s={search_term_string}"},"query-input":"required name=search_term_string"}],"inLanguage":"pt-BR"},{"@type":"WebPage","@id":"https:\/\/franciscanos.org.br\/vidacrista\/comer-o-mundo-ou-salvaguardar-o-mundo\/","url":"https:\/\/franciscanos.org.br\/vidacrista\/comer-o-mundo-ou-salvaguardar-o-mundo\/","name":"Comer o mundo ou salvaguardar o mundo? - Vida Crist\u00e3 - Franciscanos","isPartOf":{"@id":"https:\/\/franciscanos.org.br\/vidacrista\/#website"},"datePublished":"2021-04-22T11:12:38+00:00","dateModified":"2021-04-22T11:12:38+00:00","author":{"@id":"https:\/\/franciscanos.org.br\/vidacrista\/#\/schema\/person\/1880bdd2c350b735648725ef7614736a"},"breadcrumb":{"@id":"https:\/\/franciscanos.org.br\/vidacrista\/comer-o-mundo-ou-salvaguardar-o-mundo\/#breadcrumb"},"inLanguage":"pt-BR","potentialAction":[{"@type":"ReadAction","target":["https:\/\/franciscanos.org.br\/vidacrista\/comer-o-mundo-ou-salvaguardar-o-mundo\/"]}]},{"@type":"BreadcrumbList","@id":"https:\/\/franciscanos.org.br\/vidacrista\/comer-o-mundo-ou-salvaguardar-o-mundo\/#breadcrumb","itemListElement":[{"@type":"ListItem","position":1,"name":"Home","item":"https:\/\/franciscanos.org.br\/vidacrista\/"},{"@type":"ListItem","position":2,"name":"Comer o mundo ou salvaguardar o mundo?"}]},{"@type":"Person","@id":"https:\/\/franciscanos.org.br\/vidacrista\/#\/schema\/person\/1880bdd2c350b735648725ef7614736a","name":"moacir","image":{"@type":"ImageObject","inLanguage":"pt-BR","@id":"https:\/\/franciscanos.org.br\/vidacrista\/#\/schema\/person\/image\/","url":"https:\/\/secure.gravatar.com\/avatar\/d08aa2ce4c8dd416d4479aa8536fcf64?s=96&d=mm&r=g","contentUrl":"https:\/\/secure.gravatar.com\/avatar\/d08aa2ce4c8dd416d4479aa8536fcf64?s=96&d=mm&r=g","caption":"moacir"},"url":"https:\/\/franciscanos.org.br\/vidacrista\/author\/moacir\/"}]}},"_links":{"self":[{"href":"https:\/\/franciscanos.org.br\/vidacrista\/wp-json\/wp\/v2\/posts\/189424"}],"collection":[{"href":"https:\/\/franciscanos.org.br\/vidacrista\/wp-json\/wp\/v2\/posts"}],"about":[{"href":"https:\/\/franciscanos.org.br\/vidacrista\/wp-json\/wp\/v2\/types\/post"}],"author":[{"embeddable":true,"href":"https:\/\/franciscanos.org.br\/vidacrista\/wp-json\/wp\/v2\/users\/3"}],"replies":[{"embeddable":true,"href":"https:\/\/franciscanos.org.br\/vidacrista\/wp-json\/wp\/v2\/comments?post=189424"}],"version-history":[{"count":1,"href":"https:\/\/franciscanos.org.br\/vidacrista\/wp-json\/wp\/v2\/posts\/189424\/revisions"}],"predecessor-version":[{"id":189426,"href":"https:\/\/franciscanos.org.br\/vidacrista\/wp-json\/wp\/v2\/posts\/189424\/revisions\/189426"}],"wp:attachment":[{"href":"https:\/\/franciscanos.org.br\/vidacrista\/wp-json\/wp\/v2\/media?parent=189424"}],"wp:term":[{"taxonomy":"category","embeddable":true,"href":"https:\/\/franciscanos.org.br\/vidacrista\/wp-json\/wp\/v2\/categories?post=189424"},{"taxonomy":"post_tag","embeddable":true,"href":"https:\/\/franciscanos.org.br\/vidacrista\/wp-json\/wp\/v2\/tags?post=189424"}],"curies":[{"name":"wp","href":"https:\/\/api.w.org\/{rel}","templated":true}]}}