{"id":189405,"date":"2021-04-16T06:47:19","date_gmt":"2021-04-16T09:47:19","guid":{"rendered":"https:\/\/franciscanos.org.br\/vidacrista\/?p=189405"},"modified":"2021-04-16T06:51:19","modified_gmt":"2021-04-16T09:51:19","slug":"multiplicacaopaes","status":"publish","type":"post","link":"https:\/\/franciscanos.org.br\/vidacrista\/multiplicacaopaes\/","title":{"rendered":"P\u00e3o em todas as mesas e a multiplica\u00e7\u00e3o dos p\u00e3es em Jo 6,1-15"},"content":{"rendered":"<div id=\"attachment_189406\" style=\"width: 850px\" class=\"wp-caption alignnone\"><img aria-describedby=\"caption-attachment-189406\" decoding=\"async\" loading=\"lazy\" class=\"wp-image-189406 size-full\" src=\"https:\/\/franciscanos.org.br\/vidacrista\/wp-content\/uploads\/2021\/04\/artigo_16.png\" alt=\"\" width=\"840\" height=\"450\" srcset=\"https:\/\/franciscanos.org.br\/vidacrista\/wp-content\/uploads\/2021\/04\/artigo_16.png 840w, https:\/\/franciscanos.org.br\/vidacrista\/wp-content\/uploads\/2021\/04\/artigo_16-450x241.png 450w, https:\/\/franciscanos.org.br\/vidacrista\/wp-content\/uploads\/2021\/04\/artigo_16-768x411.png 768w, https:\/\/franciscanos.org.br\/vidacrista\/wp-content\/uploads\/2021\/04\/artigo_16-150x80.png 150w\" sizes=\"(max-width: 840px) 100vw, 840px\" \/><p id=\"caption-attachment-189406\" class=\"wp-caption-text\">\u00a0 \u00a0 \u00a0 \u00a0 \u00a0 \u00a0 \u00a0 \u00a0 \u00a0 \u00a0 \u00a0 \u00a0 \u00a0 \u00a0 \u00a0 \u00a0 \u00a0 \u00a0 \u00a0 \u00a0 \u00a0 \u00a0 \u00a0 \u00a0 \u00a0 \u00a0 \u00a0 \u00a0 \u00a0 \u00a0 \u00a0 \u00a0 \u00a0 Imagem ilustrativa: Canva <a href=\"https:\/\/www.canva.com\/pt_br\/modelos\/\">(www.canva.com\/pt_br\/modelos<\/a>)<\/p><\/div>\n<p><em>Frei Jacir de Freitas Faria, OFM<\/em><a href=\"#_ftn1\" name=\"_ftnref1\">[1]<\/a><\/p>\n<p>O evangelho sobre o qual vamos refletir hoje \u00e9 Jo 6,1-5. Trata-se da multiplica\u00e7\u00e3o dos p\u00e3es. Essa passagem \u00e9 mais conhecida por n\u00f3s pelos relatos dos evangelhos sin\u00f3ticos de Marcos (Mc 6,32-44; 9,1-17), Mateus (Mt 14, 13-21) e Lucas (Lc 9,10-17). Existem diferen\u00e7as entre eles? Qual \u00e9 o papel de Jesus na narrativa joanina?<\/p>\n<p>Vou come\u00e7ar respondendo \u00e0 primeira pergunta. Existem sim diferen\u00e7as. Nos sin\u00f3ticos, a multiplica\u00e7\u00e3o dos p\u00e3es e peixes t\u00eam um cunho sociol\u00f3gico, sendo uma demonstra\u00e7\u00e3o de como deve ser o Reino de Deus entre as comunidades a partir da partilha dos bens, da justi\u00e7a social.<\/p>\n<p><iframe loading=\"lazy\" title=\"Reflex\u00e3o b\u00edblica - Sexta-feira da Segunda Semana da P\u00e1scoa (16\/04\/2021)\" width=\"500\" height=\"281\" src=\"https:\/\/www.youtube.com\/embed\/z_FYi9WtF3A?feature=oembed\" frameborder=\"0\" allow=\"accelerometer; autoplay; clipboard-write; encrypted-media; gyroscope; picture-in-picture\" allowfullscreen><\/iframe><\/p>\n<p>Dito isso, vamos ao texto de Jo\u00e3o. Primeiramente, temos que ter consci\u00eancia de que o evangelho de Jo\u00e3o foi escrito 30 anos depois do de Marcos. O contexto \u00e9 outro. O cristianismo j\u00e1 n\u00e3o tem mais liga\u00e7\u00e3o com o juda\u00edsmo. Igreja e Sinagoga est\u00e3o separadas. A quest\u00e3o era conhecer Jesus para fortalecer a f\u00e9 na sua ressurrei\u00e7\u00e3o, pois testemunhos da primeira hora j\u00e1 estavam mortos.<\/p>\n<p>A imagem de Jesus que \u00e9 tra\u00e7ada no evangelho de Jo\u00e3o \u00e9 a de uma pessoa grandiosa. Ele \u00e9 soberano no agir e no falar. Ele \u00e9 o Verbo de Deus encarnado que revela Deus\/Pai, conversa com uma samaritana, promete vida eterna para os judeus-crist\u00e3os que foram expulsos da sinagoga. Ele \u00e9 um orador que fala do Pai, falando de si mesmo, o tempo todo. Faz v\u00e1rios discursos teol\u00f3gicos, at\u00e9 dif\u00edceis de serem entendidos por quem n\u00e3o frequentava a comunidade. Sete vezes, ele diz \u201cEu sou\u201d, que se relaciona com o \u201cEu sou\u201d de Deus, no \u00caxodo.<\/p>\n<p>Come\u00e7ando pelo sinal nas Bodas de Can\u00e1, Ele faz mais outros seis sinais at\u00e9 o definitivo que \u00e9 a sua ressurrei\u00e7\u00e3o. Jo\u00e3o n\u00e3o fala de milagre como nos sin\u00f3ticos. Qual a diferen\u00e7a? Milagre \u00e9 o resultado extraordin\u00e1rio de um ato. Sinal \u00e9 o que ele aponta, conforme tradi\u00e7\u00e3o do Primeiro Testamento. As pragas do Egito s\u00e3o sinais do que elas representam. Assim como um sinal de tr\u00e2nsito para n\u00f3s. Ele n\u00e3o deve ser visto na beleza de sua cor, mas no que ele quer dizer: aten\u00e7\u00e3o, pare e siga. Assim, o sinal que Jesus faz no evangelho de Jo\u00e3o \u00e9 para dizer que o ele quer revelar, o Pai, Deus. O foco do evangelho de Jo\u00e3o \u00e9 mais Deus que Jesus. Ele d\u00e1 sinais de sua presen\u00e7a at\u00e9 chegar a hora definitiva da volta para a casa do Pai, que tem muitas moradas. De l\u00e1, ele fica a nossa espera.<\/p>\n<p>A multiplica\u00e7\u00e3o dos p\u00e3es \u00e9 o quarto sinal que Jesus realizou para dizer que a sua hora ainda n\u00e3o tinha chegado. Estava pr\u00f3xima a P\u00e1scoa. Jesus deveria estar em Jerusal\u00e9m, mas n\u00e3o foi. Ele quer fazer outro tipo de P\u00e1scoa com os seus seguidores. Na montanha, isto \u00e9, pr\u00f3ximo do Pai, ele fala de p\u00e3o para distribuir. Ap\u00f3s constata\u00e7\u00e3o de que havia somente cinco p\u00e3es e dois peixes, Jesus faz o sinal da multiplica\u00e7\u00e3o, para, um pouco mais adiante, no vers\u00edculo 35, afirmar que Ele \u00e9 o p\u00e3o da vida, que devia ser comido para n\u00e3o se ter mais fome. Veja outro detalhe: em Marcos s\u00e3o os disc\u00edpulos que distribuem o p\u00e3o. Em Jo\u00e3o, \u00e9 o pr\u00f3prio Jesus. Jesus n\u00e3o se surpreende com a multid\u00e3o. Pelo contr\u00e1rio, ele olha para ela com a decis\u00e3o de ajud\u00e1-la. Em rela\u00e7\u00e3o aos n\u00fameros, o cinco representa a Tor\u00e1 \u2013 os cinco primeiros livros da B\u00edblia -, e o dois, testemunho. O doze, as doze tribos de Israel. Ali\u00e1s, peixe em grego, <em>Ichthus,<\/em> forma o acr\u00f3stico: \u201cJesus Cristo, Filho de Deus, Salvador\u201d. Os primeiros crist\u00e3os utilizavam o peixe como forma de identifica\u00e7\u00e3o diante das persegui\u00e7\u00f5es romanas.<\/p>\n<p>O relato termina dizendo que, quando Jesus viu que o povo queria proclam\u00e1-lo rei e Messias, ele fugiu para outra montanha, para junto de Deus.<\/p>\n<p>Como conclus\u00e3o, eu diria que n\u00e3o podemos afirmar que o Jesus do evangelho de Jo\u00e3o \u00e9 espiritual e o dos sin\u00f3ticos, mais preocupado com as coisas materiais e sociais. N\u00e3o. Seria reduzi-lo a um espiritualismo. Muito pelo contr\u00e1rio, se Jesus \u00e9 o p\u00e3o da vida eterna que nos leva a Deus, isso s\u00f3 ser\u00e1 poss\u00edvel no meio de n\u00f3s quando transformarmos a falta de p\u00e3o em abund\u00e2ncia para todos, por meio da partilha. Como canta Z\u00e9 Vicente: \u201cP\u00e3o em todas as mesas. Da P\u00e1scoa a nova certeza. A festa haver\u00e1. E o povo a cantar, aleluia!\u201d<\/p>\n<hr \/>\n<p><a href=\"#_ftnref1\" name=\"_ftn1\">[1]<\/a> Doutor em Teologia B\u00edblica pela FAJE-BH. Mestre em Ci\u00eancias B\u00edblicas (Exegese) pelo Pontif\u00edcio Instituto B\u00edblico de Roma. Professor de exegese b\u00edblica. Membro da Associa\u00e7\u00e3o Brasileira de Pesquisa B\u00edblica (ABIB). Sacerdote Franciscano. Autor de dez livros e coautor de quatorze. \u00daltimo livro: <strong>O Medo do Inferno e a arte de bem morrer<\/strong>: da devo\u00e7\u00e3o ap\u00f3crifa \u00e0 Dormi\u00e7\u00e3o de Maria \u00e0s irmandades de Nossa Senhora da Boa Morte (Vozes, 2019). Inscreva-se no nosso canal no You Tube: Frei Jacir B\u00edblia e Ap\u00f3crifos ou <a href=\"https:\/\/www.youtube.com\/c\/FreiJacirdeFreitasFariaB%C3%ADbliaAp%C3%B3crifos\">https:\/\/www.youtube.com\/c\/FreiJacirdeFreitasFariaB%C3%ADbliaAp%C3%B3crifos<\/a><\/p>\n","protected":false},"excerpt":{"rendered":"<p>Artigo de Frei Jacir de Freitas Faria, OFM<\/p>\n","protected":false},"author":3,"featured_media":189407,"comment_status":"open","ping_status":"open","sticky":false,"template":"","format":"standard","meta":{"footnotes":""},"categories":[26],"tags":[43],"yoast_head":"<!-- This site is optimized with the Yoast SEO plugin v19.4 - https:\/\/yoast.com\/wordpress\/plugins\/seo\/ -->\n<title>P\u00e3o em todas as mesas e a multiplica\u00e7\u00e3o dos p\u00e3es em Jo 6,1-15 - Vida Crist\u00e3 - Franciscanos<\/title>\n<meta name=\"robots\" content=\"index, follow, max-snippet:-1, max-image-preview:large, max-video-preview:-1\" \/>\n<link rel=\"canonical\" href=\"https:\/\/franciscanos.org.br\/vidacrista\/multiplicacaopaes\/\" \/>\n<meta property=\"og:locale\" content=\"pt_BR\" \/>\n<meta property=\"og:type\" content=\"article\" \/>\n<meta property=\"og:title\" content=\"P\u00e3o em todas as mesas e a multiplica\u00e7\u00e3o dos p\u00e3es em Jo 6,1-15 - Vida Crist\u00e3 - Franciscanos\" \/>\n<meta property=\"og:description\" content=\"Artigo de Frei Jacir de Freitas Faria, OFM\" \/>\n<meta property=\"og:url\" content=\"https:\/\/franciscanos.org.br\/vidacrista\/multiplicacaopaes\/\" \/>\n<meta property=\"og:site_name\" content=\"Vida Crist\u00e3 - Franciscanos\" \/>\n<meta property=\"article:published_time\" content=\"2021-04-16T09:47:19+00:00\" \/>\n<meta property=\"article:modified_time\" content=\"2021-04-16T09:51:19+00:00\" \/>\n<meta property=\"og:image\" content=\"https:\/\/franciscanos.org.br\/vidacrista\/wp-content\/uploads\/2021\/04\/artigo_16d.png\" \/>\n\t<meta property=\"og:image:width\" content=\"800\" \/>\n\t<meta property=\"og:image:height\" content=\"550\" \/>\n\t<meta property=\"og:image:type\" content=\"image\/png\" \/>\n<meta name=\"author\" content=\"moacir\" \/>\n<meta name=\"twitter:card\" content=\"summary_large_image\" \/>\n<meta name=\"twitter:label1\" content=\"Escrito por\" \/>\n\t<meta name=\"twitter:data1\" content=\"moacir\" \/>\n\t<meta name=\"twitter:label2\" content=\"Est. tempo de leitura\" \/>\n\t<meta name=\"twitter:data2\" content=\"5 minutos\" \/>\n<script type=\"application\/ld+json\" class=\"yoast-schema-graph\">{\"@context\":\"https:\/\/schema.org\",\"@graph\":[{\"@type\":\"WebSite\",\"@id\":\"https:\/\/franciscanos.org.br\/vidacrista\/#website\",\"url\":\"https:\/\/franciscanos.org.br\/vidacrista\/\",\"name\":\"Vida Crist\u00e3 - Franciscanos\",\"description\":\"Prov\u00edncia Franciscana da Imaculada Concei\u00e7\u00e3o do Brasil - Ordem dos Frades Menores\",\"potentialAction\":[{\"@type\":\"SearchAction\",\"target\":{\"@type\":\"EntryPoint\",\"urlTemplate\":\"https:\/\/franciscanos.org.br\/vidacrista\/?s={search_term_string}\"},\"query-input\":\"required name=search_term_string\"}],\"inLanguage\":\"pt-BR\"},{\"@type\":\"WebPage\",\"@id\":\"https:\/\/franciscanos.org.br\/vidacrista\/multiplicacaopaes\/\",\"url\":\"https:\/\/franciscanos.org.br\/vidacrista\/multiplicacaopaes\/\",\"name\":\"P\u00e3o em todas as mesas e a multiplica\u00e7\u00e3o dos p\u00e3es em Jo 6,1-15 - Vida Crist\u00e3 - Franciscanos\",\"isPartOf\":{\"@id\":\"https:\/\/franciscanos.org.br\/vidacrista\/#website\"},\"datePublished\":\"2021-04-16T09:47:19+00:00\",\"dateModified\":\"2021-04-16T09:51:19+00:00\",\"author\":{\"@id\":\"https:\/\/franciscanos.org.br\/vidacrista\/#\/schema\/person\/1880bdd2c350b735648725ef7614736a\"},\"breadcrumb\":{\"@id\":\"https:\/\/franciscanos.org.br\/vidacrista\/multiplicacaopaes\/#breadcrumb\"},\"inLanguage\":\"pt-BR\",\"potentialAction\":[{\"@type\":\"ReadAction\",\"target\":[\"https:\/\/franciscanos.org.br\/vidacrista\/multiplicacaopaes\/\"]}]},{\"@type\":\"BreadcrumbList\",\"@id\":\"https:\/\/franciscanos.org.br\/vidacrista\/multiplicacaopaes\/#breadcrumb\",\"itemListElement\":[{\"@type\":\"ListItem\",\"position\":1,\"name\":\"Home\",\"item\":\"https:\/\/franciscanos.org.br\/vidacrista\/\"},{\"@type\":\"ListItem\",\"position\":2,\"name\":\"P\u00e3o em todas as mesas e a multiplica\u00e7\u00e3o dos p\u00e3es em Jo 6,1-15\"}]},{\"@type\":\"Person\",\"@id\":\"https:\/\/franciscanos.org.br\/vidacrista\/#\/schema\/person\/1880bdd2c350b735648725ef7614736a\",\"name\":\"moacir\",\"image\":{\"@type\":\"ImageObject\",\"inLanguage\":\"pt-BR\",\"@id\":\"https:\/\/franciscanos.org.br\/vidacrista\/#\/schema\/person\/image\/\",\"url\":\"https:\/\/secure.gravatar.com\/avatar\/d08aa2ce4c8dd416d4479aa8536fcf64?s=96&d=mm&r=g\",\"contentUrl\":\"https:\/\/secure.gravatar.com\/avatar\/d08aa2ce4c8dd416d4479aa8536fcf64?s=96&d=mm&r=g\",\"caption\":\"moacir\"},\"url\":\"https:\/\/franciscanos.org.br\/vidacrista\/author\/moacir\/\"}]}<\/script>\n<!-- \/ Yoast SEO plugin. -->","yoast_head_json":{"title":"P\u00e3o em todas as mesas e a multiplica\u00e7\u00e3o dos p\u00e3es em Jo 6,1-15 - Vida Crist\u00e3 - Franciscanos","robots":{"index":"index","follow":"follow","max-snippet":"max-snippet:-1","max-image-preview":"max-image-preview:large","max-video-preview":"max-video-preview:-1"},"canonical":"https:\/\/franciscanos.org.br\/vidacrista\/multiplicacaopaes\/","og_locale":"pt_BR","og_type":"article","og_title":"P\u00e3o em todas as mesas e a multiplica\u00e7\u00e3o dos p\u00e3es em Jo 6,1-15 - Vida Crist\u00e3 - Franciscanos","og_description":"Artigo de Frei Jacir de Freitas Faria, OFM","og_url":"https:\/\/franciscanos.org.br\/vidacrista\/multiplicacaopaes\/","og_site_name":"Vida Crist\u00e3 - Franciscanos","article_published_time":"2021-04-16T09:47:19+00:00","article_modified_time":"2021-04-16T09:51:19+00:00","og_image":[{"width":800,"height":550,"url":"https:\/\/franciscanos.org.br\/vidacrista\/wp-content\/uploads\/2021\/04\/artigo_16d.png","type":"image\/png"}],"author":"moacir","twitter_card":"summary_large_image","twitter_misc":{"Escrito por":"moacir","Est. tempo de leitura":"5 minutos"},"schema":{"@context":"https:\/\/schema.org","@graph":[{"@type":"WebSite","@id":"https:\/\/franciscanos.org.br\/vidacrista\/#website","url":"https:\/\/franciscanos.org.br\/vidacrista\/","name":"Vida Crist\u00e3 - Franciscanos","description":"Prov\u00edncia Franciscana da Imaculada Concei\u00e7\u00e3o do Brasil - Ordem dos Frades Menores","potentialAction":[{"@type":"SearchAction","target":{"@type":"EntryPoint","urlTemplate":"https:\/\/franciscanos.org.br\/vidacrista\/?s={search_term_string}"},"query-input":"required name=search_term_string"}],"inLanguage":"pt-BR"},{"@type":"WebPage","@id":"https:\/\/franciscanos.org.br\/vidacrista\/multiplicacaopaes\/","url":"https:\/\/franciscanos.org.br\/vidacrista\/multiplicacaopaes\/","name":"P\u00e3o em todas as mesas e a multiplica\u00e7\u00e3o dos p\u00e3es em Jo 6,1-15 - Vida Crist\u00e3 - Franciscanos","isPartOf":{"@id":"https:\/\/franciscanos.org.br\/vidacrista\/#website"},"datePublished":"2021-04-16T09:47:19+00:00","dateModified":"2021-04-16T09:51:19+00:00","author":{"@id":"https:\/\/franciscanos.org.br\/vidacrista\/#\/schema\/person\/1880bdd2c350b735648725ef7614736a"},"breadcrumb":{"@id":"https:\/\/franciscanos.org.br\/vidacrista\/multiplicacaopaes\/#breadcrumb"},"inLanguage":"pt-BR","potentialAction":[{"@type":"ReadAction","target":["https:\/\/franciscanos.org.br\/vidacrista\/multiplicacaopaes\/"]}]},{"@type":"BreadcrumbList","@id":"https:\/\/franciscanos.org.br\/vidacrista\/multiplicacaopaes\/#breadcrumb","itemListElement":[{"@type":"ListItem","position":1,"name":"Home","item":"https:\/\/franciscanos.org.br\/vidacrista\/"},{"@type":"ListItem","position":2,"name":"P\u00e3o em todas as mesas e a multiplica\u00e7\u00e3o dos p\u00e3es em Jo 6,1-15"}]},{"@type":"Person","@id":"https:\/\/franciscanos.org.br\/vidacrista\/#\/schema\/person\/1880bdd2c350b735648725ef7614736a","name":"moacir","image":{"@type":"ImageObject","inLanguage":"pt-BR","@id":"https:\/\/franciscanos.org.br\/vidacrista\/#\/schema\/person\/image\/","url":"https:\/\/secure.gravatar.com\/avatar\/d08aa2ce4c8dd416d4479aa8536fcf64?s=96&d=mm&r=g","contentUrl":"https:\/\/secure.gravatar.com\/avatar\/d08aa2ce4c8dd416d4479aa8536fcf64?s=96&d=mm&r=g","caption":"moacir"},"url":"https:\/\/franciscanos.org.br\/vidacrista\/author\/moacir\/"}]}},"_links":{"self":[{"href":"https:\/\/franciscanos.org.br\/vidacrista\/wp-json\/wp\/v2\/posts\/189405"}],"collection":[{"href":"https:\/\/franciscanos.org.br\/vidacrista\/wp-json\/wp\/v2\/posts"}],"about":[{"href":"https:\/\/franciscanos.org.br\/vidacrista\/wp-json\/wp\/v2\/types\/post"}],"author":[{"embeddable":true,"href":"https:\/\/franciscanos.org.br\/vidacrista\/wp-json\/wp\/v2\/users\/3"}],"replies":[{"embeddable":true,"href":"https:\/\/franciscanos.org.br\/vidacrista\/wp-json\/wp\/v2\/comments?post=189405"}],"version-history":[{"count":7,"href":"https:\/\/franciscanos.org.br\/vidacrista\/wp-json\/wp\/v2\/posts\/189405\/revisions"}],"predecessor-version":[{"id":189415,"href":"https:\/\/franciscanos.org.br\/vidacrista\/wp-json\/wp\/v2\/posts\/189405\/revisions\/189415"}],"wp:featuredmedia":[{"embeddable":true,"href":"https:\/\/franciscanos.org.br\/vidacrista\/wp-json\/wp\/v2\/media\/189407"}],"wp:attachment":[{"href":"https:\/\/franciscanos.org.br\/vidacrista\/wp-json\/wp\/v2\/media?parent=189405"}],"wp:term":[{"taxonomy":"category","embeddable":true,"href":"https:\/\/franciscanos.org.br\/vidacrista\/wp-json\/wp\/v2\/categories?post=189405"},{"taxonomy":"post_tag","embeddable":true,"href":"https:\/\/franciscanos.org.br\/vidacrista\/wp-json\/wp\/v2\/tags?post=189405"}],"curies":[{"name":"wp","href":"https:\/\/api.w.org\/{rel}","templated":true}]}}