{"id":189313,"date":"2021-04-04T05:49:26","date_gmt":"2021-04-04T08:49:26","guid":{"rendered":"https:\/\/franciscanos.org.br\/vidacrista\/?p=189313"},"modified":"2021-04-04T05:49:26","modified_gmt":"2021-04-04T08:49:26","slug":"celebrar-a-pascoa-em-meio-a-pandemia","status":"publish","type":"post","link":"https:\/\/franciscanos.org.br\/vidacrista\/celebrar-a-pascoa-em-meio-a-pandemia\/","title":{"rendered":"Celebrar a P\u00e1scoa em meio \u00e0 pandemia"},"content":{"rendered":"<div id=\"attachment_189314\" style=\"width: 850px\" class=\"wp-caption alignnone\"><img aria-describedby=\"caption-attachment-189314\" decoding=\"async\" loading=\"lazy\" class=\"wp-image-189314 size-full\" src=\"https:\/\/franciscanos.org.br\/vidacrista\/wp-content\/uploads\/2021\/04\/artigo_04.jpg\" alt=\"\" width=\"840\" height=\"450\" srcset=\"https:\/\/franciscanos.org.br\/vidacrista\/wp-content\/uploads\/2021\/04\/artigo_04.jpg 840w, https:\/\/franciscanos.org.br\/vidacrista\/wp-content\/uploads\/2021\/04\/artigo_04-450x241.jpg 450w, https:\/\/franciscanos.org.br\/vidacrista\/wp-content\/uploads\/2021\/04\/artigo_04-768x411.jpg 768w, https:\/\/franciscanos.org.br\/vidacrista\/wp-content\/uploads\/2021\/04\/artigo_04-150x80.jpg 150w\" sizes=\"(max-width: 840px) 100vw, 840px\" \/><p id=\"caption-attachment-189314\" class=\"wp-caption-text\">\u00a0 \u00a0 \u00a0 \u00a0 \u00a0 \u00a0 \u00a0 \u00a0 \u00a0 \u00a0 \u00a0 \u00a0 \u00a0 \u00a0 \u00a0 \u00a0 \u00a0 \u00a0 \u00a0 \u00a0 \u00a0 \u00a0 \u00a0 \u00a0 \u00a0 \u00a0 \u00a0 \u00a0 \u00a0 \u00a0 \u00a0 \u00a0 \u00a0 \u00a0 \u00a0 \u00a0 \u00a0 <em>\u00a0 Foto: Victor Hugo Barros\/Santu\u00e1rio Nacional<\/em><\/p><\/div>\n<p><strong>Robson Ribeiro de Oliveira Castro<\/strong><\/p>\n<p>Estamos vivendo uma semana forte e de grande envolvimento na Igreja e nas religi\u00f5es. Trata-se da Semana Santa. Desde o Domingo de Ramos at\u00e9 o Domingo de P\u00e1scoa, a Igreja nos convida a refletir os passos de Jesus frente ao caminho que O levaria ao calv\u00e1rio, por\u00e9m, este caminho n\u00e3o se finda ali no G\u00f3lgota, mas segue o projeto do Pai, que \u00e9 a ressurei\u00e7\u00e3o do seu Filho.<\/p>\n<p>H\u00e1 mais de um ano o mundo tem vivido um per\u00edodo de grande apreens\u00e3o com a pandemia da Covid-19. Fato \u00e9 que, com esta nova realidade, a P\u00e1scoa tamb\u00e9m tem um novo significado, um desafio para todos: comerciantes, empregados, fam\u00edlias inteiras; tudo isso somado ao isolamento social e, ao <em>lockdown<\/em>, que algumas cidades t\u00eam vivido para tentar diminuir o avan\u00e7o dos casos do novo coronav\u00edrus pelo Brasil.<\/p>\n<p>Para tanto, \u00e9 necess\u00e1rio mudar, observar nossas atitudes e cuidar do outro, pensar no pr\u00f3ximo e n\u00e3o colocar em risco quem quer que seja. Faz-se necess\u00e1rio observar o caminho do encontro com o pr\u00f3ximo e as novas necessidades frente aos desafios atuais. \u00c9 necess\u00e1rio agir com consci\u00eancia.<\/p>\n<p>Importante observar que Jesus assume esta caminhada frente aos desafios da sua \u00e9poca. Padre Adroaldo Palaoro, jesu\u00edta, nos convoca a refletir os Evangelhos: \u201ca Paix\u00e3o de Jesus n\u00e3o \u00e9 uma simples sequ\u00eancia de fatos, mas um confronto entre pessoas. Os diversos personagens entram em contato direto com Jesus, reagindo cada um a seu modo, vivendo cada qual o mist\u00e9rio do pr\u00f3prio chamado e da pr\u00f3pria tomada de posi\u00e7\u00e3o frente \u00e0 proposta de Jesus\u201d.<\/p>\n<p>Jesus encontra pessoas que choram por ele; sentem por sua condi\u00e7\u00e3o mas, ao mesmo tempo h\u00e1 pessoas que passam por ele e o ignoram. Assim \u00e9 a nossa vida e, diante desta realidade, devemos ser mais humanos e cuidar uns dos outros, frente aos problemas que enfrentamos.<\/p>\n<p>H\u00e1 uma realidade importante para compreendermos o caminho de Jesus e sua entrega. Ap\u00f3s sua morte, nossa aten\u00e7\u00e3o se volta para o Domingo de P\u00e1scoa, entretanto \u00e9 no S\u00e1bado Santo que temos uma realidade frente aos desafios atuais: um \u201ctempo n\u00e3o s\u00f3 de espera, mas de esperan\u00e7a, \u00e9 deixar que o gr\u00e3o de trigo morto comece a dar fruto, \u00e9 tempo de um inverno que tornar\u00e1 poss\u00edvel as flores da primavera, \u00e9 tempo de imaginar, de criar, de abrir-se a algo novo e inesperado, de sonhar um mundo melhor e uma Igreja mais nazarena\u201d. (padre Adroaldo).<\/p>\n<p>Todavia \u00e9 preciso observar a entrega de Jesus para toda a humanidade. A Pascoa \u00e9 o \u00e1pice das celebra\u00e7\u00f5es do calend\u00e1rio Crist\u00e3o. A ressurrei\u00e7\u00e3o de Jesus \u00e9 uma realidade para aqueles que creem na vida eterna.<\/p>\n<p>No relato do Domingo de P\u00e1scoa, encontramos o protagonismo das mulheres que n\u00e3o se esconderam e foram, bem cedo, at\u00e9 o sepulcro para levar perfumes para ungir o corpo de Jesus. Padre Adroaldo, em sua reflex\u00e3o, nos coloca frente \u00e0 realidade e \u00e0 miss\u00e3o das mulheres que \u201crevelaram uma presen\u00e7a fundamental nos relatos da P\u00e1scoa. Elas seguiram e serviram a Jesus com seus bens pelos caminhos da Galileia e permaneceram fi\u00e9is at\u00e9 o final, at\u00e9 a Cruz\u201d.<\/p>\n<p>Por isso, como na nossa realidade, as mulheres t\u00eam uma grande fun\u00e7\u00e3o e s\u00e3o para todos n\u00f3s refer\u00eancias, na lida do dia a dia nas comunidades, bra\u00e7os fortes e prontas para o servi\u00e7o. Por isso, s\u00e3o elas a encontrarem o sinal de que Jesus j\u00e1 n\u00e3o estava entre os mortos, havia ressuscitado.<\/p>\n<p>Vivendo a realidade de 2021, um ano marcado por grandes desafios, temos a certeza de que celebrar a P\u00e1scoa, em meio \u00e0 pandemia, ganhou um novo significado. Observamos o que \u00e9 essencial e devemos cuidar do outro. Por isso, protegendo nossos familiares e amigos, a P\u00e1scoa n\u00e3o deve ser diferente, cada um na sua casa, se for o caso, com sua fam\u00edlia, respeitando o isolamento social.<\/p>\n<p>\u00c9 preciso nos apoiar na realidade, encarar o que estamos vivendo. N\u00e3o podemos deixar de lado a gravidade dos acontecimentos. Precisamos seguir em frente, mas n\u00e3o \u00e9 \u00e9tico ocultar ou virar as costas \u00e0 realidade. Pensar em \u00e9tica \u00e9 pensar em condutas e valores que, honestamente, possam nortear nossos atos.<\/p>\n<p>Precisamos voltar constantemente ao Evangelho para compreender o mais essencial sobre Jesus. Recuperemos, como diz o papa Francisco, o frescor original do Evangelho. Assim, um \u201cmundo novo\u201d s\u00f3 ser\u00e1 poss\u00edvel se formos construtores de uma mudan\u00e7a em n\u00f3s para olharmos a realidade que vivemos. Marcelo Barros, monge beneditino brasileiro, escreveu certa vez que \u201c&#8230; para dialogar com o diferente, \u00e9 preciso, antes de tudo que cada um de n\u00f3s pratique um di\u00e1logo interior&#8230; S\u00f3 quando vivemos o di\u00e1logo dentro de n\u00f3s, nos tornamos capazes de viv\u00ea-lo nas rela\u00e7\u00f5es sociais e na luta pac\u00edfica para mudar o mundo\u201d.<\/p>\n<p>Devemos observar e fazer valer a nossa ora\u00e7\u00e3o, o nosso pedido de aux\u00edlio a Deus que \u00e9 Pai todo misericordioso. Ele nos escuta e vem em socorro da nossa vida. A realidade atual vivenciada por n\u00f3s \u00e9 um convite a olhar para esta pandemia como desafio a ser superado como caminho para criar esperan\u00e7a e gestar uma realidade nova, novos projetos e outro jeito de viver, mais humano, mais \u00e9tico e solid\u00e1rio. Jesus, que foi o verdadeiro propagador da mudan\u00e7a de sua \u00e9poca, nos inspire a continuar nesta caminhada. Em vista disto, \u00e9 necess\u00e1rio observar o que temos feito e como temos vivido diante da rela\u00e7\u00e3o com o outro e o cuidado e zelo frente \u00e0 realidade da pandemia.<\/p>\n<hr \/>\n<p><strong>Robson Ribeiro de Oliveira Castro<\/strong>\u00a0\u00a0<em>\u00e9 leigo. Mestre em Teologia pela Faculdade Jesu\u00edta de Filosofia e Teologia (FAJE). Atualmente leciona no Instituto Teol\u00f3gico Franciscano (ITF). E-mail: robsonrcastro@yahoo.com.br.<\/em><\/p>\n","protected":false},"excerpt":{"rendered":"<p>Artigo de Robson Ribeiro de Oliveira Castro\u00a0<\/p>\n","protected":false},"author":3,"featured_media":189315,"comment_status":"open","ping_status":"open","sticky":false,"template":"","format":"standard","meta":{"footnotes":""},"categories":[26],"tags":[328],"yoast_head":"<!-- This site is optimized with the Yoast SEO plugin v19.4 - https:\/\/yoast.com\/wordpress\/plugins\/seo\/ -->\n<title>Celebrar a P\u00e1scoa em meio \u00e0 pandemia - Vida Crist\u00e3 - Franciscanos<\/title>\n<meta name=\"robots\" content=\"index, follow, max-snippet:-1, max-image-preview:large, max-video-preview:-1\" \/>\n<link rel=\"canonical\" href=\"https:\/\/franciscanos.org.br\/vidacrista\/celebrar-a-pascoa-em-meio-a-pandemia\/\" \/>\n<meta property=\"og:locale\" content=\"pt_BR\" \/>\n<meta property=\"og:type\" content=\"article\" \/>\n<meta property=\"og:title\" content=\"Celebrar a P\u00e1scoa em meio \u00e0 pandemia - Vida Crist\u00e3 - Franciscanos\" \/>\n<meta property=\"og:description\" content=\"Artigo de Robson Ribeiro de Oliveira Castro\u00a0\" \/>\n<meta property=\"og:url\" content=\"https:\/\/franciscanos.org.br\/vidacrista\/celebrar-a-pascoa-em-meio-a-pandemia\/\" \/>\n<meta property=\"og:site_name\" content=\"Vida Crist\u00e3 - Franciscanos\" \/>\n<meta property=\"article:published_time\" content=\"2021-04-04T08:49:26+00:00\" \/>\n<meta property=\"og:image\" content=\"https:\/\/franciscanos.org.br\/vidacrista\/wp-content\/uploads\/2021\/04\/artigo_04d.jpg\" \/>\n\t<meta property=\"og:image:width\" content=\"800\" \/>\n\t<meta property=\"og:image:height\" content=\"550\" \/>\n\t<meta property=\"og:image:type\" content=\"image\/jpeg\" \/>\n<meta name=\"author\" content=\"moacir\" \/>\n<meta name=\"twitter:card\" content=\"summary_large_image\" \/>\n<meta name=\"twitter:label1\" content=\"Escrito por\" \/>\n\t<meta name=\"twitter:data1\" content=\"moacir\" \/>\n\t<meta name=\"twitter:label2\" content=\"Est. tempo de leitura\" \/>\n\t<meta name=\"twitter:data2\" content=\"5 minutos\" \/>\n<script type=\"application\/ld+json\" class=\"yoast-schema-graph\">{\"@context\":\"https:\/\/schema.org\",\"@graph\":[{\"@type\":\"WebSite\",\"@id\":\"https:\/\/franciscanos.org.br\/vidacrista\/#website\",\"url\":\"https:\/\/franciscanos.org.br\/vidacrista\/\",\"name\":\"Vida Crist\u00e3 - Franciscanos\",\"description\":\"Prov\u00edncia Franciscana da Imaculada Concei\u00e7\u00e3o do Brasil - Ordem dos Frades Menores\",\"potentialAction\":[{\"@type\":\"SearchAction\",\"target\":{\"@type\":\"EntryPoint\",\"urlTemplate\":\"https:\/\/franciscanos.org.br\/vidacrista\/?s={search_term_string}\"},\"query-input\":\"required name=search_term_string\"}],\"inLanguage\":\"pt-BR\"},{\"@type\":\"WebPage\",\"@id\":\"https:\/\/franciscanos.org.br\/vidacrista\/celebrar-a-pascoa-em-meio-a-pandemia\/\",\"url\":\"https:\/\/franciscanos.org.br\/vidacrista\/celebrar-a-pascoa-em-meio-a-pandemia\/\",\"name\":\"Celebrar a P\u00e1scoa em meio \u00e0 pandemia - Vida Crist\u00e3 - Franciscanos\",\"isPartOf\":{\"@id\":\"https:\/\/franciscanos.org.br\/vidacrista\/#website\"},\"datePublished\":\"2021-04-04T08:49:26+00:00\",\"dateModified\":\"2021-04-04T08:49:26+00:00\",\"author\":{\"@id\":\"https:\/\/franciscanos.org.br\/vidacrista\/#\/schema\/person\/1880bdd2c350b735648725ef7614736a\"},\"breadcrumb\":{\"@id\":\"https:\/\/franciscanos.org.br\/vidacrista\/celebrar-a-pascoa-em-meio-a-pandemia\/#breadcrumb\"},\"inLanguage\":\"pt-BR\",\"potentialAction\":[{\"@type\":\"ReadAction\",\"target\":[\"https:\/\/franciscanos.org.br\/vidacrista\/celebrar-a-pascoa-em-meio-a-pandemia\/\"]}]},{\"@type\":\"BreadcrumbList\",\"@id\":\"https:\/\/franciscanos.org.br\/vidacrista\/celebrar-a-pascoa-em-meio-a-pandemia\/#breadcrumb\",\"itemListElement\":[{\"@type\":\"ListItem\",\"position\":1,\"name\":\"Home\",\"item\":\"https:\/\/franciscanos.org.br\/vidacrista\/\"},{\"@type\":\"ListItem\",\"position\":2,\"name\":\"Celebrar a P\u00e1scoa em meio \u00e0 pandemia\"}]},{\"@type\":\"Person\",\"@id\":\"https:\/\/franciscanos.org.br\/vidacrista\/#\/schema\/person\/1880bdd2c350b735648725ef7614736a\",\"name\":\"moacir\",\"image\":{\"@type\":\"ImageObject\",\"inLanguage\":\"pt-BR\",\"@id\":\"https:\/\/franciscanos.org.br\/vidacrista\/#\/schema\/person\/image\/\",\"url\":\"https:\/\/secure.gravatar.com\/avatar\/d08aa2ce4c8dd416d4479aa8536fcf64?s=96&d=mm&r=g\",\"contentUrl\":\"https:\/\/secure.gravatar.com\/avatar\/d08aa2ce4c8dd416d4479aa8536fcf64?s=96&d=mm&r=g\",\"caption\":\"moacir\"},\"url\":\"https:\/\/franciscanos.org.br\/vidacrista\/author\/moacir\/\"}]}<\/script>\n<!-- \/ Yoast SEO plugin. -->","yoast_head_json":{"title":"Celebrar a P\u00e1scoa em meio \u00e0 pandemia - Vida Crist\u00e3 - Franciscanos","robots":{"index":"index","follow":"follow","max-snippet":"max-snippet:-1","max-image-preview":"max-image-preview:large","max-video-preview":"max-video-preview:-1"},"canonical":"https:\/\/franciscanos.org.br\/vidacrista\/celebrar-a-pascoa-em-meio-a-pandemia\/","og_locale":"pt_BR","og_type":"article","og_title":"Celebrar a P\u00e1scoa em meio \u00e0 pandemia - Vida Crist\u00e3 - Franciscanos","og_description":"Artigo de Robson Ribeiro de Oliveira Castro\u00a0","og_url":"https:\/\/franciscanos.org.br\/vidacrista\/celebrar-a-pascoa-em-meio-a-pandemia\/","og_site_name":"Vida Crist\u00e3 - Franciscanos","article_published_time":"2021-04-04T08:49:26+00:00","og_image":[{"width":800,"height":550,"url":"https:\/\/franciscanos.org.br\/vidacrista\/wp-content\/uploads\/2021\/04\/artigo_04d.jpg","type":"image\/jpeg"}],"author":"moacir","twitter_card":"summary_large_image","twitter_misc":{"Escrito por":"moacir","Est. tempo de leitura":"5 minutos"},"schema":{"@context":"https:\/\/schema.org","@graph":[{"@type":"WebSite","@id":"https:\/\/franciscanos.org.br\/vidacrista\/#website","url":"https:\/\/franciscanos.org.br\/vidacrista\/","name":"Vida Crist\u00e3 - Franciscanos","description":"Prov\u00edncia Franciscana da Imaculada Concei\u00e7\u00e3o do Brasil - Ordem dos Frades Menores","potentialAction":[{"@type":"SearchAction","target":{"@type":"EntryPoint","urlTemplate":"https:\/\/franciscanos.org.br\/vidacrista\/?s={search_term_string}"},"query-input":"required name=search_term_string"}],"inLanguage":"pt-BR"},{"@type":"WebPage","@id":"https:\/\/franciscanos.org.br\/vidacrista\/celebrar-a-pascoa-em-meio-a-pandemia\/","url":"https:\/\/franciscanos.org.br\/vidacrista\/celebrar-a-pascoa-em-meio-a-pandemia\/","name":"Celebrar a P\u00e1scoa em meio \u00e0 pandemia - Vida Crist\u00e3 - Franciscanos","isPartOf":{"@id":"https:\/\/franciscanos.org.br\/vidacrista\/#website"},"datePublished":"2021-04-04T08:49:26+00:00","dateModified":"2021-04-04T08:49:26+00:00","author":{"@id":"https:\/\/franciscanos.org.br\/vidacrista\/#\/schema\/person\/1880bdd2c350b735648725ef7614736a"},"breadcrumb":{"@id":"https:\/\/franciscanos.org.br\/vidacrista\/celebrar-a-pascoa-em-meio-a-pandemia\/#breadcrumb"},"inLanguage":"pt-BR","potentialAction":[{"@type":"ReadAction","target":["https:\/\/franciscanos.org.br\/vidacrista\/celebrar-a-pascoa-em-meio-a-pandemia\/"]}]},{"@type":"BreadcrumbList","@id":"https:\/\/franciscanos.org.br\/vidacrista\/celebrar-a-pascoa-em-meio-a-pandemia\/#breadcrumb","itemListElement":[{"@type":"ListItem","position":1,"name":"Home","item":"https:\/\/franciscanos.org.br\/vidacrista\/"},{"@type":"ListItem","position":2,"name":"Celebrar a P\u00e1scoa em meio \u00e0 pandemia"}]},{"@type":"Person","@id":"https:\/\/franciscanos.org.br\/vidacrista\/#\/schema\/person\/1880bdd2c350b735648725ef7614736a","name":"moacir","image":{"@type":"ImageObject","inLanguage":"pt-BR","@id":"https:\/\/franciscanos.org.br\/vidacrista\/#\/schema\/person\/image\/","url":"https:\/\/secure.gravatar.com\/avatar\/d08aa2ce4c8dd416d4479aa8536fcf64?s=96&d=mm&r=g","contentUrl":"https:\/\/secure.gravatar.com\/avatar\/d08aa2ce4c8dd416d4479aa8536fcf64?s=96&d=mm&r=g","caption":"moacir"},"url":"https:\/\/franciscanos.org.br\/vidacrista\/author\/moacir\/"}]}},"_links":{"self":[{"href":"https:\/\/franciscanos.org.br\/vidacrista\/wp-json\/wp\/v2\/posts\/189313"}],"collection":[{"href":"https:\/\/franciscanos.org.br\/vidacrista\/wp-json\/wp\/v2\/posts"}],"about":[{"href":"https:\/\/franciscanos.org.br\/vidacrista\/wp-json\/wp\/v2\/types\/post"}],"author":[{"embeddable":true,"href":"https:\/\/franciscanos.org.br\/vidacrista\/wp-json\/wp\/v2\/users\/3"}],"replies":[{"embeddable":true,"href":"https:\/\/franciscanos.org.br\/vidacrista\/wp-json\/wp\/v2\/comments?post=189313"}],"version-history":[{"count":1,"href":"https:\/\/franciscanos.org.br\/vidacrista\/wp-json\/wp\/v2\/posts\/189313\/revisions"}],"predecessor-version":[{"id":189316,"href":"https:\/\/franciscanos.org.br\/vidacrista\/wp-json\/wp\/v2\/posts\/189313\/revisions\/189316"}],"wp:featuredmedia":[{"embeddable":true,"href":"https:\/\/franciscanos.org.br\/vidacrista\/wp-json\/wp\/v2\/media\/189315"}],"wp:attachment":[{"href":"https:\/\/franciscanos.org.br\/vidacrista\/wp-json\/wp\/v2\/media?parent=189313"}],"wp:term":[{"taxonomy":"category","embeddable":true,"href":"https:\/\/franciscanos.org.br\/vidacrista\/wp-json\/wp\/v2\/categories?post=189313"},{"taxonomy":"post_tag","embeddable":true,"href":"https:\/\/franciscanos.org.br\/vidacrista\/wp-json\/wp\/v2\/tags?post=189313"}],"curies":[{"name":"wp","href":"https:\/\/api.w.org\/{rel}","templated":true}]}}