{"id":189308,"date":"2021-04-04T05:34:09","date_gmt":"2021-04-04T08:34:09","guid":{"rendered":"https:\/\/franciscanos.org.br\/vidacrista\/?p=189308"},"modified":"2021-04-04T05:34:09","modified_gmt":"2021-04-04T08:34:09","slug":"nao-existe-pascoa-sem-morte-e-sem-dor","status":"publish","type":"post","link":"https:\/\/franciscanos.org.br\/vidacrista\/nao-existe-pascoa-sem-morte-e-sem-dor\/","title":{"rendered":"N\u00e3o existe P\u00e1scoa sem morte e sem dor"},"content":{"rendered":"<div id=\"attachment_189309\" style=\"width: 850px\" class=\"wp-caption alignnone\"><img aria-describedby=\"caption-attachment-189309\" decoding=\"async\" loading=\"lazy\" class=\"wp-image-189309 size-full\" src=\"https:\/\/franciscanos.org.br\/vidacrista\/wp-content\/uploads\/2021\/04\/pascoa_04.jpg\" alt=\"\" width=\"840\" height=\"450\" srcset=\"https:\/\/franciscanos.org.br\/vidacrista\/wp-content\/uploads\/2021\/04\/pascoa_04.jpg 840w, https:\/\/franciscanos.org.br\/vidacrista\/wp-content\/uploads\/2021\/04\/pascoa_04-450x241.jpg 450w, https:\/\/franciscanos.org.br\/vidacrista\/wp-content\/uploads\/2021\/04\/pascoa_04-768x411.jpg 768w, https:\/\/franciscanos.org.br\/vidacrista\/wp-content\/uploads\/2021\/04\/pascoa_04-150x80.jpg 150w\" sizes=\"(max-width: 840px) 100vw, 840px\" \/><p id=\"caption-attachment-189309\" class=\"wp-caption-text\">\u00a0 \u00a0 \u00a0 \u00a0 \u00a0 \u00a0 \u00a0 \u00a0 \u00a0 \u00a0 \u00a0 \u00a0 \u00a0 \u00a0 \u00a0 \u00a0 \u00a0 \u00a0 \u00a0 \u00a0 \u00a0 \u00a0 \u00a0 \u00a0 \u00a0 \u00a0 \u00a0 \u00a0 \u00a0 \u00a0 \u00a0 \u00a0 \u00a0 \u00a0 \u00a0 \u00a0 \u00a0 \u00a0 \u00a0 \u00a0 \u00a0 \u00a0 \u00a0 \u00a0 \u00a0 \u00a0 \u00a0 \u00a0 \u00a0 \u00a0 <em>\u00a0Imagem ilustrativa (fonte: <a href=\"https:\/\/www.cathopic.com\/\">Catholic Pictures<\/a>)<\/em><\/p><\/div>\n<p><em>\u00a0<\/em><em>Frei Jacir de Freitas Faria, OFM<\/em><a href=\"#_ftn1\" name=\"_ftnref1\">[1]<\/a><\/p>\n<p>P\u00e1scoa, como parece simples e quase banal falar de P\u00e1scoa em nossos dias! Basta ofertar um ovo de P\u00e1scoa e agradecer ao coelhinho que o trouxe para mim. Voc\u00ea me diria que n\u00e3o tenho raz\u00e3o, pois com esses s\u00edmbolos celebramos a vida que nasce do ovo e se multiplica velozmente nos coelhos. Verdade! Voc\u00ea tem raz\u00e3o. Precisamos de s\u00edmbolos para viver, suportar a vida na sua dureza, na sua dor sem fim. Os s\u00edmbolos nos ligam ao mundo imagin\u00e1rio dos sonhos.<\/p>\n<p>P\u00e1scoa \u00e9 tamb\u00e9m isso e muito mais. Os judeus celebram a P\u00e1scoa relembrando a sa\u00edda da escravid\u00e3o do Egito. N\u00f3s a celebramos recordando a passagem de Jesus para junto do Pai. Os judeus comem o cordeiro. Para n\u00f3s, crist\u00e3os, o cordeiro \u00e9 Jesus imolado para nos salvar.<\/p>\n<p><iframe loading=\"lazy\" title=\"O real sentido da P\u00e1scoa: Passagem da dor para a vida que espera sempre! Com Frei Jacir de Freitas\" width=\"500\" height=\"281\" src=\"https:\/\/www.youtube.com\/embed\/qkLoJ3ht0Cw?feature=oembed\" frameborder=\"0\" allow=\"accelerometer; autoplay; clipboard-write; encrypted-media; gyroscope; picture-in-picture\" allowfullscreen><\/iframe><\/p>\n<p>A morte est\u00e1 presente nessas duas experi\u00eancias pascais. O medo dos judeus de perderem os seus primog\u00eanitos para o anjo da morte fez com eles marcassem suas casas com o sangue da morte de um cordeiro, de modo que o anjo da morte pudesse pular as casas marcadas. Isso se explica pelo fato de que P\u00e1scoa, <span style=\"font-style: normal !msorm;\"><em>P<\/em><\/span><span style=\"font-style: normal !msorm;\"><em>essach<\/em><\/span>, em hebraico, em sua formar verbal <span style=\"font-style: normal !msorm;\"><em>piel<\/em><\/span> \u00e9 tamb\u00e9m pular ou mancar.<\/p>\n<p>A dor da morte do cordeiro, um animal de grande do\u00e7ura, cordialidade e pr\u00f3ximo da fam\u00edlia judaica que o sacrifica na v\u00e9spera do Jantar (<span style=\"font-style: normal !msorm;\"><em>S\u00e9der<\/em><\/span>) de <span style=\"font-style: normal !msorm;\"><em>Pessach<\/em><\/span>, \u00e9 quase um despedir-se daqueles que ele aprendeu a gostar. Ele morre chorando. A dor da morte de Jesus na cruz o levou a soltar um grande grito, mas tamb\u00e9m a dizer: \u201cTudo est\u00e1 consumado!\u201d (Jo 19,30). \u00a0H\u00e1 uma diferen\u00e7a entre a morte do cordeiro e a de Jesus. Morto na cruz e abandonado pelos seus amigos, Jesus n\u00e3o foi abandonado por Deus que, na sua passagem, o levou de volta para a sua casa, a casa do Pai, de onde viera.<\/p>\n<p>Casa do Pai, de Deus, em contraste com a casa dos judeus e casa de nossa vida. Ela tem nome, Egito de nossa vida. Egito em hebraico, <span style=\"font-style: normal !msorm;\"><em>Mizraim<\/em><\/span>, lugar da pris\u00e3o, onde passamos a vida sofrendo, procurando amar e ser amado. Egito nunca mais!<\/p>\n<p>Assim fez Jesus, que passou a vida na casa de sua fam\u00edlia e de seus amigos. Trabalhou com eles. Conheceu a limita\u00e7\u00e3o de um Pedro traidor, a quem ele disse, te amo assim mesmo. Aceitou Judas, o ladr\u00e3o, no seu seleto grupo de amigos. N\u00e3o por menos, amigo, amado e pastor, o mestre, s\u00e3o correlatos em hebraico.<\/p>\n<p>O grande segredo da P\u00e1scoa de Jesus foi de viver com sabedoria a dor de viver para fazer a P\u00e1scoa. Olha que interessante, na v\u00e9spera de sua morte, ele exigiu que celebrassem com ele a festa da P\u00e1scoa, a sua P\u00e1scoa, a sua passagem. Muitas vezes antes, ele j\u00e1 havia preparado os seus amigos para a dor que eles sentiriam com a sua morte. Eles sofreriam porque aprenderam a am\u00e1-lo, assim como Jesus os amou. Jesus sabia que quem ama sofre. Ningu\u00e9m vive sem sofrer. Ao nascer, j\u00e1 sofremos para deixar o \u00fatero, a casca do ovo que nos protegia. E a\u00ed vem o choro de alegria e de tristeza de ter que viver.<\/p>\n<p>A nossa vida \u00e9 um caminhar para superar a limita\u00e7\u00e3o de ser humano para nos tornarmos um ser divino. P\u00e1scoa \u00e9 a passagem, volta para Deus, assim como fez Jesus.<\/p>\n<p>No viver com todos esses simbolismos nos unimos com o Eterno. E para n\u00f3s fica uma certeza: Jesus prometeu que continuaria conosco, que voltaria, que nos deixaria o Esp\u00edrito Santo, de modo que, assim Ele estaria, definitivamente, unido a n\u00f3s na dor e no amor. Isso \u00e9 P\u00e1scoa!<\/p>\n<p>Da dor da morte, renasce a vida eterna. Da casa do Pai, Ele nos protege, cuida e nos orienta. Na casa de nossa vida, Ele estar\u00e1 para sempre. Ele est\u00e1 com Covid 19.<\/p>\n<p>N\u00e3o existe P\u00e1scoa sem morte! Pascoa \u00e9 experimentar Deus na vida, mas tamb\u00e9m na dor e na solid\u00e3o da aus\u00eancia. Feliz Pascoa para voc\u00ea! Compartilhe essa mensagem de f\u00e9, nesse tempo de tanta da dor e esperan\u00e7a.<\/p>\n<hr \/>\n<p><a href=\"#_ftnref1\" name=\"_ftn1\">[1]<\/a> Doutor em Teologia B\u00edblica pela FAJE-BH. Mestre em Ci\u00eancias B\u00edblicas (Exegese) pelo Pontif\u00edcio Instituto B\u00edblico de Roma. Professor de exegese b\u00edblica. Membro da Associa\u00e7\u00e3o Brasileira de Pesquisa B\u00edblica (ABIB). Sacerdote Franciscano. Autor de dez livros e coautor de quatorze. \u00a0Inscreva-se no nosso canal no You Tube: Frei Jacir B\u00edblia e Ap\u00f3crifos ou <a href=\"https:\/\/www.youtube.com\/c\/FreiJacirdeFreitasFariaB%C3%ADbliaAp%C3%B3crifos\">https:\/\/www.youtube.com\/c\/FreiJacirdeFreitasFariaB%C3%ADbliaAp%C3%B3crifos<\/a><\/p>\n","protected":false},"excerpt":{"rendered":"<p>Artigo de \u00a0Frei Jacir de Freitas Faria<\/p>\n","protected":false},"author":3,"featured_media":189310,"comment_status":"open","ping_status":"open","sticky":false,"template":"","format":"standard","meta":{"footnotes":""},"categories":[26],"tags":[43],"yoast_head":"<!-- This site is optimized with the Yoast SEO plugin v19.4 - https:\/\/yoast.com\/wordpress\/plugins\/seo\/ -->\n<title>N\u00e3o existe P\u00e1scoa sem morte e sem dor - Vida Crist\u00e3 - Franciscanos<\/title>\n<meta name=\"robots\" content=\"index, follow, max-snippet:-1, max-image-preview:large, max-video-preview:-1\" \/>\n<link rel=\"canonical\" href=\"https:\/\/franciscanos.org.br\/vidacrista\/nao-existe-pascoa-sem-morte-e-sem-dor\/\" \/>\n<meta property=\"og:locale\" content=\"pt_BR\" \/>\n<meta property=\"og:type\" content=\"article\" \/>\n<meta property=\"og:title\" content=\"N\u00e3o existe P\u00e1scoa sem morte e sem dor - Vida Crist\u00e3 - Franciscanos\" \/>\n<meta property=\"og:description\" content=\"Artigo de \u00a0Frei Jacir de Freitas Faria\" \/>\n<meta property=\"og:url\" content=\"https:\/\/franciscanos.org.br\/vidacrista\/nao-existe-pascoa-sem-morte-e-sem-dor\/\" \/>\n<meta property=\"og:site_name\" content=\"Vida Crist\u00e3 - Franciscanos\" \/>\n<meta property=\"article:published_time\" content=\"2021-04-04T08:34:09+00:00\" \/>\n<meta property=\"og:image\" content=\"https:\/\/franciscanos.org.br\/vidacrista\/wp-content\/uploads\/2021\/04\/pascoa_04d.jpg\" \/>\n\t<meta property=\"og:image:width\" content=\"800\" \/>\n\t<meta property=\"og:image:height\" content=\"550\" \/>\n\t<meta property=\"og:image:type\" content=\"image\/jpeg\" \/>\n<meta name=\"author\" content=\"moacir\" \/>\n<meta name=\"twitter:card\" content=\"summary_large_image\" \/>\n<meta name=\"twitter:label1\" content=\"Escrito por\" \/>\n\t<meta name=\"twitter:data1\" content=\"moacir\" \/>\n\t<meta name=\"twitter:label2\" content=\"Est. tempo de leitura\" \/>\n\t<meta name=\"twitter:data2\" content=\"4 minutos\" \/>\n<script type=\"application\/ld+json\" class=\"yoast-schema-graph\">{\"@context\":\"https:\/\/schema.org\",\"@graph\":[{\"@type\":\"WebSite\",\"@id\":\"https:\/\/franciscanos.org.br\/vidacrista\/#website\",\"url\":\"https:\/\/franciscanos.org.br\/vidacrista\/\",\"name\":\"Vida Crist\u00e3 - Franciscanos\",\"description\":\"Prov\u00edncia Franciscana da Imaculada Concei\u00e7\u00e3o do Brasil - Ordem dos Frades Menores\",\"potentialAction\":[{\"@type\":\"SearchAction\",\"target\":{\"@type\":\"EntryPoint\",\"urlTemplate\":\"https:\/\/franciscanos.org.br\/vidacrista\/?s={search_term_string}\"},\"query-input\":\"required name=search_term_string\"}],\"inLanguage\":\"pt-BR\"},{\"@type\":\"WebPage\",\"@id\":\"https:\/\/franciscanos.org.br\/vidacrista\/nao-existe-pascoa-sem-morte-e-sem-dor\/\",\"url\":\"https:\/\/franciscanos.org.br\/vidacrista\/nao-existe-pascoa-sem-morte-e-sem-dor\/\",\"name\":\"N\u00e3o existe P\u00e1scoa sem morte e sem dor - Vida Crist\u00e3 - Franciscanos\",\"isPartOf\":{\"@id\":\"https:\/\/franciscanos.org.br\/vidacrista\/#website\"},\"datePublished\":\"2021-04-04T08:34:09+00:00\",\"dateModified\":\"2021-04-04T08:34:09+00:00\",\"author\":{\"@id\":\"https:\/\/franciscanos.org.br\/vidacrista\/#\/schema\/person\/1880bdd2c350b735648725ef7614736a\"},\"breadcrumb\":{\"@id\":\"https:\/\/franciscanos.org.br\/vidacrista\/nao-existe-pascoa-sem-morte-e-sem-dor\/#breadcrumb\"},\"inLanguage\":\"pt-BR\",\"potentialAction\":[{\"@type\":\"ReadAction\",\"target\":[\"https:\/\/franciscanos.org.br\/vidacrista\/nao-existe-pascoa-sem-morte-e-sem-dor\/\"]}]},{\"@type\":\"BreadcrumbList\",\"@id\":\"https:\/\/franciscanos.org.br\/vidacrista\/nao-existe-pascoa-sem-morte-e-sem-dor\/#breadcrumb\",\"itemListElement\":[{\"@type\":\"ListItem\",\"position\":1,\"name\":\"Home\",\"item\":\"https:\/\/franciscanos.org.br\/vidacrista\/\"},{\"@type\":\"ListItem\",\"position\":2,\"name\":\"N\u00e3o existe P\u00e1scoa sem morte e sem dor\"}]},{\"@type\":\"Person\",\"@id\":\"https:\/\/franciscanos.org.br\/vidacrista\/#\/schema\/person\/1880bdd2c350b735648725ef7614736a\",\"name\":\"moacir\",\"image\":{\"@type\":\"ImageObject\",\"inLanguage\":\"pt-BR\",\"@id\":\"https:\/\/franciscanos.org.br\/vidacrista\/#\/schema\/person\/image\/\",\"url\":\"https:\/\/secure.gravatar.com\/avatar\/d08aa2ce4c8dd416d4479aa8536fcf64?s=96&d=mm&r=g\",\"contentUrl\":\"https:\/\/secure.gravatar.com\/avatar\/d08aa2ce4c8dd416d4479aa8536fcf64?s=96&d=mm&r=g\",\"caption\":\"moacir\"},\"url\":\"https:\/\/franciscanos.org.br\/vidacrista\/author\/moacir\/\"}]}<\/script>\n<!-- \/ Yoast SEO plugin. -->","yoast_head_json":{"title":"N\u00e3o existe P\u00e1scoa sem morte e sem dor - Vida Crist\u00e3 - Franciscanos","robots":{"index":"index","follow":"follow","max-snippet":"max-snippet:-1","max-image-preview":"max-image-preview:large","max-video-preview":"max-video-preview:-1"},"canonical":"https:\/\/franciscanos.org.br\/vidacrista\/nao-existe-pascoa-sem-morte-e-sem-dor\/","og_locale":"pt_BR","og_type":"article","og_title":"N\u00e3o existe P\u00e1scoa sem morte e sem dor - Vida Crist\u00e3 - Franciscanos","og_description":"Artigo de \u00a0Frei Jacir de Freitas Faria","og_url":"https:\/\/franciscanos.org.br\/vidacrista\/nao-existe-pascoa-sem-morte-e-sem-dor\/","og_site_name":"Vida Crist\u00e3 - Franciscanos","article_published_time":"2021-04-04T08:34:09+00:00","og_image":[{"width":800,"height":550,"url":"https:\/\/franciscanos.org.br\/vidacrista\/wp-content\/uploads\/2021\/04\/pascoa_04d.jpg","type":"image\/jpeg"}],"author":"moacir","twitter_card":"summary_large_image","twitter_misc":{"Escrito por":"moacir","Est. tempo de leitura":"4 minutos"},"schema":{"@context":"https:\/\/schema.org","@graph":[{"@type":"WebSite","@id":"https:\/\/franciscanos.org.br\/vidacrista\/#website","url":"https:\/\/franciscanos.org.br\/vidacrista\/","name":"Vida Crist\u00e3 - Franciscanos","description":"Prov\u00edncia Franciscana da Imaculada Concei\u00e7\u00e3o do Brasil - Ordem dos Frades Menores","potentialAction":[{"@type":"SearchAction","target":{"@type":"EntryPoint","urlTemplate":"https:\/\/franciscanos.org.br\/vidacrista\/?s={search_term_string}"},"query-input":"required name=search_term_string"}],"inLanguage":"pt-BR"},{"@type":"WebPage","@id":"https:\/\/franciscanos.org.br\/vidacrista\/nao-existe-pascoa-sem-morte-e-sem-dor\/","url":"https:\/\/franciscanos.org.br\/vidacrista\/nao-existe-pascoa-sem-morte-e-sem-dor\/","name":"N\u00e3o existe P\u00e1scoa sem morte e sem dor - Vida Crist\u00e3 - Franciscanos","isPartOf":{"@id":"https:\/\/franciscanos.org.br\/vidacrista\/#website"},"datePublished":"2021-04-04T08:34:09+00:00","dateModified":"2021-04-04T08:34:09+00:00","author":{"@id":"https:\/\/franciscanos.org.br\/vidacrista\/#\/schema\/person\/1880bdd2c350b735648725ef7614736a"},"breadcrumb":{"@id":"https:\/\/franciscanos.org.br\/vidacrista\/nao-existe-pascoa-sem-morte-e-sem-dor\/#breadcrumb"},"inLanguage":"pt-BR","potentialAction":[{"@type":"ReadAction","target":["https:\/\/franciscanos.org.br\/vidacrista\/nao-existe-pascoa-sem-morte-e-sem-dor\/"]}]},{"@type":"BreadcrumbList","@id":"https:\/\/franciscanos.org.br\/vidacrista\/nao-existe-pascoa-sem-morte-e-sem-dor\/#breadcrumb","itemListElement":[{"@type":"ListItem","position":1,"name":"Home","item":"https:\/\/franciscanos.org.br\/vidacrista\/"},{"@type":"ListItem","position":2,"name":"N\u00e3o existe P\u00e1scoa sem morte e sem dor"}]},{"@type":"Person","@id":"https:\/\/franciscanos.org.br\/vidacrista\/#\/schema\/person\/1880bdd2c350b735648725ef7614736a","name":"moacir","image":{"@type":"ImageObject","inLanguage":"pt-BR","@id":"https:\/\/franciscanos.org.br\/vidacrista\/#\/schema\/person\/image\/","url":"https:\/\/secure.gravatar.com\/avatar\/d08aa2ce4c8dd416d4479aa8536fcf64?s=96&d=mm&r=g","contentUrl":"https:\/\/secure.gravatar.com\/avatar\/d08aa2ce4c8dd416d4479aa8536fcf64?s=96&d=mm&r=g","caption":"moacir"},"url":"https:\/\/franciscanos.org.br\/vidacrista\/author\/moacir\/"}]}},"_links":{"self":[{"href":"https:\/\/franciscanos.org.br\/vidacrista\/wp-json\/wp\/v2\/posts\/189308"}],"collection":[{"href":"https:\/\/franciscanos.org.br\/vidacrista\/wp-json\/wp\/v2\/posts"}],"about":[{"href":"https:\/\/franciscanos.org.br\/vidacrista\/wp-json\/wp\/v2\/types\/post"}],"author":[{"embeddable":true,"href":"https:\/\/franciscanos.org.br\/vidacrista\/wp-json\/wp\/v2\/users\/3"}],"replies":[{"embeddable":true,"href":"https:\/\/franciscanos.org.br\/vidacrista\/wp-json\/wp\/v2\/comments?post=189308"}],"version-history":[{"count":1,"href":"https:\/\/franciscanos.org.br\/vidacrista\/wp-json\/wp\/v2\/posts\/189308\/revisions"}],"predecessor-version":[{"id":189312,"href":"https:\/\/franciscanos.org.br\/vidacrista\/wp-json\/wp\/v2\/posts\/189308\/revisions\/189312"}],"wp:featuredmedia":[{"embeddable":true,"href":"https:\/\/franciscanos.org.br\/vidacrista\/wp-json\/wp\/v2\/media\/189310"}],"wp:attachment":[{"href":"https:\/\/franciscanos.org.br\/vidacrista\/wp-json\/wp\/v2\/media?parent=189308"}],"wp:term":[{"taxonomy":"category","embeddable":true,"href":"https:\/\/franciscanos.org.br\/vidacrista\/wp-json\/wp\/v2\/categories?post=189308"},{"taxonomy":"post_tag","embeddable":true,"href":"https:\/\/franciscanos.org.br\/vidacrista\/wp-json\/wp\/v2\/tags?post=189308"}],"curies":[{"name":"wp","href":"https:\/\/api.w.org\/{rel}","templated":true}]}}