{"id":189300,"date":"2021-04-02T06:39:16","date_gmt":"2021-04-02T09:39:16","guid":{"rendered":"https:\/\/franciscanos.org.br\/vidacrista\/?p=189300"},"modified":"2021-04-02T06:39:16","modified_gmt":"2021-04-02T09:39:16","slug":"a-criatura-e-como-um-beijo-de-amor","status":"publish","type":"post","link":"https:\/\/franciscanos.org.br\/vidacrista\/a-criatura-e-como-um-beijo-de-amor\/","title":{"rendered":"A criatura \u00e9 como um beijo de amor"},"content":{"rendered":"<div id=\"attachment_189301\" style=\"width: 850px\" class=\"wp-caption alignnone\"><img aria-describedby=\"caption-attachment-189301\" decoding=\"async\" loading=\"lazy\" class=\"wp-image-189301 size-full\" src=\"https:\/\/franciscanos.org.br\/vidacrista\/wp-content\/uploads\/2021\/04\/francisco_sexta_02.jpg\" alt=\"\" width=\"840\" height=\"450\" srcset=\"https:\/\/franciscanos.org.br\/vidacrista\/wp-content\/uploads\/2021\/04\/francisco_sexta_02.jpg 840w, https:\/\/franciscanos.org.br\/vidacrista\/wp-content\/uploads\/2021\/04\/francisco_sexta_02-450x241.jpg 450w, https:\/\/franciscanos.org.br\/vidacrista\/wp-content\/uploads\/2021\/04\/francisco_sexta_02-768x411.jpg 768w, https:\/\/franciscanos.org.br\/vidacrista\/wp-content\/uploads\/2021\/04\/francisco_sexta_02-150x80.jpg 150w\" sizes=\"(max-width: 840px) 100vw, 840px\" \/><p id=\"caption-attachment-189301\" class=\"wp-caption-text\">\u00a0 \u00a0 \u00a0 \u00a0 \u00a0 \u00a0 \u00a0 \u00a0 \u00a0 \u00a0 \u00a0 \u00a0 \u00a0 \u00a0 \u00a0 \u00a0 \u00a0 \u00a0 \u00a0 \u00a0 \u00a0 \u00a0 \u00a0 \u00a0 \u00a0 \u00a0 \u00a0 \u00a0 \u00a0 \u00a0 \u00a0 \u00a0 \u00a0 \u00a0 \u00a0 \u00a0 \u00a0 \u00a0 \u00a0 \u00a0 \u00a0 <em>\u00a0Imagem: Bartolom\u00e9 Esteban Murillo (dom\u00ednio p\u00fablico)<\/em><\/p><\/div>\n<p>Incont\u00e1veis vezes j\u00e1 participamos de celebra\u00e7\u00f5es da Semana Santa em que os \u00faltimos acontecimentos da vida terrena de Jesus s\u00e3o vivamente colocados diante de nossos olhos e sua for\u00e7a questiona a qualidade de nossa vida de disc\u00edpulos. Imposs\u00edvel fazer o elenco de pessoas que se deixaram tocar pelo amor de Deus que transparece cristalinamente nos momentos finais da vida de Jesus. Tomamos como exemplo o encontro de Francisco de Assis com o Crucificado.<\/p>\n<p>O Senhor misteriosamente foi trabalhando o Pobrezinho. Ele vai sendo apresentado ao Evangelho, moldado pelo Evangelho, quer dizer pela pessoa viva de Jesus. Um rapaz meio igual a muitos outros rapazes. Tendo sido batizado e circulado nos ambientes crist\u00e3os sem mais, percebe que algo come\u00e7a a remexer dentro dele, essa insatisfa\u00e7\u00e3o interior misteriosa meio depressiva. Depois aquele beijo no leproso e esse Crucifixo de S\u00e3o Dami\u00e3o.<\/p>\n<p>O Evangelho deixou de ser uma leitura que adormecia as pessoas na missa e passou a ser um fogo que queima. Diante do Crucifixo ele tem a certeza do amor. Ele \u00e9 objeto desse amor. Aquele ser dilacerado, desfeito, impotente penetrava no mais \u00edntimo como que a lhe dizer: \u201cVem, vamos juntos, eu estou a entregar todo o meu querer, meu caro Francesco. Vamos juntos\u201d.<\/p>\n<p>Francisco entra na atmosfera do amor. Tem a certeza de que \u00e9 querido. Frei David de Azevedo nos ajuda a compreender essa \u201cloucura\u201d do amor de Francisco. Tudo se baseia na consci\u00eancia de nossa indig\u00eancia e na certeza do olhar que nos ama: \u201cA pobreza \u00e9 o salto ontol\u00f3gico do homem que vive a ang\u00fastia de ser salvo, para o homem que vive a felicidade de ser amado. O Amor n\u00e3o \u00e9 amado. O Amor n\u00e3o \u00e9 amado. Este grito de Francisco \u00e9 o grito da descoberta. Eureka! Viver a descoberta de ser amado; e isto na raiz da pr\u00f3pria exist\u00eancia. Sentir o \u201cser criatura\u201d n\u00e3o como condi\u00e7\u00e3o humilhante, mas como um beijo de amor. Eu existo porque sou um beijo enternecido do Criador\u201d (Fr. David Azevedo, S. Francisco f\u00e9 e vida, Ed.Franciscana, Braga, p. 48).<\/p>\n<p><em>SENTIR-SE CRIATURA COMO UM BEIJO DE AMOR<\/em><\/p>\n<hr \/>\n<p><strong>Frei Almir Guimar\u00e3es<\/strong><\/p>\n","protected":false},"excerpt":{"rendered":"<p>Primeira Sexta-feira do M\u00eas<\/p>\n","protected":false},"author":3,"featured_media":189302,"comment_status":"open","ping_status":"open","sticky":false,"template":"","format":"standard","meta":{"footnotes":""},"categories":[105],"tags":[212],"yoast_head":"<!-- This site is optimized with the Yoast SEO plugin v19.4 - https:\/\/yoast.com\/wordpress\/plugins\/seo\/ -->\n<title>A criatura \u00e9 como um beijo de amor - Vida Crist\u00e3 - Franciscanos<\/title>\n<meta name=\"robots\" content=\"index, follow, max-snippet:-1, max-image-preview:large, max-video-preview:-1\" \/>\n<link rel=\"canonical\" href=\"https:\/\/franciscanos.org.br\/vidacrista\/a-criatura-e-como-um-beijo-de-amor\/\" \/>\n<meta property=\"og:locale\" content=\"pt_BR\" \/>\n<meta property=\"og:type\" content=\"article\" \/>\n<meta property=\"og:title\" content=\"A criatura \u00e9 como um beijo de amor - Vida Crist\u00e3 - Franciscanos\" \/>\n<meta property=\"og:description\" content=\"Primeira Sexta-feira do M\u00eas\" \/>\n<meta property=\"og:url\" content=\"https:\/\/franciscanos.org.br\/vidacrista\/a-criatura-e-como-um-beijo-de-amor\/\" \/>\n<meta property=\"og:site_name\" content=\"Vida Crist\u00e3 - Franciscanos\" \/>\n<meta property=\"article:published_time\" content=\"2021-04-02T09:39:16+00:00\" \/>\n<meta property=\"og:image\" content=\"https:\/\/franciscanos.org.br\/vidacrista\/wp-content\/uploads\/2021\/04\/francisco_sexta_02d.jpg\" \/>\n\t<meta property=\"og:image:width\" content=\"800\" \/>\n\t<meta property=\"og:image:height\" content=\"549\" \/>\n\t<meta property=\"og:image:type\" content=\"image\/jpeg\" \/>\n<meta name=\"author\" content=\"moacir\" \/>\n<meta name=\"twitter:card\" content=\"summary_large_image\" \/>\n<meta name=\"twitter:label1\" content=\"Escrito por\" \/>\n\t<meta name=\"twitter:data1\" content=\"moacir\" \/>\n\t<meta name=\"twitter:label2\" content=\"Est. tempo de leitura\" \/>\n\t<meta name=\"twitter:data2\" content=\"2 minutos\" \/>\n<script type=\"application\/ld+json\" class=\"yoast-schema-graph\">{\"@context\":\"https:\/\/schema.org\",\"@graph\":[{\"@type\":\"WebSite\",\"@id\":\"https:\/\/franciscanos.org.br\/vidacrista\/#website\",\"url\":\"https:\/\/franciscanos.org.br\/vidacrista\/\",\"name\":\"Vida Crist\u00e3 - Franciscanos\",\"description\":\"Prov\u00edncia Franciscana da Imaculada Concei\u00e7\u00e3o do Brasil - Ordem dos Frades Menores\",\"potentialAction\":[{\"@type\":\"SearchAction\",\"target\":{\"@type\":\"EntryPoint\",\"urlTemplate\":\"https:\/\/franciscanos.org.br\/vidacrista\/?s={search_term_string}\"},\"query-input\":\"required name=search_term_string\"}],\"inLanguage\":\"pt-BR\"},{\"@type\":\"WebPage\",\"@id\":\"https:\/\/franciscanos.org.br\/vidacrista\/a-criatura-e-como-um-beijo-de-amor\/\",\"url\":\"https:\/\/franciscanos.org.br\/vidacrista\/a-criatura-e-como-um-beijo-de-amor\/\",\"name\":\"A criatura \u00e9 como um beijo de amor - Vida Crist\u00e3 - Franciscanos\",\"isPartOf\":{\"@id\":\"https:\/\/franciscanos.org.br\/vidacrista\/#website\"},\"datePublished\":\"2021-04-02T09:39:16+00:00\",\"dateModified\":\"2021-04-02T09:39:16+00:00\",\"author\":{\"@id\":\"https:\/\/franciscanos.org.br\/vidacrista\/#\/schema\/person\/1880bdd2c350b735648725ef7614736a\"},\"breadcrumb\":{\"@id\":\"https:\/\/franciscanos.org.br\/vidacrista\/a-criatura-e-como-um-beijo-de-amor\/#breadcrumb\"},\"inLanguage\":\"pt-BR\",\"potentialAction\":[{\"@type\":\"ReadAction\",\"target\":[\"https:\/\/franciscanos.org.br\/vidacrista\/a-criatura-e-como-um-beijo-de-amor\/\"]}]},{\"@type\":\"BreadcrumbList\",\"@id\":\"https:\/\/franciscanos.org.br\/vidacrista\/a-criatura-e-como-um-beijo-de-amor\/#breadcrumb\",\"itemListElement\":[{\"@type\":\"ListItem\",\"position\":1,\"name\":\"Home\",\"item\":\"https:\/\/franciscanos.org.br\/vidacrista\/\"},{\"@type\":\"ListItem\",\"position\":2,\"name\":\"A criatura \u00e9 como um beijo de amor\"}]},{\"@type\":\"Person\",\"@id\":\"https:\/\/franciscanos.org.br\/vidacrista\/#\/schema\/person\/1880bdd2c350b735648725ef7614736a\",\"name\":\"moacir\",\"image\":{\"@type\":\"ImageObject\",\"inLanguage\":\"pt-BR\",\"@id\":\"https:\/\/franciscanos.org.br\/vidacrista\/#\/schema\/person\/image\/\",\"url\":\"https:\/\/secure.gravatar.com\/avatar\/d08aa2ce4c8dd416d4479aa8536fcf64?s=96&d=mm&r=g\",\"contentUrl\":\"https:\/\/secure.gravatar.com\/avatar\/d08aa2ce4c8dd416d4479aa8536fcf64?s=96&d=mm&r=g\",\"caption\":\"moacir\"},\"url\":\"https:\/\/franciscanos.org.br\/vidacrista\/author\/moacir\/\"}]}<\/script>\n<!-- \/ Yoast SEO plugin. -->","yoast_head_json":{"title":"A criatura \u00e9 como um beijo de amor - Vida Crist\u00e3 - Franciscanos","robots":{"index":"index","follow":"follow","max-snippet":"max-snippet:-1","max-image-preview":"max-image-preview:large","max-video-preview":"max-video-preview:-1"},"canonical":"https:\/\/franciscanos.org.br\/vidacrista\/a-criatura-e-como-um-beijo-de-amor\/","og_locale":"pt_BR","og_type":"article","og_title":"A criatura \u00e9 como um beijo de amor - Vida Crist\u00e3 - Franciscanos","og_description":"Primeira Sexta-feira do M\u00eas","og_url":"https:\/\/franciscanos.org.br\/vidacrista\/a-criatura-e-como-um-beijo-de-amor\/","og_site_name":"Vida Crist\u00e3 - Franciscanos","article_published_time":"2021-04-02T09:39:16+00:00","og_image":[{"width":800,"height":549,"url":"https:\/\/franciscanos.org.br\/vidacrista\/wp-content\/uploads\/2021\/04\/francisco_sexta_02d.jpg","type":"image\/jpeg"}],"author":"moacir","twitter_card":"summary_large_image","twitter_misc":{"Escrito por":"moacir","Est. tempo de leitura":"2 minutos"},"schema":{"@context":"https:\/\/schema.org","@graph":[{"@type":"WebSite","@id":"https:\/\/franciscanos.org.br\/vidacrista\/#website","url":"https:\/\/franciscanos.org.br\/vidacrista\/","name":"Vida Crist\u00e3 - Franciscanos","description":"Prov\u00edncia Franciscana da Imaculada Concei\u00e7\u00e3o do Brasil - Ordem dos Frades Menores","potentialAction":[{"@type":"SearchAction","target":{"@type":"EntryPoint","urlTemplate":"https:\/\/franciscanos.org.br\/vidacrista\/?s={search_term_string}"},"query-input":"required name=search_term_string"}],"inLanguage":"pt-BR"},{"@type":"WebPage","@id":"https:\/\/franciscanos.org.br\/vidacrista\/a-criatura-e-como-um-beijo-de-amor\/","url":"https:\/\/franciscanos.org.br\/vidacrista\/a-criatura-e-como-um-beijo-de-amor\/","name":"A criatura \u00e9 como um beijo de amor - Vida Crist\u00e3 - Franciscanos","isPartOf":{"@id":"https:\/\/franciscanos.org.br\/vidacrista\/#website"},"datePublished":"2021-04-02T09:39:16+00:00","dateModified":"2021-04-02T09:39:16+00:00","author":{"@id":"https:\/\/franciscanos.org.br\/vidacrista\/#\/schema\/person\/1880bdd2c350b735648725ef7614736a"},"breadcrumb":{"@id":"https:\/\/franciscanos.org.br\/vidacrista\/a-criatura-e-como-um-beijo-de-amor\/#breadcrumb"},"inLanguage":"pt-BR","potentialAction":[{"@type":"ReadAction","target":["https:\/\/franciscanos.org.br\/vidacrista\/a-criatura-e-como-um-beijo-de-amor\/"]}]},{"@type":"BreadcrumbList","@id":"https:\/\/franciscanos.org.br\/vidacrista\/a-criatura-e-como-um-beijo-de-amor\/#breadcrumb","itemListElement":[{"@type":"ListItem","position":1,"name":"Home","item":"https:\/\/franciscanos.org.br\/vidacrista\/"},{"@type":"ListItem","position":2,"name":"A criatura \u00e9 como um beijo de amor"}]},{"@type":"Person","@id":"https:\/\/franciscanos.org.br\/vidacrista\/#\/schema\/person\/1880bdd2c350b735648725ef7614736a","name":"moacir","image":{"@type":"ImageObject","inLanguage":"pt-BR","@id":"https:\/\/franciscanos.org.br\/vidacrista\/#\/schema\/person\/image\/","url":"https:\/\/secure.gravatar.com\/avatar\/d08aa2ce4c8dd416d4479aa8536fcf64?s=96&d=mm&r=g","contentUrl":"https:\/\/secure.gravatar.com\/avatar\/d08aa2ce4c8dd416d4479aa8536fcf64?s=96&d=mm&r=g","caption":"moacir"},"url":"https:\/\/franciscanos.org.br\/vidacrista\/author\/moacir\/"}]}},"_links":{"self":[{"href":"https:\/\/franciscanos.org.br\/vidacrista\/wp-json\/wp\/v2\/posts\/189300"}],"collection":[{"href":"https:\/\/franciscanos.org.br\/vidacrista\/wp-json\/wp\/v2\/posts"}],"about":[{"href":"https:\/\/franciscanos.org.br\/vidacrista\/wp-json\/wp\/v2\/types\/post"}],"author":[{"embeddable":true,"href":"https:\/\/franciscanos.org.br\/vidacrista\/wp-json\/wp\/v2\/users\/3"}],"replies":[{"embeddable":true,"href":"https:\/\/franciscanos.org.br\/vidacrista\/wp-json\/wp\/v2\/comments?post=189300"}],"version-history":[{"count":1,"href":"https:\/\/franciscanos.org.br\/vidacrista\/wp-json\/wp\/v2\/posts\/189300\/revisions"}],"predecessor-version":[{"id":189303,"href":"https:\/\/franciscanos.org.br\/vidacrista\/wp-json\/wp\/v2\/posts\/189300\/revisions\/189303"}],"wp:featuredmedia":[{"embeddable":true,"href":"https:\/\/franciscanos.org.br\/vidacrista\/wp-json\/wp\/v2\/media\/189302"}],"wp:attachment":[{"href":"https:\/\/franciscanos.org.br\/vidacrista\/wp-json\/wp\/v2\/media?parent=189300"}],"wp:term":[{"taxonomy":"category","embeddable":true,"href":"https:\/\/franciscanos.org.br\/vidacrista\/wp-json\/wp\/v2\/categories?post=189300"},{"taxonomy":"post_tag","embeddable":true,"href":"https:\/\/franciscanos.org.br\/vidacrista\/wp-json\/wp\/v2\/tags?post=189300"}],"curies":[{"name":"wp","href":"https:\/\/api.w.org\/{rel}","templated":true}]}}