{"id":189285,"date":"2021-03-30T12:23:53","date_gmt":"2021-03-30T15:23:53","guid":{"rendered":"https:\/\/franciscanos.org.br\/vidacrista\/?p=189285"},"modified":"2021-03-30T12:23:53","modified_gmt":"2021-03-30T15:23:53","slug":"caminhando-com-jesus-neste-inicio-de-semana-santa","status":"publish","type":"post","link":"https:\/\/franciscanos.org.br\/vidacrista\/caminhando-com-jesus-neste-inicio-de-semana-santa\/","title":{"rendered":"Caminhando com Jesus neste in\u00edcio de Semana Santa"},"content":{"rendered":"<div id=\"attachment_189286\" style=\"width: 850px\" class=\"wp-caption alignnone\"><img aria-describedby=\"caption-attachment-189286\" decoding=\"async\" loading=\"lazy\" class=\"wp-image-189286 size-full\" src=\"https:\/\/franciscanos.org.br\/vidacrista\/wp-content\/uploads\/2021\/03\/artigo_30.jpg\" alt=\"\" width=\"840\" height=\"450\" srcset=\"https:\/\/franciscanos.org.br\/vidacrista\/wp-content\/uploads\/2021\/03\/artigo_30.jpg 840w, https:\/\/franciscanos.org.br\/vidacrista\/wp-content\/uploads\/2021\/03\/artigo_30-450x241.jpg 450w, https:\/\/franciscanos.org.br\/vidacrista\/wp-content\/uploads\/2021\/03\/artigo_30-768x411.jpg 768w, https:\/\/franciscanos.org.br\/vidacrista\/wp-content\/uploads\/2021\/03\/artigo_30-150x80.jpg 150w\" sizes=\"(max-width: 840px) 100vw, 840px\" \/><p id=\"caption-attachment-189286\" class=\"wp-caption-text\">\u00a0 \u00a0 \u00a0 \u00a0 \u00a0 \u00a0 \u00a0 \u00a0 \u00a0 \u00a0 \u00a0 \u00a0 \u00a0 \u00a0 \u00a0 \u00a0 \u00a0 \u00a0 \u00a0 \u00a0 \u00a0 \u00a0 \u00a0 \u00a0 \u00a0 \u00a0 \u00a0 \u00a0 \u00a0 \u00a0 \u00a0 \u00a0 \u00a0 \u00a0 \u00a0 \u00a0 \u00a0 \u00a0 \u00a0 \u00a0 \u00a0 \u00a0 \u00a0 \u00a0 \u00a0 \u00a0 \u00a0 \u00a0 \u00a0 \u00a0 \u00a0 \u00a0 <em>\u00a0 \u00a0Imagem ilustrativa: (Giotto &#8211; dom\u00ednio p\u00fablico)<\/em><\/p><\/div>\n<p><strong>Robson Ribeiro de Oliveira Castro<\/strong><\/p>\n<p>O caminho de Jesus \u00e9 permeado de prova\u00e7\u00f5es e desconfortos. Ele se encontra com pessoas que o desejam e o colocam \u00e0 prova a cada instante. Depois de subir a Jerusal\u00e9m e ser aclamado com mantos e palmas, agora ele passa algumas situa\u00e7\u00f5es. A liturgia nos mostra o caminho que ele vai trilhando ao longo da Semana Santa. Sua perman\u00eancia na cidade incomoda, pois ele faz duras cr\u00edticas a todos que ali est\u00e3o acomodados e certos de fazerem o bem.<\/p>\n<p>Ao longo da Semana, Jesus vai mostrando o que acontecer\u00e1 com ele e os disc\u00edpulos ficam assustados. Assim, ele fala sobre a trai\u00e7\u00e3o que sofrer\u00e1 e todos ficam escandalizados. Padre Adroaldo Palaoro, SJ, nos mostra uma realidade importante ao falar sobre a trai\u00e7\u00e3o &#8211; termo de grande impacto na vida de todo ser humano. \u201cO ato de trair implica romper uma alian\u00e7a que uma pessoa fez com outra. Trair \u00e9 uma a\u00e7\u00e3o que implica consequ\u00eancias, e, quando se fala de relacionamento humano, envolve sofrimento e sensa\u00e7\u00e3o de abandono, gerando um estado de desconfian\u00e7a generalizada naquele que foi tra\u00eddo.\u201d<\/p>\n<p>De fato, hoje, a atual situa\u00e7\u00e3o que vivemos da pandemia da Covid-19 e o descaso do governo em buscar melhores condi\u00e7\u00f5es para as vacinas, mostra-nos o que \u00e9 uma trai\u00e7\u00e3o frente \u00e0 popula\u00e7\u00e3o que sofre e morre a cada dia. Esta realidade evidencia que n\u00e3o h\u00e1 um perfil ou um rosto para a trai\u00e7\u00e3o; ela est\u00e1 em qualquer realidade. Jesus vivenciou isso com a trai\u00e7\u00e3o de Judas, um dos seus amigos. \u201cForam anos de conviv\u00eancia nas mesmas caminhadas, nas noites ao relento, nas prega\u00e7\u00f5es, nas refei\u00e7\u00f5es simples do dia a dia e nas festas. Jesus e Judas viviam elos de amizade, de confian\u00e7a, de esperan\u00e7a entre si.\u201d<\/p>\n<p>A trai\u00e7\u00e3o de Judas para n\u00f3s \u00e9 algo inadmiss\u00edvel, impens\u00e1vel, mas \u00e9 tamb\u00e9m uma realidade das nossas vidas e nas rela\u00e7\u00f5es que temos com o outro. Papa Francisco, em sua homilia do dia 8 de abril de 2020, nos mostra algo intrigante: \u201cPensemos nos muitos Judas institucionalizados neste mundo, que exploram as pessoas. E pensemos tamb\u00e9m no pequeno Judas que cada um de n\u00f3s tem dentro de si na hora de escolher: entre lealdade ou interesse. Cada um de n\u00f3s tem a capacidade de trair, de vender, de escolher pelo pr\u00f3prio interesse. Cada um de n\u00f3s tem a possibilidade de se deixar atrair pelo amor ao dinheiro, aos bens ou pelo bem-estar futuro. \u2018Judas, onde est\u00e1s?\u2019 Mas\u00a0 fa\u00e7o esta pergunta a cada um de n\u00f3s: \u2018Tu, Judas, o pequeno Judas dentro de mim: onde est\u00e1s?\u2019.\u201d<\/p>\n<p>Esta pergunta ressoa em nosso ser e em nossa consci\u00eancia. Ser\u00e1 que, neste per\u00edodo de pandemia, em que as pessoas t\u00eam passado dificuldade e necessidades,\u00a0 t\u00eam tido apoio e em quem elas confiam? Ser\u00e1 que somos membros de uma sociedade e uma Igreja que crescem e amadurecem frente aos desafios do dia a dia?<\/p>\n<p>As respostas s\u00e3o in\u00fameras. Papa Francisco manifestou o desejo de que a Igreja fosse um \u201cHospital de campanha\u201d, local que aceita todos os feridos, sem distin\u00e7\u00e3o, comprometendo-se na preven\u00e7\u00e3o, fazendo observar os diagn\u00f3sticos e procurando agir com miseric\u00f3rdia diante dos amea\u00e7ados de morte e seus familiares. Refor\u00e7o aqui a prud\u00eancia frente \u00e0 pandemia que estamos vivendo; temos que saber levar cada situa\u00e7\u00e3o. Jesus deseja que saibamos acolher o outro e viver com ele a realidade e todos os problemas inerentes a esta pandemia.<\/p>\n<p>Vivenciar este per\u00edodo, olhando para a realidade, \u00e9 um convite \u00e0 convers\u00e3o. Diante dos desafios, somos chamados a nos colocar no processo de reinven\u00e7\u00e3o do cotidiano. Recriar atitudes e novo jeito de ser e viver. Algo ainda dif\u00edcil para uma sociedade que vive com pressa e sem tempo, voltada para dentro de seus pequenos mundos, cavernas que levam a fugir da realidade.<\/p>\n<p>Devemos ter cuidado com o excesso de informa\u00e7\u00e3o; a tecnologia veio a nosso favor, mas tamb\u00e9m nos faz adoecer. Devemos priorizar o nosso tempo, as nossas rela\u00e7\u00f5es e, sem medo de errar, priorizar a nossa espiritualidade. Para tanto, frente aos desafios atuais, que possamos buscar e alimentar a nossa espiritualidade nestes tempos de isolamento social, na nossa casa, na nossa fam\u00edlia. Acima de tudo, que sejamos atentos \u00e0s condi\u00e7\u00f5es em que estamos vivendo.<\/p>\n<hr \/>\n<p><strong>Robson Ribeiro de Oliveira Castro<\/strong>\u00a0\u00a0<em>\u00e9 leigo. Mestre em Teologia pela Faculdade Jesu\u00edta de Filosofia e Teologia (FAJE). Atualmente leciona no Instituto Teol\u00f3gico Franciscano (ITF). E-mail: robsonrcastro@yahoo.com.br.<\/em><\/p>\n","protected":false},"excerpt":{"rendered":"<p>Artigo de Robson Ribeiro de Oliveira Castro\u00a0<\/p>\n","protected":false},"author":3,"featured_media":189287,"comment_status":"open","ping_status":"open","sticky":false,"template":"","format":"standard","meta":{"footnotes":""},"categories":[26],"tags":[328],"yoast_head":"<!-- This site is optimized with the Yoast SEO plugin v19.4 - https:\/\/yoast.com\/wordpress\/plugins\/seo\/ -->\n<title>Caminhando com Jesus neste in\u00edcio de Semana Santa - Vida Crist\u00e3 - Franciscanos<\/title>\n<meta name=\"robots\" content=\"index, follow, max-snippet:-1, max-image-preview:large, max-video-preview:-1\" \/>\n<link rel=\"canonical\" href=\"https:\/\/franciscanos.org.br\/vidacrista\/caminhando-com-jesus-neste-inicio-de-semana-santa\/\" \/>\n<meta property=\"og:locale\" content=\"pt_BR\" \/>\n<meta property=\"og:type\" content=\"article\" \/>\n<meta property=\"og:title\" content=\"Caminhando com Jesus neste in\u00edcio de Semana Santa - Vida Crist\u00e3 - Franciscanos\" \/>\n<meta property=\"og:description\" content=\"Artigo de Robson Ribeiro de Oliveira Castro\u00a0\" \/>\n<meta property=\"og:url\" content=\"https:\/\/franciscanos.org.br\/vidacrista\/caminhando-com-jesus-neste-inicio-de-semana-santa\/\" \/>\n<meta property=\"og:site_name\" content=\"Vida Crist\u00e3 - Franciscanos\" \/>\n<meta property=\"article:published_time\" content=\"2021-03-30T15:23:53+00:00\" \/>\n<meta property=\"og:image\" content=\"https:\/\/franciscanos.org.br\/vidacrista\/wp-content\/uploads\/2021\/03\/artigo_30d.jpg\" \/>\n\t<meta property=\"og:image:width\" content=\"800\" \/>\n\t<meta property=\"og:image:height\" content=\"560\" \/>\n\t<meta property=\"og:image:type\" content=\"image\/jpeg\" \/>\n<meta name=\"author\" content=\"moacir\" \/>\n<meta name=\"twitter:card\" content=\"summary_large_image\" \/>\n<meta name=\"twitter:label1\" content=\"Escrito por\" \/>\n\t<meta name=\"twitter:data1\" content=\"moacir\" \/>\n\t<meta name=\"twitter:label2\" content=\"Est. tempo de leitura\" \/>\n\t<meta name=\"twitter:data2\" content=\"4 minutos\" \/>\n<script type=\"application\/ld+json\" class=\"yoast-schema-graph\">{\"@context\":\"https:\/\/schema.org\",\"@graph\":[{\"@type\":\"WebSite\",\"@id\":\"https:\/\/franciscanos.org.br\/vidacrista\/#website\",\"url\":\"https:\/\/franciscanos.org.br\/vidacrista\/\",\"name\":\"Vida Crist\u00e3 - Franciscanos\",\"description\":\"Prov\u00edncia Franciscana da Imaculada Concei\u00e7\u00e3o do Brasil - Ordem dos Frades Menores\",\"potentialAction\":[{\"@type\":\"SearchAction\",\"target\":{\"@type\":\"EntryPoint\",\"urlTemplate\":\"https:\/\/franciscanos.org.br\/vidacrista\/?s={search_term_string}\"},\"query-input\":\"required name=search_term_string\"}],\"inLanguage\":\"pt-BR\"},{\"@type\":\"WebPage\",\"@id\":\"https:\/\/franciscanos.org.br\/vidacrista\/caminhando-com-jesus-neste-inicio-de-semana-santa\/\",\"url\":\"https:\/\/franciscanos.org.br\/vidacrista\/caminhando-com-jesus-neste-inicio-de-semana-santa\/\",\"name\":\"Caminhando com Jesus neste in\u00edcio de Semana Santa - Vida Crist\u00e3 - Franciscanos\",\"isPartOf\":{\"@id\":\"https:\/\/franciscanos.org.br\/vidacrista\/#website\"},\"datePublished\":\"2021-03-30T15:23:53+00:00\",\"dateModified\":\"2021-03-30T15:23:53+00:00\",\"author\":{\"@id\":\"https:\/\/franciscanos.org.br\/vidacrista\/#\/schema\/person\/1880bdd2c350b735648725ef7614736a\"},\"breadcrumb\":{\"@id\":\"https:\/\/franciscanos.org.br\/vidacrista\/caminhando-com-jesus-neste-inicio-de-semana-santa\/#breadcrumb\"},\"inLanguage\":\"pt-BR\",\"potentialAction\":[{\"@type\":\"ReadAction\",\"target\":[\"https:\/\/franciscanos.org.br\/vidacrista\/caminhando-com-jesus-neste-inicio-de-semana-santa\/\"]}]},{\"@type\":\"BreadcrumbList\",\"@id\":\"https:\/\/franciscanos.org.br\/vidacrista\/caminhando-com-jesus-neste-inicio-de-semana-santa\/#breadcrumb\",\"itemListElement\":[{\"@type\":\"ListItem\",\"position\":1,\"name\":\"Home\",\"item\":\"https:\/\/franciscanos.org.br\/vidacrista\/\"},{\"@type\":\"ListItem\",\"position\":2,\"name\":\"Caminhando com Jesus neste in\u00edcio de Semana Santa\"}]},{\"@type\":\"Person\",\"@id\":\"https:\/\/franciscanos.org.br\/vidacrista\/#\/schema\/person\/1880bdd2c350b735648725ef7614736a\",\"name\":\"moacir\",\"image\":{\"@type\":\"ImageObject\",\"inLanguage\":\"pt-BR\",\"@id\":\"https:\/\/franciscanos.org.br\/vidacrista\/#\/schema\/person\/image\/\",\"url\":\"https:\/\/secure.gravatar.com\/avatar\/d08aa2ce4c8dd416d4479aa8536fcf64?s=96&d=mm&r=g\",\"contentUrl\":\"https:\/\/secure.gravatar.com\/avatar\/d08aa2ce4c8dd416d4479aa8536fcf64?s=96&d=mm&r=g\",\"caption\":\"moacir\"},\"url\":\"https:\/\/franciscanos.org.br\/vidacrista\/author\/moacir\/\"}]}<\/script>\n<!-- \/ Yoast SEO plugin. -->","yoast_head_json":{"title":"Caminhando com Jesus neste in\u00edcio de Semana Santa - Vida Crist\u00e3 - Franciscanos","robots":{"index":"index","follow":"follow","max-snippet":"max-snippet:-1","max-image-preview":"max-image-preview:large","max-video-preview":"max-video-preview:-1"},"canonical":"https:\/\/franciscanos.org.br\/vidacrista\/caminhando-com-jesus-neste-inicio-de-semana-santa\/","og_locale":"pt_BR","og_type":"article","og_title":"Caminhando com Jesus neste in\u00edcio de Semana Santa - Vida Crist\u00e3 - Franciscanos","og_description":"Artigo de Robson Ribeiro de Oliveira Castro\u00a0","og_url":"https:\/\/franciscanos.org.br\/vidacrista\/caminhando-com-jesus-neste-inicio-de-semana-santa\/","og_site_name":"Vida Crist\u00e3 - Franciscanos","article_published_time":"2021-03-30T15:23:53+00:00","og_image":[{"width":800,"height":560,"url":"https:\/\/franciscanos.org.br\/vidacrista\/wp-content\/uploads\/2021\/03\/artigo_30d.jpg","type":"image\/jpeg"}],"author":"moacir","twitter_card":"summary_large_image","twitter_misc":{"Escrito por":"moacir","Est. tempo de leitura":"4 minutos"},"schema":{"@context":"https:\/\/schema.org","@graph":[{"@type":"WebSite","@id":"https:\/\/franciscanos.org.br\/vidacrista\/#website","url":"https:\/\/franciscanos.org.br\/vidacrista\/","name":"Vida Crist\u00e3 - Franciscanos","description":"Prov\u00edncia Franciscana da Imaculada Concei\u00e7\u00e3o do Brasil - Ordem dos Frades Menores","potentialAction":[{"@type":"SearchAction","target":{"@type":"EntryPoint","urlTemplate":"https:\/\/franciscanos.org.br\/vidacrista\/?s={search_term_string}"},"query-input":"required name=search_term_string"}],"inLanguage":"pt-BR"},{"@type":"WebPage","@id":"https:\/\/franciscanos.org.br\/vidacrista\/caminhando-com-jesus-neste-inicio-de-semana-santa\/","url":"https:\/\/franciscanos.org.br\/vidacrista\/caminhando-com-jesus-neste-inicio-de-semana-santa\/","name":"Caminhando com Jesus neste in\u00edcio de Semana Santa - Vida Crist\u00e3 - Franciscanos","isPartOf":{"@id":"https:\/\/franciscanos.org.br\/vidacrista\/#website"},"datePublished":"2021-03-30T15:23:53+00:00","dateModified":"2021-03-30T15:23:53+00:00","author":{"@id":"https:\/\/franciscanos.org.br\/vidacrista\/#\/schema\/person\/1880bdd2c350b735648725ef7614736a"},"breadcrumb":{"@id":"https:\/\/franciscanos.org.br\/vidacrista\/caminhando-com-jesus-neste-inicio-de-semana-santa\/#breadcrumb"},"inLanguage":"pt-BR","potentialAction":[{"@type":"ReadAction","target":["https:\/\/franciscanos.org.br\/vidacrista\/caminhando-com-jesus-neste-inicio-de-semana-santa\/"]}]},{"@type":"BreadcrumbList","@id":"https:\/\/franciscanos.org.br\/vidacrista\/caminhando-com-jesus-neste-inicio-de-semana-santa\/#breadcrumb","itemListElement":[{"@type":"ListItem","position":1,"name":"Home","item":"https:\/\/franciscanos.org.br\/vidacrista\/"},{"@type":"ListItem","position":2,"name":"Caminhando com Jesus neste in\u00edcio de Semana Santa"}]},{"@type":"Person","@id":"https:\/\/franciscanos.org.br\/vidacrista\/#\/schema\/person\/1880bdd2c350b735648725ef7614736a","name":"moacir","image":{"@type":"ImageObject","inLanguage":"pt-BR","@id":"https:\/\/franciscanos.org.br\/vidacrista\/#\/schema\/person\/image\/","url":"https:\/\/secure.gravatar.com\/avatar\/d08aa2ce4c8dd416d4479aa8536fcf64?s=96&d=mm&r=g","contentUrl":"https:\/\/secure.gravatar.com\/avatar\/d08aa2ce4c8dd416d4479aa8536fcf64?s=96&d=mm&r=g","caption":"moacir"},"url":"https:\/\/franciscanos.org.br\/vidacrista\/author\/moacir\/"}]}},"_links":{"self":[{"href":"https:\/\/franciscanos.org.br\/vidacrista\/wp-json\/wp\/v2\/posts\/189285"}],"collection":[{"href":"https:\/\/franciscanos.org.br\/vidacrista\/wp-json\/wp\/v2\/posts"}],"about":[{"href":"https:\/\/franciscanos.org.br\/vidacrista\/wp-json\/wp\/v2\/types\/post"}],"author":[{"embeddable":true,"href":"https:\/\/franciscanos.org.br\/vidacrista\/wp-json\/wp\/v2\/users\/3"}],"replies":[{"embeddable":true,"href":"https:\/\/franciscanos.org.br\/vidacrista\/wp-json\/wp\/v2\/comments?post=189285"}],"version-history":[{"count":1,"href":"https:\/\/franciscanos.org.br\/vidacrista\/wp-json\/wp\/v2\/posts\/189285\/revisions"}],"predecessor-version":[{"id":189288,"href":"https:\/\/franciscanos.org.br\/vidacrista\/wp-json\/wp\/v2\/posts\/189285\/revisions\/189288"}],"wp:featuredmedia":[{"embeddable":true,"href":"https:\/\/franciscanos.org.br\/vidacrista\/wp-json\/wp\/v2\/media\/189287"}],"wp:attachment":[{"href":"https:\/\/franciscanos.org.br\/vidacrista\/wp-json\/wp\/v2\/media?parent=189285"}],"wp:term":[{"taxonomy":"category","embeddable":true,"href":"https:\/\/franciscanos.org.br\/vidacrista\/wp-json\/wp\/v2\/categories?post=189285"},{"taxonomy":"post_tag","embeddable":true,"href":"https:\/\/franciscanos.org.br\/vidacrista\/wp-json\/wp\/v2\/tags?post=189285"}],"curies":[{"name":"wp","href":"https:\/\/api.w.org\/{rel}","templated":true}]}}