{"id":189265,"date":"2021-03-28T07:36:15","date_gmt":"2021-03-28T10:36:15","guid":{"rendered":"https:\/\/franciscanos.org.br\/vidacrista\/?p=189265"},"modified":"2021-03-28T07:37:42","modified_gmt":"2021-03-28T10:37:42","slug":"durante-o-isolamento-social-o-que-ler-e-como-ler-i","status":"publish","type":"post","link":"https:\/\/franciscanos.org.br\/vidacrista\/durante-o-isolamento-social-o-que-ler-e-como-ler-i\/","title":{"rendered":"Durante o isolamento social: o que ler e como ler (I)"},"content":{"rendered":"<div id=\"attachment_189266\" style=\"width: 850px\" class=\"wp-caption alignnone\"><img aria-describedby=\"caption-attachment-189266\" decoding=\"async\" loading=\"lazy\" class=\"wp-image-189266 size-full\" src=\"https:\/\/franciscanos.org.br\/vidacrista\/wp-content\/uploads\/2021\/03\/artigo_2803.png\" alt=\"\" width=\"840\" height=\"450\" srcset=\"https:\/\/franciscanos.org.br\/vidacrista\/wp-content\/uploads\/2021\/03\/artigo_2803.png 840w, https:\/\/franciscanos.org.br\/vidacrista\/wp-content\/uploads\/2021\/03\/artigo_2803-450x241.png 450w, https:\/\/franciscanos.org.br\/vidacrista\/wp-content\/uploads\/2021\/03\/artigo_2803-768x411.png 768w, https:\/\/franciscanos.org.br\/vidacrista\/wp-content\/uploads\/2021\/03\/artigo_2803-150x80.png 150w\" sizes=\"(max-width: 840px) 100vw, 840px\" \/><p id=\"caption-attachment-189266\" class=\"wp-caption-text\"><em>\u00a0 \u00a0 \u00a0 \u00a0 \u00a0 \u00a0 \u00a0 \u00a0 \u00a0 \u00a0 \u00a0 \u00a0 \u00a0 \u00a0 \u00a0 \u00a0 \u00a0 \u00a0 \u00a0 \u00a0 \u00a0 \u00a0 \u00a0 \u00a0 \u00a0 \u00a0 \u00a0 \u00a0 \u00a0 \u00a0 \u00a0Imagem ilustrativa: Canva (<a href=\"https:\/\/www.canva.com\/pt_br\/modelos\/\">www.canva.com\/pt_br\/modelos<\/a>)<\/em><\/p><\/div>\n<p><strong>Leonardo Boff<\/strong><\/p>\n<p>Durante o isolamento social for\u00e7ado para o bem da pr\u00f3pria pessoa e dos outros face ao ataque do coronav\u00edrus somos instados a nos recolher em nossas casas ou habita\u00e7\u00f5es.<\/p>\n<p>A conviv\u00eancia f\u00edsica com os pr\u00f3ximos nos faz conhecer as diferen\u00e7as, o modo pr\u00f3prio de cada um de ser, de pensar e de \u00a0ler o mundo. N\u00e3o \u00e9 f\u00e1cil. A primeira coisa que descobrimos \u00e9 aquilo que Caetano Velloso, com fina percep\u00e7\u00e3o, formulou: \u201cD<em>e perto ningu\u00e9m \u00e9 normal<\/em>\u201d, frase que correu o mundo. De fato, junto com a normalidade caminha sempre junto certa anormalidade. Damo-nos conta da luz e da sombra, do <strong>sim-b\u00f3lico<\/strong> (que une) e do <strong>dia-b\u00f3lico<\/strong> (que separa) que habitam em cada um de n\u00f3s. N\u00e3o como defeito de nossa cria\u00e7\u00e3o mas como a nossa condi\u00e7\u00e3o humana real. Essa polaridade est\u00e1 em tudo: no universo (caos e cosmos), na vida (sa\u00fade e doen\u00e7a), na natureza (nascimento e morte), na sociedade (individualismo e solidarismo). O desafio \u00e9 como articular estas polaridades de forma que a dimens\u00e3o de luz e do normal n\u00e3o permita a domina\u00e7\u00e3o de sombra e do anormal, o que nos tiraria a felicidade e a conviv\u00eancia pac\u00edfica.<\/p>\n<p>H\u00e1 muitas formas de ocupar-se durante este tempo para todos bem penoso. Uma delas \u00e9 a leitura de livros espirituais ou religiosos que podem abrir-nos novos sentidos especialmente face \u00e0s inquieta\u00e7\u00f5es e interroga\u00e7\u00f5es que a intrus\u00e3o do Covid-19 trouxe \u00e0 humanidade e a cada pessoa. \u00c9 um contra-ataque da natureza \u00e0 toda a humanidade: que sinal \u00e9 este e que ele nos quer dizer? Fontes espirituais ou religiosas escritas h\u00e1 milhares de anos, podem, qui\u00e7\u00e1, nos trazer alguma luz, n\u00e3o s\u00f3 para a atual conjuntura dram\u00e1tica, mas para a pr\u00f3pria vida.<\/p>\n<p>Sugiro aqui\u00a0 come\u00e7ar a ler <strong>a B\u00edblia<\/strong> hebraico-crist\u00e3, do Primeiro Testamento (do Antigo Testamento) e do Segundo (Novo Testamento), textos escritos ao longo de 3-4 mil anos. Neles se encontra de tudo, por isso, conforme a situa\u00e7\u00e3o existencial na qual se vive, escolhem-se as partes mais adequadas.<\/p>\n<p>Cabe recordar que cada um l\u00ea os textos com os olhos que tem, da\u00ed que ler \u00e9 sempre interpretar. Interpretamos a partir do ponto de vista pessoal, pois cada ponto de vista \u00e9 a vista de um ponto. Ademais a cabe\u00e7a pensa a partir de onde os p\u00e9s pisam. Se meus p\u00e9s pisam numa favela e eu leio a partir do ponto de vista da favela, j\u00e1 seleciono os textos que mais dizem respeito a esta situa\u00e7\u00e3o. N\u00e3o significa negar os outros textos, mas dar vida aos <em>textos<\/em> a partir dos <em>con-textos<\/em> em que vivemos e a <em>pre-texto<\/em> de tal e tal situa\u00e7\u00e3o. Ou pode ser a partir de quem mora no centro da cidade com todos os servi\u00e7os funcionando e lhe dando seguran\u00e7a na vida. Esse lugar social permite outro tipo de leitura. Ai os velhos textos do passado nos revelam novidades. De modo geral, podemos dizer: h\u00e1 tantas leituras quantos s\u00e3o os lugares sociais. Camponeses expulsos da terra ler\u00e3o os textos b\u00edblicos de modo diferente e at\u00e9 contr\u00e1rio do latifundi\u00e1rio que os expulsou. Assim poder\u00edamos multiplicar os exemplos. Conclus\u00e3o: n\u00e3o devemos fecharmo-nos em nossa pr\u00f3pria leitura o que seria exclusivismo e at\u00e9 fundamentalismo, mas abrir-nos a outras leituras que relativizam e enriquecem a nossa.<\/p>\n<p>Nunca se deve p\u00f4r\u00a0 o livro <em>diante dos olhos<\/em>, escondendo a realidade nua e crua. \u00c9 o equ\u00edvoco dos fundamentalistas que apenas veem o livro e suas frases tomadas em si mesmas. N\u00e3o \u00e9 para isso que foi escrito. Foi escrito para iluminar a realidade. \u00c9 inspirado porque nos inspira a compreender mais e viver melhor. Por isso deve ser posto <em>atr\u00e1s da cabe\u00e7a<\/em> para iluminar a realidade com todas as suas contradi\u00e7\u00f5es.<\/p>\n<p>O primeiro livro que Deus nos deu \u00e9 o <em>livro da cria\u00e7\u00e3o<\/em>. Nele est\u00e1 toda a sabedoria que precisamos para o bem viver. Infelizmente perdemos a capacidade de \u00a0ler este livro. Vemos a cria\u00e7\u00e3o, n\u00e3o como valor em si mesma, mas utilitariamente apenas como um ba\u00fa de recursos a serem explorados\u00a0 a nosso bel-prazer, sem preocupa\u00e7\u00e3o com as outras pessoas e com os danos que lhe fazemos, n\u00e3o lhe dando tempo para se regenerar. Ent\u00e3o \u00a0foi-nos dado o outro livro, <em>a B\u00edblia<\/em>, que nos oferece as chaves de leitura para o primeiro livro, o da cria\u00e7\u00e3o. Esse \u00e9 o sentido profundo para ler a B\u00edblia: para entender melhor o mundo, a nossa vida pessoal, o sentido de nossas tribula\u00e7\u00f5es, a necessidade da esperan\u00e7a e, acima de tudo, a viv\u00eancia concreta do amor, da solidariedade, do cuidado e da compaix\u00e3o. N\u00e3o quer ser nem pode ser um livro de ci\u00eancia. \u00c9 um livro de sabedoria de vida que responde \u00e0s buscas humanas.<\/p>\n<p>Cada um escolhe os livros e B\u00edblia que lhe parecer melhor. Eu recomendo do <em>Primeiro Testamento<\/em>: todos os livros sapienciais (J\u00f3, os Salmos especialmente, os n\u00fameros 23 e 103; Prov\u00e9rbios, Eclesiastes, Eclesi\u00e1stico, C\u00e2ntico dos c\u00e2nticos, livro de alto erotismo e que nunca fala de Deus, nem precisava, pois Deus \u00e9 amor; Lamenta\u00e7\u00f5es).<\/p>\n<p>Do <em>Segundo Testamento<\/em> aconselho come\u00e7ar pelos <em>Atos dos Ap\u00f3stolos<\/em>, verdadeira saga que narra como S\u00e3o Paulo e companheiros andaram mais de mil km pelo imp\u00e9rio romano para anunciar os valores pregados e vividos por Jesus (o amor incondicional, a abertura a Deus como o Deus bom e misericordioso, o cuidado para com os pobres e sofredores e a capacidade de perd\u00e3o e a certeza de nossa ressurrei\u00e7\u00e3o mais que apenas a imortalidade da alma); depois a <em>Primeira Carta aos Cor\u00edntios<\/em>, na qual se veem os grandes valores \u00e9ticos a serem assumidos; dos evangelhos come\u00e7ar pelo de <em>S\u00e3o Marcos<\/em>, mais enxuto e mais pr\u00f3ximo do Jesus hist\u00f3rico; o evangelho de <em>S\u00e3o Lucas,<\/em> no qual Jesus mostra sua imensa compaix\u00e3o pelos sofredores e pobres e advert\u00eancia aos poderosos e endinheirados; o evangelho de <em>S\u00e3o Jo\u00e3o<\/em>, cheio de espiritualidade; a <em>Ep\u00edstola de Tiago<\/em> na qual se prega uma moral bem concreta e atual.<\/p>\n<p>Aconselho a B\u00edblia da Vozes pelas excelentes introdu\u00e7\u00f5es e coment\u00e1rios (<em><a href=\"mailto:vendas@vozes.com.br\">vendas@vozes.com.br<\/a><\/em>). Deixem-se tomar pelas palavras b\u00edblicas que, junto com outros livros sagrados de outros caminhos espirituais, nos propiciam um encontro com a <em>Palavra<\/em> que nos ilumina o caminho nas noites sombrias da vida\u00a0como nos tempos atuais.<\/p>\n<hr \/>\n<p><strong>Leonardo Boff<\/strong> <em>\u00e9 te\u00f3logo e fez estudos b\u00edblicos especiais na Universidade de Munique na Alemanha. <\/em><\/p>\n","protected":false},"excerpt":{"rendered":"<p>Artigo de Leonardo Boff<\/p>\n","protected":false},"author":3,"featured_media":189268,"comment_status":"open","ping_status":"open","sticky":false,"template":"","format":"standard","meta":{"footnotes":""},"categories":[26],"tags":[59],"yoast_head":"<!-- This site is optimized with the Yoast SEO plugin v19.4 - https:\/\/yoast.com\/wordpress\/plugins\/seo\/ -->\n<title>Durante o isolamento social: o que ler e como ler (I) - Vida Crist\u00e3 - Franciscanos<\/title>\n<meta name=\"robots\" content=\"index, follow, max-snippet:-1, max-image-preview:large, max-video-preview:-1\" \/>\n<link rel=\"canonical\" href=\"https:\/\/franciscanos.org.br\/vidacrista\/durante-o-isolamento-social-o-que-ler-e-como-ler-i\/\" \/>\n<meta property=\"og:locale\" content=\"pt_BR\" \/>\n<meta property=\"og:type\" content=\"article\" \/>\n<meta property=\"og:title\" content=\"Durante o isolamento social: o que ler e como ler (I) - Vida Crist\u00e3 - Franciscanos\" \/>\n<meta property=\"og:description\" content=\"Artigo de Leonardo Boff\" \/>\n<meta property=\"og:url\" content=\"https:\/\/franciscanos.org.br\/vidacrista\/durante-o-isolamento-social-o-que-ler-e-como-ler-i\/\" \/>\n<meta property=\"og:site_name\" content=\"Vida Crist\u00e3 - Franciscanos\" \/>\n<meta property=\"article:published_time\" content=\"2021-03-28T10:36:15+00:00\" \/>\n<meta property=\"article:modified_time\" content=\"2021-03-28T10:37:42+00:00\" \/>\n<meta property=\"og:image\" content=\"https:\/\/franciscanos.org.br\/vidacrista\/wp-content\/uploads\/2021\/03\/artigo_28d.png\" \/>\n\t<meta property=\"og:image:width\" content=\"800\" \/>\n\t<meta property=\"og:image:height\" content=\"560\" \/>\n\t<meta property=\"og:image:type\" content=\"image\/png\" \/>\n<meta name=\"author\" content=\"moacir\" \/>\n<meta name=\"twitter:card\" content=\"summary_large_image\" \/>\n<meta name=\"twitter:label1\" content=\"Escrito por\" \/>\n\t<meta name=\"twitter:data1\" content=\"moacir\" \/>\n\t<meta name=\"twitter:label2\" content=\"Est. tempo de leitura\" \/>\n\t<meta name=\"twitter:data2\" content=\"6 minutos\" \/>\n<script type=\"application\/ld+json\" class=\"yoast-schema-graph\">{\"@context\":\"https:\/\/schema.org\",\"@graph\":[{\"@type\":\"WebSite\",\"@id\":\"https:\/\/franciscanos.org.br\/vidacrista\/#website\",\"url\":\"https:\/\/franciscanos.org.br\/vidacrista\/\",\"name\":\"Vida Crist\u00e3 - Franciscanos\",\"description\":\"Prov\u00edncia Franciscana da Imaculada Concei\u00e7\u00e3o do Brasil - Ordem dos Frades Menores\",\"potentialAction\":[{\"@type\":\"SearchAction\",\"target\":{\"@type\":\"EntryPoint\",\"urlTemplate\":\"https:\/\/franciscanos.org.br\/vidacrista\/?s={search_term_string}\"},\"query-input\":\"required name=search_term_string\"}],\"inLanguage\":\"pt-BR\"},{\"@type\":\"WebPage\",\"@id\":\"https:\/\/franciscanos.org.br\/vidacrista\/durante-o-isolamento-social-o-que-ler-e-como-ler-i\/\",\"url\":\"https:\/\/franciscanos.org.br\/vidacrista\/durante-o-isolamento-social-o-que-ler-e-como-ler-i\/\",\"name\":\"Durante o isolamento social: o que ler e como ler (I) - Vida Crist\u00e3 - Franciscanos\",\"isPartOf\":{\"@id\":\"https:\/\/franciscanos.org.br\/vidacrista\/#website\"},\"datePublished\":\"2021-03-28T10:36:15+00:00\",\"dateModified\":\"2021-03-28T10:37:42+00:00\",\"author\":{\"@id\":\"https:\/\/franciscanos.org.br\/vidacrista\/#\/schema\/person\/1880bdd2c350b735648725ef7614736a\"},\"breadcrumb\":{\"@id\":\"https:\/\/franciscanos.org.br\/vidacrista\/durante-o-isolamento-social-o-que-ler-e-como-ler-i\/#breadcrumb\"},\"inLanguage\":\"pt-BR\",\"potentialAction\":[{\"@type\":\"ReadAction\",\"target\":[\"https:\/\/franciscanos.org.br\/vidacrista\/durante-o-isolamento-social-o-que-ler-e-como-ler-i\/\"]}]},{\"@type\":\"BreadcrumbList\",\"@id\":\"https:\/\/franciscanos.org.br\/vidacrista\/durante-o-isolamento-social-o-que-ler-e-como-ler-i\/#breadcrumb\",\"itemListElement\":[{\"@type\":\"ListItem\",\"position\":1,\"name\":\"Home\",\"item\":\"https:\/\/franciscanos.org.br\/vidacrista\/\"},{\"@type\":\"ListItem\",\"position\":2,\"name\":\"Durante o isolamento social: o que ler e como ler (I)\"}]},{\"@type\":\"Person\",\"@id\":\"https:\/\/franciscanos.org.br\/vidacrista\/#\/schema\/person\/1880bdd2c350b735648725ef7614736a\",\"name\":\"moacir\",\"image\":{\"@type\":\"ImageObject\",\"inLanguage\":\"pt-BR\",\"@id\":\"https:\/\/franciscanos.org.br\/vidacrista\/#\/schema\/person\/image\/\",\"url\":\"https:\/\/secure.gravatar.com\/avatar\/d08aa2ce4c8dd416d4479aa8536fcf64?s=96&d=mm&r=g\",\"contentUrl\":\"https:\/\/secure.gravatar.com\/avatar\/d08aa2ce4c8dd416d4479aa8536fcf64?s=96&d=mm&r=g\",\"caption\":\"moacir\"},\"url\":\"https:\/\/franciscanos.org.br\/vidacrista\/author\/moacir\/\"}]}<\/script>\n<!-- \/ Yoast SEO plugin. -->","yoast_head_json":{"title":"Durante o isolamento social: o que ler e como ler (I) - Vida Crist\u00e3 - Franciscanos","robots":{"index":"index","follow":"follow","max-snippet":"max-snippet:-1","max-image-preview":"max-image-preview:large","max-video-preview":"max-video-preview:-1"},"canonical":"https:\/\/franciscanos.org.br\/vidacrista\/durante-o-isolamento-social-o-que-ler-e-como-ler-i\/","og_locale":"pt_BR","og_type":"article","og_title":"Durante o isolamento social: o que ler e como ler (I) - Vida Crist\u00e3 - Franciscanos","og_description":"Artigo de Leonardo Boff","og_url":"https:\/\/franciscanos.org.br\/vidacrista\/durante-o-isolamento-social-o-que-ler-e-como-ler-i\/","og_site_name":"Vida Crist\u00e3 - Franciscanos","article_published_time":"2021-03-28T10:36:15+00:00","article_modified_time":"2021-03-28T10:37:42+00:00","og_image":[{"width":800,"height":560,"url":"https:\/\/franciscanos.org.br\/vidacrista\/wp-content\/uploads\/2021\/03\/artigo_28d.png","type":"image\/png"}],"author":"moacir","twitter_card":"summary_large_image","twitter_misc":{"Escrito por":"moacir","Est. tempo de leitura":"6 minutos"},"schema":{"@context":"https:\/\/schema.org","@graph":[{"@type":"WebSite","@id":"https:\/\/franciscanos.org.br\/vidacrista\/#website","url":"https:\/\/franciscanos.org.br\/vidacrista\/","name":"Vida Crist\u00e3 - Franciscanos","description":"Prov\u00edncia Franciscana da Imaculada Concei\u00e7\u00e3o do Brasil - Ordem dos Frades Menores","potentialAction":[{"@type":"SearchAction","target":{"@type":"EntryPoint","urlTemplate":"https:\/\/franciscanos.org.br\/vidacrista\/?s={search_term_string}"},"query-input":"required name=search_term_string"}],"inLanguage":"pt-BR"},{"@type":"WebPage","@id":"https:\/\/franciscanos.org.br\/vidacrista\/durante-o-isolamento-social-o-que-ler-e-como-ler-i\/","url":"https:\/\/franciscanos.org.br\/vidacrista\/durante-o-isolamento-social-o-que-ler-e-como-ler-i\/","name":"Durante o isolamento social: o que ler e como ler (I) - Vida Crist\u00e3 - Franciscanos","isPartOf":{"@id":"https:\/\/franciscanos.org.br\/vidacrista\/#website"},"datePublished":"2021-03-28T10:36:15+00:00","dateModified":"2021-03-28T10:37:42+00:00","author":{"@id":"https:\/\/franciscanos.org.br\/vidacrista\/#\/schema\/person\/1880bdd2c350b735648725ef7614736a"},"breadcrumb":{"@id":"https:\/\/franciscanos.org.br\/vidacrista\/durante-o-isolamento-social-o-que-ler-e-como-ler-i\/#breadcrumb"},"inLanguage":"pt-BR","potentialAction":[{"@type":"ReadAction","target":["https:\/\/franciscanos.org.br\/vidacrista\/durante-o-isolamento-social-o-que-ler-e-como-ler-i\/"]}]},{"@type":"BreadcrumbList","@id":"https:\/\/franciscanos.org.br\/vidacrista\/durante-o-isolamento-social-o-que-ler-e-como-ler-i\/#breadcrumb","itemListElement":[{"@type":"ListItem","position":1,"name":"Home","item":"https:\/\/franciscanos.org.br\/vidacrista\/"},{"@type":"ListItem","position":2,"name":"Durante o isolamento social: o que ler e como ler (I)"}]},{"@type":"Person","@id":"https:\/\/franciscanos.org.br\/vidacrista\/#\/schema\/person\/1880bdd2c350b735648725ef7614736a","name":"moacir","image":{"@type":"ImageObject","inLanguage":"pt-BR","@id":"https:\/\/franciscanos.org.br\/vidacrista\/#\/schema\/person\/image\/","url":"https:\/\/secure.gravatar.com\/avatar\/d08aa2ce4c8dd416d4479aa8536fcf64?s=96&d=mm&r=g","contentUrl":"https:\/\/secure.gravatar.com\/avatar\/d08aa2ce4c8dd416d4479aa8536fcf64?s=96&d=mm&r=g","caption":"moacir"},"url":"https:\/\/franciscanos.org.br\/vidacrista\/author\/moacir\/"}]}},"_links":{"self":[{"href":"https:\/\/franciscanos.org.br\/vidacrista\/wp-json\/wp\/v2\/posts\/189265"}],"collection":[{"href":"https:\/\/franciscanos.org.br\/vidacrista\/wp-json\/wp\/v2\/posts"}],"about":[{"href":"https:\/\/franciscanos.org.br\/vidacrista\/wp-json\/wp\/v2\/types\/post"}],"author":[{"embeddable":true,"href":"https:\/\/franciscanos.org.br\/vidacrista\/wp-json\/wp\/v2\/users\/3"}],"replies":[{"embeddable":true,"href":"https:\/\/franciscanos.org.br\/vidacrista\/wp-json\/wp\/v2\/comments?post=189265"}],"version-history":[{"count":2,"href":"https:\/\/franciscanos.org.br\/vidacrista\/wp-json\/wp\/v2\/posts\/189265\/revisions"}],"predecessor-version":[{"id":189269,"href":"https:\/\/franciscanos.org.br\/vidacrista\/wp-json\/wp\/v2\/posts\/189265\/revisions\/189269"}],"wp:featuredmedia":[{"embeddable":true,"href":"https:\/\/franciscanos.org.br\/vidacrista\/wp-json\/wp\/v2\/media\/189268"}],"wp:attachment":[{"href":"https:\/\/franciscanos.org.br\/vidacrista\/wp-json\/wp\/v2\/media?parent=189265"}],"wp:term":[{"taxonomy":"category","embeddable":true,"href":"https:\/\/franciscanos.org.br\/vidacrista\/wp-json\/wp\/v2\/categories?post=189265"},{"taxonomy":"post_tag","embeddable":true,"href":"https:\/\/franciscanos.org.br\/vidacrista\/wp-json\/wp\/v2\/tags?post=189265"}],"curies":[{"name":"wp","href":"https:\/\/api.w.org\/{rel}","templated":true}]}}