{"id":189215,"date":"2021-04-19T00:38:28","date_gmt":"2021-04-19T03:38:28","guid":{"rendered":"https:\/\/franciscanos.org.br\/vidacrista\/?p=189215"},"modified":"2021-04-19T06:34:57","modified_gmt":"2021-04-19T09:34:57","slug":"mensagem-do-santo-padre-francisco-para-o-58o-dia-mundial-de-oracao-pelas-vocacoes","status":"publish","type":"post","link":"https:\/\/franciscanos.org.br\/vidacrista\/mensagem-do-santo-padre-francisco-para-o-58o-dia-mundial-de-oracao-pelas-vocacoes\/","title":{"rendered":"Mensagem do Santo Padre Francisco para o 58\u00ba Dia Mundial de Ora\u00e7\u00e3o pelas Voca\u00e7\u00f5es"},"content":{"rendered":"<div id=\"attachment_189208\" style=\"width: 1290px\" class=\"wp-caption alignnone\"><img aria-describedby=\"caption-attachment-189208\" decoding=\"async\" loading=\"lazy\" class=\"wp-image-189208 size-full\" src=\"https:\/\/franciscanos.org.br\/vidacrista\/wp-content\/uploads\/2021\/03\/vaticano_01_1.jpg\" alt=\"\" width=\"1280\" height=\"720\" srcset=\"https:\/\/franciscanos.org.br\/vidacrista\/wp-content\/uploads\/2021\/03\/vaticano_01_1.jpg 1280w, https:\/\/franciscanos.org.br\/vidacrista\/wp-content\/uploads\/2021\/03\/vaticano_01_1-450x253.jpg 450w, https:\/\/franciscanos.org.br\/vidacrista\/wp-content\/uploads\/2021\/03\/vaticano_01_1-1024x576.jpg 1024w, https:\/\/franciscanos.org.br\/vidacrista\/wp-content\/uploads\/2021\/03\/vaticano_01_1-768x432.jpg 768w, https:\/\/franciscanos.org.br\/vidacrista\/wp-content\/uploads\/2021\/03\/vaticano_01_1-150x84.jpg 150w\" sizes=\"(max-width: 1280px) 100vw, 1280px\" \/><p id=\"caption-attachment-189208\" class=\"wp-caption-text\"><em> \u00a0 \u00a0Imagem: Vatican Media<\/em><\/p><\/div>\n<p align=\"center\"><strong>A ser celebrado no IV Domingo de P\u00e1scoa, no dia 25 de abril de 2021\u00a0<\/strong><\/p>\n<p align=\"center\"><b><i><span style=\"color: #663300; font-size: large;\">S\u00e3o Jos\u00e9: o sonho de uma voca\u00e7\u00e3o<\/span><\/i><\/b><\/p>\n<p><i>Queridos irm\u00e3os e irm\u00e3s!<\/i><\/p>\n<p>No passado dia 8 de dezembro, por ocasi\u00e3o do 150\u00ba anivers\u00e1rio da declara\u00e7\u00e3o de S\u00e3o Jos\u00e9 Padroeiro da Igreja universal, iniciou-se o Ano especial a ele dedicado (cf.\u00a0<i><a href=\"http:\/\/www.vatican.va\/roman_curia\/tribunals\/apost_penit\/documents\/rc_trib_appen_pro_20201208_decreto-indulgenze-sangiuseppe_it.html\">Decreto da Penitenci\u00e1ria Apost\u00f3lica de<\/a><\/i>\u00a08 de dezembro de 2020).\u00a0Pela minha parte, escrevi a Carta Apost\u00f3lica\u00a0<i><a href=\"http:\/\/www.vatican.va\/content\/francesco\/it\/apost_letters\/documents\/papa-francesco-lettera-ap_20201208_patris-corde.html\">Patris corde<\/a><\/i><i>\u00a0<\/i><i><\/i>, a fim de &#8220;aumentar o amor por este grande santo&#8221;. \u00c9 de fato uma figura extraordin\u00e1ria, ao mesmo tempo \u201ct\u00e3o pr\u00f3xima da condi\u00e7\u00e3o humana de cada um de n\u00f3s\u201d. S\u00e3o Jos\u00e9 n\u00e3o se surpreendeu, n\u00e3o foi dotado de carismas particulares, n\u00e3o apareceu especial aos olhos de quem o encontrou. Ele n\u00e3o era famoso e nem mesmo notado: os Evangelhos n\u00e3o relatam nem uma palavra dele. No entanto, em sua vida normal, ele alcan\u00e7ou algo extraordin\u00e1rio aos olhos de Deus.<\/p>\n<p>Deus v\u00ea o cora\u00e7\u00e3o (cf.\u00a0<i>1 Sam<\/i>\u00a016,7) e em S\u00e3o Jos\u00e9 reconheceu um cora\u00e7\u00e3o de pai, capaz de dar e gerar vida na vida quotidiana.\u00a0As voca\u00e7\u00f5es tendem a fazer isso: gerar e regenerar vidas todos os dias.\u00a0O Senhor deseja moldar o cora\u00e7\u00e3o dos pais, o cora\u00e7\u00e3o das m\u00e3es: cora\u00e7\u00f5es abertos, capazes de grandes impulsos, generosos na doa\u00e7\u00e3o, compassivos em consolar as ansiedades e firmes em fortalecer as esperan\u00e7as.\u00a0O sacerd\u00f3cio e a vida consagrada precisam disso, especialmente hoje, em tempos marcados pela fragilidade e pelo sofrimento tamb\u00e9m pela pandemia, que tem suscitado incertezas e temores sobre o futuro e o pr\u00f3prio sentido da vida.\u00a0S\u00e3o Jos\u00e9 vem ao nosso encontro com sua mansid\u00e3o, como um santo vizinho;\u00a0ao mesmo tempo, seu forte testemunho pode nos guiar no caminho.<\/p>\n<p>S\u00e3o Jos\u00e9 sugere\u00a0<i>tr\u00eas palavras-chave<\/i>\u00a0para a voca\u00e7\u00e3o de cada um.\u00a0O primeiro \u00e9 um\u00a0<i>sonho<\/i>\u00a0.\u00a0Todos na vida sonham em ser realizados.\u00a0E \u00e9 certo ter grandes expectativas, altas expectativas que objetivos ef\u00eameros &#8211; como sucesso, dinheiro e divers\u00e3o &#8211; n\u00e3o conseguem satisfazer.\u00a0Com efeito, se ped\u00edssemos \u00e0s pessoas que expressassem o sonho da vida em uma palavra, n\u00e3o seria dif\u00edcil imaginar a resposta: &#8220;amor&#8221;.\u00a0\u00c9 o amor que d\u00e1 sentido \u00e0 vida, porque revela o seu mist\u00e9rio.\u00a0A vida, na verdade, s\u00f3\u00a0<i>tem<\/i>\u00a0se voc\u00ea\u00a0<i>der<\/i>\u00a0, s\u00f3 tem realmente se doar totalmente.\u00a0S\u00e3o Jos\u00e9 tem muito a nos dizer sobre isso, porque, atrav\u00e9s dos sonhos que Deus o inspirou, deu de presente sua exist\u00eancia.<\/p>\n<p>Os Evangelhos narram quatro sonhos (\u00a0<i>cf.Mt<\/i>1,20; 2,13.19.22). Eles eram chamados de divinos, mas n\u00e3o eram f\u00e1ceis de aceitar. Depois de cada sonho, Jos\u00e9 teve que mudar seus planos e se envolver, sacrificando seus pr\u00f3prios planos para ir junto com os misteriosos de Deus. Ele confiou completamente. Mas podemos nos perguntar: &#8220;O que foi um sonho noturno em que tanto confiarmos?&#8221;. Embora se tenha dado muita aten\u00e7\u00e3o a ele nos tempos antigos, ainda era uma coisa pequena em face da realidade concreta da vida. No entanto, S\u00e3o Jos\u00e9 se deixou guiar pelos sonhos sem hesitar. Por qu\u00ea? Porque seu cora\u00e7\u00e3o estava voltado para Deus, j\u00e1 estava voltado para Ele. Seu &#8220;ouvido interno&#8221; vigilante s\u00f3 precisava de um pequeno aceno de cabe\u00e7a para reconhecer sua voz. Isso tamb\u00e9m se aplica aos nossos chamados: Deus n\u00e3o gosta de se revelar de forma espetacular, for\u00e7ando nossa liberdade. Ele nos transmite seus planos com mansid\u00e3o; n\u00e3o nos atinge com vis\u00f5es brilhantes, mas delicadamente se volta para nossa interioridade, tornando-se \u00edntimo de n\u00f3s e nos falando por meio de nossos pensamentos e sentimentos. E assim, como fez com S\u00e3o Jos\u00e9, ele nos oferece metas elevadas e surpreendentes.<\/p>\n<p>Os sonhos trouxeram Joseph a aventuras que ele nunca teria imaginado. O primeiro desestabilizou seu noivado, mas o tornou o pai do Messias; a segunda o fez fugir para o Egito, mas salvou a vida de sua fam\u00edlia. Depois do terceiro, que marcou o seu retorno \u00e0 p\u00e1tria, o quarto o fez mudar de novo os planos, trazendo-o de volta a Nazar\u00e9, ali mesmo onde Jesus come\u00e7aria a proclama\u00e7\u00e3o do Reino de Deus. Em todas essas convuls\u00f5es, a coragem de seguir A vontade de Deus acabou por ser um vencedor. \u00c9 o que acontece na voca\u00e7\u00e3o: o chamado divino sempre nos impele a sair, a doar-se, a ir al\u00e9m. N\u00e3o h\u00e1 f\u00e9 sem risco. S\u00f3 entregando-se com confian\u00e7a \u00e0 gra\u00e7a, deixando de lado os pr\u00f3prios programas e confortos, se diz verdadeiramente &#8220;sim&#8221; a Deus. E todo &#8220;sim&#8221; d\u00e1 frutos, porque segue um projeto maior, dos quais vemos apenas os detalhes, mas que o divino Artista conhece e realiza, para fazer de cada vida uma obra-prima. Neste sentido, S\u00e3o Jos\u00e9 representa um \u00edcone exemplar de acolhimento dos des\u00edgnios de Deus: <i>uma acolhida ativa<\/i>\u00a0: nunca renunciando ou cedendo, ele &#8220;n\u00e3o \u00e9 um homem resignado passivamente.\u00a0Seu protagonismo \u00e9 corajoso e forte \u201d(Carta Apost\u00f3lica\u00a0<i><a href=\"http:\/\/www.vatican.va\/content\/francesco\/it\/apost_letters\/documents\/papa-francesco-lettera-ap_20201208_patris-corde.html\">Patris Corde<\/a><\/i>\u00a0, 4).\u00a0Que ele ajude a todos, especialmente os jovens em discernimento, a realizar os sonhos de Deus para eles;\u00a0inspire a corajosa iniciativa de dizer &#8220;sim&#8221; ao Senhor, que sempre surpreende e nunca desilude!<i><\/i><\/p>\n<p>Uma segunda palavra marca o itiner\u00e1rio de S\u00e3o Jos\u00e9 e de sua voca\u00e7\u00e3o: o\u00a0<i>servi\u00e7o<\/i>\u00a0.\u00a0Dos Evangelhos emerge como ele viveu em tudo para os outros e nunca para si mesmo.\u00a0O santo Povo de Deus o chama de o\u00a0<i>esposo<\/i>\u00a0mais\u00a0<i>casto<\/i>, revelando assim sua capacidade de amar sem guardar nada para si.\u00a0Com efeito, libertando o amor de todas as posses, abriu-se a um servi\u00e7o ainda mais fecundo: a sua solicitude amorosa atravessou as gera\u00e7\u00f5es, a sua solicitude o fez patrono da Igreja.\u00a0Ele tamb\u00e9m \u00e9 o patrono de uma morte feliz, aquele que foi capaz de incorporar o sentido da vida que se doa a si mesmo.\u00a0O seu servi\u00e7o e os seus sacrif\u00edcios s\u00f3 foram poss\u00edveis porque eram sustentados por um amor maior: \u201cToda verdadeira voca\u00e7\u00e3o nasce do dom de si, que \u00e9 o amadurecimento do simples sacrif\u00edcio.\u00a0Este tipo de maturidade tamb\u00e9m \u00e9 exigido no sacerd\u00f3cio e na vida consagrada.\u00a0Onde a voca\u00e7\u00e3o, seja ela casada, celibat\u00e1ria ou virginal, n\u00e3o atinge o amadurecimento do dom de si, parando apenas na l\u00f3gica do sacrif\u00edcio,<i> <a href=\"http:\/\/www.vatican.va\/content\/francesco\/it\/apost_letters\/documents\/papa-francesco-lettera-ap_20201208_patris-corde.html\">ibid<\/a>\u00a0.\u00a0<\/i>, 7).<\/p>\n<p>O servi\u00e7o, express\u00e3o concreta do dom de si, n\u00e3o era apenas um alto ideal para S\u00e3o Jos\u00e9, mas se tornou uma regra da vida cotidiana.\u00a0Ele trabalhou muito para encontrar e adaptar um lugar para dar \u00e0 luz a Jesus;\u00a0ele fez o poss\u00edvel para defend\u00ea-lo da f\u00faria de Herodes, organizando uma viagem oportuna ao Egito;\u00a0ele voltou rapidamente a Jerusal\u00e9m em busca do Jesus perdido;\u00a0ele sustentava sua fam\u00edlia trabalhando, mesmo em uma terra estrangeira.\u00a0Em suma, adaptou-se \u00e0s v\u00e1rias circunst\u00e2ncias com a atitude de quem n\u00e3o desanima se a vida n\u00e3o correr como quer: com a\u00a0<i>disponibilidade<\/i>\u00a0de quem\u00a0<i>vive para servir.<\/i>.\u00a0Com este esp\u00edrito, Jos\u00e9 acolheu as numerosas e muitas vezes inesperadas viagens de sua vida: de Nazar\u00e9 a Bel\u00e9m para o censo, depois ao Egito e novamente a Nazar\u00e9, e todos os anos a Jerusal\u00e9m, sempre disposto a enfrentar novas circunst\u00e2ncias, sem reclamar do que quer que acontecesse , pronto para dar uma m\u00e3o para consertar situa\u00e7\u00f5es.\u00a0Pode-se dizer que foi a\u00a0<i>m\u00e3o<\/i>\u00a0do Pai Celestial estendendo a m\u00e3o para Seu Filho na Terra.\u00a0Portanto, ele s\u00f3 pode ser modelo para todas as voca\u00e7\u00f5es, que a isso s\u00e3o chamadas: ser as\u00a0<i>m\u00e3os<\/i>\u00a0trabalhadoras\u00a0<i>do Pai<\/i>\u00a0para os seus filhos e filhas.<\/p>\n<p>Gosto de pensar ent\u00e3o em S\u00e3o Jos\u00e9, guardi\u00e3o de Jesus e da Igreja,\u00a0<i>guardi\u00e3o das voca\u00e7\u00f5es<\/i>\u00a0.\u00a0Sua disposi\u00e7\u00e3o de servir deriva de seu\u00a0<i>cuidado em guardar<\/i>\u00a0.\u00a0\u201cEle se levantou de noite, levou a crian\u00e7a e sua m\u00e3e\u201d (\u00a0<i>Mt<\/i>2:14), diz o Evangelho, indicando sua disponibilidade e dedica\u00e7\u00e3o \u00e0 fam\u00edlia.\u00a0Ele n\u00e3o perdeu tempo lutando sobre o que estava errado, para n\u00e3o roubar daqueles que lhe foram confiados.\u00a0Este cuidado cuidadoso e atencioso \u00e9 o sinal de uma voca\u00e7\u00e3o de sucesso.\u00a0\u00c9 o testemunho de uma vida tocada pelo amor de Deus. Que belo exemplo de vida crist\u00e3 oferecemos quando n\u00e3o perseguimos obstinadamente nossas ambi\u00e7\u00f5es e n\u00e3o nos permitimos ser paralisados \u200b\u200bpela nossa saudade, mas cuidamos de o que o Senhor, por meio da Igreja, nos confia!\u00a0Ent\u00e3o Deus derrama seu Esp\u00edrito, sua criatividade sobre n\u00f3s;\u00a0e faz maravilhas, como em Joseph.<\/p>\n<p>Al\u00e9m do apelo de Deus &#8211; que realiza os nossos\u00a0maiores\u00a0<i>sonhos<\/i>\u00a0&#8211; e da nossa resposta &#8211; que se\u00a0concretiza\u00a0no\u00a0<i>servi\u00e7o<\/i>\u00a0dispon\u00edvel e no cuidado solid\u00e1rio -, existe um terceiro aspecto que perpassa a vida de S\u00e3o Jos\u00e9 e a voca\u00e7\u00e3o crist\u00e3, articulando-a. vida cotidiana:\u00a0<i>fidelidade<\/i>\u00a0.\u00a0Jos\u00e9 \u00e9 o &#8220;homem justo&#8221; (\u00a0<i>Mt.<\/i>1:19), que no sil\u00eancio ativo de cada dia persevera na ades\u00e3o a Deus e aos seus des\u00edgnios.\u00a0Num momento particularmente dif\u00edcil, ele come\u00e7a a &#8220;considerar todas as coisas&#8221; (cf. v. 20).\u00a0Medita, pondera: n\u00e3o se deixa dominar pela pressa, n\u00e3o cede \u00e0 tenta\u00e7\u00e3o de tomar decis\u00f5es precipitadas, n\u00e3o condescende com o instinto e n\u00e3o vive instantaneamente.\u00a0Tudo se cultiva na paci\u00eancia.\u00a0Ele sabe que a exist\u00eancia \u00e9 constru\u00edda apenas na ades\u00e3o cont\u00ednua \u00e0s grandes escolhas.\u00a0Isto corresponde \u00e0 laboriosidade mansa e constante com que desempenhou a humilde profiss\u00e3o de carpinteiro (cf.\u00a0<i>Mt<\/i>\u00a013,55), pela qual inspirou n\u00e3o as cr\u00f3nicas da \u00e9poca, mas a vida quotidiana de cada pai, de cada trabalhador, cada crist\u00e3o ao longo dos s\u00e9culos.\u00a0Porque uma voca\u00e7\u00e3o, como a vida, s\u00f3 amadurece na fidelidade cotidiana.<\/p>\n<p>Como essa fidelidade \u00e9 nutrida?\u00a0\u00c0 luz da fidelidade de Deus, as primeiras palavras que S\u00e3o Jos\u00e9 ouviu em sonho foram o convite a n\u00e3o ter medo, porque Deus \u00e9 fiel \u00e0s suas promessas: \u00abJos\u00e9, filho de David, n\u00e3o tenhas medo\u00bb (\u00a0<i>Mt<\/i>\u00a01,20 )\u00a0<i>N\u00e3o tema<\/i>: estas s\u00e3o as palavras que o Senhor tamb\u00e9m se dirige a voc\u00ea, querida irm\u00e3, e a voc\u00ea, querido irm\u00e3o, quando, apesar das incertezas e hesita\u00e7\u00f5es, voc\u00ea sente o desejo de dar a sua vida a ele n\u00e3o mais adiava. em meio a prova\u00e7\u00f5es e mal-entendidos, voc\u00ea luta para seguir sua vontade todos os dias.\u00a0Estas s\u00e3o as palavras que voc\u00ea redescobre quando, ao longo do caminho da chamada, voc\u00ea retorna ao seu primeiro amor.\u00a0S\u00e3o as palavras que, como refr\u00e3o, acompanham quem diz sim a Deus com uma vida como S\u00e3o Jos\u00e9: na fidelidade todos os dias.<\/p>\n<p>Essa fidelidade \u00e9 o segredo da alegria.\u00a0Na casa de Nazar\u00e9, diz um hino lit\u00fargico, houve &#8220;uma alegria clara&#8221;.\u00a0Foi a alegria di\u00e1ria e transparente da simplicidade, a alegria experimentada por quem guarda o que importa: a proximidade fiel a Deus e ao pr\u00f3ximo.\u00a0Que belo seria se a mesma atmosfera simples e radiante, s\u00f3bria e esperan\u00e7osa, permeasse nossos semin\u00e1rios, nossos institutos religiosos, nossas casas paroquiais!\u00a0\u00c9 a alegria que desejo para voc\u00eas, irm\u00e3os e irm\u00e3s que generosamente fizeram de Deus\u00a0<i>o sonho<\/i>\u00a0da vida, para\u00a0<i>servi-lo<\/i>\u00a0nos irm\u00e3os que lhes foram confiados, atrav\u00e9s da\u00a0<i>fidelidade.<\/i>o que j\u00e1 \u00e9 um testemunho em si mesmo, em uma \u00e9poca marcada por escolhas passageiras e emo\u00e7\u00f5es que se desvanecem sem sair da alegria.\u00a0S\u00e3o Jos\u00e9, guardi\u00e3o das voca\u00e7\u00f5es, te acompanha com cora\u00e7\u00e3o de pai!<\/p>\n<p><i>Roma, San Giovanni in Laterano, 19 de mar\u00e7o de 2021, Solenidade de S\u00e3o Jos\u00e9<\/i><\/p>\n<p align=\"center\"><strong>Francisco<\/strong><\/p>\n","protected":false},"excerpt":{"rendered":"<p>58\u00ba Dia Mundial de Ora\u00e7\u00e3o pelas Vocac\u00e7\u00f5es<\/p>\n","protected":false},"author":3,"featured_media":189216,"comment_status":"open","ping_status":"open","sticky":false,"template":"","format":"standard","meta":{"footnotes":""},"categories":[22],"tags":[321],"yoast_head":"<!-- This site is optimized with the Yoast SEO plugin v19.4 - https:\/\/yoast.com\/wordpress\/plugins\/seo\/ -->\n<title>Mensagem do Santo Padre Francisco para o 58\u00ba Dia Mundial de Ora\u00e7\u00e3o pelas Voca\u00e7\u00f5es - Vida Crist\u00e3 - Franciscanos<\/title>\n<meta name=\"robots\" content=\"index, follow, max-snippet:-1, max-image-preview:large, max-video-preview:-1\" \/>\n<link rel=\"canonical\" href=\"https:\/\/franciscanos.org.br\/vidacrista\/mensagem-do-santo-padre-francisco-para-o-58o-dia-mundial-de-oracao-pelas-vocacoes\/\" \/>\n<meta property=\"og:locale\" content=\"pt_BR\" \/>\n<meta property=\"og:type\" content=\"article\" \/>\n<meta property=\"og:title\" content=\"Mensagem do Santo Padre Francisco para o 58\u00ba Dia Mundial de Ora\u00e7\u00e3o pelas Voca\u00e7\u00f5es - Vida Crist\u00e3 - Franciscanos\" \/>\n<meta property=\"og:description\" content=\"58\u00ba Dia Mundial de Ora\u00e7\u00e3o pelas Vocac\u00e7\u00f5es\" \/>\n<meta property=\"og:url\" content=\"https:\/\/franciscanos.org.br\/vidacrista\/mensagem-do-santo-padre-francisco-para-o-58o-dia-mundial-de-oracao-pelas-vocacoes\/\" \/>\n<meta property=\"og:site_name\" content=\"Vida Crist\u00e3 - Franciscanos\" \/>\n<meta property=\"article:published_time\" content=\"2021-04-19T03:38:28+00:00\" \/>\n<meta property=\"article:modified_time\" content=\"2021-04-19T09:34:57+00:00\" \/>\n<meta property=\"og:image\" content=\"https:\/\/franciscanos.org.br\/vidacrista\/wp-content\/uploads\/2021\/03\/vaticano_01_1d-1.jpg\" \/>\n\t<meta property=\"og:image:width\" content=\"800\" \/>\n\t<meta property=\"og:image:height\" content=\"600\" \/>\n\t<meta property=\"og:image:type\" content=\"image\/jpeg\" \/>\n<meta name=\"author\" content=\"moacir\" \/>\n<meta name=\"twitter:card\" content=\"summary_large_image\" \/>\n<meta name=\"twitter:label1\" content=\"Escrito por\" \/>\n\t<meta name=\"twitter:data1\" content=\"moacir\" \/>\n\t<meta name=\"twitter:label2\" content=\"Est. tempo de leitura\" \/>\n\t<meta name=\"twitter:data2\" content=\"10 minutos\" \/>\n<script type=\"application\/ld+json\" class=\"yoast-schema-graph\">{\"@context\":\"https:\/\/schema.org\",\"@graph\":[{\"@type\":\"WebSite\",\"@id\":\"https:\/\/franciscanos.org.br\/vidacrista\/#website\",\"url\":\"https:\/\/franciscanos.org.br\/vidacrista\/\",\"name\":\"Vida Crist\u00e3 - Franciscanos\",\"description\":\"Prov\u00edncia Franciscana da Imaculada Concei\u00e7\u00e3o do Brasil - Ordem dos Frades Menores\",\"potentialAction\":[{\"@type\":\"SearchAction\",\"target\":{\"@type\":\"EntryPoint\",\"urlTemplate\":\"https:\/\/franciscanos.org.br\/vidacrista\/?s={search_term_string}\"},\"query-input\":\"required name=search_term_string\"}],\"inLanguage\":\"pt-BR\"},{\"@type\":\"WebPage\",\"@id\":\"https:\/\/franciscanos.org.br\/vidacrista\/mensagem-do-santo-padre-francisco-para-o-58o-dia-mundial-de-oracao-pelas-vocacoes\/\",\"url\":\"https:\/\/franciscanos.org.br\/vidacrista\/mensagem-do-santo-padre-francisco-para-o-58o-dia-mundial-de-oracao-pelas-vocacoes\/\",\"name\":\"Mensagem do Santo Padre Francisco para o 58\u00ba Dia Mundial de Ora\u00e7\u00e3o pelas Voca\u00e7\u00f5es - Vida Crist\u00e3 - Franciscanos\",\"isPartOf\":{\"@id\":\"https:\/\/franciscanos.org.br\/vidacrista\/#website\"},\"datePublished\":\"2021-04-19T03:38:28+00:00\",\"dateModified\":\"2021-04-19T09:34:57+00:00\",\"author\":{\"@id\":\"https:\/\/franciscanos.org.br\/vidacrista\/#\/schema\/person\/1880bdd2c350b735648725ef7614736a\"},\"breadcrumb\":{\"@id\":\"https:\/\/franciscanos.org.br\/vidacrista\/mensagem-do-santo-padre-francisco-para-o-58o-dia-mundial-de-oracao-pelas-vocacoes\/#breadcrumb\"},\"inLanguage\":\"pt-BR\",\"potentialAction\":[{\"@type\":\"ReadAction\",\"target\":[\"https:\/\/franciscanos.org.br\/vidacrista\/mensagem-do-santo-padre-francisco-para-o-58o-dia-mundial-de-oracao-pelas-vocacoes\/\"]}]},{\"@type\":\"BreadcrumbList\",\"@id\":\"https:\/\/franciscanos.org.br\/vidacrista\/mensagem-do-santo-padre-francisco-para-o-58o-dia-mundial-de-oracao-pelas-vocacoes\/#breadcrumb\",\"itemListElement\":[{\"@type\":\"ListItem\",\"position\":1,\"name\":\"Home\",\"item\":\"https:\/\/franciscanos.org.br\/vidacrista\/\"},{\"@type\":\"ListItem\",\"position\":2,\"name\":\"Mensagem do Santo Padre Francisco para o 58\u00ba Dia Mundial de Ora\u00e7\u00e3o pelas Voca\u00e7\u00f5es\"}]},{\"@type\":\"Person\",\"@id\":\"https:\/\/franciscanos.org.br\/vidacrista\/#\/schema\/person\/1880bdd2c350b735648725ef7614736a\",\"name\":\"moacir\",\"image\":{\"@type\":\"ImageObject\",\"inLanguage\":\"pt-BR\",\"@id\":\"https:\/\/franciscanos.org.br\/vidacrista\/#\/schema\/person\/image\/\",\"url\":\"https:\/\/secure.gravatar.com\/avatar\/d08aa2ce4c8dd416d4479aa8536fcf64?s=96&d=mm&r=g\",\"contentUrl\":\"https:\/\/secure.gravatar.com\/avatar\/d08aa2ce4c8dd416d4479aa8536fcf64?s=96&d=mm&r=g\",\"caption\":\"moacir\"},\"url\":\"https:\/\/franciscanos.org.br\/vidacrista\/author\/moacir\/\"}]}<\/script>\n<!-- \/ Yoast SEO plugin. -->","yoast_head_json":{"title":"Mensagem do Santo Padre Francisco para o 58\u00ba Dia Mundial de Ora\u00e7\u00e3o pelas Voca\u00e7\u00f5es - Vida Crist\u00e3 - Franciscanos","robots":{"index":"index","follow":"follow","max-snippet":"max-snippet:-1","max-image-preview":"max-image-preview:large","max-video-preview":"max-video-preview:-1"},"canonical":"https:\/\/franciscanos.org.br\/vidacrista\/mensagem-do-santo-padre-francisco-para-o-58o-dia-mundial-de-oracao-pelas-vocacoes\/","og_locale":"pt_BR","og_type":"article","og_title":"Mensagem do Santo Padre Francisco para o 58\u00ba Dia Mundial de Ora\u00e7\u00e3o pelas Voca\u00e7\u00f5es - Vida Crist\u00e3 - Franciscanos","og_description":"58\u00ba Dia Mundial de Ora\u00e7\u00e3o pelas Vocac\u00e7\u00f5es","og_url":"https:\/\/franciscanos.org.br\/vidacrista\/mensagem-do-santo-padre-francisco-para-o-58o-dia-mundial-de-oracao-pelas-vocacoes\/","og_site_name":"Vida Crist\u00e3 - Franciscanos","article_published_time":"2021-04-19T03:38:28+00:00","article_modified_time":"2021-04-19T09:34:57+00:00","og_image":[{"width":800,"height":600,"url":"https:\/\/franciscanos.org.br\/vidacrista\/wp-content\/uploads\/2021\/03\/vaticano_01_1d-1.jpg","type":"image\/jpeg"}],"author":"moacir","twitter_card":"summary_large_image","twitter_misc":{"Escrito por":"moacir","Est. tempo de leitura":"10 minutos"},"schema":{"@context":"https:\/\/schema.org","@graph":[{"@type":"WebSite","@id":"https:\/\/franciscanos.org.br\/vidacrista\/#website","url":"https:\/\/franciscanos.org.br\/vidacrista\/","name":"Vida Crist\u00e3 - Franciscanos","description":"Prov\u00edncia Franciscana da Imaculada Concei\u00e7\u00e3o do Brasil - Ordem dos Frades Menores","potentialAction":[{"@type":"SearchAction","target":{"@type":"EntryPoint","urlTemplate":"https:\/\/franciscanos.org.br\/vidacrista\/?s={search_term_string}"},"query-input":"required name=search_term_string"}],"inLanguage":"pt-BR"},{"@type":"WebPage","@id":"https:\/\/franciscanos.org.br\/vidacrista\/mensagem-do-santo-padre-francisco-para-o-58o-dia-mundial-de-oracao-pelas-vocacoes\/","url":"https:\/\/franciscanos.org.br\/vidacrista\/mensagem-do-santo-padre-francisco-para-o-58o-dia-mundial-de-oracao-pelas-vocacoes\/","name":"Mensagem do Santo Padre Francisco para o 58\u00ba Dia Mundial de Ora\u00e7\u00e3o pelas Voca\u00e7\u00f5es - Vida Crist\u00e3 - Franciscanos","isPartOf":{"@id":"https:\/\/franciscanos.org.br\/vidacrista\/#website"},"datePublished":"2021-04-19T03:38:28+00:00","dateModified":"2021-04-19T09:34:57+00:00","author":{"@id":"https:\/\/franciscanos.org.br\/vidacrista\/#\/schema\/person\/1880bdd2c350b735648725ef7614736a"},"breadcrumb":{"@id":"https:\/\/franciscanos.org.br\/vidacrista\/mensagem-do-santo-padre-francisco-para-o-58o-dia-mundial-de-oracao-pelas-vocacoes\/#breadcrumb"},"inLanguage":"pt-BR","potentialAction":[{"@type":"ReadAction","target":["https:\/\/franciscanos.org.br\/vidacrista\/mensagem-do-santo-padre-francisco-para-o-58o-dia-mundial-de-oracao-pelas-vocacoes\/"]}]},{"@type":"BreadcrumbList","@id":"https:\/\/franciscanos.org.br\/vidacrista\/mensagem-do-santo-padre-francisco-para-o-58o-dia-mundial-de-oracao-pelas-vocacoes\/#breadcrumb","itemListElement":[{"@type":"ListItem","position":1,"name":"Home","item":"https:\/\/franciscanos.org.br\/vidacrista\/"},{"@type":"ListItem","position":2,"name":"Mensagem do Santo Padre Francisco para o 58\u00ba Dia Mundial de Ora\u00e7\u00e3o pelas Voca\u00e7\u00f5es"}]},{"@type":"Person","@id":"https:\/\/franciscanos.org.br\/vidacrista\/#\/schema\/person\/1880bdd2c350b735648725ef7614736a","name":"moacir","image":{"@type":"ImageObject","inLanguage":"pt-BR","@id":"https:\/\/franciscanos.org.br\/vidacrista\/#\/schema\/person\/image\/","url":"https:\/\/secure.gravatar.com\/avatar\/d08aa2ce4c8dd416d4479aa8536fcf64?s=96&d=mm&r=g","contentUrl":"https:\/\/secure.gravatar.com\/avatar\/d08aa2ce4c8dd416d4479aa8536fcf64?s=96&d=mm&r=g","caption":"moacir"},"url":"https:\/\/franciscanos.org.br\/vidacrista\/author\/moacir\/"}]}},"_links":{"self":[{"href":"https:\/\/franciscanos.org.br\/vidacrista\/wp-json\/wp\/v2\/posts\/189215"}],"collection":[{"href":"https:\/\/franciscanos.org.br\/vidacrista\/wp-json\/wp\/v2\/posts"}],"about":[{"href":"https:\/\/franciscanos.org.br\/vidacrista\/wp-json\/wp\/v2\/types\/post"}],"author":[{"embeddable":true,"href":"https:\/\/franciscanos.org.br\/vidacrista\/wp-json\/wp\/v2\/users\/3"}],"replies":[{"embeddable":true,"href":"https:\/\/franciscanos.org.br\/vidacrista\/wp-json\/wp\/v2\/comments?post=189215"}],"version-history":[{"count":5,"href":"https:\/\/franciscanos.org.br\/vidacrista\/wp-json\/wp\/v2\/posts\/189215\/revisions"}],"predecessor-version":[{"id":189417,"href":"https:\/\/franciscanos.org.br\/vidacrista\/wp-json\/wp\/v2\/posts\/189215\/revisions\/189417"}],"wp:featuredmedia":[{"embeddable":true,"href":"https:\/\/franciscanos.org.br\/vidacrista\/wp-json\/wp\/v2\/media\/189216"}],"wp:attachment":[{"href":"https:\/\/franciscanos.org.br\/vidacrista\/wp-json\/wp\/v2\/media?parent=189215"}],"wp:term":[{"taxonomy":"category","embeddable":true,"href":"https:\/\/franciscanos.org.br\/vidacrista\/wp-json\/wp\/v2\/categories?post=189215"},{"taxonomy":"post_tag","embeddable":true,"href":"https:\/\/franciscanos.org.br\/vidacrista\/wp-json\/wp\/v2\/tags?post=189215"}],"curies":[{"name":"wp","href":"https:\/\/api.w.org\/{rel}","templated":true}]}}