{"id":189138,"date":"2021-03-06T07:23:18","date_gmt":"2021-03-06T10:23:18","guid":{"rendered":"https:\/\/franciscanos.org.br\/vidacrista\/?p=189138"},"modified":"2021-03-06T07:31:04","modified_gmt":"2021-03-06T10:31:04","slug":"a-pandemia-que-nao-para-de-contabilizar-os-seus-mortos","status":"publish","type":"post","link":"https:\/\/franciscanos.org.br\/vidacrista\/a-pandemia-que-nao-para-de-contabilizar-os-seus-mortos\/","title":{"rendered":"A pandemia que n\u00e3o para de contabilizar os seus mortos"},"content":{"rendered":"<div id=\"attachment_189139\" style=\"width: 850px\" class=\"wp-caption alignnone\"><img aria-describedby=\"caption-attachment-189139\" decoding=\"async\" loading=\"lazy\" class=\"wp-image-189139 size-full\" src=\"https:\/\/franciscanos.org.br\/vidacrista\/wp-content\/uploads\/2021\/03\/artigo_06.png\" alt=\"\" width=\"840\" height=\"450\" srcset=\"https:\/\/franciscanos.org.br\/vidacrista\/wp-content\/uploads\/2021\/03\/artigo_06.png 840w, https:\/\/franciscanos.org.br\/vidacrista\/wp-content\/uploads\/2021\/03\/artigo_06-450x241.png 450w, https:\/\/franciscanos.org.br\/vidacrista\/wp-content\/uploads\/2021\/03\/artigo_06-768x411.png 768w, https:\/\/franciscanos.org.br\/vidacrista\/wp-content\/uploads\/2021\/03\/artigo_06-150x80.png 150w\" sizes=\"(max-width: 840px) 100vw, 840px\" \/><p id=\"caption-attachment-189139\" class=\"wp-caption-text\"><em>\u00a0 \u00a0 \u00a0 \u00a0 \u00a0 \u00a0 \u00a0 \u00a0 \u00a0 \u00a0 \u00a0 \u00a0 \u00a0 \u00a0 \u00a0 \u00a0 \u00a0 \u00a0 \u00a0 \u00a0 \u00a0 \u00a0 \u00a0 \u00a0 \u00a0 \u00a0 \u00a0 \u00a0 \u00a0 \u00a0 \u00a0 \u00a0 \u00a0 \u00a0 \u00a0 \u00a0 \u00a0 \u00a0 \u00a0 \u00a0 Imagem ilustrativa: Canva<a href=\"https:\/\/www.canva.com\/pt_br\/modelos\/\"> (www.canva.com\/pt_br\/modelos)<\/a><\/em><\/p><\/div>\n<p><strong>Robson Ribeiro de Oliveira Castro<\/strong><\/p>\n<p>O Brasil iniciou a vacina\u00e7\u00e3o para o combate da Covid-19, entretanto, apenas 3% da popula\u00e7\u00e3o foram imunizados e ainda h\u00e1 problemas das varia\u00e7\u00f5es do v\u00edrus e tamb\u00e9m da morosidade na compra de novas vacinas. O Brasil fracassou no enfrentamento \u00e0 pandemia da Covid-19. Infelizmente \u00e9 um dado tr\u00e1gico da nossa sociedade que sofre com os problemas governamentais que n\u00e3o se compromete com o cuidado de todos. Diante disso, al\u00e9m de n\u00e3o ter conseguido evitar a pilha de corpos, que j\u00e1 ultrapassa os 260.000 mortos, h\u00e1 uma indiferen\u00e7a de uma parcela da sociedade brasileira com a dor do outro.<\/p>\n<p>Aos 3 de agosto de 2020 eu escrevia sobre os dados alarmantes da pandemia. Naquela data j\u00e1 totaliz\u00e1vamos mais de 90.000 mortos e o recorde era de 1.664 mortos em apenas um dia. Entretanto, os n\u00fameros n\u00e3o param de subir e, aos 5 de mar\u00e7o de 2021, ou seja, 7 meses depois, j\u00e1 estamos na marca de 260.970 mortos e atingimos novo recorde: 1.910 mortos em 24 horas.<\/p>\n<p>Os n\u00fameros n\u00e3o param de subir e n\u00e3o se v\u00ea nenhuma mobiliza\u00e7\u00e3o dos l\u00edderes do Governo para conter, de forma efetiva, o avan\u00e7o deste v\u00edrus. H\u00e1 uma pol\u00edtica negacionista que n\u00e3o acredita no v\u00edrus e na sua forma letal.<\/p>\n<p>A BBC News publicou uma reportagem, dia 5 de mar\u00e7o de 2021, com o t\u00edtulo: \u201cCoronav\u00edrus: Por que vacina\u00e7\u00e3o sem <em>lockdown<\/em> pode tornar Brasil &#8216;f\u00e1brica&#8217; de variantes superpotentes\u201d, nos alerta que o \u201cin\u00edcio da vacina\u00e7\u00e3o com transmiss\u00e3o descontrolada da covid-19, pode tornar o pa\u00eds uma &#8220;f\u00e1brica&#8221; de variantes potencialmente capazes de escapar por completo da efic\u00e1cia das vacinas\u201d.<\/p>\n<p>Tal afirmativa \u00e9 apresentada mediante a realidade do \u201ccontato entre vacinados e variantes que propicia o aparecimento de muta\u00e7\u00f5es &#8220;superpotentes&#8221;, capazes de driblar totalmente a a\u00e7\u00e3o do imunizante. Entretanto, n\u00e3o encontramos nada de forma eficiente no combate a este v\u00edrus, uma vez que a vacina\u00e7\u00e3o aqui ocorre a passos lentos e n\u00e3o h\u00e1 demonstra\u00e7\u00e3o de melhorar ao longo dos meses.<\/p>\n<p>Na mesma reportagem h\u00e1 um dado alarmante. No dia 24 de fevereiro de 2021, o Brasil conseguiu um novo recorde: a Organiza\u00e7\u00e3o Mundial da Sa\u00fade apontou que foram registrados 59,9 mil casos de Covid-19 no Brasil no per\u00edodo de 24 horas, superando o caso dos Estados Unidos que tiveram um pico de 57,8 mil.<\/p>\n<p>\u00c9 preciso atrelar o conhecimento cient\u00edfico dos especialistas aos l\u00edderes nacionais para que se possa fazer algo pela popula\u00e7\u00e3o. \u00c9 preciso levar a s\u00e9rio o que estamos vivendo. Na atual pandemia, primeiramente, \u00e9 imprescind\u00edvel salientar que n\u00e3o s\u00e3o somente n\u00fameros, mas sim vidas humanas e hist\u00f3rias que se perderam. Por isso, analisar a pandemia da Covid-19 se torna urgente, pois devemos estar preocupados com o pr\u00f3ximo e acolh\u00ea-lo na sua dor.<\/p>\n<p>O Brasil, carente de lideran\u00e7a, principalmente voltada para a sa\u00fade, tem se mostrado despreparado para enfrentar a pandemia. Mediante aos constantes esfor\u00e7os, muitas vezes solit\u00e1rios dos profissionais da sa\u00fade, vemos um descredito dos l\u00edderes e a das autoridades p\u00fablicas.<\/p>\n<p>N\u00e3o podemos nos acostumar com as mortes, nem ignorar as v\u00edtimas desta pandemia. As dores dos que perderam algum membro da fam\u00edlia e as injusti\u00e7as corroboram para um aumento da agonia. N\u00e3o podemos negar os fatos e \u00e9 preciso ter presente a dignidade da vida humana: vidas importam!<\/p>\n<p>A vida \u00e9 o dom mais precioso. Hoje, diante dessa pandemia, temos de lutar por e pela vida. Ela n\u00e3o pode ser tratada como uma mercadoria, como algo descart\u00e1vel diante da l\u00f3gica capitalista. A vida n\u00e3o pode ser reduzida a uma moeda de troca, n\u00e3o pode ser instrumentalizada pela vis\u00e3o consumista, anti\u00e9tica de um capitalismo que s\u00f3 visa o lucro e negligencia os direitos humanos.<\/p>\n<p>\u00c9 preciso, urgentemente, se fazer ouvir e articular o maior crescimento da consci\u00eancia humana sobre o que \u00e9 ser humano. Para tanto, esta realidade \u00e9 necess\u00e1ria no que tange o bem do pr\u00f3ximo e n\u00e3o o meu pr\u00f3prio bem-estar.<\/p>\n<hr \/>\n<p><strong>Robson Ribeiro de Oliveira Castro<\/strong>\u00a0\u00a0<em>\u00e9 leigo. Mestre em Teologia pela Faculdade Jesu\u00edta de Filosofia e Teologia (FAJE). Atualmente leciona no Instituto Teol\u00f3gico Franciscano (ITF). E-mail: robsonrcastro@yahoo.com.br.<\/em><\/p>\n","protected":false},"excerpt":{"rendered":"<p>Artigo de Robson Ribeiro de Oliveira Castro<\/p>\n","protected":false},"author":3,"featured_media":189140,"comment_status":"open","ping_status":"open","sticky":false,"template":"","format":"standard","meta":{"footnotes":""},"categories":[26],"tags":[328],"yoast_head":"<!-- This site is optimized with the Yoast SEO plugin v19.4 - https:\/\/yoast.com\/wordpress\/plugins\/seo\/ -->\n<title>A pandemia que n\u00e3o para de contabilizar os seus mortos - Vida Crist\u00e3 - Franciscanos<\/title>\n<meta name=\"robots\" content=\"index, follow, max-snippet:-1, max-image-preview:large, max-video-preview:-1\" \/>\n<link rel=\"canonical\" href=\"https:\/\/franciscanos.org.br\/vidacrista\/a-pandemia-que-nao-para-de-contabilizar-os-seus-mortos\/\" \/>\n<meta property=\"og:locale\" content=\"pt_BR\" \/>\n<meta property=\"og:type\" content=\"article\" \/>\n<meta property=\"og:title\" content=\"A pandemia que n\u00e3o para de contabilizar os seus mortos - Vida Crist\u00e3 - Franciscanos\" \/>\n<meta property=\"og:description\" content=\"Artigo de Robson Ribeiro de Oliveira Castro\" \/>\n<meta property=\"og:url\" content=\"https:\/\/franciscanos.org.br\/vidacrista\/a-pandemia-que-nao-para-de-contabilizar-os-seus-mortos\/\" \/>\n<meta property=\"og:site_name\" content=\"Vida Crist\u00e3 - Franciscanos\" \/>\n<meta property=\"article:published_time\" content=\"2021-03-06T10:23:18+00:00\" \/>\n<meta property=\"article:modified_time\" content=\"2021-03-06T10:31:04+00:00\" \/>\n<meta property=\"og:image\" content=\"https:\/\/franciscanos.org.br\/vidacrista\/wp-content\/uploads\/2021\/03\/artigo_06d.png\" \/>\n\t<meta property=\"og:image:width\" content=\"800\" \/>\n\t<meta property=\"og:image:height\" content=\"600\" \/>\n\t<meta property=\"og:image:type\" content=\"image\/png\" \/>\n<meta name=\"author\" content=\"moacir\" \/>\n<meta name=\"twitter:card\" content=\"summary_large_image\" \/>\n<meta name=\"twitter:label1\" content=\"Escrito por\" \/>\n\t<meta name=\"twitter:data1\" content=\"moacir\" \/>\n\t<meta name=\"twitter:label2\" content=\"Est. tempo de leitura\" \/>\n\t<meta name=\"twitter:data2\" content=\"4 minutos\" \/>\n<script type=\"application\/ld+json\" class=\"yoast-schema-graph\">{\"@context\":\"https:\/\/schema.org\",\"@graph\":[{\"@type\":\"WebSite\",\"@id\":\"https:\/\/franciscanos.org.br\/vidacrista\/#website\",\"url\":\"https:\/\/franciscanos.org.br\/vidacrista\/\",\"name\":\"Vida Crist\u00e3 - Franciscanos\",\"description\":\"Prov\u00edncia Franciscana da Imaculada Concei\u00e7\u00e3o do Brasil - Ordem dos Frades Menores\",\"potentialAction\":[{\"@type\":\"SearchAction\",\"target\":{\"@type\":\"EntryPoint\",\"urlTemplate\":\"https:\/\/franciscanos.org.br\/vidacrista\/?s={search_term_string}\"},\"query-input\":\"required name=search_term_string\"}],\"inLanguage\":\"pt-BR\"},{\"@type\":\"WebPage\",\"@id\":\"https:\/\/franciscanos.org.br\/vidacrista\/a-pandemia-que-nao-para-de-contabilizar-os-seus-mortos\/\",\"url\":\"https:\/\/franciscanos.org.br\/vidacrista\/a-pandemia-que-nao-para-de-contabilizar-os-seus-mortos\/\",\"name\":\"A pandemia que n\u00e3o para de contabilizar os seus mortos - Vida Crist\u00e3 - Franciscanos\",\"isPartOf\":{\"@id\":\"https:\/\/franciscanos.org.br\/vidacrista\/#website\"},\"datePublished\":\"2021-03-06T10:23:18+00:00\",\"dateModified\":\"2021-03-06T10:31:04+00:00\",\"author\":{\"@id\":\"https:\/\/franciscanos.org.br\/vidacrista\/#\/schema\/person\/1880bdd2c350b735648725ef7614736a\"},\"breadcrumb\":{\"@id\":\"https:\/\/franciscanos.org.br\/vidacrista\/a-pandemia-que-nao-para-de-contabilizar-os-seus-mortos\/#breadcrumb\"},\"inLanguage\":\"pt-BR\",\"potentialAction\":[{\"@type\":\"ReadAction\",\"target\":[\"https:\/\/franciscanos.org.br\/vidacrista\/a-pandemia-que-nao-para-de-contabilizar-os-seus-mortos\/\"]}]},{\"@type\":\"BreadcrumbList\",\"@id\":\"https:\/\/franciscanos.org.br\/vidacrista\/a-pandemia-que-nao-para-de-contabilizar-os-seus-mortos\/#breadcrumb\",\"itemListElement\":[{\"@type\":\"ListItem\",\"position\":1,\"name\":\"Home\",\"item\":\"https:\/\/franciscanos.org.br\/vidacrista\/\"},{\"@type\":\"ListItem\",\"position\":2,\"name\":\"A pandemia que n\u00e3o para de contabilizar os seus mortos\"}]},{\"@type\":\"Person\",\"@id\":\"https:\/\/franciscanos.org.br\/vidacrista\/#\/schema\/person\/1880bdd2c350b735648725ef7614736a\",\"name\":\"moacir\",\"image\":{\"@type\":\"ImageObject\",\"inLanguage\":\"pt-BR\",\"@id\":\"https:\/\/franciscanos.org.br\/vidacrista\/#\/schema\/person\/image\/\",\"url\":\"https:\/\/secure.gravatar.com\/avatar\/d08aa2ce4c8dd416d4479aa8536fcf64?s=96&d=mm&r=g\",\"contentUrl\":\"https:\/\/secure.gravatar.com\/avatar\/d08aa2ce4c8dd416d4479aa8536fcf64?s=96&d=mm&r=g\",\"caption\":\"moacir\"},\"url\":\"https:\/\/franciscanos.org.br\/vidacrista\/author\/moacir\/\"}]}<\/script>\n<!-- \/ Yoast SEO plugin. -->","yoast_head_json":{"title":"A pandemia que n\u00e3o para de contabilizar os seus mortos - Vida Crist\u00e3 - Franciscanos","robots":{"index":"index","follow":"follow","max-snippet":"max-snippet:-1","max-image-preview":"max-image-preview:large","max-video-preview":"max-video-preview:-1"},"canonical":"https:\/\/franciscanos.org.br\/vidacrista\/a-pandemia-que-nao-para-de-contabilizar-os-seus-mortos\/","og_locale":"pt_BR","og_type":"article","og_title":"A pandemia que n\u00e3o para de contabilizar os seus mortos - Vida Crist\u00e3 - Franciscanos","og_description":"Artigo de Robson Ribeiro de Oliveira Castro","og_url":"https:\/\/franciscanos.org.br\/vidacrista\/a-pandemia-que-nao-para-de-contabilizar-os-seus-mortos\/","og_site_name":"Vida Crist\u00e3 - Franciscanos","article_published_time":"2021-03-06T10:23:18+00:00","article_modified_time":"2021-03-06T10:31:04+00:00","og_image":[{"width":800,"height":600,"url":"https:\/\/franciscanos.org.br\/vidacrista\/wp-content\/uploads\/2021\/03\/artigo_06d.png","type":"image\/png"}],"author":"moacir","twitter_card":"summary_large_image","twitter_misc":{"Escrito por":"moacir","Est. tempo de leitura":"4 minutos"},"schema":{"@context":"https:\/\/schema.org","@graph":[{"@type":"WebSite","@id":"https:\/\/franciscanos.org.br\/vidacrista\/#website","url":"https:\/\/franciscanos.org.br\/vidacrista\/","name":"Vida Crist\u00e3 - Franciscanos","description":"Prov\u00edncia Franciscana da Imaculada Concei\u00e7\u00e3o do Brasil - Ordem dos Frades Menores","potentialAction":[{"@type":"SearchAction","target":{"@type":"EntryPoint","urlTemplate":"https:\/\/franciscanos.org.br\/vidacrista\/?s={search_term_string}"},"query-input":"required name=search_term_string"}],"inLanguage":"pt-BR"},{"@type":"WebPage","@id":"https:\/\/franciscanos.org.br\/vidacrista\/a-pandemia-que-nao-para-de-contabilizar-os-seus-mortos\/","url":"https:\/\/franciscanos.org.br\/vidacrista\/a-pandemia-que-nao-para-de-contabilizar-os-seus-mortos\/","name":"A pandemia que n\u00e3o para de contabilizar os seus mortos - Vida Crist\u00e3 - Franciscanos","isPartOf":{"@id":"https:\/\/franciscanos.org.br\/vidacrista\/#website"},"datePublished":"2021-03-06T10:23:18+00:00","dateModified":"2021-03-06T10:31:04+00:00","author":{"@id":"https:\/\/franciscanos.org.br\/vidacrista\/#\/schema\/person\/1880bdd2c350b735648725ef7614736a"},"breadcrumb":{"@id":"https:\/\/franciscanos.org.br\/vidacrista\/a-pandemia-que-nao-para-de-contabilizar-os-seus-mortos\/#breadcrumb"},"inLanguage":"pt-BR","potentialAction":[{"@type":"ReadAction","target":["https:\/\/franciscanos.org.br\/vidacrista\/a-pandemia-que-nao-para-de-contabilizar-os-seus-mortos\/"]}]},{"@type":"BreadcrumbList","@id":"https:\/\/franciscanos.org.br\/vidacrista\/a-pandemia-que-nao-para-de-contabilizar-os-seus-mortos\/#breadcrumb","itemListElement":[{"@type":"ListItem","position":1,"name":"Home","item":"https:\/\/franciscanos.org.br\/vidacrista\/"},{"@type":"ListItem","position":2,"name":"A pandemia que n\u00e3o para de contabilizar os seus mortos"}]},{"@type":"Person","@id":"https:\/\/franciscanos.org.br\/vidacrista\/#\/schema\/person\/1880bdd2c350b735648725ef7614736a","name":"moacir","image":{"@type":"ImageObject","inLanguage":"pt-BR","@id":"https:\/\/franciscanos.org.br\/vidacrista\/#\/schema\/person\/image\/","url":"https:\/\/secure.gravatar.com\/avatar\/d08aa2ce4c8dd416d4479aa8536fcf64?s=96&d=mm&r=g","contentUrl":"https:\/\/secure.gravatar.com\/avatar\/d08aa2ce4c8dd416d4479aa8536fcf64?s=96&d=mm&r=g","caption":"moacir"},"url":"https:\/\/franciscanos.org.br\/vidacrista\/author\/moacir\/"}]}},"_links":{"self":[{"href":"https:\/\/franciscanos.org.br\/vidacrista\/wp-json\/wp\/v2\/posts\/189138"}],"collection":[{"href":"https:\/\/franciscanos.org.br\/vidacrista\/wp-json\/wp\/v2\/posts"}],"about":[{"href":"https:\/\/franciscanos.org.br\/vidacrista\/wp-json\/wp\/v2\/types\/post"}],"author":[{"embeddable":true,"href":"https:\/\/franciscanos.org.br\/vidacrista\/wp-json\/wp\/v2\/users\/3"}],"replies":[{"embeddable":true,"href":"https:\/\/franciscanos.org.br\/vidacrista\/wp-json\/wp\/v2\/comments?post=189138"}],"version-history":[{"count":2,"href":"https:\/\/franciscanos.org.br\/vidacrista\/wp-json\/wp\/v2\/posts\/189138\/revisions"}],"predecessor-version":[{"id":189142,"href":"https:\/\/franciscanos.org.br\/vidacrista\/wp-json\/wp\/v2\/posts\/189138\/revisions\/189142"}],"wp:featuredmedia":[{"embeddable":true,"href":"https:\/\/franciscanos.org.br\/vidacrista\/wp-json\/wp\/v2\/media\/189140"}],"wp:attachment":[{"href":"https:\/\/franciscanos.org.br\/vidacrista\/wp-json\/wp\/v2\/media?parent=189138"}],"wp:term":[{"taxonomy":"category","embeddable":true,"href":"https:\/\/franciscanos.org.br\/vidacrista\/wp-json\/wp\/v2\/categories?post=189138"},{"taxonomy":"post_tag","embeddable":true,"href":"https:\/\/franciscanos.org.br\/vidacrista\/wp-json\/wp\/v2\/tags?post=189138"}],"curies":[{"name":"wp","href":"https:\/\/api.w.org\/{rel}","templated":true}]}}