{"id":189116,"date":"2021-03-03T10:56:30","date_gmt":"2021-03-03T13:56:30","guid":{"rendered":"https:\/\/franciscanos.org.br\/vidacrista\/?p=189116"},"modified":"2021-03-03T10:56:30","modified_gmt":"2021-03-03T13:56:30","slug":"deus-nao-desiste-do-homem","status":"publish","type":"post","link":"https:\/\/franciscanos.org.br\/vidacrista\/deus-nao-desiste-do-homem\/","title":{"rendered":"Deus n\u00e3o desiste do homem"},"content":{"rendered":"<div id=\"attachment_189118\" style=\"width: 850px\" class=\"wp-caption alignnone\"><img aria-describedby=\"caption-attachment-189118\" decoding=\"async\" loading=\"lazy\" class=\"wp-image-189118 size-full\" src=\"https:\/\/franciscanos.org.br\/vidacrista\/wp-content\/uploads\/2021\/03\/primeira_sexta_03.jpg\" alt=\"\" width=\"840\" height=\"450\" srcset=\"https:\/\/franciscanos.org.br\/vidacrista\/wp-content\/uploads\/2021\/03\/primeira_sexta_03.jpg 840w, https:\/\/franciscanos.org.br\/vidacrista\/wp-content\/uploads\/2021\/03\/primeira_sexta_03-450x241.jpg 450w, https:\/\/franciscanos.org.br\/vidacrista\/wp-content\/uploads\/2021\/03\/primeira_sexta_03-768x411.jpg 768w, https:\/\/franciscanos.org.br\/vidacrista\/wp-content\/uploads\/2021\/03\/primeira_sexta_03-150x80.jpg 150w\" sizes=\"(max-width: 840px) 100vw, 840px\" \/><p id=\"caption-attachment-189118\" class=\"wp-caption-text\">\u00a0 \u00a0 \u00a0 \u00a0 \u00a0 \u00a0 \u00a0 \u00a0 \u00a0 \u00a0 \u00a0 \u00a0 \u00a0 \u00a0 \u00a0 \u00a0 \u00a0 \u00a0 \u00a0 \u00a0 \u00a0 \u00a0 \u00a0 \u00a0 \u00a0 \u00a0 \u00a0 \u00a0 \u00a0 \u00a0 \u00a0 \u00a0 \u00a0 \u00a0 \u00a0 \u00a0 \u00a0 \u00a0 \u00a0 \u00a0 \u00a0 \u00a0 \u00a0 \u00a0 \u00a0 \u00a0 \u00a0 \u00a0 \u00a0 \u00a0 \u00a0 \u00a0 \u00a0 \u00a0 \u00a0 \u00a0 \u00a0 \u00a0 \u00a0 \u00a0 \u00a0 \u00a0 \u00a0 \u00a0 \u00a0 \u00a0 \u00a0 \u00a0<em> \u00a0 Imagem ilustrativa: Catholic Pic<\/em><\/p><\/div>\n<p>Sempre, \u00e0s primeiras sextas-feiras de cada m\u00eas, temos o costume de nos deter diante da totalidade da entrega de Jesus em sua morte. Fim de uma caminhada. Sem nada. Nu no alto da cruz. Despojamento. Livre de todas as amarras. Verdade na pobreza. Sem t\u00edtulos. Despojamento. E assim ele, situa-se a um passo da gl\u00f3ria e pede ainda uma vez nossa aten\u00e7\u00e3o. \u201cAd\u00e3o, onde est\u00e1s? Ele n\u00e3o desiste do homem. Comprova-o seu peito aberto.<\/p>\n<p>Convido a todos lerem est\u00e1 p\u00e1gina de Jos\u00e9 Tolentino Mendon\u00e7a: \u201cDeus toma a iniciativa da liberta\u00e7\u00e3o: ele v\u00ea, ele ouve a situa\u00e7\u00e3o do homem, ele vem ao nosso encontro para nos libertar. Para nos arrancar da terra do ex\u00edlio, de uma vida que n\u00e3o \u00e9 vida, sequestrada pela escravid\u00e3o. Deus se compadece de nossa realidade. Deus liberta e salva pessoas concretas que ousam assumir a concretude de sua vida tal como ela \u00e9, no seu mal, nos seus embara\u00e7os, nos limites que nos tornam joguete de incont\u00e1veis escravid\u00f5es. Deus n\u00e3o salva o que parecemos ser, o que fingimos ser: Deus salva aquilo que somos, porque \u00e9 nisso que ele acredita, porque \u00e9 isso que ele ama. Essa liberta\u00e7\u00e3o profunda que Deus opera com o perd\u00e3o \u00e9, assim, uma verdadeira recria\u00e7\u00e3o, um infatig\u00e1vel chamamento \u00e0 vida. Uma vez vi grafitada, num muro, uma pergunta: \u201cAcreditam na vida antes da morte?\u201d Foi um baque. Claro que alarga infinitamente o horizonte acreditar que h\u00e1 vida depois da morte. Contudo, se eu, por algum motivo, desistir de confiar que existe vida (isto \u00e9, possibilidade de vida verdadeira) antes de minha morte, tudo fica estranho, escuro perdido. Deus n\u00e3o desiste do homem\u201d (Jos\u00e9 Tolentino Mendon\u00e7a, Pai nosso que estais na terra, Paulinas, p 103).<\/p>\n<p>Viver, amar a vida, promover a vida em n\u00f3s e \u00e0 nossa volta. Deixar de viver minguadamente, uma vida que n\u00e3o \u00e9 vida. Escutar o Senhor a dizer: \u201cN\u00e3o existe maior amor do que dar a vida pelos seus\u201d. \u00c9 sempre assim que \u00e0s primeiras sextas-feiras de cada m\u00eas deixamos que janela do peito do Senhor nos ilumine com sua luz. Precisamos de algu\u00e9m que nos olhe em nossa verdade. As apar\u00eancias de \u201csucesso\u201d podem enganar.<\/p>\n<p>DEUS N\u00c3O DESISTE DO HOMEM<\/p>\n<hr \/>\n<p><em>Frei Almir Guimar\u00e3es<\/em><\/p>\n","protected":false},"excerpt":{"rendered":"<p>Primeira Sexta-feira do M\u00eas<\/p>\n","protected":false},"author":3,"featured_media":189117,"comment_status":"open","ping_status":"open","sticky":false,"template":"","format":"standard","meta":{"footnotes":""},"categories":[105],"tags":[212],"yoast_head":"<!-- This site is optimized with the Yoast SEO plugin v19.4 - https:\/\/yoast.com\/wordpress\/plugins\/seo\/ -->\n<title>Deus n\u00e3o desiste do homem - Vida Crist\u00e3 - Franciscanos<\/title>\n<meta name=\"robots\" content=\"index, follow, max-snippet:-1, max-image-preview:large, max-video-preview:-1\" \/>\n<link rel=\"canonical\" href=\"https:\/\/franciscanos.org.br\/vidacrista\/deus-nao-desiste-do-homem\/\" \/>\n<meta property=\"og:locale\" content=\"pt_BR\" \/>\n<meta property=\"og:type\" content=\"article\" \/>\n<meta property=\"og:title\" content=\"Deus n\u00e3o desiste do homem - Vida Crist\u00e3 - Franciscanos\" \/>\n<meta property=\"og:description\" content=\"Primeira Sexta-feira do M\u00eas\" \/>\n<meta property=\"og:url\" content=\"https:\/\/franciscanos.org.br\/vidacrista\/deus-nao-desiste-do-homem\/\" \/>\n<meta property=\"og:site_name\" content=\"Vida Crist\u00e3 - Franciscanos\" \/>\n<meta property=\"article:published_time\" content=\"2021-03-03T13:56:30+00:00\" \/>\n<meta property=\"og:image\" content=\"https:\/\/franciscanos.org.br\/vidacrista\/wp-content\/uploads\/2021\/03\/primeira_sexta_03d.jpg\" \/>\n\t<meta property=\"og:image:width\" content=\"800\" \/>\n\t<meta property=\"og:image:height\" content=\"600\" \/>\n\t<meta property=\"og:image:type\" content=\"image\/jpeg\" \/>\n<meta name=\"author\" content=\"moacir\" \/>\n<meta name=\"twitter:card\" content=\"summary_large_image\" \/>\n<meta name=\"twitter:label1\" content=\"Escrito por\" \/>\n\t<meta name=\"twitter:data1\" content=\"moacir\" \/>\n\t<meta name=\"twitter:label2\" content=\"Est. tempo de leitura\" \/>\n\t<meta name=\"twitter:data2\" content=\"2 minutos\" \/>\n<script type=\"application\/ld+json\" class=\"yoast-schema-graph\">{\"@context\":\"https:\/\/schema.org\",\"@graph\":[{\"@type\":\"WebSite\",\"@id\":\"https:\/\/franciscanos.org.br\/vidacrista\/#website\",\"url\":\"https:\/\/franciscanos.org.br\/vidacrista\/\",\"name\":\"Vida Crist\u00e3 - Franciscanos\",\"description\":\"Prov\u00edncia Franciscana da Imaculada Concei\u00e7\u00e3o do Brasil - Ordem dos Frades Menores\",\"potentialAction\":[{\"@type\":\"SearchAction\",\"target\":{\"@type\":\"EntryPoint\",\"urlTemplate\":\"https:\/\/franciscanos.org.br\/vidacrista\/?s={search_term_string}\"},\"query-input\":\"required name=search_term_string\"}],\"inLanguage\":\"pt-BR\"},{\"@type\":\"WebPage\",\"@id\":\"https:\/\/franciscanos.org.br\/vidacrista\/deus-nao-desiste-do-homem\/\",\"url\":\"https:\/\/franciscanos.org.br\/vidacrista\/deus-nao-desiste-do-homem\/\",\"name\":\"Deus n\u00e3o desiste do homem - Vida Crist\u00e3 - Franciscanos\",\"isPartOf\":{\"@id\":\"https:\/\/franciscanos.org.br\/vidacrista\/#website\"},\"datePublished\":\"2021-03-03T13:56:30+00:00\",\"dateModified\":\"2021-03-03T13:56:30+00:00\",\"author\":{\"@id\":\"https:\/\/franciscanos.org.br\/vidacrista\/#\/schema\/person\/1880bdd2c350b735648725ef7614736a\"},\"breadcrumb\":{\"@id\":\"https:\/\/franciscanos.org.br\/vidacrista\/deus-nao-desiste-do-homem\/#breadcrumb\"},\"inLanguage\":\"pt-BR\",\"potentialAction\":[{\"@type\":\"ReadAction\",\"target\":[\"https:\/\/franciscanos.org.br\/vidacrista\/deus-nao-desiste-do-homem\/\"]}]},{\"@type\":\"BreadcrumbList\",\"@id\":\"https:\/\/franciscanos.org.br\/vidacrista\/deus-nao-desiste-do-homem\/#breadcrumb\",\"itemListElement\":[{\"@type\":\"ListItem\",\"position\":1,\"name\":\"Home\",\"item\":\"https:\/\/franciscanos.org.br\/vidacrista\/\"},{\"@type\":\"ListItem\",\"position\":2,\"name\":\"Deus n\u00e3o desiste do homem\"}]},{\"@type\":\"Person\",\"@id\":\"https:\/\/franciscanos.org.br\/vidacrista\/#\/schema\/person\/1880bdd2c350b735648725ef7614736a\",\"name\":\"moacir\",\"image\":{\"@type\":\"ImageObject\",\"inLanguage\":\"pt-BR\",\"@id\":\"https:\/\/franciscanos.org.br\/vidacrista\/#\/schema\/person\/image\/\",\"url\":\"https:\/\/secure.gravatar.com\/avatar\/d08aa2ce4c8dd416d4479aa8536fcf64?s=96&d=mm&r=g\",\"contentUrl\":\"https:\/\/secure.gravatar.com\/avatar\/d08aa2ce4c8dd416d4479aa8536fcf64?s=96&d=mm&r=g\",\"caption\":\"moacir\"},\"url\":\"https:\/\/franciscanos.org.br\/vidacrista\/author\/moacir\/\"}]}<\/script>\n<!-- \/ Yoast SEO plugin. -->","yoast_head_json":{"title":"Deus n\u00e3o desiste do homem - Vida Crist\u00e3 - Franciscanos","robots":{"index":"index","follow":"follow","max-snippet":"max-snippet:-1","max-image-preview":"max-image-preview:large","max-video-preview":"max-video-preview:-1"},"canonical":"https:\/\/franciscanos.org.br\/vidacrista\/deus-nao-desiste-do-homem\/","og_locale":"pt_BR","og_type":"article","og_title":"Deus n\u00e3o desiste do homem - Vida Crist\u00e3 - Franciscanos","og_description":"Primeira Sexta-feira do M\u00eas","og_url":"https:\/\/franciscanos.org.br\/vidacrista\/deus-nao-desiste-do-homem\/","og_site_name":"Vida Crist\u00e3 - Franciscanos","article_published_time":"2021-03-03T13:56:30+00:00","og_image":[{"width":800,"height":600,"url":"https:\/\/franciscanos.org.br\/vidacrista\/wp-content\/uploads\/2021\/03\/primeira_sexta_03d.jpg","type":"image\/jpeg"}],"author":"moacir","twitter_card":"summary_large_image","twitter_misc":{"Escrito por":"moacir","Est. tempo de leitura":"2 minutos"},"schema":{"@context":"https:\/\/schema.org","@graph":[{"@type":"WebSite","@id":"https:\/\/franciscanos.org.br\/vidacrista\/#website","url":"https:\/\/franciscanos.org.br\/vidacrista\/","name":"Vida Crist\u00e3 - Franciscanos","description":"Prov\u00edncia Franciscana da Imaculada Concei\u00e7\u00e3o do Brasil - Ordem dos Frades Menores","potentialAction":[{"@type":"SearchAction","target":{"@type":"EntryPoint","urlTemplate":"https:\/\/franciscanos.org.br\/vidacrista\/?s={search_term_string}"},"query-input":"required name=search_term_string"}],"inLanguage":"pt-BR"},{"@type":"WebPage","@id":"https:\/\/franciscanos.org.br\/vidacrista\/deus-nao-desiste-do-homem\/","url":"https:\/\/franciscanos.org.br\/vidacrista\/deus-nao-desiste-do-homem\/","name":"Deus n\u00e3o desiste do homem - Vida Crist\u00e3 - Franciscanos","isPartOf":{"@id":"https:\/\/franciscanos.org.br\/vidacrista\/#website"},"datePublished":"2021-03-03T13:56:30+00:00","dateModified":"2021-03-03T13:56:30+00:00","author":{"@id":"https:\/\/franciscanos.org.br\/vidacrista\/#\/schema\/person\/1880bdd2c350b735648725ef7614736a"},"breadcrumb":{"@id":"https:\/\/franciscanos.org.br\/vidacrista\/deus-nao-desiste-do-homem\/#breadcrumb"},"inLanguage":"pt-BR","potentialAction":[{"@type":"ReadAction","target":["https:\/\/franciscanos.org.br\/vidacrista\/deus-nao-desiste-do-homem\/"]}]},{"@type":"BreadcrumbList","@id":"https:\/\/franciscanos.org.br\/vidacrista\/deus-nao-desiste-do-homem\/#breadcrumb","itemListElement":[{"@type":"ListItem","position":1,"name":"Home","item":"https:\/\/franciscanos.org.br\/vidacrista\/"},{"@type":"ListItem","position":2,"name":"Deus n\u00e3o desiste do homem"}]},{"@type":"Person","@id":"https:\/\/franciscanos.org.br\/vidacrista\/#\/schema\/person\/1880bdd2c350b735648725ef7614736a","name":"moacir","image":{"@type":"ImageObject","inLanguage":"pt-BR","@id":"https:\/\/franciscanos.org.br\/vidacrista\/#\/schema\/person\/image\/","url":"https:\/\/secure.gravatar.com\/avatar\/d08aa2ce4c8dd416d4479aa8536fcf64?s=96&d=mm&r=g","contentUrl":"https:\/\/secure.gravatar.com\/avatar\/d08aa2ce4c8dd416d4479aa8536fcf64?s=96&d=mm&r=g","caption":"moacir"},"url":"https:\/\/franciscanos.org.br\/vidacrista\/author\/moacir\/"}]}},"_links":{"self":[{"href":"https:\/\/franciscanos.org.br\/vidacrista\/wp-json\/wp\/v2\/posts\/189116"}],"collection":[{"href":"https:\/\/franciscanos.org.br\/vidacrista\/wp-json\/wp\/v2\/posts"}],"about":[{"href":"https:\/\/franciscanos.org.br\/vidacrista\/wp-json\/wp\/v2\/types\/post"}],"author":[{"embeddable":true,"href":"https:\/\/franciscanos.org.br\/vidacrista\/wp-json\/wp\/v2\/users\/3"}],"replies":[{"embeddable":true,"href":"https:\/\/franciscanos.org.br\/vidacrista\/wp-json\/wp\/v2\/comments?post=189116"}],"version-history":[{"count":1,"href":"https:\/\/franciscanos.org.br\/vidacrista\/wp-json\/wp\/v2\/posts\/189116\/revisions"}],"predecessor-version":[{"id":189119,"href":"https:\/\/franciscanos.org.br\/vidacrista\/wp-json\/wp\/v2\/posts\/189116\/revisions\/189119"}],"wp:featuredmedia":[{"embeddable":true,"href":"https:\/\/franciscanos.org.br\/vidacrista\/wp-json\/wp\/v2\/media\/189117"}],"wp:attachment":[{"href":"https:\/\/franciscanos.org.br\/vidacrista\/wp-json\/wp\/v2\/media?parent=189116"}],"wp:term":[{"taxonomy":"category","embeddable":true,"href":"https:\/\/franciscanos.org.br\/vidacrista\/wp-json\/wp\/v2\/categories?post=189116"},{"taxonomy":"post_tag","embeddable":true,"href":"https:\/\/franciscanos.org.br\/vidacrista\/wp-json\/wp\/v2\/tags?post=189116"}],"curies":[{"name":"wp","href":"https:\/\/api.w.org\/{rel}","templated":true}]}}