{"id":189095,"date":"2021-03-01T08:03:40","date_gmt":"2021-03-01T11:03:40","guid":{"rendered":"https:\/\/franciscanos.org.br\/vidacrista\/?p=189095"},"modified":"2021-03-01T08:03:41","modified_gmt":"2021-03-01T11:03:41","slug":"licao-da-covid-19-adoecemos-a-terra-e-a-terra-nos-adoece","status":"publish","type":"post","link":"https:\/\/franciscanos.org.br\/vidacrista\/licao-da-covid-19-adoecemos-a-terra-e-a-terra-nos-adoece\/","title":{"rendered":"Li\u00e7\u00e3o da Covid-19: adoecemos a Terra e a Terra nos adoece"},"content":{"rendered":"<div id=\"attachment_189096\" style=\"width: 850px\" class=\"wp-caption alignnone\"><img aria-describedby=\"caption-attachment-189096\" decoding=\"async\" loading=\"lazy\" class=\"wp-image-189096 size-full\" src=\"https:\/\/franciscanos.org.br\/vidacrista\/wp-content\/uploads\/2021\/03\/natureza_01.jpg\" alt=\"\" width=\"840\" height=\"450\" srcset=\"https:\/\/franciscanos.org.br\/vidacrista\/wp-content\/uploads\/2021\/03\/natureza_01.jpg 840w, https:\/\/franciscanos.org.br\/vidacrista\/wp-content\/uploads\/2021\/03\/natureza_01-450x241.jpg 450w, https:\/\/franciscanos.org.br\/vidacrista\/wp-content\/uploads\/2021\/03\/natureza_01-768x411.jpg 768w, https:\/\/franciscanos.org.br\/vidacrista\/wp-content\/uploads\/2021\/03\/natureza_01-150x80.jpg 150w\" sizes=\"(max-width: 840px) 100vw, 840px\" \/><p id=\"caption-attachment-189096\" class=\"wp-caption-text\">\u00a0 \u00a0 \u00a0 \u00a0 \u00a0 \u00a0 \u00a0 \u00a0 \u00a0 \u00a0 \u00a0 \u00a0 \u00a0 \u00a0 \u00a0 \u00a0 \u00a0 \u00a0 \u00a0 \u00a0 \u00a0 \u00a0 \u00a0 \u00a0 \u00a0 \u00a0 \u00a0 \u00a0 \u00a0 \u00a0 \u00a0 \u00a0 \u00a0 \u00a0 \u00a0 \u00a0 \u00a0 \u00a0 \u00a0 \u00a0 \u00a0 \u00a0 \u00a0 \u00a0 \u00a0 \u00a0 \u00a0 \u00a0 \u00a0 \u00a0 \u00a0 \u00a0<em> Imagem ilustrativa: Acervo Prov\u00edncia<\/em><\/p><\/div>\n<p><strong>\u00a0Leonardo Boff<\/strong><\/p>\n<p>A intrus\u00e3o do coronav\u00edrus em 2019 revelou a \u00edntima conex\u00e3o existente entre Terra e Humanidade. Consoante a nova cosmologia (vis\u00e3o cient\u00edfica do universo) n\u00f3s, humanos, formamos uma entidade \u00fanica com a Terra. Participamos de sua sa\u00fade e tamb\u00e9m de sua doen\u00e7a.<\/p>\n<p>Isaac Asimov, cientista russo, famoso por seus livros de divulga\u00e7\u00e3o cient\u00edfica, a pedido da revista\u00a0<em>New York Times<\/em> (do dia 9 de outubro de 1982), por ocasi\u00e3o da celebra\u00e7\u00e3o dos 25 anos do lan\u00e7amento do Sputinik que inaugurou a era espacial, escreveu um artigo sobre o legado deste quarto de s\u00e9culo espacial.<\/p>\n<p>O primeiro legado, disse ele, \u00e9 a percep\u00e7\u00e3o de que, na perspectiva das naves espaciais, a Terra e a humanidade formam\u00a0<em>uma \u00fanica entidade<\/em>, vale dizer, um \u00fanico ser, complexo, diverso, contradit\u00f3rio e dotado de grande dinamismo.<\/p>\n<p>O segundo legado \u00e9 a irrup\u00e7\u00e3o da consci\u00eancia planet\u00e1ria: construir a Terra e n\u00e3o simplesmente as na\u00e7\u00f5es \u00e9 o grande projeto e desafio humano. Terra e Humanidade possuem um destino comum. O que se passa num se passa tamb\u00e9m no outro.\u00a0\u00a0Adoece a Terra, adoece juntamente o ser humano; adoece o ser humano, adoece tamb\u00e9m a Terra. Estamos unidos pelo bem e pelo mal.<\/p>\n<p>No atual momento, a Terra inteira e cada pessoa estamos sendo atacados pela Covid-19, especialmente o Brasil, v\u00edtima de um chefe de estado insano que n\u00e3o se preocupa com a vida de seu povo. Todos, de uma forma ou de outra, nos sentimos doentes f\u00edsica, ps\u00edquica e espiritualmente.<\/p>\n<p>Por \u00a0 que chegamos a isso? A raz\u00e3o reside na Covid-19. \u00c9 err\u00f4neo v\u00ea-la isoladamente sem seu contexto. O contexto est\u00e1 na forma como organizamos j\u00e1 h\u00e1 tr\u00eas s\u00e9culos nossa sociedade: na pilhagem ilimitada dos bens e servi\u00e7os da Terra para proveito e enriquecimento humano. Este prop\u00f3sito levou a ocupar 83% do planeta, desflorestando, poluindo o ar, a \u00e1gua e os solos. Nas palavras do pensador franc\u00eas Michel Serres, movemos uma guerra total contra Gaia, \u00a0atacando-a em todas as frentes sem nenhuma chance de venc\u00ea-la. A consequ\u00eancia foi a destrui\u00e7\u00e3o dos<em> habitats<\/em> das milhares de esp\u00e9cies de v\u00edrus. Para sobreviver saltaram para outros animais e destes para n\u00f3s.<\/p>\n<p>A Covid-19 representa um contra-ataque da Terra contra a sistem\u00e1tica agress\u00e3o montada contra ela. A Terra adoeceu e repassou sua doen\u00e7a a n\u00f3s mediante uma gama de v\u00edrus como o zika, a chikungunya, o ebola, a gripe avi\u00e1ria e outros. Como formamos uma complexa unidade com a Terra, \u00a0adoecemos junto com ela. E n\u00f3s, doentes, acabamos tamb\u00e9m por adoec\u00ea-la. O coronav\u00edrus representa esta simbiose sinistra e letal.<\/p>\n<p>De modo geral devemos entender que a rea\u00e7\u00e3o da Terra \u00e0 nossa viol\u00eancia se mostra pela febre (aquecimento global), que n\u00e3o \u00e9 uma doen\u00e7a, mas aponta para uma doen\u00e7a: o alto n\u00edvel de contamina\u00e7\u00e3o de gases de efeito estufa que ela n\u00e3o consegue digerir e sua incapacidade de continuar nos oferecer seus bens e servi\u00e7os naturais. A partir de 22 de setembro de 2019 ocorreu a\u00a0<em>Sobrecarga da Terra<\/em>, vale dizer, as reservas de bens e servi\u00e7os naturais, necess\u00e1rios ao sistema-vida, chegaram ao fundo do po\u00e7o. Entramos no vermelho e no xeque especial.<\/p>\n<p>Para termos o necess\u00e1rio e, pior, para mantermos o consumo suntu\u00e1rio e o desperd\u00edcio\u00a0\u00a0dos pa\u00edses ricos, devemos arrancar \u00e0 for\u00e7a seus \u201crecursos\u201d para atender as demanda dos consumistas. At\u00e9 quando a Terra aguentar\u00e1?<\/p>\n<p>Sabemos que h\u00e1 nove fronteiras planet\u00e1rias que n\u00e3o podem ser rompidas sem amea\u00e7ar a vida e nosso projeto civilizat\u00f3rio. Quatro delas j\u00e1 foram rompidas. A consequ\u00eancia \u00e9 termos menos \u00e1gua, menos nutrientes, menos safras, mais desertifica\u00e7\u00e3o, maior eros\u00e3o da biodiversidade \u00a0e os demais itens indispens\u00e1veis para a vida. Portanto, nosso tipo de rela\u00e7\u00e3o \u00e9 antivida e \u00e9 a causa principal da doen\u00e7a da Terra que, por sua vez, nos torna tamb\u00e9m doentes. Por esta raz\u00e3o, quase todos n\u00f3s, especialmente por causa do isolamento social e das medidas higi\u00eanicas, nos sentimos prostrados, desvitalizados, irritadi\u00e7os, numa palavra, tomados por um pesadelo que n\u00e3o sabemos quando vai acabar. Os milhares de mortos de entes queridos, sem poder acompanh\u00e1-los e prestar-lhes a \u00faltima despedida por um luto imprescind\u00edvel nos acabrunham e p\u00f5em em cheque o sentido da vida e o futuro de nossa conviv\u00eancia nesse planeta.<\/p>\n<p>Por outro lado, a muito custo, estamos aprendendo que o que nos est\u00e1 salvando n\u00e3o s\u00e3o os mantras do capitalismo e do neoliberalismo: o lucro, a concorr\u00eancia, o individualismo, a ilimitada explora\u00e7\u00e3o da natureza, a exig\u00eancia de um Estado m\u00ednimo e a centralidade do mercado. Se tiv\u00e9ssemos seguido estes \u201cvalores\u201d ser\u00edamos quase todos vitimados. O que nos est\u00e1 salvando \u00e9 o valor central da vida, a solidariedade, a interpend\u00eancia de todos com todos, o cuidado da natureza, um Estado bem apetrechado para atender as demandas sociais, especialmente dos mais carentes, a coes\u00e3o da sociedade acima do mercado.<\/p>\n<p>Damo-nos conta de que cuidando melhor de tudo, recuperando a vitalidade dos ecossistemas, melhorando nossos alimentos, org\u00e2nicos, despoluindo o ar, preservando as \u00e1guas e as florestas nos sentimos mais saud\u00e1veis e com isso fazemos a Terra tamb\u00e9m mais saud\u00e1vel e revitalizada.<\/p>\n<p>O que a Covid-19 nos veio mostrar de uma forma brutal que esse equil\u00edbrio Terra e Humanidade foi rompido. Tornamo-nos demasiadamente vorazes, arrancando da Terra\u00a0 o que ela j\u00e1 n\u00e3o nos pode mais dar. N\u00e3o respeitamos os limites de um planeta pequeno e com bens e servi\u00e7os limitados. Antes, nossa cultura criou um projeto irracional de crescimento ilimitado como se os bens e servi\u00e7os da Terra tamb\u00e9m fossem ilimitados. Essa \u00e9 a ilus\u00e3o que perdura em quase todas as mentes dos empres\u00e1rios e dos chefes de Estado.<\/p>\n<p>A Covid-19 nos faz recuperar nossa verdadeira humanidade, embora por natureza amb\u00edgua. Ela \u00e9 feita de amor, de solidariedade, de empatia, de colabora\u00e7\u00e3o e da dimens\u00e3o humano-espiritual que d\u00e1 o devido valor aos bens materiais sem absolutiz\u00e1-los, mas d\u00e1 muito mais \u00a0valor aos bens intang\u00edveis como os acima citados. Os materiais os deixamos para tr\u00e1s, os humano-espirituais os levamos para al\u00e9m da morte, pois constituem nossa identidade definitiva.<\/p>\n<p>Quanto mais nossas rela\u00e7\u00f5es para com a natureza forem amig\u00e1veis e entre n\u00f3s cooperativas, mais a Terra se vitaliza. A Terra revitalizada nos faz tamb\u00e9m saud\u00e1veis. Curamo-nos juntos e juntos celebramos a nossa conviv\u00eancia terrenal.<\/p>\n<hr \/>\n<p><strong>Leonardo Boff<\/strong> \u00e9 <em>ecote\u00f3logo, fil\u00f3sofo e escrevu &#8220;Op\u00e7\u00e3o Terra: a solu\u00e7\u00e3o da Terra n\u00e3o cai do c\u00e9u&#8221;, Vozes 2009.<\/em><\/p>\n<p>&nbsp;<\/p>\n","protected":false},"excerpt":{"rendered":"<p>Artigo de Leonardo Boff<\/p>\n","protected":false},"author":3,"featured_media":189097,"comment_status":"open","ping_status":"open","sticky":false,"template":"","format":"standard","meta":{"footnotes":""},"categories":[26],"tags":[59],"yoast_head":"<!-- This site is optimized with the Yoast SEO plugin v19.4 - https:\/\/yoast.com\/wordpress\/plugins\/seo\/ -->\n<title>Li\u00e7\u00e3o da Covid-19: adoecemos a Terra e a Terra nos adoece - Vida Crist\u00e3 - Franciscanos<\/title>\n<meta name=\"robots\" content=\"index, follow, max-snippet:-1, max-image-preview:large, max-video-preview:-1\" \/>\n<link rel=\"canonical\" href=\"https:\/\/franciscanos.org.br\/vidacrista\/licao-da-covid-19-adoecemos-a-terra-e-a-terra-nos-adoece\/\" \/>\n<meta property=\"og:locale\" content=\"pt_BR\" \/>\n<meta property=\"og:type\" content=\"article\" \/>\n<meta property=\"og:title\" content=\"Li\u00e7\u00e3o da Covid-19: adoecemos a Terra e a Terra nos adoece - Vida Crist\u00e3 - Franciscanos\" \/>\n<meta property=\"og:description\" content=\"Artigo de Leonardo Boff\" \/>\n<meta property=\"og:url\" content=\"https:\/\/franciscanos.org.br\/vidacrista\/licao-da-covid-19-adoecemos-a-terra-e-a-terra-nos-adoece\/\" \/>\n<meta property=\"og:site_name\" content=\"Vida Crist\u00e3 - Franciscanos\" \/>\n<meta property=\"article:published_time\" content=\"2021-03-01T11:03:40+00:00\" \/>\n<meta property=\"article:modified_time\" content=\"2021-03-01T11:03:41+00:00\" \/>\n<meta property=\"og:image\" content=\"https:\/\/franciscanos.org.br\/vidacrista\/wp-content\/uploads\/2021\/03\/natureza_01d.jpg\" \/>\n\t<meta property=\"og:image:width\" content=\"800\" \/>\n\t<meta property=\"og:image:height\" content=\"600\" \/>\n\t<meta property=\"og:image:type\" content=\"image\/jpeg\" \/>\n<meta name=\"author\" content=\"moacir\" \/>\n<meta name=\"twitter:card\" content=\"summary_large_image\" \/>\n<meta name=\"twitter:label1\" content=\"Escrito por\" \/>\n\t<meta name=\"twitter:data1\" content=\"moacir\" \/>\n\t<meta name=\"twitter:label2\" content=\"Est. tempo de leitura\" \/>\n\t<meta name=\"twitter:data2\" content=\"6 minutos\" \/>\n<script type=\"application\/ld+json\" class=\"yoast-schema-graph\">{\"@context\":\"https:\/\/schema.org\",\"@graph\":[{\"@type\":\"WebSite\",\"@id\":\"https:\/\/franciscanos.org.br\/vidacrista\/#website\",\"url\":\"https:\/\/franciscanos.org.br\/vidacrista\/\",\"name\":\"Vida Crist\u00e3 - Franciscanos\",\"description\":\"Prov\u00edncia Franciscana da Imaculada Concei\u00e7\u00e3o do Brasil - Ordem dos Frades Menores\",\"potentialAction\":[{\"@type\":\"SearchAction\",\"target\":{\"@type\":\"EntryPoint\",\"urlTemplate\":\"https:\/\/franciscanos.org.br\/vidacrista\/?s={search_term_string}\"},\"query-input\":\"required name=search_term_string\"}],\"inLanguage\":\"pt-BR\"},{\"@type\":\"WebPage\",\"@id\":\"https:\/\/franciscanos.org.br\/vidacrista\/licao-da-covid-19-adoecemos-a-terra-e-a-terra-nos-adoece\/\",\"url\":\"https:\/\/franciscanos.org.br\/vidacrista\/licao-da-covid-19-adoecemos-a-terra-e-a-terra-nos-adoece\/\",\"name\":\"Li\u00e7\u00e3o da Covid-19: adoecemos a Terra e a Terra nos adoece - Vida Crist\u00e3 - Franciscanos\",\"isPartOf\":{\"@id\":\"https:\/\/franciscanos.org.br\/vidacrista\/#website\"},\"datePublished\":\"2021-03-01T11:03:40+00:00\",\"dateModified\":\"2021-03-01T11:03:41+00:00\",\"author\":{\"@id\":\"https:\/\/franciscanos.org.br\/vidacrista\/#\/schema\/person\/1880bdd2c350b735648725ef7614736a\"},\"breadcrumb\":{\"@id\":\"https:\/\/franciscanos.org.br\/vidacrista\/licao-da-covid-19-adoecemos-a-terra-e-a-terra-nos-adoece\/#breadcrumb\"},\"inLanguage\":\"pt-BR\",\"potentialAction\":[{\"@type\":\"ReadAction\",\"target\":[\"https:\/\/franciscanos.org.br\/vidacrista\/licao-da-covid-19-adoecemos-a-terra-e-a-terra-nos-adoece\/\"]}]},{\"@type\":\"BreadcrumbList\",\"@id\":\"https:\/\/franciscanos.org.br\/vidacrista\/licao-da-covid-19-adoecemos-a-terra-e-a-terra-nos-adoece\/#breadcrumb\",\"itemListElement\":[{\"@type\":\"ListItem\",\"position\":1,\"name\":\"Home\",\"item\":\"https:\/\/franciscanos.org.br\/vidacrista\/\"},{\"@type\":\"ListItem\",\"position\":2,\"name\":\"Li\u00e7\u00e3o da Covid-19: adoecemos a Terra e a Terra nos adoece\"}]},{\"@type\":\"Person\",\"@id\":\"https:\/\/franciscanos.org.br\/vidacrista\/#\/schema\/person\/1880bdd2c350b735648725ef7614736a\",\"name\":\"moacir\",\"image\":{\"@type\":\"ImageObject\",\"inLanguage\":\"pt-BR\",\"@id\":\"https:\/\/franciscanos.org.br\/vidacrista\/#\/schema\/person\/image\/\",\"url\":\"https:\/\/secure.gravatar.com\/avatar\/d08aa2ce4c8dd416d4479aa8536fcf64?s=96&d=mm&r=g\",\"contentUrl\":\"https:\/\/secure.gravatar.com\/avatar\/d08aa2ce4c8dd416d4479aa8536fcf64?s=96&d=mm&r=g\",\"caption\":\"moacir\"},\"url\":\"https:\/\/franciscanos.org.br\/vidacrista\/author\/moacir\/\"}]}<\/script>\n<!-- \/ Yoast SEO plugin. -->","yoast_head_json":{"title":"Li\u00e7\u00e3o da Covid-19: adoecemos a Terra e a Terra nos adoece - Vida Crist\u00e3 - Franciscanos","robots":{"index":"index","follow":"follow","max-snippet":"max-snippet:-1","max-image-preview":"max-image-preview:large","max-video-preview":"max-video-preview:-1"},"canonical":"https:\/\/franciscanos.org.br\/vidacrista\/licao-da-covid-19-adoecemos-a-terra-e-a-terra-nos-adoece\/","og_locale":"pt_BR","og_type":"article","og_title":"Li\u00e7\u00e3o da Covid-19: adoecemos a Terra e a Terra nos adoece - Vida Crist\u00e3 - Franciscanos","og_description":"Artigo de Leonardo Boff","og_url":"https:\/\/franciscanos.org.br\/vidacrista\/licao-da-covid-19-adoecemos-a-terra-e-a-terra-nos-adoece\/","og_site_name":"Vida Crist\u00e3 - Franciscanos","article_published_time":"2021-03-01T11:03:40+00:00","article_modified_time":"2021-03-01T11:03:41+00:00","og_image":[{"width":800,"height":600,"url":"https:\/\/franciscanos.org.br\/vidacrista\/wp-content\/uploads\/2021\/03\/natureza_01d.jpg","type":"image\/jpeg"}],"author":"moacir","twitter_card":"summary_large_image","twitter_misc":{"Escrito por":"moacir","Est. tempo de leitura":"6 minutos"},"schema":{"@context":"https:\/\/schema.org","@graph":[{"@type":"WebSite","@id":"https:\/\/franciscanos.org.br\/vidacrista\/#website","url":"https:\/\/franciscanos.org.br\/vidacrista\/","name":"Vida Crist\u00e3 - Franciscanos","description":"Prov\u00edncia Franciscana da Imaculada Concei\u00e7\u00e3o do Brasil - Ordem dos Frades Menores","potentialAction":[{"@type":"SearchAction","target":{"@type":"EntryPoint","urlTemplate":"https:\/\/franciscanos.org.br\/vidacrista\/?s={search_term_string}"},"query-input":"required name=search_term_string"}],"inLanguage":"pt-BR"},{"@type":"WebPage","@id":"https:\/\/franciscanos.org.br\/vidacrista\/licao-da-covid-19-adoecemos-a-terra-e-a-terra-nos-adoece\/","url":"https:\/\/franciscanos.org.br\/vidacrista\/licao-da-covid-19-adoecemos-a-terra-e-a-terra-nos-adoece\/","name":"Li\u00e7\u00e3o da Covid-19: adoecemos a Terra e a Terra nos adoece - Vida Crist\u00e3 - Franciscanos","isPartOf":{"@id":"https:\/\/franciscanos.org.br\/vidacrista\/#website"},"datePublished":"2021-03-01T11:03:40+00:00","dateModified":"2021-03-01T11:03:41+00:00","author":{"@id":"https:\/\/franciscanos.org.br\/vidacrista\/#\/schema\/person\/1880bdd2c350b735648725ef7614736a"},"breadcrumb":{"@id":"https:\/\/franciscanos.org.br\/vidacrista\/licao-da-covid-19-adoecemos-a-terra-e-a-terra-nos-adoece\/#breadcrumb"},"inLanguage":"pt-BR","potentialAction":[{"@type":"ReadAction","target":["https:\/\/franciscanos.org.br\/vidacrista\/licao-da-covid-19-adoecemos-a-terra-e-a-terra-nos-adoece\/"]}]},{"@type":"BreadcrumbList","@id":"https:\/\/franciscanos.org.br\/vidacrista\/licao-da-covid-19-adoecemos-a-terra-e-a-terra-nos-adoece\/#breadcrumb","itemListElement":[{"@type":"ListItem","position":1,"name":"Home","item":"https:\/\/franciscanos.org.br\/vidacrista\/"},{"@type":"ListItem","position":2,"name":"Li\u00e7\u00e3o da Covid-19: adoecemos a Terra e a Terra nos adoece"}]},{"@type":"Person","@id":"https:\/\/franciscanos.org.br\/vidacrista\/#\/schema\/person\/1880bdd2c350b735648725ef7614736a","name":"moacir","image":{"@type":"ImageObject","inLanguage":"pt-BR","@id":"https:\/\/franciscanos.org.br\/vidacrista\/#\/schema\/person\/image\/","url":"https:\/\/secure.gravatar.com\/avatar\/d08aa2ce4c8dd416d4479aa8536fcf64?s=96&d=mm&r=g","contentUrl":"https:\/\/secure.gravatar.com\/avatar\/d08aa2ce4c8dd416d4479aa8536fcf64?s=96&d=mm&r=g","caption":"moacir"},"url":"https:\/\/franciscanos.org.br\/vidacrista\/author\/moacir\/"}]}},"_links":{"self":[{"href":"https:\/\/franciscanos.org.br\/vidacrista\/wp-json\/wp\/v2\/posts\/189095"}],"collection":[{"href":"https:\/\/franciscanos.org.br\/vidacrista\/wp-json\/wp\/v2\/posts"}],"about":[{"href":"https:\/\/franciscanos.org.br\/vidacrista\/wp-json\/wp\/v2\/types\/post"}],"author":[{"embeddable":true,"href":"https:\/\/franciscanos.org.br\/vidacrista\/wp-json\/wp\/v2\/users\/3"}],"replies":[{"embeddable":true,"href":"https:\/\/franciscanos.org.br\/vidacrista\/wp-json\/wp\/v2\/comments?post=189095"}],"version-history":[{"count":1,"href":"https:\/\/franciscanos.org.br\/vidacrista\/wp-json\/wp\/v2\/posts\/189095\/revisions"}],"predecessor-version":[{"id":189098,"href":"https:\/\/franciscanos.org.br\/vidacrista\/wp-json\/wp\/v2\/posts\/189095\/revisions\/189098"}],"wp:featuredmedia":[{"embeddable":true,"href":"https:\/\/franciscanos.org.br\/vidacrista\/wp-json\/wp\/v2\/media\/189097"}],"wp:attachment":[{"href":"https:\/\/franciscanos.org.br\/vidacrista\/wp-json\/wp\/v2\/media?parent=189095"}],"wp:term":[{"taxonomy":"category","embeddable":true,"href":"https:\/\/franciscanos.org.br\/vidacrista\/wp-json\/wp\/v2\/categories?post=189095"},{"taxonomy":"post_tag","embeddable":true,"href":"https:\/\/franciscanos.org.br\/vidacrista\/wp-json\/wp\/v2\/tags?post=189095"}],"curies":[{"name":"wp","href":"https:\/\/api.w.org\/{rel}","templated":true}]}}