{"id":189014,"date":"2021-02-18T08:41:31","date_gmt":"2021-02-18T11:41:31","guid":{"rendered":"https:\/\/franciscanos.org.br\/vidacrista\/?p=189014"},"modified":"2021-02-18T08:41:31","modified_gmt":"2021-02-18T11:41:31","slug":"chorar-com-o-deus-das-vitimas","status":"publish","type":"post","link":"https:\/\/franciscanos.org.br\/vidacrista\/chorar-com-o-deus-das-vitimas\/","title":{"rendered":"Chorar com o Deus das v\u00edtimas"},"content":{"rendered":"<div id=\"attachment_189015\" style=\"width: 850px\" class=\"wp-caption alignnone\"><img aria-describedby=\"caption-attachment-189015\" decoding=\"async\" loading=\"lazy\" class=\"wp-image-189015 size-full\" src=\"https:\/\/franciscanos.org.br\/vidacrista\/wp-content\/uploads\/2021\/02\/cristo_18.jpg\" alt=\"\" width=\"840\" height=\"450\" srcset=\"https:\/\/franciscanos.org.br\/vidacrista\/wp-content\/uploads\/2021\/02\/cristo_18.jpg 840w, https:\/\/franciscanos.org.br\/vidacrista\/wp-content\/uploads\/2021\/02\/cristo_18-450x241.jpg 450w, https:\/\/franciscanos.org.br\/vidacrista\/wp-content\/uploads\/2021\/02\/cristo_18-768x411.jpg 768w, https:\/\/franciscanos.org.br\/vidacrista\/wp-content\/uploads\/2021\/02\/cristo_18-150x80.jpg 150w\" sizes=\"(max-width: 840px) 100vw, 840px\" \/><p id=\"caption-attachment-189015\" class=\"wp-caption-text\">\u00a0 \u00a0 \u00a0 \u00a0 \u00a0 \u00a0 \u00a0 \u00a0 \u00a0 \u00a0 \u00a0 \u00a0 \u00a0 \u00a0 \u00a0 \u00a0 \u00a0 \u00a0 \u00a0 \u00a0 \u00a0 \u00a0 \u00a0 \u00a0 \u00a0 \u00a0 \u00a0 \u00a0 \u00a0 \u00a0 \u00a0 \u00a0 \u00a0 \u00a0 \u00a0 \u00a0 \u00a0 \u00a0 \u00a0 \u00a0 \u00a0 \u00a0 \u00a0 \u00a0 \u00a0 \u00a0 \u00a0 \u00a0 \u00a0 \u00a0 \u00a0<em> \u00a0 \u00a0 \u00a0 \u00a0Imagem ilustrativa (fonte: Catholic Pictures)<\/em><\/p><\/div>\n<p><strong>Pe. Ademir Guedes Azevedo, cp<\/strong><\/p>\n<p>Estamos acostumados a falar de Deus a partir da positividade. Deus da \u201cvit\u00f3ria\u201d, Deus \u201clibertador\u201d, Deus da \u201cjusti\u00e7a\u201d, etc. Por\u00e9m, esquecemos tamb\u00e9m que Ele \u00e9 o Deus que assumiu a negatividade e, neste aspecto crucial, entramos no mais profundo da revela\u00e7\u00e3o. A tradi\u00e7\u00e3o ocidental sempre julgou o Ser como a base que sustenta a exist\u00eancia. Fora do Ser n\u00e3o h\u00e1 nada e, portanto, tudo o resto vem julgado com suspeitas. No entanto, a f\u00e9 crist\u00e3 revoluciona toda forma filos\u00f3fica de racioc\u00ednio quando se depara com o esc\u00e2ndalo da cruz, onde reside o n\u00e3o ser.<\/p>\n<p>Em si, a cruz ser\u00e1 sempre um esc\u00e2ndalo pelo instrumento de tortura que representa. Em grau maior \u00e9 um esc\u00e2ndalo quando vem aplicada aos inocentes e justos. Em grau ainda maior, torna-se esc\u00e2ndalo pois nela foi cravado o Filho de Deus, Jesus. N\u00e3o adianta tentar suavizar este esc\u00e2ndalo com palavras de conforto, jogando tudo para a outra vida. Pelo contr\u00e1rio, o cristianismo s\u00f3 \u00e9 verdadeiro se for fiel ao esc\u00e2ndalo da cruz, elemento base que deve servir de cr\u00edtica para saber se realmente somos fi\u00e9is ao Evangelho. Alguns ambientes tentam esconder o crucificado, trocando-o pelo ressuscitado. Mas o ressuscitado \u00e9 o produto fiel da cruz assumida, at\u00e9 as suas \u00faltimas consequ\u00eancias.<\/p>\n<p>Devemos mergulhar mais fundo para colhermos a singularidade da cruz de Cristo. Nela, segundo a narrativa de Marcos, ocorre algo terr\u00edvel e assustador: um homem inocente e justo, agoniza e grita ao Pai, por\u00e9m n\u00e3o ouve nada, sen\u00e3o um sil\u00eancio cortante. Ali, justo naquela hora de agonia, parece que Jesus n\u00e3o v\u00ea acontecer o reino que tanto pregou. Im\u00f3vel na pobreza daquele lenho, n\u00e3o se v\u00ea os cegos enxergarem, os surdos ouvirem, os coxos andarem&#8230;nada! Parece que o antirreino est\u00e1 triunfando. Mas o mais doloroso: Jesus, com seu grito sufocado: \u201cMeu Deus, meu Deus, por que me abandonaste?\u201d Parece n\u00e3o ouvir nenhuma rea\u00e7\u00e3o daquele que sempre o chamou por paizinho (Abb\u00e1). Onde foi parar seu Deus a quem foi fiel at\u00e9 o fim, buscando beber a \u00faltima gota do c\u00e1lice de sua vontade? No esc\u00e2ndalo da cruz, o pecado parece ser mais forte. Mas ser\u00e1 mesmo isso?<\/p>\n<p>No entanto, o mist\u00e9rio da cruz traz um \u201cn\u00e3o-dizer\u201d e um \u201cn\u00e3o-fazer\u201d (sil\u00eancio) de Deus diante do sofrimento do Filho. Um olhar de f\u00e9 nos leva a descobrir algo a mais da revela\u00e7\u00e3o. O Pai renuncia ao seu poder, mas para encarnar-se no sofrimento do Filho, por isso, o Pai quer livrar o Filho do sofrimento, mas n\u00e3o o pode fazer. Neste sentido, Deus torna-se igual a Jesus, pois faltava ao Pai conhecer a plenitude daquela humanidade experimentada pelo Filho, aquela humanidade imersa no sofrimento. Na cruz, Deus distancia-se do crucificado, para aproximar-se do seu sofrimento, ou seja, para saber o que significa passar pela dor. Aquela velha imagem de deus, t\u00e3o enraizada nos gregos, vem superada, pois daqui em diante Deus conhece o <em>p\u00e1thos<\/em>, pois n\u00e3o \u00e9 mais uma divindade ap\u00e1tica ao sofrimento. O Filho, ao levar as suas chagas para o seio da Trindade, torna o Pai igual a ele, por meio de sua cruz escandalosa. Daqui para a frente, devemos admitir que a Boa Nova (o Evangelho) apresenta uma outra face e n\u00e3o devemos neg\u00e1-la ou diminu\u00ed-la jamais: o Evangelho da cruz n\u00e3o \u00e9 outro sen\u00e3o a dor de Deus por toda a humanidade. Ele s\u00f3 nos cura, porque se feriu conosco e, s\u00f3 assim, sabe o rem\u00e9dio exato para sanar a nossa dor: a ressurrei\u00e7\u00e3o.<\/p>\n<p>S\u00f3 poderemos dar sentido ao que est\u00e1 acontecendo atualmente com a humanidade se n\u00e3o fugirmos do esc\u00e2ndalo da cruz. Enquanto escrevo estas linhas me deparo com um n\u00famero alarmante de vidas ceifadas por um v\u00edrus que expande medo e terror por todo o mundo. N\u00e3o podemos suavizar a aus\u00eancia destas vidas que nos deixaram. Elas s\u00e3o as v\u00edtimas da hist\u00f3ria, da hist\u00f3ria que n\u00f3s, inebriados pelo poder e pela ideia exagerada de progresso, escrevemos. A atitude de Deus tamb\u00e9m \u00e9 aquela do sil\u00eancio, pois Ele est\u00e1 mergulhado na dor das v\u00edtimas, visto que n\u00e3o consegue ficar ap\u00e1tico. Ele n\u00e3o pode agir pela for\u00e7a, uma vez que para ser solid\u00e1rio, escolheu a via da crucifica\u00e7\u00e3o para revelar-se como um Deus bom. Deus est\u00e1 chorando porque est\u00e1 sentindo a intensidade da dor da humanidade neste momento de sua hist\u00f3ria. Justo neste seu choro reside a sua parcialidade, ou seja, a sua op\u00e7\u00e3o preferencial pelas v\u00edtimas. Creio que ainda n\u00e3o choramos o suficiente a partida destas v\u00edtimas. Sem solidariedade e sem a experi\u00eancia das l\u00e1grimas, n\u00e3o h\u00e1 Cristianismo aut\u00eantico e a cruz de Cristo correr\u00e1 o s\u00e9rio risco de cair no esquecimento.<\/p>\n<hr \/>\n<p><strong>Pe. Ademir Guedes Azevedo<\/strong>,\u00a0<em>cp, \u00e9 mission\u00e1rio passionista e mestre em Teologia Fundamental na Pontif\u00edcia Universidade Gregoriana. Atualmente reside em Camaragibe \u2013 PE, no Semin\u00e1rio para a etapa do Postulantado dos Passionistas.<\/em><\/p>\n","protected":false},"excerpt":{"rendered":"<p>Artigo de Pe. Ademir Guedes Azevedo<\/p>\n","protected":false},"author":3,"featured_media":189016,"comment_status":"open","ping_status":"open","sticky":false,"template":"","format":"standard","meta":{"footnotes":""},"categories":[26],"tags":[188],"yoast_head":"<!-- This site is optimized with the Yoast SEO plugin v19.4 - https:\/\/yoast.com\/wordpress\/plugins\/seo\/ -->\n<title>Chorar com o Deus das v\u00edtimas - Vida Crist\u00e3 - Franciscanos<\/title>\n<meta name=\"robots\" content=\"index, follow, max-snippet:-1, max-image-preview:large, max-video-preview:-1\" \/>\n<link rel=\"canonical\" href=\"https:\/\/franciscanos.org.br\/vidacrista\/chorar-com-o-deus-das-vitimas\/\" \/>\n<meta property=\"og:locale\" content=\"pt_BR\" \/>\n<meta property=\"og:type\" content=\"article\" \/>\n<meta property=\"og:title\" content=\"Chorar com o Deus das v\u00edtimas - Vida Crist\u00e3 - Franciscanos\" \/>\n<meta property=\"og:description\" content=\"Artigo de Pe. Ademir Guedes Azevedo\" \/>\n<meta property=\"og:url\" content=\"https:\/\/franciscanos.org.br\/vidacrista\/chorar-com-o-deus-das-vitimas\/\" \/>\n<meta property=\"og:site_name\" content=\"Vida Crist\u00e3 - Franciscanos\" \/>\n<meta property=\"article:published_time\" content=\"2021-02-18T11:41:31+00:00\" \/>\n<meta property=\"og:image\" content=\"https:\/\/franciscanos.org.br\/vidacrista\/wp-content\/uploads\/2021\/02\/cristo_18d.jpg\" \/>\n\t<meta property=\"og:image:width\" content=\"800\" \/>\n\t<meta property=\"og:image:height\" content=\"600\" \/>\n\t<meta property=\"og:image:type\" content=\"image\/jpeg\" \/>\n<meta name=\"author\" content=\"moacir\" \/>\n<meta name=\"twitter:card\" content=\"summary_large_image\" \/>\n<meta name=\"twitter:label1\" content=\"Escrito por\" \/>\n\t<meta name=\"twitter:data1\" content=\"moacir\" \/>\n\t<meta name=\"twitter:label2\" content=\"Est. tempo de leitura\" \/>\n\t<meta name=\"twitter:data2\" content=\"4 minutos\" \/>\n<script type=\"application\/ld+json\" class=\"yoast-schema-graph\">{\"@context\":\"https:\/\/schema.org\",\"@graph\":[{\"@type\":\"WebSite\",\"@id\":\"https:\/\/franciscanos.org.br\/vidacrista\/#website\",\"url\":\"https:\/\/franciscanos.org.br\/vidacrista\/\",\"name\":\"Vida Crist\u00e3 - Franciscanos\",\"description\":\"Prov\u00edncia Franciscana da Imaculada Concei\u00e7\u00e3o do Brasil - Ordem dos Frades Menores\",\"potentialAction\":[{\"@type\":\"SearchAction\",\"target\":{\"@type\":\"EntryPoint\",\"urlTemplate\":\"https:\/\/franciscanos.org.br\/vidacrista\/?s={search_term_string}\"},\"query-input\":\"required name=search_term_string\"}],\"inLanguage\":\"pt-BR\"},{\"@type\":\"WebPage\",\"@id\":\"https:\/\/franciscanos.org.br\/vidacrista\/chorar-com-o-deus-das-vitimas\/\",\"url\":\"https:\/\/franciscanos.org.br\/vidacrista\/chorar-com-o-deus-das-vitimas\/\",\"name\":\"Chorar com o Deus das v\u00edtimas - Vida Crist\u00e3 - Franciscanos\",\"isPartOf\":{\"@id\":\"https:\/\/franciscanos.org.br\/vidacrista\/#website\"},\"datePublished\":\"2021-02-18T11:41:31+00:00\",\"dateModified\":\"2021-02-18T11:41:31+00:00\",\"author\":{\"@id\":\"https:\/\/franciscanos.org.br\/vidacrista\/#\/schema\/person\/1880bdd2c350b735648725ef7614736a\"},\"breadcrumb\":{\"@id\":\"https:\/\/franciscanos.org.br\/vidacrista\/chorar-com-o-deus-das-vitimas\/#breadcrumb\"},\"inLanguage\":\"pt-BR\",\"potentialAction\":[{\"@type\":\"ReadAction\",\"target\":[\"https:\/\/franciscanos.org.br\/vidacrista\/chorar-com-o-deus-das-vitimas\/\"]}]},{\"@type\":\"BreadcrumbList\",\"@id\":\"https:\/\/franciscanos.org.br\/vidacrista\/chorar-com-o-deus-das-vitimas\/#breadcrumb\",\"itemListElement\":[{\"@type\":\"ListItem\",\"position\":1,\"name\":\"Home\",\"item\":\"https:\/\/franciscanos.org.br\/vidacrista\/\"},{\"@type\":\"ListItem\",\"position\":2,\"name\":\"Chorar com o Deus das v\u00edtimas\"}]},{\"@type\":\"Person\",\"@id\":\"https:\/\/franciscanos.org.br\/vidacrista\/#\/schema\/person\/1880bdd2c350b735648725ef7614736a\",\"name\":\"moacir\",\"image\":{\"@type\":\"ImageObject\",\"inLanguage\":\"pt-BR\",\"@id\":\"https:\/\/franciscanos.org.br\/vidacrista\/#\/schema\/person\/image\/\",\"url\":\"https:\/\/secure.gravatar.com\/avatar\/d08aa2ce4c8dd416d4479aa8536fcf64?s=96&d=mm&r=g\",\"contentUrl\":\"https:\/\/secure.gravatar.com\/avatar\/d08aa2ce4c8dd416d4479aa8536fcf64?s=96&d=mm&r=g\",\"caption\":\"moacir\"},\"url\":\"https:\/\/franciscanos.org.br\/vidacrista\/author\/moacir\/\"}]}<\/script>\n<!-- \/ Yoast SEO plugin. -->","yoast_head_json":{"title":"Chorar com o Deus das v\u00edtimas - Vida Crist\u00e3 - Franciscanos","robots":{"index":"index","follow":"follow","max-snippet":"max-snippet:-1","max-image-preview":"max-image-preview:large","max-video-preview":"max-video-preview:-1"},"canonical":"https:\/\/franciscanos.org.br\/vidacrista\/chorar-com-o-deus-das-vitimas\/","og_locale":"pt_BR","og_type":"article","og_title":"Chorar com o Deus das v\u00edtimas - Vida Crist\u00e3 - Franciscanos","og_description":"Artigo de Pe. Ademir Guedes Azevedo","og_url":"https:\/\/franciscanos.org.br\/vidacrista\/chorar-com-o-deus-das-vitimas\/","og_site_name":"Vida Crist\u00e3 - Franciscanos","article_published_time":"2021-02-18T11:41:31+00:00","og_image":[{"width":800,"height":600,"url":"https:\/\/franciscanos.org.br\/vidacrista\/wp-content\/uploads\/2021\/02\/cristo_18d.jpg","type":"image\/jpeg"}],"author":"moacir","twitter_card":"summary_large_image","twitter_misc":{"Escrito por":"moacir","Est. tempo de leitura":"4 minutos"},"schema":{"@context":"https:\/\/schema.org","@graph":[{"@type":"WebSite","@id":"https:\/\/franciscanos.org.br\/vidacrista\/#website","url":"https:\/\/franciscanos.org.br\/vidacrista\/","name":"Vida Crist\u00e3 - Franciscanos","description":"Prov\u00edncia Franciscana da Imaculada Concei\u00e7\u00e3o do Brasil - Ordem dos Frades Menores","potentialAction":[{"@type":"SearchAction","target":{"@type":"EntryPoint","urlTemplate":"https:\/\/franciscanos.org.br\/vidacrista\/?s={search_term_string}"},"query-input":"required name=search_term_string"}],"inLanguage":"pt-BR"},{"@type":"WebPage","@id":"https:\/\/franciscanos.org.br\/vidacrista\/chorar-com-o-deus-das-vitimas\/","url":"https:\/\/franciscanos.org.br\/vidacrista\/chorar-com-o-deus-das-vitimas\/","name":"Chorar com o Deus das v\u00edtimas - Vida Crist\u00e3 - Franciscanos","isPartOf":{"@id":"https:\/\/franciscanos.org.br\/vidacrista\/#website"},"datePublished":"2021-02-18T11:41:31+00:00","dateModified":"2021-02-18T11:41:31+00:00","author":{"@id":"https:\/\/franciscanos.org.br\/vidacrista\/#\/schema\/person\/1880bdd2c350b735648725ef7614736a"},"breadcrumb":{"@id":"https:\/\/franciscanos.org.br\/vidacrista\/chorar-com-o-deus-das-vitimas\/#breadcrumb"},"inLanguage":"pt-BR","potentialAction":[{"@type":"ReadAction","target":["https:\/\/franciscanos.org.br\/vidacrista\/chorar-com-o-deus-das-vitimas\/"]}]},{"@type":"BreadcrumbList","@id":"https:\/\/franciscanos.org.br\/vidacrista\/chorar-com-o-deus-das-vitimas\/#breadcrumb","itemListElement":[{"@type":"ListItem","position":1,"name":"Home","item":"https:\/\/franciscanos.org.br\/vidacrista\/"},{"@type":"ListItem","position":2,"name":"Chorar com o Deus das v\u00edtimas"}]},{"@type":"Person","@id":"https:\/\/franciscanos.org.br\/vidacrista\/#\/schema\/person\/1880bdd2c350b735648725ef7614736a","name":"moacir","image":{"@type":"ImageObject","inLanguage":"pt-BR","@id":"https:\/\/franciscanos.org.br\/vidacrista\/#\/schema\/person\/image\/","url":"https:\/\/secure.gravatar.com\/avatar\/d08aa2ce4c8dd416d4479aa8536fcf64?s=96&d=mm&r=g","contentUrl":"https:\/\/secure.gravatar.com\/avatar\/d08aa2ce4c8dd416d4479aa8536fcf64?s=96&d=mm&r=g","caption":"moacir"},"url":"https:\/\/franciscanos.org.br\/vidacrista\/author\/moacir\/"}]}},"_links":{"self":[{"href":"https:\/\/franciscanos.org.br\/vidacrista\/wp-json\/wp\/v2\/posts\/189014"}],"collection":[{"href":"https:\/\/franciscanos.org.br\/vidacrista\/wp-json\/wp\/v2\/posts"}],"about":[{"href":"https:\/\/franciscanos.org.br\/vidacrista\/wp-json\/wp\/v2\/types\/post"}],"author":[{"embeddable":true,"href":"https:\/\/franciscanos.org.br\/vidacrista\/wp-json\/wp\/v2\/users\/3"}],"replies":[{"embeddable":true,"href":"https:\/\/franciscanos.org.br\/vidacrista\/wp-json\/wp\/v2\/comments?post=189014"}],"version-history":[{"count":1,"href":"https:\/\/franciscanos.org.br\/vidacrista\/wp-json\/wp\/v2\/posts\/189014\/revisions"}],"predecessor-version":[{"id":189017,"href":"https:\/\/franciscanos.org.br\/vidacrista\/wp-json\/wp\/v2\/posts\/189014\/revisions\/189017"}],"wp:featuredmedia":[{"embeddable":true,"href":"https:\/\/franciscanos.org.br\/vidacrista\/wp-json\/wp\/v2\/media\/189016"}],"wp:attachment":[{"href":"https:\/\/franciscanos.org.br\/vidacrista\/wp-json\/wp\/v2\/media?parent=189014"}],"wp:term":[{"taxonomy":"category","embeddable":true,"href":"https:\/\/franciscanos.org.br\/vidacrista\/wp-json\/wp\/v2\/categories?post=189014"},{"taxonomy":"post_tag","embeddable":true,"href":"https:\/\/franciscanos.org.br\/vidacrista\/wp-json\/wp\/v2\/tags?post=189014"}],"curies":[{"name":"wp","href":"https:\/\/api.w.org\/{rel}","templated":true}]}}