{"id":188998,"date":"2021-02-14T05:59:20","date_gmt":"2021-02-14T08:59:20","guid":{"rendered":"https:\/\/franciscanos.org.br\/vidacrista\/?p=188998"},"modified":"2021-02-17T07:03:23","modified_gmt":"2021-02-17T10:03:23","slug":"a-campanha-da-fraternidade-e-a-religiao-justica-no-fazer-esmola-jejuar-e-rezar-mt-61-18-da-quarta-feira-de-cinzas","status":"publish","type":"post","link":"https:\/\/franciscanos.org.br\/vidacrista\/a-campanha-da-fraternidade-e-a-religiao-justica-no-fazer-esmola-jejuar-e-rezar-mt-61-18-da-quarta-feira-de-cinzas\/","title":{"rendered":"A Campanha da Fraternidade e a religi\u00e3o\/justi\u00e7a no fazer esmola, jejuar e rezar (Mt 6,1-18) da Quarta-feira de Cinzas"},"content":{"rendered":"<div id=\"attachment_188999\" style=\"width: 850px\" class=\"wp-caption alignnone\"><img aria-describedby=\"caption-attachment-188999\" decoding=\"async\" loading=\"lazy\" class=\"wp-image-188999 size-full\" src=\"https:\/\/franciscanos.org.br\/vidacrista\/wp-content\/uploads\/2021\/02\/cf_13.jpg\" alt=\"\" width=\"840\" height=\"450\" srcset=\"https:\/\/franciscanos.org.br\/vidacrista\/wp-content\/uploads\/2021\/02\/cf_13.jpg 840w, https:\/\/franciscanos.org.br\/vidacrista\/wp-content\/uploads\/2021\/02\/cf_13-450x241.jpg 450w, https:\/\/franciscanos.org.br\/vidacrista\/wp-content\/uploads\/2021\/02\/cf_13-768x411.jpg 768w, https:\/\/franciscanos.org.br\/vidacrista\/wp-content\/uploads\/2021\/02\/cf_13-150x80.jpg 150w\" sizes=\"(max-width: 840px) 100vw, 840px\" \/><p id=\"caption-attachment-188999\" class=\"wp-caption-text\"><em>\u00a0 \u00a0 \u00a0 \u00a0 \u00a0 \u00a0 \u00a0 \u00a0 \u00a0 \u00a0 \u00a0 \u00a0 \u00a0 \u00a0 \u00a0 \u00a0 \u00a0 \u00a0 \u00a0 \u00a0 \u00a0 \u00a0 \u00a0 \u00a0 \u00a0 \u00a0 \u00a0 \u00a0 \u00a0 \u00a0 \u00a0 \u00a0 \u00a0 \u00a0 \u00a0 \u00a0 \u00a0 \u00a0 \u00a0 \u00a0 \u00a0 \u00a0 \u00a0 \u00a0 \u00a0 \u00a0 \u00a0 \u00a0 \u00a0 \u00a0 \u00a0 \u00a0 \u00a0 \u00a0 \u00a0 \u00a0 \u00a0 \u00a0 \u00a0 \u00a0 \u00a0 \u00a0 \u00a0 \u00a0 \u00a0 Cartaz da Campanha deste ano<\/em><\/p><\/div>\n<p><strong>\u00a0<\/strong><em>Frei Jacir de Freitas Faria, OFM<\/em><a href=\"#_ftn1\" name=\"_ftnref1\">[1]<\/a><\/p>\n<p>Hoje, Quarta-Feira de Cinzas, mais uma quaresma bate \u00e0s nossas portas. Quarenta dias, um tempo longo de deserto, de reflex\u00e3o e mudan\u00e7a de vida. N\u00e3o \u00e9 tempo de sofrimento, mas de voltar para o caminho a partir do mist\u00e9rio da paix\u00e3o, morte e ressurrei\u00e7\u00e3o de Jesus em nossas vidas. O texto b\u00edblico que nos inspira \u00e9 o de sempre, Mt 6,1-18, que \u00e9 um convite \u00e0 esmola, ora\u00e7\u00e3o e jejum. Uma tr\u00edade familiar para crist\u00e3os e judeus. Qual \u00e9 mesmo o significado de cada um deles? Como \u00e9 de costume no Brasil, nesse tempo quaresmal, a CNBB nos oferece como reflex\u00e3o a Campanha da Fraternidade (CF), que traz o lema <em>Fraternidade e Di\u00e1logo: Compromisso de Amor\u201d, <\/em>e o tema: <em>\u201cCristo \u00e9 a nossa Paz: do que era dividido, fez uma unidade\u201d<\/em>\u00a0(Ef\u00e9sios 2, 14). Essa campanha \u00e9 ecum\u00eanica. Ela elaborada em parceria com as igrejas do Conselho Nacional de Igrejas do CONIC. Neste tempo de pandemia, nada melhor do que pensar na divis\u00e3o, em todos os sentidos, que reina no meio de n\u00f3s. Falta-nos, como pede o Papa Francisco, a promo\u00e7\u00e3o da cultura do encontro, do di\u00e1logo, da justi\u00e7a. E, infelizmente, associado a esse n\u00e3o di\u00e1logo e, sobretudo, ao conservadorismo religioso, o texto-base da CF e a CNBB t\u00eam sido alvos de cr\u00edticas infundadas e ante ecum\u00eanicas. Lament\u00e1vel, pois um dos objetivos da CF \u00e9 justamente a uni\u00e3o das igrejas e a inclus\u00e3o proposta pelo evangelho, em todos os sentidos da vida, e refor\u00e7ada pela carta aos Ef\u00e9sios: \u201cdo que era dividido, fez uma unidade\u201d. E somente uma religi\u00e3o que tem seu fundamento na justi\u00e7a \u00e9 capaz de pensar e agir assim. Vamos propagar, refletir e agir a partir da reflex\u00e3o ecum\u00eanica, dialogal, da CF!<\/p>\n<p><iframe loading=\"lazy\" title=\"Reflex\u00e3o b\u00edblica \u2013 Quarta-feira de Cinzas (17\/02\/2021)\" width=\"500\" height=\"281\" src=\"https:\/\/www.youtube.com\/embed\/80L_Z31xr9A?feature=oembed\" frameborder=\"0\" allow=\"accelerometer; autoplay; clipboard-write; encrypted-media; gyroscope; picture-in-picture\" allowfullscreen><\/iframe><\/p>\n<p>Ela tem tudo a ver o evangelho de hoje (Mt 6,1-18) que trata da ora\u00e7\u00e3o, esmola e jejum. Sabe por qu\u00ea? Vejamos. A primeira palavra de Jesus \u00e9: \u201cGuardai-vos de praticar a vossa justi\u00e7a\u201d, que algumas b\u00edblias traduzem por religi\u00e3o. E o fazem muito bem. Religi\u00e3o e justi\u00e7a s\u00e3o sin\u00f4nimas. Justi\u00e7a na vis\u00e3o hebraica (<em>Tzdek<\/em>) \u00e9 a rela\u00e7\u00e3o entre pessoas baseada no cumprimento de obriga\u00e7\u00e3o imposta. A Lei Judaica, registrada nos cinco primeiros da B\u00edblia, apresenta 613 preceitos que deviam ser cumpridos para que a religi\u00e3o judaica se realizasse. Da\u00ed o pedido de Jesus para que tudo fosse feito, realizado, mas em sil\u00eancio, \u00e0s escondidas. O que importa \u00e9 a fidelidade e n\u00e3o as v\u00e3s ora\u00e7\u00f5es.<\/p>\n<p>Jesus, seguindo a tradi\u00e7\u00e3o judaica, coloca para os seus ouvintes tr\u00eas modos de viver a justi\u00e7a\/religi\u00e3o: esmola, ora\u00e7\u00e3o e o jejum. Ele se inspirou no \u201c<em>Escuta, \u00f3 Israel\u201d <\/em>ou <em>Shem\u00e1<\/em> Israel, que \u00e9 a m\u00e1xima religi\u00e3o judaica<em> (<\/em>Dt 6,4-9): amar a Deus com todo o cora\u00e7\u00e3o, a alma e as posses. O Israel do <em>Shem\u00e1<\/em> \u00e9 o outro que deve ser cuidado a partir da justi\u00e7a\/religi\u00e3o com esmola, ora\u00e7\u00e3o e jejum.<\/p>\n<p>A ora\u00e7\u00e3o corresponde ao cora\u00e7\u00e3o. No juda\u00edsmo, liturgia \u00e9 o servi\u00e7o do cora\u00e7\u00e3o. Cada judeu \u00e9 chamado a amar a Deus com todo o seu cora\u00e7\u00e3o. A ora\u00e7\u00e3o nos coloca no caminho da santifica\u00e7\u00e3o. E n\u00e3o basta santificar os outros, \u00e9 preciso tamb\u00e9m que eu me santifique atrav\u00e9s do encontro com Deus. Olhando o convite de Jesus para rezar no quarto, fico pensando no modo como rezamos. N\u00e3o seria melhor rezar menos Pais-Nossos e Ave-Marias, como os papagaios que s\u00f3 repetem, e fazer mais a ora\u00e7\u00e3o do sil\u00eancio, da escuta, da medita\u00e7\u00e3o? Aprenda a rezar meditando. Vai fazer muito bem para a alma e suas rela\u00e7\u00f5es.<\/p>\n<p>O jejum \u00e9 a afli\u00e7\u00e3o da alma, que sacrifica a si mesma em sintonia com o corpo e a justi\u00e7a da religi\u00e3o. Os judeus t\u00eam a tradi\u00e7\u00e3o de fazer jejuns p\u00fablicos de car\u00e1ter penitencial para exercitar o perd\u00e3o. Jejuar \u00e9 treinar o dom\u00ednio do corpo, \u00e9 quest\u00e3o de serenidade corporal e n\u00e3o o de dar forma ao corpo com jejuns intermitentes. Jejuar \u00e9 eu ser mais para que o outro seja melhor. \u00c9 colocar o nosso corpo a servi\u00e7o do outro, da justi\u00e7a. Pense em jejuar n\u00e3o de comida, mas de brigas, \u00f3dios e desaven\u00e7as.<\/p>\n<p>A esmola corresponde \u00e0s posses, os bens que devem ser colocados a servi\u00e7o do empobrecido. Em hebraico, esmola se diz <em>Tzedakah <\/em>e justi\u00e7a, <em>Tzedek.<\/em> Esmola deriva de Justi\u00e7a. Dar esmola significa cumprir a <em>Tor\u00e1<\/em>, isto \u00e9, fazer justi\u00e7a, distribuir os bens materiais. Quando um judeu pobre gritava pelas ruas <em>Tsedakah, <\/em>todos entendiam: \u201cFa\u00e7a justi\u00e7a!\u00a0 Cumpra a <em>Tor\u00e1<\/em>!\u201d E esse grito incomodava qualquer judeu piedoso. A <em>Tor\u00e1<\/em>, a Lei de Deus, n\u00e3o estava sendo cumprida. Portanto, a religi\u00e3o n\u00e3o estava sendo vivida. N\u00e3o tem nada a ver com o dar esmola na nossa vis\u00e3o crist\u00e3 agostiniana. Viver de modo justo na rela\u00e7\u00e3o com as pessoas \u00e9 fazer esmola. Esmola \u00e9 um gesto de solidariedade. Quando morre um judeu, ele n\u00e3o mais pode fazer justi\u00e7a, mas seus descendentes podem e devem fazer em nome dele.<\/p>\n<p>Fazer esmola \u00e9 fazer justi\u00e7a num pa\u00eds chamado Brasil, onde 0,2% da popula\u00e7\u00e3o det\u00e9m 40,8% das riquezas e 50%, somente 2%. A pandemia fez aumentar essa diferen\u00e7a. Estudos mostram que os mais ricos j\u00e1 sa\u00edram da crise econ\u00f4mica provocada pela pandemia. Os pobres levar\u00e3o dez anos para sair dela. Fazer esmolar \u00e9 olhar para a nossa sociedade marcada pelas injusti\u00e7as sociais, enferma, violenta, dividida, religiosamente instrumentalizada, fragilizada nas rela\u00e7\u00f5es com Fake News, polarizada na pol\u00edtica e na religi\u00e3o.<\/p>\n<p>A comunidade de Mateus, ao relatar esses tr\u00eas modos de viver a justi\u00e7a\/religi\u00e3o nos aproximou do ser judeu de Jesus. Esmola, ora\u00e7\u00e3o e jejum s\u00e3o a velha receita da solidariedade, da op\u00e7\u00e3o pelos pobres, da f\u00e9 com muita esperan\u00e7a, do amor em prol do bem comum. Que Deus nos ajude. Boa quaresma a todos.<\/p>\n<hr \/>\n<p><a href=\"#_ftnref1\" name=\"_ftn1\">[1]<\/a> Doutor em Teologia B\u00edblica pela FAJE-BH. Mestre em Ci\u00eancias B\u00edblicas (Exegese) pelo Pontif\u00edcio Instituto B\u00edblico de Roma. Professor de exegese b\u00edblica. Membro da Associa\u00e7\u00e3o Brasileira de Pesquisa B\u00edblica (ABIB). Sacerdote Franciscano. Autor de dez livros e coautor de quatorze. \u00a0Inscreva-se no nosso canal: <a href=\"https:\/\/www.youtube.com\/c\/FreiJacirdeFreitasFariaB%C3%ADbliaAp%C3%B3crifos\">https:\/\/www.youtube.com\/c\/FreiJacirdeFreitasFariaB%C3%ADbliaAp%C3%B3crifos<\/a><\/p>\n","protected":false},"excerpt":{"rendered":"<p>Artigo de Frei Jacir de Freitas Faria<\/p>\n","protected":false},"author":3,"featured_media":189000,"comment_status":"open","ping_status":"open","sticky":false,"template":"","format":"standard","meta":{"footnotes":""},"categories":[26],"tags":[43],"yoast_head":"<!-- This site is optimized with the Yoast SEO plugin v19.4 - https:\/\/yoast.com\/wordpress\/plugins\/seo\/ -->\n<title>A Campanha da Fraternidade e a religi\u00e3o\/justi\u00e7a no fazer esmola, jejuar e rezar (Mt 6,1-18) da Quarta-feira de Cinzas - Vida Crist\u00e3 - Franciscanos<\/title>\n<meta name=\"robots\" content=\"index, follow, max-snippet:-1, max-image-preview:large, max-video-preview:-1\" \/>\n<link rel=\"canonical\" href=\"https:\/\/franciscanos.org.br\/vidacrista\/a-campanha-da-fraternidade-e-a-religiao-justica-no-fazer-esmola-jejuar-e-rezar-mt-61-18-da-quarta-feira-de-cinzas\/\" \/>\n<meta property=\"og:locale\" content=\"pt_BR\" \/>\n<meta property=\"og:type\" content=\"article\" \/>\n<meta property=\"og:title\" content=\"A Campanha da Fraternidade e a religi\u00e3o\/justi\u00e7a no fazer esmola, jejuar e rezar (Mt 6,1-18) da Quarta-feira de Cinzas - Vida Crist\u00e3 - Franciscanos\" \/>\n<meta property=\"og:description\" content=\"Artigo de Frei Jacir de Freitas Faria\" \/>\n<meta property=\"og:url\" content=\"https:\/\/franciscanos.org.br\/vidacrista\/a-campanha-da-fraternidade-e-a-religiao-justica-no-fazer-esmola-jejuar-e-rezar-mt-61-18-da-quarta-feira-de-cinzas\/\" \/>\n<meta property=\"og:site_name\" content=\"Vida Crist\u00e3 - Franciscanos\" \/>\n<meta property=\"article:published_time\" content=\"2021-02-14T08:59:20+00:00\" \/>\n<meta property=\"article:modified_time\" content=\"2021-02-17T10:03:23+00:00\" \/>\n<meta property=\"og:image\" content=\"https:\/\/franciscanos.org.br\/vidacrista\/wp-content\/uploads\/2021\/02\/cf_d.jpg\" \/>\n\t<meta property=\"og:image:width\" content=\"800\" \/>\n\t<meta property=\"og:image:height\" content=\"600\" \/>\n\t<meta property=\"og:image:type\" content=\"image\/jpeg\" \/>\n<meta name=\"author\" content=\"moacir\" \/>\n<meta name=\"twitter:card\" content=\"summary_large_image\" \/>\n<meta name=\"twitter:label1\" content=\"Escrito por\" \/>\n\t<meta name=\"twitter:data1\" content=\"moacir\" \/>\n\t<meta name=\"twitter:label2\" content=\"Est. tempo de leitura\" \/>\n\t<meta name=\"twitter:data2\" content=\"6 minutos\" \/>\n<script type=\"application\/ld+json\" class=\"yoast-schema-graph\">{\"@context\":\"https:\/\/schema.org\",\"@graph\":[{\"@type\":\"WebSite\",\"@id\":\"https:\/\/franciscanos.org.br\/vidacrista\/#website\",\"url\":\"https:\/\/franciscanos.org.br\/vidacrista\/\",\"name\":\"Vida Crist\u00e3 - Franciscanos\",\"description\":\"Prov\u00edncia Franciscana da Imaculada Concei\u00e7\u00e3o do Brasil - Ordem dos Frades Menores\",\"potentialAction\":[{\"@type\":\"SearchAction\",\"target\":{\"@type\":\"EntryPoint\",\"urlTemplate\":\"https:\/\/franciscanos.org.br\/vidacrista\/?s={search_term_string}\"},\"query-input\":\"required name=search_term_string\"}],\"inLanguage\":\"pt-BR\"},{\"@type\":\"WebPage\",\"@id\":\"https:\/\/franciscanos.org.br\/vidacrista\/a-campanha-da-fraternidade-e-a-religiao-justica-no-fazer-esmola-jejuar-e-rezar-mt-61-18-da-quarta-feira-de-cinzas\/\",\"url\":\"https:\/\/franciscanos.org.br\/vidacrista\/a-campanha-da-fraternidade-e-a-religiao-justica-no-fazer-esmola-jejuar-e-rezar-mt-61-18-da-quarta-feira-de-cinzas\/\",\"name\":\"A Campanha da Fraternidade e a religi\u00e3o\/justi\u00e7a no fazer esmola, jejuar e rezar (Mt 6,1-18) da Quarta-feira de Cinzas - Vida Crist\u00e3 - Franciscanos\",\"isPartOf\":{\"@id\":\"https:\/\/franciscanos.org.br\/vidacrista\/#website\"},\"datePublished\":\"2021-02-14T08:59:20+00:00\",\"dateModified\":\"2021-02-17T10:03:23+00:00\",\"author\":{\"@id\":\"https:\/\/franciscanos.org.br\/vidacrista\/#\/schema\/person\/1880bdd2c350b735648725ef7614736a\"},\"breadcrumb\":{\"@id\":\"https:\/\/franciscanos.org.br\/vidacrista\/a-campanha-da-fraternidade-e-a-religiao-justica-no-fazer-esmola-jejuar-e-rezar-mt-61-18-da-quarta-feira-de-cinzas\/#breadcrumb\"},\"inLanguage\":\"pt-BR\",\"potentialAction\":[{\"@type\":\"ReadAction\",\"target\":[\"https:\/\/franciscanos.org.br\/vidacrista\/a-campanha-da-fraternidade-e-a-religiao-justica-no-fazer-esmola-jejuar-e-rezar-mt-61-18-da-quarta-feira-de-cinzas\/\"]}]},{\"@type\":\"BreadcrumbList\",\"@id\":\"https:\/\/franciscanos.org.br\/vidacrista\/a-campanha-da-fraternidade-e-a-religiao-justica-no-fazer-esmola-jejuar-e-rezar-mt-61-18-da-quarta-feira-de-cinzas\/#breadcrumb\",\"itemListElement\":[{\"@type\":\"ListItem\",\"position\":1,\"name\":\"Home\",\"item\":\"https:\/\/franciscanos.org.br\/vidacrista\/\"},{\"@type\":\"ListItem\",\"position\":2,\"name\":\"A Campanha da Fraternidade e a religi\u00e3o\/justi\u00e7a no fazer esmola, jejuar e rezar (Mt 6,1-18) da Quarta-feira de Cinzas\"}]},{\"@type\":\"Person\",\"@id\":\"https:\/\/franciscanos.org.br\/vidacrista\/#\/schema\/person\/1880bdd2c350b735648725ef7614736a\",\"name\":\"moacir\",\"image\":{\"@type\":\"ImageObject\",\"inLanguage\":\"pt-BR\",\"@id\":\"https:\/\/franciscanos.org.br\/vidacrista\/#\/schema\/person\/image\/\",\"url\":\"https:\/\/secure.gravatar.com\/avatar\/d08aa2ce4c8dd416d4479aa8536fcf64?s=96&d=mm&r=g\",\"contentUrl\":\"https:\/\/secure.gravatar.com\/avatar\/d08aa2ce4c8dd416d4479aa8536fcf64?s=96&d=mm&r=g\",\"caption\":\"moacir\"},\"url\":\"https:\/\/franciscanos.org.br\/vidacrista\/author\/moacir\/\"}]}<\/script>\n<!-- \/ Yoast SEO plugin. -->","yoast_head_json":{"title":"A Campanha da Fraternidade e a religi\u00e3o\/justi\u00e7a no fazer esmola, jejuar e rezar (Mt 6,1-18) da Quarta-feira de Cinzas - Vida Crist\u00e3 - Franciscanos","robots":{"index":"index","follow":"follow","max-snippet":"max-snippet:-1","max-image-preview":"max-image-preview:large","max-video-preview":"max-video-preview:-1"},"canonical":"https:\/\/franciscanos.org.br\/vidacrista\/a-campanha-da-fraternidade-e-a-religiao-justica-no-fazer-esmola-jejuar-e-rezar-mt-61-18-da-quarta-feira-de-cinzas\/","og_locale":"pt_BR","og_type":"article","og_title":"A Campanha da Fraternidade e a religi\u00e3o\/justi\u00e7a no fazer esmola, jejuar e rezar (Mt 6,1-18) da Quarta-feira de Cinzas - Vida Crist\u00e3 - Franciscanos","og_description":"Artigo de Frei Jacir de Freitas Faria","og_url":"https:\/\/franciscanos.org.br\/vidacrista\/a-campanha-da-fraternidade-e-a-religiao-justica-no-fazer-esmola-jejuar-e-rezar-mt-61-18-da-quarta-feira-de-cinzas\/","og_site_name":"Vida Crist\u00e3 - Franciscanos","article_published_time":"2021-02-14T08:59:20+00:00","article_modified_time":"2021-02-17T10:03:23+00:00","og_image":[{"width":800,"height":600,"url":"https:\/\/franciscanos.org.br\/vidacrista\/wp-content\/uploads\/2021\/02\/cf_d.jpg","type":"image\/jpeg"}],"author":"moacir","twitter_card":"summary_large_image","twitter_misc":{"Escrito por":"moacir","Est. tempo de leitura":"6 minutos"},"schema":{"@context":"https:\/\/schema.org","@graph":[{"@type":"WebSite","@id":"https:\/\/franciscanos.org.br\/vidacrista\/#website","url":"https:\/\/franciscanos.org.br\/vidacrista\/","name":"Vida Crist\u00e3 - Franciscanos","description":"Prov\u00edncia Franciscana da Imaculada Concei\u00e7\u00e3o do Brasil - Ordem dos Frades Menores","potentialAction":[{"@type":"SearchAction","target":{"@type":"EntryPoint","urlTemplate":"https:\/\/franciscanos.org.br\/vidacrista\/?s={search_term_string}"},"query-input":"required name=search_term_string"}],"inLanguage":"pt-BR"},{"@type":"WebPage","@id":"https:\/\/franciscanos.org.br\/vidacrista\/a-campanha-da-fraternidade-e-a-religiao-justica-no-fazer-esmola-jejuar-e-rezar-mt-61-18-da-quarta-feira-de-cinzas\/","url":"https:\/\/franciscanos.org.br\/vidacrista\/a-campanha-da-fraternidade-e-a-religiao-justica-no-fazer-esmola-jejuar-e-rezar-mt-61-18-da-quarta-feira-de-cinzas\/","name":"A Campanha da Fraternidade e a religi\u00e3o\/justi\u00e7a no fazer esmola, jejuar e rezar (Mt 6,1-18) da Quarta-feira de Cinzas - Vida Crist\u00e3 - Franciscanos","isPartOf":{"@id":"https:\/\/franciscanos.org.br\/vidacrista\/#website"},"datePublished":"2021-02-14T08:59:20+00:00","dateModified":"2021-02-17T10:03:23+00:00","author":{"@id":"https:\/\/franciscanos.org.br\/vidacrista\/#\/schema\/person\/1880bdd2c350b735648725ef7614736a"},"breadcrumb":{"@id":"https:\/\/franciscanos.org.br\/vidacrista\/a-campanha-da-fraternidade-e-a-religiao-justica-no-fazer-esmola-jejuar-e-rezar-mt-61-18-da-quarta-feira-de-cinzas\/#breadcrumb"},"inLanguage":"pt-BR","potentialAction":[{"@type":"ReadAction","target":["https:\/\/franciscanos.org.br\/vidacrista\/a-campanha-da-fraternidade-e-a-religiao-justica-no-fazer-esmola-jejuar-e-rezar-mt-61-18-da-quarta-feira-de-cinzas\/"]}]},{"@type":"BreadcrumbList","@id":"https:\/\/franciscanos.org.br\/vidacrista\/a-campanha-da-fraternidade-e-a-religiao-justica-no-fazer-esmola-jejuar-e-rezar-mt-61-18-da-quarta-feira-de-cinzas\/#breadcrumb","itemListElement":[{"@type":"ListItem","position":1,"name":"Home","item":"https:\/\/franciscanos.org.br\/vidacrista\/"},{"@type":"ListItem","position":2,"name":"A Campanha da Fraternidade e a religi\u00e3o\/justi\u00e7a no fazer esmola, jejuar e rezar (Mt 6,1-18) da Quarta-feira de Cinzas"}]},{"@type":"Person","@id":"https:\/\/franciscanos.org.br\/vidacrista\/#\/schema\/person\/1880bdd2c350b735648725ef7614736a","name":"moacir","image":{"@type":"ImageObject","inLanguage":"pt-BR","@id":"https:\/\/franciscanos.org.br\/vidacrista\/#\/schema\/person\/image\/","url":"https:\/\/secure.gravatar.com\/avatar\/d08aa2ce4c8dd416d4479aa8536fcf64?s=96&d=mm&r=g","contentUrl":"https:\/\/secure.gravatar.com\/avatar\/d08aa2ce4c8dd416d4479aa8536fcf64?s=96&d=mm&r=g","caption":"moacir"},"url":"https:\/\/franciscanos.org.br\/vidacrista\/author\/moacir\/"}]}},"_links":{"self":[{"href":"https:\/\/franciscanos.org.br\/vidacrista\/wp-json\/wp\/v2\/posts\/188998"}],"collection":[{"href":"https:\/\/franciscanos.org.br\/vidacrista\/wp-json\/wp\/v2\/posts"}],"about":[{"href":"https:\/\/franciscanos.org.br\/vidacrista\/wp-json\/wp\/v2\/types\/post"}],"author":[{"embeddable":true,"href":"https:\/\/franciscanos.org.br\/vidacrista\/wp-json\/wp\/v2\/users\/3"}],"replies":[{"embeddable":true,"href":"https:\/\/franciscanos.org.br\/vidacrista\/wp-json\/wp\/v2\/comments?post=188998"}],"version-history":[{"count":4,"href":"https:\/\/franciscanos.org.br\/vidacrista\/wp-json\/wp\/v2\/posts\/188998\/revisions"}],"predecessor-version":[{"id":189013,"href":"https:\/\/franciscanos.org.br\/vidacrista\/wp-json\/wp\/v2\/posts\/188998\/revisions\/189013"}],"wp:featuredmedia":[{"embeddable":true,"href":"https:\/\/franciscanos.org.br\/vidacrista\/wp-json\/wp\/v2\/media\/189000"}],"wp:attachment":[{"href":"https:\/\/franciscanos.org.br\/vidacrista\/wp-json\/wp\/v2\/media?parent=188998"}],"wp:term":[{"taxonomy":"category","embeddable":true,"href":"https:\/\/franciscanos.org.br\/vidacrista\/wp-json\/wp\/v2\/categories?post=188998"},{"taxonomy":"post_tag","embeddable":true,"href":"https:\/\/franciscanos.org.br\/vidacrista\/wp-json\/wp\/v2\/tags?post=188998"}],"curies":[{"name":"wp","href":"https:\/\/api.w.org\/{rel}","templated":true}]}}