{"id":188992,"date":"2021-02-12T07:55:25","date_gmt":"2021-02-12T10:55:25","guid":{"rendered":"https:\/\/franciscanos.org.br\/vidacrista\/?p=188992"},"modified":"2021-02-12T07:57:56","modified_gmt":"2021-02-12T10:57:56","slug":"mensagem-do-papa-francisco-para-a-quaresma-de-2021","status":"publish","type":"post","link":"https:\/\/franciscanos.org.br\/vidacrista\/mensagem-do-papa-francisco-para-a-quaresma-de-2021\/","title":{"rendered":"Mensagem do Papa Francisco para a Quaresma de 2021"},"content":{"rendered":"<div id=\"attachment_188993\" style=\"width: 850px\" class=\"wp-caption alignnone\"><img aria-describedby=\"caption-attachment-188993\" decoding=\"async\" loading=\"lazy\" class=\"wp-image-188993 size-full\" src=\"https:\/\/franciscanos.org.br\/vidacrista\/wp-content\/uploads\/2021\/02\/quaresma_papa.png\" alt=\"\" width=\"840\" height=\"450\" srcset=\"https:\/\/franciscanos.org.br\/vidacrista\/wp-content\/uploads\/2021\/02\/quaresma_papa.png 840w, https:\/\/franciscanos.org.br\/vidacrista\/wp-content\/uploads\/2021\/02\/quaresma_papa-450x241.png 450w, https:\/\/franciscanos.org.br\/vidacrista\/wp-content\/uploads\/2021\/02\/quaresma_papa-768x411.png 768w, https:\/\/franciscanos.org.br\/vidacrista\/wp-content\/uploads\/2021\/02\/quaresma_papa-150x80.png 150w\" sizes=\"(max-width: 840px) 100vw, 840px\" \/><p id=\"caption-attachment-188993\" class=\"wp-caption-text\">\u00a0 \u00a0 \u00a0 \u00a0 \u00a0 \u00a0 \u00a0 \u00a0 \u00a0 \u00a0 \u00a0 \u00a0 \u00a0 \u00a0 \u00a0 \u00a0 \u00a0 \u00a0 \u00a0 \u00a0 \u00a0 \u00a0 \u00a0 \u00a0 \u00a0 \u00a0 \u00a0 \u00a0 \u00a0 \u00a0 \u00a0 \u00a0 \u00a0 \u00a0 \u00a0 \u00a0 \u00a0 \u00a0 \u00a0 \u00a0 \u00a0 \u00a0 \u00a0 \u00a0 \u00a0 \u00a0 \u00a0 \u00a0 \u00a0 \u00a0 \u00a0 \u00a0 \u00a0 \u00a0 \u00a0 \u00a0 \u00a0 \u00a0 \u00a0 \u00a0 \u00a0 \u00a0 \u00a0 \u00a0 \u00a0 \u00a0 \u00a0 \u00a0 \u00a0 <em>\u00a0 \u00a0 Imagem ilustrativa (fonte: Canva)<\/em><\/p><\/div>\n<p align=\"center\"><span style=\"color: #663300;\"><b><i>\u00abVamos subir a Jerusal\u00e9m&#8230;\u00bb (<\/i>Mt<i>\u00a020, 18).<br \/>\nQuaresma: tempo para renovar f\u00e9, esperan\u00e7a e caridade.<\/i><\/b><\/span><\/p>\n<p><i>Queridos irm\u00e3os e irm\u00e3s!<\/i><\/p>\n<p>Jesus, ao anunciar aos disc\u00edpulos a sua paix\u00e3o, morte e ressurrei\u00e7\u00e3o como cumprimento da vontade do Pai, desvenda-lhes o sentido profundo da sua miss\u00e3o e convida-os a associarem-se \u00e0 mesma pela salva\u00e7\u00e3o do mundo.<\/p>\n<p>Ao percorrer o caminho quaresmal que nos conduz \u00e0s celebra\u00e7\u00f5es pascais, recordamos Aquele que \u00abSe rebaixou a Si mesmo, tornando-Se obediente at\u00e9 \u00e0 morte e morte de cruz\u00bb (<i>Flp\u00a0<\/i>2, 8). Neste tempo de convers\u00e3o, renovamos a\u00a0<i>nossa f\u00e9<\/i>, obtemos a<i>\u00a0<\/i>\u00ab<i>\u00e1gua viva<\/i>\u00bb<i>\u00a0da esperan\u00e7a\u00a0<\/i>e recebemos com o cora\u00e7\u00e3o aberto\u00a0<i>o amor de Deus\u00a0<\/i>que nos transforma em irm\u00e3os e irm\u00e3s em Cristo. Na noite de P\u00e1scoa, renovaremos as promessas do nosso Batismo, para renascer como mulheres e homens novos por obra e gra\u00e7a do Esp\u00edrito Santo. Entretanto o itiner\u00e1rio da Quaresma, como ali\u00e1s todo o caminho crist\u00e3o, j\u00e1 est\u00e1 inteiramente sob a luz da Ressurrei\u00e7\u00e3o que anima os sentimentos, atitudes e op\u00e7\u00f5es de quem deseja seguir a Cristo.<\/p>\n<p>O\u00a0<i>jejum, a ora\u00e7\u00e3o e a esmola<\/i>\u00a0\u2013 tal como s\u00e3o apresentados por Jesus na sua prega\u00e7\u00e3o (cf.\u00a0<i>Mt\u00a0<\/i>6, 1-18) \u2013 s\u00e3o as condi\u00e7\u00f5es para a nossa convers\u00e3o e sua express\u00e3o. O caminho da pobreza e da priva\u00e7\u00e3o (<i>o jejum<\/i>), a aten\u00e7\u00e3o e os gestos de amor pelo homem ferido (<i>a esmola<\/i>) e o di\u00e1logo filial com o Pai (<i>a ora\u00e7\u00e3o<\/i>) permitem-nos encarnar uma f\u00e9 sincera, uma esperan\u00e7a viva e uma caridade operosa<i>.<\/i><\/p>\n<p><b><i>1. A f\u00e9 chama-nos a acolher a Verdade e a tornar-nos suas testemunhas diante de Deus e de todos os nossos irm\u00e3os e irm\u00e3s<\/i><\/b><\/p>\n<p>Neste tempo de Quaresma,\u00a0<i>acolher e viver a Verdade manifestada em Cristo\u00a0<\/i>significa, antes de mais, deixar-nos alcan\u00e7ar pela Palavra de Deus, que nos \u00e9 transmitida de gera\u00e7\u00e3o em gera\u00e7\u00e3o pela Igreja. Esta Verdade n\u00e3o \u00e9 uma constru\u00e7\u00e3o do intelecto, reservada a poucas mentes seletas, superiores ou ilustres, mas \u00e9 uma mensagem que recebemos e podemos compreender gra\u00e7as \u00e0 intelig\u00eancia do cora\u00e7\u00e3o, aberto \u00e0 grandeza de Deus, que nos ama ainda antes de n\u00f3s pr\u00f3prios tomarmos consci\u00eancia disso. Esta Verdade \u00e9 o pr\u00f3prio Cristo, que, assumindo completamente a nossa humanidade, Se fez Caminho \u2013 exigente, mas aberto a todos \u2013 que conduz \u00e0 plenitude da Vida.<\/p>\n<p><i>O jejum, vivido como experi\u00eancia de priva\u00e7\u00e3o,\u00a0<\/i>leva as pessoas que o praticam com simplicidade de cora\u00e7\u00e3o a redescobrir o dom de Deus e a compreender a nossa realidade de criaturas que, feitas \u00e0 sua imagem e semelhan\u00e7a, n&#8217;Ele encontram plena realiza\u00e7\u00e3o. Ao fazer experi\u00eancia duma pobreza assumida, quem jejua faz-se pobre com os pobres e \u00abacumula\u00bb a riqueza do amor recebido e partilhado. O jejum, assim entendido e praticado, ajuda a amar a Deus e ao pr\u00f3ximo, pois, como ensina S\u00e3o Tom\u00e1s de Aquino, o amor \u00e9 um movimento que centra a minha aten\u00e7\u00e3o no outro, considerando-o como um s\u00f3 comigo mesmo [cf. Enc.\u00a0<i><a href=\"http:\/\/www.vatican.va\/content\/francesco\/pt\/encyclicals\/documents\/papa-francesco_20201003_enciclica-fratelli-tutti.html#93\">Fratelli tutti<\/a><\/i>\u00a0(=\u00a0<i>FT<\/i>), 93].<\/p>\n<p><i>A Quaresma \u00e9 um tempo para acreditar,\u00a0<\/i>ou seja, para receber a Deus na nossa vida permitindo-Lhe \u00abfazer morada\u00bb em n\u00f3s (cf.\u00a0<i>Jo\u00a0<\/i>14, 23)<i>.\u00a0<\/i>Jejuar significa libertar a nossa exist\u00eancia de tudo o que a atravanca, inclusive da satura\u00e7\u00e3o de informa\u00e7\u00f5es \u2013 verdadeiras ou falsas \u2013 e produtos de consumo, a fim de abrirmos as portas do nosso cora\u00e7\u00e3o \u00c0quele que vem a n\u00f3s pobre de tudo, mas \u00abcheio de gra\u00e7a e de verdade\u00bb (<i>Jo\u00a0<\/i>1, 14): o Filho de Deus Salvador.<\/p>\n<p><b><i>2. A esperan\u00e7a como \u00ab\u00e1gua viva\u00bb, que nos permite continuar o nosso caminho<\/i><\/b><\/p>\n<p><i>A samaritana, a quem Jesus pedira de beber\u00a0<\/i>junto do po\u00e7o, n\u00e3o entende quando Ele lhe diz que poderia oferecer-lhe uma \u00ab\u00e1gua viva\u00bb (cf.\u00a0<i>Jo\u00a0<\/i>4, 10-12); e, naturalmente, a primeira coisa que lhe vem ao pensamento \u00e9 a \u00e1gua material, ao passo que Jesus pensava no Esp\u00edrito Santo, que Ele dar\u00e1 em abund\u00e2ncia no Mist\u00e9rio Pascal e que infunde em n\u00f3s a esperan\u00e7a que n\u00e3o desilude. J\u00e1 quando preanuncia a sua paix\u00e3o e morte, Jesus abre \u00e0 esperan\u00e7a dizendo que \u00ab<i>ressuscitar\u00e1 ao terceiro dia\u00bb<\/i>\u00a0(<i>Mt\u00a0<\/i>20, 19). Jesus fala-nos do futuro aberto de par em par pela miseric\u00f3rdia do Pai. Esperar com Ele e gra\u00e7as a Ele significa acreditar que, a \u00faltima palavra na hist\u00f3ria, n\u00e3o a t\u00eam os nossos erros, as nossas viol\u00eancias e injusti\u00e7as, nem o pecado que crucifica o Amor; significa obter do seu Cora\u00e7\u00e3o aberto o perd\u00e3o do Pai.<\/p>\n<p><i>No contexto de preocupa\u00e7\u00e3o<\/i>\u00a0em que vivemos atualmente onde tudo parece fr\u00e1gil e incerto, falar de esperan\u00e7a poderia parecer uma provoca\u00e7\u00e3o. O tempo da Quaresma \u00e9 feito para ter esperan\u00e7a, para voltar a dirigir o nosso olhar para a paci\u00eancia de Deus, que continua a cuidar da sua Cria\u00e7\u00e3o, n\u00e3o obstante n\u00f3s a maltratarmos com frequ\u00eancia (cf. Enc.\u00a0<i><a href=\"http:\/\/www.vatican.va\/content\/francesco\/pt\/encyclicals\/documents\/papa-francesco_20150524_enciclica-laudato-si.html\">Laudato si\u2019<\/a><\/i>,\u00a0<a href=\"http:\/\/www.vatican.va\/content\/francesco\/pt\/encyclicals\/documents\/papa-francesco_20150524_enciclica-laudato-si.html#32\">32<\/a>&#8211;<a href=\"http:\/\/www.vatican.va\/content\/francesco\/pt\/encyclicals\/documents\/papa-francesco_20150524_enciclica-laudato-si.html#33\">33<\/a>.<a href=\"http:\/\/www.vatican.va\/content\/francesco\/pt\/encyclicals\/documents\/papa-francesco_20150524_enciclica-laudato-si.html#43\">43<\/a>&#8211;<a href=\"http:\/\/www.vatican.va\/content\/francesco\/pt\/encyclicals\/documents\/papa-francesco_20150524_enciclica-laudato-si.html#44\">44<\/a>). \u00c9 ter esperan\u00e7a naquela reconcilia\u00e7\u00e3o a que nos exorta apaixonadamente S\u00e3o Paulo: \u00abReconciliai-vos com Deus\u00bb (<i>2 Cor\u00a0<\/i>5, 20). Recebendo o perd\u00e3o no Sacramento que est\u00e1 no centro do nosso processo de convers\u00e3o, tornamo-nos, por nossa vez, propagadores do perd\u00e3o: tendo-o recebido n\u00f3s pr\u00f3prios, podemos oferec\u00ea-lo atrav\u00e9s da capacidade de viver um di\u00e1logo sol\u00edcito e adotando um comportamento que conforta quem est\u00e1 ferido. O perd\u00e3o de Deus, atrav\u00e9s tamb\u00e9m das nossas palavras e gestos, possibilita viver uma P\u00e1scoa de fraternidade.<\/p>\n<p>Na Quaresma, estejamos mais atentos a \u00abdizer palavras de incentivo, que reconfortam, consolam, fortalecem, estimulam, em vez de palavras que humilham, angustiam, irritam, desprezam\u00bb (<i><a href=\"http:\/\/www.vatican.va\/content\/francesco\/pt\/encyclicals\/documents\/papa-francesco_20201003_enciclica-fratelli-tutti.html#223\">FT<\/a><\/i>, 223). \u00c0s vezes, para dar esperan\u00e7a, basta ser \u00abuma pessoa am\u00e1vel, que deixa de lado as suas preocupa\u00e7\u00f5es e urg\u00eancias para prestar aten\u00e7\u00e3o, oferecer um sorriso, dizer uma palavra de est\u00edmulo, possibilitar um espa\u00e7o de escuta no meio de tanta indiferen\u00e7a\u00bb (<i><a href=\"http:\/\/www.vatican.va\/content\/francesco\/pt\/encyclicals\/documents\/papa-francesco_20201003_enciclica-fratelli-tutti.html#224\">FT<\/a><\/i>, 224).<\/p>\n<p><i>No recolhimento e ora\u00e7\u00e3o silenciosa<\/i>, a esperan\u00e7a \u00e9-nos dada como inspira\u00e7\u00e3o e luz interior, que ilumina desafios e op\u00e7\u00f5es da nossa miss\u00e3o; por isso mesmo, \u00e9 fundamental recolher-se para rezar (cf.\u00a0<i>Mt\u00a0<\/i>6, 6) e encontrar, no segredo, o Pai da ternura.<\/p>\n<p><i>Viver uma Quaresma com esperan\u00e7a\u00a0<\/i>significa sentir que, em Jesus Cristo, somos testemunhas do tempo novo em que Deus renova todas as coisas (cf.\u00a0<i>Ap\u00a0<\/i>21, 1-6), \u00absempre dispostos a dar a raz\u00e3o da [nossa] esperan\u00e7a a todo aquele que [no-la] pe\u00e7a\u00bb (<i>1 Ped\u00a0<\/i>3, 15): a raz\u00e3o \u00e9 Cristo, que d\u00e1 a sua vida na cruz e Deus ressuscita ao terceiro dia.<\/p>\n<p><b><i>3. A caridade, vivida seguindo as pegadas de Cristo na aten\u00e7\u00e3o e compaix\u00e3o por cada pessoa, \u00e9 a mais alta express\u00e3o da nossa f\u00e9 e da nossa esperan\u00e7a<\/i><\/b><\/p>\n<p><i>A caridade alegra-se ao ver o outro crescer<\/i>; e de igual modo sofre quando o encontra na ang\u00fastia: sozinho, doente, sem abrigo, desprezado, necessitado&#8230; A caridade \u00e9 o impulso do cora\u00e7\u00e3o que nos faz sair de n\u00f3s mesmos gerando o v\u00ednculo da partilha e da comunh\u00e3o.<\/p>\n<p>\u00abA partir do \u201camor social\u201d, \u00e9 poss\u00edvel avan\u00e7ar para uma civiliza\u00e7\u00e3o do amor a que todos nos podemos sentir chamados. Com o seu dinamismo universal, a caridade pode construir um mundo novo, porque n\u00e3o \u00e9 um sentimento est\u00e9ril, mas o modo melhor de alcan\u00e7ar vias eficazes de desenvolvimento para todos\u00bb (<i><a href=\"http:\/\/www.vatican.va\/content\/francesco\/pt\/encyclicals\/documents\/papa-francesco_20201003_enciclica-fratelli-tutti.html#183\">FT<\/a><\/i>, 183).<\/p>\n<p><i>A caridade \u00e9 dom<\/i>,<i>\u00a0<\/i>que d\u00e1 sentido \u00e0 nossa vida e gra\u00e7as ao qual consideramos quem se encontra na priva\u00e7\u00e3o como membro da nossa pr\u00f3pria fam\u00edlia, um amigo, um irm\u00e3o. O pouco, se partilhado com amor, nunca acaba, mas transforma-se em reserva de vida e felicidade. Aconteceu assim com a farinha e o azeite da vi\u00fava de Sarepta, que oferece ao profeta Elias o bocado de p\u00e3o que tinha (cf.\u00a0<i>1 Rs\u00a0<\/i>17, 7-16), e com os p\u00e3es que Jesus aben\u00e7oa, parte e d\u00e1 aos disc\u00edpulos para que os distribuam \u00e0 multid\u00e3o (cf.\u00a0<i>Mc\u00a0<\/i>6, 30-44). O mesmo sucede com a nossa esmola, seja ela pequena ou grande, oferecida com alegria e simplicidade.<\/p>\n<p><i>Viver uma Quaresma de caridade\u00a0<\/i>significa cuidar de quem se encontra em condi\u00e7\u00f5es de sofrimento, abandono ou ang\u00fastia por causa da pandemia de Covid-19. Neste contexto de grande incerteza quanto ao futuro, lembrando-nos da palavra que Deus dera ao seu Servo \u2013 \u00abn\u00e3o temas, porque Eu te resgatei\u00bb (<i>Is\u00a0<\/i>43, 1) \u2013, ofere\u00e7amos, juntamente com a nossa obra de caridade, uma palavra de confian\u00e7a e fa\u00e7amos sentir ao outro que Deus o ama como um filho.<\/p>\n<p>\u00abS\u00f3 com um olhar cujo horizonte esteja transformado pela caridade, levando-nos a perceber a dignidade do outro, \u00e9 que os pobres s\u00e3o reconhecidos e apreciados na sua dignidade imensa, respeitados no seu estilo pr\u00f3prio e cultura e, por conseguinte, verdadeiramente integrados na sociedade\u00bb (<i><a href=\"http:\/\/www.vatican.va\/content\/francesco\/pt\/encyclicals\/documents\/papa-francesco_20201003_enciclica-fratelli-tutti.html#187\">FT<\/a><\/i>, 187).<\/p>\n<p>Queridos irm\u00e3os e irm\u00e3s, cada etapa da vida \u00e9 um tempo para crer, esperar e amar. Que este apelo a viver a Quaresma como percurso de convers\u00e3o, ora\u00e7\u00e3o e partilha dos nossos bens, nos ajude a repassar, na nossa mem\u00f3ria comunit\u00e1ria e pessoal, a f\u00e9 que vem de Cristo vivo, a esperan\u00e7a animada pelo sopro do Esp\u00edrito e o amor cuja fonte inexaur\u00edvel \u00e9 o cora\u00e7\u00e3o misericordioso do Pai.<\/p>\n<p>Que Maria, M\u00e3e do Salvador, fiel aos p\u00e9s da cruz e no cora\u00e7\u00e3o da Igreja, nos ampare com a sua sol\u00edcita presen\u00e7a, e a b\u00ean\u00e7\u00e3o do Ressuscitado nos acompanhe no caminho rumo \u00e0 luz pascal.<\/p>\n<p><i>Roma, em S\u00e3o Jo\u00e3o de Latr\u00e3o, na Mem\u00f3ria de S\u00e3o Martinho de Tours<b>,<\/b>\u00a011 de novembro de 2020.<\/i><\/p>\n<p>&nbsp;<\/p>\n<p align=\"center\"><b>Francisco<\/b><\/p>\n<p>&nbsp;<\/p>\n","protected":false},"excerpt":{"rendered":"<p>Mensagem do Papa Francisco &#8211; Quaresma 2021<\/p>\n","protected":false},"author":3,"featured_media":188994,"comment_status":"open","ping_status":"open","sticky":false,"template":"","format":"standard","meta":{"footnotes":""},"categories":[22],"tags":[194],"yoast_head":"<!-- This site is optimized with the Yoast SEO plugin v19.4 - https:\/\/yoast.com\/wordpress\/plugins\/seo\/ -->\n<title>Mensagem do Papa Francisco para a Quaresma de 2021 - Vida Crist\u00e3 - Franciscanos<\/title>\n<meta name=\"robots\" content=\"index, follow, max-snippet:-1, max-image-preview:large, max-video-preview:-1\" \/>\n<link rel=\"canonical\" href=\"https:\/\/franciscanos.org.br\/vidacrista\/mensagem-do-papa-francisco-para-a-quaresma-de-2021\/\" \/>\n<meta property=\"og:locale\" content=\"pt_BR\" \/>\n<meta property=\"og:type\" content=\"article\" \/>\n<meta property=\"og:title\" content=\"Mensagem do Papa Francisco para a Quaresma de 2021 - Vida Crist\u00e3 - Franciscanos\" \/>\n<meta property=\"og:description\" content=\"Mensagem do Papa Francisco - Quaresma 2021\" \/>\n<meta property=\"og:url\" content=\"https:\/\/franciscanos.org.br\/vidacrista\/mensagem-do-papa-francisco-para-a-quaresma-de-2021\/\" \/>\n<meta property=\"og:site_name\" content=\"Vida Crist\u00e3 - Franciscanos\" \/>\n<meta property=\"article:published_time\" content=\"2021-02-12T10:55:25+00:00\" \/>\n<meta property=\"article:modified_time\" content=\"2021-02-12T10:57:56+00:00\" \/>\n<meta property=\"og:image\" content=\"https:\/\/franciscanos.org.br\/vidacrista\/wp-content\/uploads\/2021\/02\/quaresma_d.png\" \/>\n\t<meta property=\"og:image:width\" content=\"800\" \/>\n\t<meta property=\"og:image:height\" content=\"600\" \/>\n\t<meta property=\"og:image:type\" content=\"image\/png\" \/>\n<meta name=\"author\" content=\"moacir\" \/>\n<meta name=\"twitter:card\" content=\"summary_large_image\" \/>\n<meta name=\"twitter:label1\" content=\"Escrito por\" \/>\n\t<meta name=\"twitter:data1\" content=\"moacir\" \/>\n\t<meta name=\"twitter:label2\" content=\"Est. tempo de leitura\" \/>\n\t<meta name=\"twitter:data2\" content=\"8 minutos\" \/>\n<script type=\"application\/ld+json\" class=\"yoast-schema-graph\">{\"@context\":\"https:\/\/schema.org\",\"@graph\":[{\"@type\":\"WebSite\",\"@id\":\"https:\/\/franciscanos.org.br\/vidacrista\/#website\",\"url\":\"https:\/\/franciscanos.org.br\/vidacrista\/\",\"name\":\"Vida Crist\u00e3 - Franciscanos\",\"description\":\"Prov\u00edncia Franciscana da Imaculada Concei\u00e7\u00e3o do Brasil - Ordem dos Frades Menores\",\"potentialAction\":[{\"@type\":\"SearchAction\",\"target\":{\"@type\":\"EntryPoint\",\"urlTemplate\":\"https:\/\/franciscanos.org.br\/vidacrista\/?s={search_term_string}\"},\"query-input\":\"required name=search_term_string\"}],\"inLanguage\":\"pt-BR\"},{\"@type\":\"WebPage\",\"@id\":\"https:\/\/franciscanos.org.br\/vidacrista\/mensagem-do-papa-francisco-para-a-quaresma-de-2021\/\",\"url\":\"https:\/\/franciscanos.org.br\/vidacrista\/mensagem-do-papa-francisco-para-a-quaresma-de-2021\/\",\"name\":\"Mensagem do Papa Francisco para a Quaresma de 2021 - Vida Crist\u00e3 - Franciscanos\",\"isPartOf\":{\"@id\":\"https:\/\/franciscanos.org.br\/vidacrista\/#website\"},\"datePublished\":\"2021-02-12T10:55:25+00:00\",\"dateModified\":\"2021-02-12T10:57:56+00:00\",\"author\":{\"@id\":\"https:\/\/franciscanos.org.br\/vidacrista\/#\/schema\/person\/1880bdd2c350b735648725ef7614736a\"},\"breadcrumb\":{\"@id\":\"https:\/\/franciscanos.org.br\/vidacrista\/mensagem-do-papa-francisco-para-a-quaresma-de-2021\/#breadcrumb\"},\"inLanguage\":\"pt-BR\",\"potentialAction\":[{\"@type\":\"ReadAction\",\"target\":[\"https:\/\/franciscanos.org.br\/vidacrista\/mensagem-do-papa-francisco-para-a-quaresma-de-2021\/\"]}]},{\"@type\":\"BreadcrumbList\",\"@id\":\"https:\/\/franciscanos.org.br\/vidacrista\/mensagem-do-papa-francisco-para-a-quaresma-de-2021\/#breadcrumb\",\"itemListElement\":[{\"@type\":\"ListItem\",\"position\":1,\"name\":\"Home\",\"item\":\"https:\/\/franciscanos.org.br\/vidacrista\/\"},{\"@type\":\"ListItem\",\"position\":2,\"name\":\"Mensagem do Papa Francisco para a Quaresma de 2021\"}]},{\"@type\":\"Person\",\"@id\":\"https:\/\/franciscanos.org.br\/vidacrista\/#\/schema\/person\/1880bdd2c350b735648725ef7614736a\",\"name\":\"moacir\",\"image\":{\"@type\":\"ImageObject\",\"inLanguage\":\"pt-BR\",\"@id\":\"https:\/\/franciscanos.org.br\/vidacrista\/#\/schema\/person\/image\/\",\"url\":\"https:\/\/secure.gravatar.com\/avatar\/d08aa2ce4c8dd416d4479aa8536fcf64?s=96&d=mm&r=g\",\"contentUrl\":\"https:\/\/secure.gravatar.com\/avatar\/d08aa2ce4c8dd416d4479aa8536fcf64?s=96&d=mm&r=g\",\"caption\":\"moacir\"},\"url\":\"https:\/\/franciscanos.org.br\/vidacrista\/author\/moacir\/\"}]}<\/script>\n<!-- \/ Yoast SEO plugin. -->","yoast_head_json":{"title":"Mensagem do Papa Francisco para a Quaresma de 2021 - Vida Crist\u00e3 - Franciscanos","robots":{"index":"index","follow":"follow","max-snippet":"max-snippet:-1","max-image-preview":"max-image-preview:large","max-video-preview":"max-video-preview:-1"},"canonical":"https:\/\/franciscanos.org.br\/vidacrista\/mensagem-do-papa-francisco-para-a-quaresma-de-2021\/","og_locale":"pt_BR","og_type":"article","og_title":"Mensagem do Papa Francisco para a Quaresma de 2021 - Vida Crist\u00e3 - Franciscanos","og_description":"Mensagem do Papa Francisco - Quaresma 2021","og_url":"https:\/\/franciscanos.org.br\/vidacrista\/mensagem-do-papa-francisco-para-a-quaresma-de-2021\/","og_site_name":"Vida Crist\u00e3 - Franciscanos","article_published_time":"2021-02-12T10:55:25+00:00","article_modified_time":"2021-02-12T10:57:56+00:00","og_image":[{"width":800,"height":600,"url":"https:\/\/franciscanos.org.br\/vidacrista\/wp-content\/uploads\/2021\/02\/quaresma_d.png","type":"image\/png"}],"author":"moacir","twitter_card":"summary_large_image","twitter_misc":{"Escrito por":"moacir","Est. tempo de leitura":"8 minutos"},"schema":{"@context":"https:\/\/schema.org","@graph":[{"@type":"WebSite","@id":"https:\/\/franciscanos.org.br\/vidacrista\/#website","url":"https:\/\/franciscanos.org.br\/vidacrista\/","name":"Vida Crist\u00e3 - Franciscanos","description":"Prov\u00edncia Franciscana da Imaculada Concei\u00e7\u00e3o do Brasil - Ordem dos Frades Menores","potentialAction":[{"@type":"SearchAction","target":{"@type":"EntryPoint","urlTemplate":"https:\/\/franciscanos.org.br\/vidacrista\/?s={search_term_string}"},"query-input":"required name=search_term_string"}],"inLanguage":"pt-BR"},{"@type":"WebPage","@id":"https:\/\/franciscanos.org.br\/vidacrista\/mensagem-do-papa-francisco-para-a-quaresma-de-2021\/","url":"https:\/\/franciscanos.org.br\/vidacrista\/mensagem-do-papa-francisco-para-a-quaresma-de-2021\/","name":"Mensagem do Papa Francisco para a Quaresma de 2021 - Vida Crist\u00e3 - Franciscanos","isPartOf":{"@id":"https:\/\/franciscanos.org.br\/vidacrista\/#website"},"datePublished":"2021-02-12T10:55:25+00:00","dateModified":"2021-02-12T10:57:56+00:00","author":{"@id":"https:\/\/franciscanos.org.br\/vidacrista\/#\/schema\/person\/1880bdd2c350b735648725ef7614736a"},"breadcrumb":{"@id":"https:\/\/franciscanos.org.br\/vidacrista\/mensagem-do-papa-francisco-para-a-quaresma-de-2021\/#breadcrumb"},"inLanguage":"pt-BR","potentialAction":[{"@type":"ReadAction","target":["https:\/\/franciscanos.org.br\/vidacrista\/mensagem-do-papa-francisco-para-a-quaresma-de-2021\/"]}]},{"@type":"BreadcrumbList","@id":"https:\/\/franciscanos.org.br\/vidacrista\/mensagem-do-papa-francisco-para-a-quaresma-de-2021\/#breadcrumb","itemListElement":[{"@type":"ListItem","position":1,"name":"Home","item":"https:\/\/franciscanos.org.br\/vidacrista\/"},{"@type":"ListItem","position":2,"name":"Mensagem do Papa Francisco para a Quaresma de 2021"}]},{"@type":"Person","@id":"https:\/\/franciscanos.org.br\/vidacrista\/#\/schema\/person\/1880bdd2c350b735648725ef7614736a","name":"moacir","image":{"@type":"ImageObject","inLanguage":"pt-BR","@id":"https:\/\/franciscanos.org.br\/vidacrista\/#\/schema\/person\/image\/","url":"https:\/\/secure.gravatar.com\/avatar\/d08aa2ce4c8dd416d4479aa8536fcf64?s=96&d=mm&r=g","contentUrl":"https:\/\/secure.gravatar.com\/avatar\/d08aa2ce4c8dd416d4479aa8536fcf64?s=96&d=mm&r=g","caption":"moacir"},"url":"https:\/\/franciscanos.org.br\/vidacrista\/author\/moacir\/"}]}},"_links":{"self":[{"href":"https:\/\/franciscanos.org.br\/vidacrista\/wp-json\/wp\/v2\/posts\/188992"}],"collection":[{"href":"https:\/\/franciscanos.org.br\/vidacrista\/wp-json\/wp\/v2\/posts"}],"about":[{"href":"https:\/\/franciscanos.org.br\/vidacrista\/wp-json\/wp\/v2\/types\/post"}],"author":[{"embeddable":true,"href":"https:\/\/franciscanos.org.br\/vidacrista\/wp-json\/wp\/v2\/users\/3"}],"replies":[{"embeddable":true,"href":"https:\/\/franciscanos.org.br\/vidacrista\/wp-json\/wp\/v2\/comments?post=188992"}],"version-history":[{"count":3,"href":"https:\/\/franciscanos.org.br\/vidacrista\/wp-json\/wp\/v2\/posts\/188992\/revisions"}],"predecessor-version":[{"id":188997,"href":"https:\/\/franciscanos.org.br\/vidacrista\/wp-json\/wp\/v2\/posts\/188992\/revisions\/188997"}],"wp:featuredmedia":[{"embeddable":true,"href":"https:\/\/franciscanos.org.br\/vidacrista\/wp-json\/wp\/v2\/media\/188994"}],"wp:attachment":[{"href":"https:\/\/franciscanos.org.br\/vidacrista\/wp-json\/wp\/v2\/media?parent=188992"}],"wp:term":[{"taxonomy":"category","embeddable":true,"href":"https:\/\/franciscanos.org.br\/vidacrista\/wp-json\/wp\/v2\/categories?post=188992"},{"taxonomy":"post_tag","embeddable":true,"href":"https:\/\/franciscanos.org.br\/vidacrista\/wp-json\/wp\/v2\/tags?post=188992"}],"curies":[{"name":"wp","href":"https:\/\/api.w.org\/{rel}","templated":true}]}}