{"id":188972,"date":"2021-02-05T09:03:03","date_gmt":"2021-02-05T12:03:03","guid":{"rendered":"https:\/\/franciscanos.org.br\/vidacrista\/?p=188972"},"modified":"2021-02-05T09:03:03","modified_gmt":"2021-02-05T12:03:03","slug":"aquele-que-ama-ate-o-fim","status":"publish","type":"post","link":"https:\/\/franciscanos.org.br\/vidacrista\/aquele-que-ama-ate-o-fim\/","title":{"rendered":"Aquele que ama at\u00e9 o fim"},"content":{"rendered":"<div id=\"attachment_188973\" style=\"width: 850px\" class=\"wp-caption alignnone\"><img aria-describedby=\"caption-attachment-188973\" decoding=\"async\" loading=\"lazy\" class=\"wp-image-188973 size-full\" src=\"https:\/\/franciscanos.org.br\/vidacrista\/wp-content\/uploads\/2021\/02\/cruz_05.jpg\" alt=\"\" width=\"840\" height=\"450\" srcset=\"https:\/\/franciscanos.org.br\/vidacrista\/wp-content\/uploads\/2021\/02\/cruz_05.jpg 840w, https:\/\/franciscanos.org.br\/vidacrista\/wp-content\/uploads\/2021\/02\/cruz_05-450x241.jpg 450w, https:\/\/franciscanos.org.br\/vidacrista\/wp-content\/uploads\/2021\/02\/cruz_05-768x411.jpg 768w, https:\/\/franciscanos.org.br\/vidacrista\/wp-content\/uploads\/2021\/02\/cruz_05-150x80.jpg 150w\" sizes=\"(max-width: 840px) 100vw, 840px\" \/><p id=\"caption-attachment-188973\" class=\"wp-caption-text\">\u00a0 \u00a0 \u00a0 \u00a0 \u00a0 \u00a0 \u00a0 \u00a0 \u00a0 \u00a0 \u00a0 \u00a0 \u00a0 \u00a0 \u00a0 \u00a0 \u00a0 \u00a0 \u00a0 \u00a0 \u00a0 \u00a0 \u00a0 \u00a0 \u00a0 \u00a0 \u00a0 \u00a0 \u00a0 \u00a0 \u00a0 \u00a0 \u00a0 \u00a0 \u00a0 \u00a0 \u00a0 \u00a0 \u00a0 \u00a0 \u00a0 \u00a0 \u00a0 \u00a0 \u00a0 \u00a0 \u00a0 \u00a0 \u00a0 \u00a0 \u00a0 <em>\u00a0 Imagem ilustrativa (fonte: Catholic Pictures)<\/em><\/p><\/div>\n<h3 style=\"padding-left: 40px;\"><em><strong>Deus n\u00e3o nos salva da cruz, mas na cruz<\/strong><\/em><\/h3>\n<p style=\"padding-left: 40px;\"><strong>Dietrich Bonhoeffer<\/strong><\/p>\n<p>Jesus, nossa vida e nosso Senhor. \u00c0s primeiras sextas-feiras colocamo-nos diante de seu cora\u00e7\u00e3o, da chaga de seu peito. Nesse cora\u00e7\u00e3o se unem dor e amor, a mais intensa dor e um inaudito amor. A Cruz sempre nos leva ao espanto e ao assombro. Como foi poss\u00edvel?!!<\/p>\n<p>\u2666 Cruz, desafios existenciais, particulares, comuns, mundiais. Cada um de n\u00f3s se defronta com sofrimentos agudos e dores lancinantes. H\u00e1 pessoas cujos cabelos embranquecem da noite para o dia com a chegada da dor. Outros perdem o norte da vida e situam-se \u00e0s portas da dem\u00eancia. Nessas ocasi\u00f5es fazemos nossos os dilacerantes lamentos de J\u00f3 que se sentia abandonado pelo Senhor ao qual ele tinha sido t\u00e3o fiel: uma dor no corpo, a perda da esperan\u00e7a, um filho assassinado, uma cal\u00fania que nos enche de revolta, uma pandemia cruel, assassina que fecha horizontes. Diante de nossos olhos o Crucificado e seu Cora\u00e7\u00e3o fissurado. Para que tanta dor? Mist\u00e9rio, sempre mist\u00e9rio.<\/p>\n<p>\u2666 O Cardeal Veuillot, arcebispo de Paris, v\u00edtima de violento c\u00e2ncer teria dito: \u201cSabemos pronunciar belas palavras sobre o sofrimento Eu pr\u00f3prio as pronunciei com ardor. Diga, por favor aos padres para que n\u00e3o as profiram, n\u00f3s ignoramos o que s\u00e3o as dores\u201d.<\/p>\n<p>\u2666 Nesses momentos fazemos nossos os dolentes gritos do homem dos salmos. Onde est\u00e1 Deus? Ser\u00e1 que ele n\u00e3o v\u00ea que os inimigos est\u00e3o triunfando? N\u00e3o estaria ele dormindo, como na tempestade do lago quando os ap\u00f3stolos se apavoravam? Por que essas portas fechadas? Deus guarda um sil\u00eancio inc\u00f4modo. Onde est\u00e1s? Talvez ele possa nos dizer que est\u00e1 ali, no madeiro, com o peito aberto. Deus fr\u00e1gil que sofre os nossos sofrimentos. \u201cMeu Deus, meu Deus&#8230; por que me abandonaste\u201d. \u201cDeus n\u00e3o nos salva da cruz, mas na cruz\u201d.<\/p>\n<p>\u2666 Dietrich Bonhoeffer conheceu a guerra e seus horrores, foi feito prisioneiro e viveu duramente em campo de concentra\u00e7\u00e3o. S\u00e3o in\u00fameros seus escritos. Viveu, como tantos outros, sofrimentos inomin\u00e1veis. Muitos, precisamente nesta hora, reclamam o sil\u00eancio de Deus. Deus n\u00e3o atua em nosso lugar, mas d\u00e1-nos for\u00e7a no meio das tempestades. N\u00e3o nos salva dos sofrimentos, mas nos sofrimentos. Lutamos, choramos, levantamos a cabe\u00e7a, por momentos quase entregamos os pontos. Podemos confiar. Sofremos e olhamos para a chaga do peito do Amado.<\/p>\n<hr \/>\n<p><em>Frei Almir Ribeiro Guimar\u00e3es<\/em><\/p>\n","protected":false},"excerpt":{"rendered":"<p>Primeira Sexta-feira do M\u00eas<\/p>\n","protected":false},"author":3,"featured_media":188974,"comment_status":"open","ping_status":"open","sticky":false,"template":"","format":"standard","meta":{"footnotes":""},"categories":[105],"tags":[106],"yoast_head":"<!-- This site is optimized with the Yoast SEO plugin v19.4 - https:\/\/yoast.com\/wordpress\/plugins\/seo\/ -->\n<title>Aquele que ama at\u00e9 o fim - Vida Crist\u00e3 - Franciscanos<\/title>\n<meta name=\"robots\" content=\"index, follow, max-snippet:-1, max-image-preview:large, max-video-preview:-1\" \/>\n<link rel=\"canonical\" href=\"https:\/\/franciscanos.org.br\/vidacrista\/aquele-que-ama-ate-o-fim\/\" \/>\n<meta property=\"og:locale\" content=\"pt_BR\" \/>\n<meta property=\"og:type\" content=\"article\" \/>\n<meta property=\"og:title\" content=\"Aquele que ama at\u00e9 o fim - Vida Crist\u00e3 - Franciscanos\" \/>\n<meta property=\"og:description\" content=\"Primeira Sexta-feira do M\u00eas\" \/>\n<meta property=\"og:url\" content=\"https:\/\/franciscanos.org.br\/vidacrista\/aquele-que-ama-ate-o-fim\/\" \/>\n<meta property=\"og:site_name\" content=\"Vida Crist\u00e3 - Franciscanos\" \/>\n<meta property=\"article:published_time\" content=\"2021-02-05T12:03:03+00:00\" \/>\n<meta property=\"og:image\" content=\"https:\/\/franciscanos.org.br\/vidacrista\/wp-content\/uploads\/2021\/02\/cruz_05d.jpg\" \/>\n\t<meta property=\"og:image:width\" content=\"800\" \/>\n\t<meta property=\"og:image:height\" content=\"600\" \/>\n\t<meta property=\"og:image:type\" content=\"image\/jpeg\" \/>\n<meta name=\"author\" content=\"moacir\" \/>\n<meta name=\"twitter:card\" content=\"summary_large_image\" \/>\n<meta name=\"twitter:label1\" content=\"Escrito por\" \/>\n\t<meta name=\"twitter:data1\" content=\"moacir\" \/>\n\t<meta name=\"twitter:label2\" content=\"Est. tempo de leitura\" \/>\n\t<meta name=\"twitter:data2\" content=\"2 minutos\" \/>\n<script type=\"application\/ld+json\" class=\"yoast-schema-graph\">{\"@context\":\"https:\/\/schema.org\",\"@graph\":[{\"@type\":\"WebSite\",\"@id\":\"https:\/\/franciscanos.org.br\/vidacrista\/#website\",\"url\":\"https:\/\/franciscanos.org.br\/vidacrista\/\",\"name\":\"Vida Crist\u00e3 - Franciscanos\",\"description\":\"Prov\u00edncia Franciscana da Imaculada Concei\u00e7\u00e3o do Brasil - Ordem dos Frades Menores\",\"potentialAction\":[{\"@type\":\"SearchAction\",\"target\":{\"@type\":\"EntryPoint\",\"urlTemplate\":\"https:\/\/franciscanos.org.br\/vidacrista\/?s={search_term_string}\"},\"query-input\":\"required name=search_term_string\"}],\"inLanguage\":\"pt-BR\"},{\"@type\":\"WebPage\",\"@id\":\"https:\/\/franciscanos.org.br\/vidacrista\/aquele-que-ama-ate-o-fim\/\",\"url\":\"https:\/\/franciscanos.org.br\/vidacrista\/aquele-que-ama-ate-o-fim\/\",\"name\":\"Aquele que ama at\u00e9 o fim - Vida Crist\u00e3 - Franciscanos\",\"isPartOf\":{\"@id\":\"https:\/\/franciscanos.org.br\/vidacrista\/#website\"},\"datePublished\":\"2021-02-05T12:03:03+00:00\",\"dateModified\":\"2021-02-05T12:03:03+00:00\",\"author\":{\"@id\":\"https:\/\/franciscanos.org.br\/vidacrista\/#\/schema\/person\/1880bdd2c350b735648725ef7614736a\"},\"breadcrumb\":{\"@id\":\"https:\/\/franciscanos.org.br\/vidacrista\/aquele-que-ama-ate-o-fim\/#breadcrumb\"},\"inLanguage\":\"pt-BR\",\"potentialAction\":[{\"@type\":\"ReadAction\",\"target\":[\"https:\/\/franciscanos.org.br\/vidacrista\/aquele-que-ama-ate-o-fim\/\"]}]},{\"@type\":\"BreadcrumbList\",\"@id\":\"https:\/\/franciscanos.org.br\/vidacrista\/aquele-que-ama-ate-o-fim\/#breadcrumb\",\"itemListElement\":[{\"@type\":\"ListItem\",\"position\":1,\"name\":\"Home\",\"item\":\"https:\/\/franciscanos.org.br\/vidacrista\/\"},{\"@type\":\"ListItem\",\"position\":2,\"name\":\"Aquele que ama at\u00e9 o fim\"}]},{\"@type\":\"Person\",\"@id\":\"https:\/\/franciscanos.org.br\/vidacrista\/#\/schema\/person\/1880bdd2c350b735648725ef7614736a\",\"name\":\"moacir\",\"image\":{\"@type\":\"ImageObject\",\"inLanguage\":\"pt-BR\",\"@id\":\"https:\/\/franciscanos.org.br\/vidacrista\/#\/schema\/person\/image\/\",\"url\":\"https:\/\/secure.gravatar.com\/avatar\/d08aa2ce4c8dd416d4479aa8536fcf64?s=96&d=mm&r=g\",\"contentUrl\":\"https:\/\/secure.gravatar.com\/avatar\/d08aa2ce4c8dd416d4479aa8536fcf64?s=96&d=mm&r=g\",\"caption\":\"moacir\"},\"url\":\"https:\/\/franciscanos.org.br\/vidacrista\/author\/moacir\/\"}]}<\/script>\n<!-- \/ Yoast SEO plugin. -->","yoast_head_json":{"title":"Aquele que ama at\u00e9 o fim - Vida Crist\u00e3 - Franciscanos","robots":{"index":"index","follow":"follow","max-snippet":"max-snippet:-1","max-image-preview":"max-image-preview:large","max-video-preview":"max-video-preview:-1"},"canonical":"https:\/\/franciscanos.org.br\/vidacrista\/aquele-que-ama-ate-o-fim\/","og_locale":"pt_BR","og_type":"article","og_title":"Aquele que ama at\u00e9 o fim - Vida Crist\u00e3 - Franciscanos","og_description":"Primeira Sexta-feira do M\u00eas","og_url":"https:\/\/franciscanos.org.br\/vidacrista\/aquele-que-ama-ate-o-fim\/","og_site_name":"Vida Crist\u00e3 - Franciscanos","article_published_time":"2021-02-05T12:03:03+00:00","og_image":[{"width":800,"height":600,"url":"https:\/\/franciscanos.org.br\/vidacrista\/wp-content\/uploads\/2021\/02\/cruz_05d.jpg","type":"image\/jpeg"}],"author":"moacir","twitter_card":"summary_large_image","twitter_misc":{"Escrito por":"moacir","Est. tempo de leitura":"2 minutos"},"schema":{"@context":"https:\/\/schema.org","@graph":[{"@type":"WebSite","@id":"https:\/\/franciscanos.org.br\/vidacrista\/#website","url":"https:\/\/franciscanos.org.br\/vidacrista\/","name":"Vida Crist\u00e3 - Franciscanos","description":"Prov\u00edncia Franciscana da Imaculada Concei\u00e7\u00e3o do Brasil - Ordem dos Frades Menores","potentialAction":[{"@type":"SearchAction","target":{"@type":"EntryPoint","urlTemplate":"https:\/\/franciscanos.org.br\/vidacrista\/?s={search_term_string}"},"query-input":"required name=search_term_string"}],"inLanguage":"pt-BR"},{"@type":"WebPage","@id":"https:\/\/franciscanos.org.br\/vidacrista\/aquele-que-ama-ate-o-fim\/","url":"https:\/\/franciscanos.org.br\/vidacrista\/aquele-que-ama-ate-o-fim\/","name":"Aquele que ama at\u00e9 o fim - Vida Crist\u00e3 - Franciscanos","isPartOf":{"@id":"https:\/\/franciscanos.org.br\/vidacrista\/#website"},"datePublished":"2021-02-05T12:03:03+00:00","dateModified":"2021-02-05T12:03:03+00:00","author":{"@id":"https:\/\/franciscanos.org.br\/vidacrista\/#\/schema\/person\/1880bdd2c350b735648725ef7614736a"},"breadcrumb":{"@id":"https:\/\/franciscanos.org.br\/vidacrista\/aquele-que-ama-ate-o-fim\/#breadcrumb"},"inLanguage":"pt-BR","potentialAction":[{"@type":"ReadAction","target":["https:\/\/franciscanos.org.br\/vidacrista\/aquele-que-ama-ate-o-fim\/"]}]},{"@type":"BreadcrumbList","@id":"https:\/\/franciscanos.org.br\/vidacrista\/aquele-que-ama-ate-o-fim\/#breadcrumb","itemListElement":[{"@type":"ListItem","position":1,"name":"Home","item":"https:\/\/franciscanos.org.br\/vidacrista\/"},{"@type":"ListItem","position":2,"name":"Aquele que ama at\u00e9 o fim"}]},{"@type":"Person","@id":"https:\/\/franciscanos.org.br\/vidacrista\/#\/schema\/person\/1880bdd2c350b735648725ef7614736a","name":"moacir","image":{"@type":"ImageObject","inLanguage":"pt-BR","@id":"https:\/\/franciscanos.org.br\/vidacrista\/#\/schema\/person\/image\/","url":"https:\/\/secure.gravatar.com\/avatar\/d08aa2ce4c8dd416d4479aa8536fcf64?s=96&d=mm&r=g","contentUrl":"https:\/\/secure.gravatar.com\/avatar\/d08aa2ce4c8dd416d4479aa8536fcf64?s=96&d=mm&r=g","caption":"moacir"},"url":"https:\/\/franciscanos.org.br\/vidacrista\/author\/moacir\/"}]}},"_links":{"self":[{"href":"https:\/\/franciscanos.org.br\/vidacrista\/wp-json\/wp\/v2\/posts\/188972"}],"collection":[{"href":"https:\/\/franciscanos.org.br\/vidacrista\/wp-json\/wp\/v2\/posts"}],"about":[{"href":"https:\/\/franciscanos.org.br\/vidacrista\/wp-json\/wp\/v2\/types\/post"}],"author":[{"embeddable":true,"href":"https:\/\/franciscanos.org.br\/vidacrista\/wp-json\/wp\/v2\/users\/3"}],"replies":[{"embeddable":true,"href":"https:\/\/franciscanos.org.br\/vidacrista\/wp-json\/wp\/v2\/comments?post=188972"}],"version-history":[{"count":1,"href":"https:\/\/franciscanos.org.br\/vidacrista\/wp-json\/wp\/v2\/posts\/188972\/revisions"}],"predecessor-version":[{"id":188975,"href":"https:\/\/franciscanos.org.br\/vidacrista\/wp-json\/wp\/v2\/posts\/188972\/revisions\/188975"}],"wp:featuredmedia":[{"embeddable":true,"href":"https:\/\/franciscanos.org.br\/vidacrista\/wp-json\/wp\/v2\/media\/188974"}],"wp:attachment":[{"href":"https:\/\/franciscanos.org.br\/vidacrista\/wp-json\/wp\/v2\/media?parent=188972"}],"wp:term":[{"taxonomy":"category","embeddable":true,"href":"https:\/\/franciscanos.org.br\/vidacrista\/wp-json\/wp\/v2\/categories?post=188972"},{"taxonomy":"post_tag","embeddable":true,"href":"https:\/\/franciscanos.org.br\/vidacrista\/wp-json\/wp\/v2\/tags?post=188972"}],"curies":[{"name":"wp","href":"https:\/\/api.w.org\/{rel}","templated":true}]}}