{"id":188953,"date":"2021-02-03T07:26:01","date_gmt":"2021-02-03T10:26:01","guid":{"rendered":"https:\/\/franciscanos.org.br\/vidacrista\/?p=188953"},"modified":"2021-02-03T07:26:01","modified_gmt":"2021-02-03T10:26:01","slug":"deixar-deus-partir","status":"publish","type":"post","link":"https:\/\/franciscanos.org.br\/vidacrista\/deixar-deus-partir\/","title":{"rendered":"Deixar Deus partir"},"content":{"rendered":"<div id=\"attachment_188954\" style=\"width: 850px\" class=\"wp-caption alignnone\"><img aria-describedby=\"caption-attachment-188954\" decoding=\"async\" loading=\"lazy\" class=\"wp-image-188954 size-full\" src=\"https:\/\/franciscanos.org.br\/vidacrista\/wp-content\/uploads\/2021\/02\/artigo_03.png\" alt=\"\" width=\"840\" height=\"449\" srcset=\"https:\/\/franciscanos.org.br\/vidacrista\/wp-content\/uploads\/2021\/02\/artigo_03.png 840w, https:\/\/franciscanos.org.br\/vidacrista\/wp-content\/uploads\/2021\/02\/artigo_03-450x241.png 450w, https:\/\/franciscanos.org.br\/vidacrista\/wp-content\/uploads\/2021\/02\/artigo_03-768x411.png 768w, https:\/\/franciscanos.org.br\/vidacrista\/wp-content\/uploads\/2021\/02\/artigo_03-150x80.png 150w\" sizes=\"(max-width: 840px) 100vw, 840px\" \/><p id=\"caption-attachment-188954\" class=\"wp-caption-text\">\u00a0 \u00a0 \u00a0 \u00a0 \u00a0 \u00a0 \u00a0 \u00a0 \u00a0 \u00a0 \u00a0 \u00a0 \u00a0 \u00a0 \u00a0 \u00a0 \u00a0 \u00a0 \u00a0 \u00a0 \u00a0 \u00a0 \u00a0 \u00a0 \u00a0 \u00a0 \u00a0 \u00a0 \u00a0 \u00a0 \u00a0 \u00a0 \u00a0 \u00a0 \u00a0 \u00a0 \u00a0 \u00a0 \u00a0 \u00a0 \u00a0 \u00a0 \u00a0 \u00a0 \u00a0 \u00a0 \u00a0 \u00a0 \u00a0 \u00a0 \u00a0 \u00a0 \u00a0 \u00a0<em> \u00a0 \u00a0 \u00a0 Imagem ilustrativa (fonte: Canva)<\/em><\/p><\/div>\n<p><strong>Pe. Ademir Guedes Azevedo, cp<\/strong><\/p>\n<p>Uma das experi\u00eancias humanas mais dolorosas \u00e9 a partida, sobretudo quando se trata das pessoas que amamos. O clima de choro, de descontentamento e aquela sensa\u00e7\u00e3o de que estamos perdendo algo de grande valor, fazem parte de toda despedida. Por\u00e9m, partir \u00e9 algo necess\u00e1rio para o crescimento de toda pessoa. Ganha-se maturidade emocional, amplia-se a vis\u00e3o e abre-se novo horizonte de compreens\u00e3o da vida, \u00e0 medida que se vive o tempo e o lugar novos com esperan\u00e7a. Se n\u00e3o partimos permanecemos fechados em nossas ideias e acorrentados em nossas estruturas que acabam se transformando em ninhos de conforto que muitas vezes n\u00e3o deixamos que outras pessoas tenham acesso.<\/p>\n<p>O te\u00f3logo franc\u00eas Joseph Moingt pensa a partida tendo em conta o processo de desenvolvimento do cristianismo, o qual possibilita uma imagem de Deus bem diferente daquela que estamos habituados a pensar. \u00a0Moingt insiste que devemos aprender a \u201cdeixar Deus partir\u201d, ou seja, a deix\u00e1-lo ir ter com outros. Ele est\u00e1 propondo que n\u00e3o privatizemos Deus, em outras palavras: devemos aceitar que Deus \u00e9 tamb\u00e9m dos outros. Se pensamos um Deus que faz parte s\u00f3 dos nosso ciclo de conviv\u00eancia religiosa, ca\u00edmos no risco de nos fechar numa tradi\u00e7\u00e3o que julga o presente com suspeitas maliciosas. Neste sentido, Moingt defende que s\u00f3 podemos conhecer a Deus \u201ctal como \u00e9\u201d se o deixarmos existir como \u201co nosso Deus\u201d em sentido amplo. A descoberta fundamental \u00e9: admitamos que Ele n\u00e3o \u00e9 apenas o \u201cDeus de nossos pais\u201d, a heran\u00e7a que nos deixaram, mas tamb\u00e9m o \u201cDeus dos outros\u201d.<\/p>\n<p>O pr\u00f3prio Jesus e o ap\u00f3stolo Paulo trataram de \u201cdesprivatizar\u201d Deus dos ciclos judaicos reduzidos, tornando-o uma realidade universal (p\u00fablica). No minist\u00e9rio de Jesus, a sua prefer\u00eancia pelos pobres, pag\u00e3os, pecadores, publicanos, crian\u00e7as, mulheres e samaritanos sinaliza o quanto ele deseja que os chefes religiosos deixem Deus partir, ou seja, permitam que Deus saia de um ciclo fechado de f\u00e9 e seja conhecido por aqueles que foram rotulados como moralmente indignos.<\/p>\n<p>O necess\u00e1rio exerc\u00edcio de deixamos que Deus tamb\u00e9m seja dos outros, contribui para redefinir o nosso lugar de miss\u00e3o. Ao inv\u00e9s de fechar-nos em nossos rotineiros ciclos de atua\u00e7\u00e3o apost\u00f3lica, \u00e0 medida que vamos descobrindo o Deus dos outros, come\u00e7amos a frequentar lugares desafiantes, indo aonde poucos querem ir. Jesus, como pregador itinerante, sentava-se a mesa dos pecadores, andava pela dec\u00e1pode e pisava em solo samaritano. Ele foi esquecendo aquele Deus dos pais, t\u00e3o enfatizado pelos chefes da lei, e assumiu destemidamente a imagem de um Deus que tem um cora\u00e7\u00e3o aberto a todos. Jesus, por meio de sua pr\u00e1tica escandalosa de pregar e agir, abriu a porta do Templo e das sinagogas e deixou Deus conhecer o mundo, justo aquele mundo impuro onde os muros do preconceito e do pudor religioso jamais permitiriam que um Deus pudesse fazer morada.<\/p>\n<p>A partida de Deus para que Ele se torne realmente o \u201cnosso Deus\u201d e se liberte das nossas gaiolas religiosas, prop\u00f5e tamb\u00e9m uma outra forma de espiritualidade. Rezar ao Deus dos outros, pois s\u00f3 assim Ele tamb\u00e9m pode ser chamado de \u201cnosso Deus\u201d, pode ser uma oportunidade de sermos mais solid\u00e1rios e humanos com os dramas que assolam a exist\u00eancia. Acostumamo-nos com aquelas ora\u00e7\u00f5es de f\u00f3rmulas fixas, muitas vezes com preces e louvores fora de contexto e nos esquecemos de reconhecer a presen\u00e7a divina naqueles que choram e sofrem. Justo aqui reside o desafio a enfrentar: fazer a passagem do Deus dos vencedores ao Deus das v\u00edtimas, como bem nos recordou J. B. Metz. Neste tempo de pandemia seria justo, no mais profundo de nosso ser, juntarmo-nos \u00e0s v\u00edtimas para experimentar a forma de ora\u00e7\u00e3o delas. Com certeza, este tipo de ora\u00e7\u00e3o, balbuciada pelos l\u00e1bios dos perdedores, nos ensinar\u00e1 a \u201cchorar com os que choram\u201d (Rm 12,15) e nos sintonizar\u00e1 com aquele Deus que parte para est\u00e1 ao lado dos vencidos, mesmo que seja de modo silencioso.<\/p>\n<hr \/>\n<p><strong>Pe. Ademir Guedes Azevedo<\/strong>,\u00a0<em>cp, \u00e9 mission\u00e1rio passionista e mestre em Teologia Fundamental na Pontif\u00edcia Universidade Gregoriana. Atualmente reside em Camaragibe \u2013 PE, no Semin\u00e1rio para a etapa do Postulantado dos Passionistas.<\/em><\/p>\n","protected":false},"excerpt":{"rendered":"<p>Artigo de Pe. Ademir Guedes Azevedo<\/p>\n","protected":false},"author":3,"featured_media":188955,"comment_status":"open","ping_status":"open","sticky":false,"template":"","format":"standard","meta":{"footnotes":""},"categories":[26],"tags":[188],"yoast_head":"<!-- This site is optimized with the Yoast SEO plugin v19.4 - https:\/\/yoast.com\/wordpress\/plugins\/seo\/ -->\n<title>Deixar Deus partir - Vida Crist\u00e3 - Franciscanos<\/title>\n<meta name=\"robots\" content=\"index, follow, max-snippet:-1, max-image-preview:large, max-video-preview:-1\" \/>\n<link rel=\"canonical\" href=\"https:\/\/franciscanos.org.br\/vidacrista\/deixar-deus-partir\/\" \/>\n<meta property=\"og:locale\" content=\"pt_BR\" \/>\n<meta property=\"og:type\" content=\"article\" \/>\n<meta property=\"og:title\" content=\"Deixar Deus partir - Vida Crist\u00e3 - Franciscanos\" \/>\n<meta property=\"og:description\" content=\"Artigo de Pe. Ademir Guedes Azevedo\" \/>\n<meta property=\"og:url\" content=\"https:\/\/franciscanos.org.br\/vidacrista\/deixar-deus-partir\/\" \/>\n<meta property=\"og:site_name\" content=\"Vida Crist\u00e3 - Franciscanos\" \/>\n<meta property=\"article:published_time\" content=\"2021-02-03T10:26:01+00:00\" \/>\n<meta property=\"og:image\" content=\"https:\/\/franciscanos.org.br\/vidacrista\/wp-content\/uploads\/2021\/02\/artigo_03d.png\" \/>\n\t<meta property=\"og:image:width\" content=\"800\" \/>\n\t<meta property=\"og:image:height\" content=\"600\" \/>\n\t<meta property=\"og:image:type\" content=\"image\/png\" \/>\n<meta name=\"author\" content=\"moacir\" \/>\n<meta name=\"twitter:card\" content=\"summary_large_image\" \/>\n<meta name=\"twitter:label1\" content=\"Escrito por\" \/>\n\t<meta name=\"twitter:data1\" content=\"moacir\" \/>\n\t<meta name=\"twitter:label2\" content=\"Est. tempo de leitura\" \/>\n\t<meta name=\"twitter:data2\" content=\"4 minutos\" \/>\n<script type=\"application\/ld+json\" class=\"yoast-schema-graph\">{\"@context\":\"https:\/\/schema.org\",\"@graph\":[{\"@type\":\"WebSite\",\"@id\":\"https:\/\/franciscanos.org.br\/vidacrista\/#website\",\"url\":\"https:\/\/franciscanos.org.br\/vidacrista\/\",\"name\":\"Vida Crist\u00e3 - Franciscanos\",\"description\":\"Prov\u00edncia Franciscana da Imaculada Concei\u00e7\u00e3o do Brasil - Ordem dos Frades Menores\",\"potentialAction\":[{\"@type\":\"SearchAction\",\"target\":{\"@type\":\"EntryPoint\",\"urlTemplate\":\"https:\/\/franciscanos.org.br\/vidacrista\/?s={search_term_string}\"},\"query-input\":\"required name=search_term_string\"}],\"inLanguage\":\"pt-BR\"},{\"@type\":\"WebPage\",\"@id\":\"https:\/\/franciscanos.org.br\/vidacrista\/deixar-deus-partir\/\",\"url\":\"https:\/\/franciscanos.org.br\/vidacrista\/deixar-deus-partir\/\",\"name\":\"Deixar Deus partir - Vida Crist\u00e3 - Franciscanos\",\"isPartOf\":{\"@id\":\"https:\/\/franciscanos.org.br\/vidacrista\/#website\"},\"datePublished\":\"2021-02-03T10:26:01+00:00\",\"dateModified\":\"2021-02-03T10:26:01+00:00\",\"author\":{\"@id\":\"https:\/\/franciscanos.org.br\/vidacrista\/#\/schema\/person\/1880bdd2c350b735648725ef7614736a\"},\"breadcrumb\":{\"@id\":\"https:\/\/franciscanos.org.br\/vidacrista\/deixar-deus-partir\/#breadcrumb\"},\"inLanguage\":\"pt-BR\",\"potentialAction\":[{\"@type\":\"ReadAction\",\"target\":[\"https:\/\/franciscanos.org.br\/vidacrista\/deixar-deus-partir\/\"]}]},{\"@type\":\"BreadcrumbList\",\"@id\":\"https:\/\/franciscanos.org.br\/vidacrista\/deixar-deus-partir\/#breadcrumb\",\"itemListElement\":[{\"@type\":\"ListItem\",\"position\":1,\"name\":\"Home\",\"item\":\"https:\/\/franciscanos.org.br\/vidacrista\/\"},{\"@type\":\"ListItem\",\"position\":2,\"name\":\"Deixar Deus partir\"}]},{\"@type\":\"Person\",\"@id\":\"https:\/\/franciscanos.org.br\/vidacrista\/#\/schema\/person\/1880bdd2c350b735648725ef7614736a\",\"name\":\"moacir\",\"image\":{\"@type\":\"ImageObject\",\"inLanguage\":\"pt-BR\",\"@id\":\"https:\/\/franciscanos.org.br\/vidacrista\/#\/schema\/person\/image\/\",\"url\":\"https:\/\/secure.gravatar.com\/avatar\/d08aa2ce4c8dd416d4479aa8536fcf64?s=96&d=mm&r=g\",\"contentUrl\":\"https:\/\/secure.gravatar.com\/avatar\/d08aa2ce4c8dd416d4479aa8536fcf64?s=96&d=mm&r=g\",\"caption\":\"moacir\"},\"url\":\"https:\/\/franciscanos.org.br\/vidacrista\/author\/moacir\/\"}]}<\/script>\n<!-- \/ Yoast SEO plugin. -->","yoast_head_json":{"title":"Deixar Deus partir - Vida Crist\u00e3 - Franciscanos","robots":{"index":"index","follow":"follow","max-snippet":"max-snippet:-1","max-image-preview":"max-image-preview:large","max-video-preview":"max-video-preview:-1"},"canonical":"https:\/\/franciscanos.org.br\/vidacrista\/deixar-deus-partir\/","og_locale":"pt_BR","og_type":"article","og_title":"Deixar Deus partir - Vida Crist\u00e3 - Franciscanos","og_description":"Artigo de Pe. Ademir Guedes Azevedo","og_url":"https:\/\/franciscanos.org.br\/vidacrista\/deixar-deus-partir\/","og_site_name":"Vida Crist\u00e3 - Franciscanos","article_published_time":"2021-02-03T10:26:01+00:00","og_image":[{"width":800,"height":600,"url":"https:\/\/franciscanos.org.br\/vidacrista\/wp-content\/uploads\/2021\/02\/artigo_03d.png","type":"image\/png"}],"author":"moacir","twitter_card":"summary_large_image","twitter_misc":{"Escrito por":"moacir","Est. tempo de leitura":"4 minutos"},"schema":{"@context":"https:\/\/schema.org","@graph":[{"@type":"WebSite","@id":"https:\/\/franciscanos.org.br\/vidacrista\/#website","url":"https:\/\/franciscanos.org.br\/vidacrista\/","name":"Vida Crist\u00e3 - Franciscanos","description":"Prov\u00edncia Franciscana da Imaculada Concei\u00e7\u00e3o do Brasil - Ordem dos Frades Menores","potentialAction":[{"@type":"SearchAction","target":{"@type":"EntryPoint","urlTemplate":"https:\/\/franciscanos.org.br\/vidacrista\/?s={search_term_string}"},"query-input":"required name=search_term_string"}],"inLanguage":"pt-BR"},{"@type":"WebPage","@id":"https:\/\/franciscanos.org.br\/vidacrista\/deixar-deus-partir\/","url":"https:\/\/franciscanos.org.br\/vidacrista\/deixar-deus-partir\/","name":"Deixar Deus partir - Vida Crist\u00e3 - Franciscanos","isPartOf":{"@id":"https:\/\/franciscanos.org.br\/vidacrista\/#website"},"datePublished":"2021-02-03T10:26:01+00:00","dateModified":"2021-02-03T10:26:01+00:00","author":{"@id":"https:\/\/franciscanos.org.br\/vidacrista\/#\/schema\/person\/1880bdd2c350b735648725ef7614736a"},"breadcrumb":{"@id":"https:\/\/franciscanos.org.br\/vidacrista\/deixar-deus-partir\/#breadcrumb"},"inLanguage":"pt-BR","potentialAction":[{"@type":"ReadAction","target":["https:\/\/franciscanos.org.br\/vidacrista\/deixar-deus-partir\/"]}]},{"@type":"BreadcrumbList","@id":"https:\/\/franciscanos.org.br\/vidacrista\/deixar-deus-partir\/#breadcrumb","itemListElement":[{"@type":"ListItem","position":1,"name":"Home","item":"https:\/\/franciscanos.org.br\/vidacrista\/"},{"@type":"ListItem","position":2,"name":"Deixar Deus partir"}]},{"@type":"Person","@id":"https:\/\/franciscanos.org.br\/vidacrista\/#\/schema\/person\/1880bdd2c350b735648725ef7614736a","name":"moacir","image":{"@type":"ImageObject","inLanguage":"pt-BR","@id":"https:\/\/franciscanos.org.br\/vidacrista\/#\/schema\/person\/image\/","url":"https:\/\/secure.gravatar.com\/avatar\/d08aa2ce4c8dd416d4479aa8536fcf64?s=96&d=mm&r=g","contentUrl":"https:\/\/secure.gravatar.com\/avatar\/d08aa2ce4c8dd416d4479aa8536fcf64?s=96&d=mm&r=g","caption":"moacir"},"url":"https:\/\/franciscanos.org.br\/vidacrista\/author\/moacir\/"}]}},"_links":{"self":[{"href":"https:\/\/franciscanos.org.br\/vidacrista\/wp-json\/wp\/v2\/posts\/188953"}],"collection":[{"href":"https:\/\/franciscanos.org.br\/vidacrista\/wp-json\/wp\/v2\/posts"}],"about":[{"href":"https:\/\/franciscanos.org.br\/vidacrista\/wp-json\/wp\/v2\/types\/post"}],"author":[{"embeddable":true,"href":"https:\/\/franciscanos.org.br\/vidacrista\/wp-json\/wp\/v2\/users\/3"}],"replies":[{"embeddable":true,"href":"https:\/\/franciscanos.org.br\/vidacrista\/wp-json\/wp\/v2\/comments?post=188953"}],"version-history":[{"count":1,"href":"https:\/\/franciscanos.org.br\/vidacrista\/wp-json\/wp\/v2\/posts\/188953\/revisions"}],"predecessor-version":[{"id":188956,"href":"https:\/\/franciscanos.org.br\/vidacrista\/wp-json\/wp\/v2\/posts\/188953\/revisions\/188956"}],"wp:featuredmedia":[{"embeddable":true,"href":"https:\/\/franciscanos.org.br\/vidacrista\/wp-json\/wp\/v2\/media\/188955"}],"wp:attachment":[{"href":"https:\/\/franciscanos.org.br\/vidacrista\/wp-json\/wp\/v2\/media?parent=188953"}],"wp:term":[{"taxonomy":"category","embeddable":true,"href":"https:\/\/franciscanos.org.br\/vidacrista\/wp-json\/wp\/v2\/categories?post=188953"},{"taxonomy":"post_tag","embeddable":true,"href":"https:\/\/franciscanos.org.br\/vidacrista\/wp-json\/wp\/v2\/tags?post=188953"}],"curies":[{"name":"wp","href":"https:\/\/api.w.org\/{rel}","templated":true}]}}