{"id":188919,"date":"2021-01-29T09:41:12","date_gmt":"2021-01-29T12:41:12","guid":{"rendered":"https:\/\/franciscanos.org.br\/vidacrista\/?p=188919"},"modified":"2021-01-29T09:42:21","modified_gmt":"2021-01-29T12:42:21","slug":"a-paciencia-da-semente-e-o-reino-de-deus-na-inspiracao-de-mc-426-34","status":"publish","type":"post","link":"https:\/\/franciscanos.org.br\/vidacrista\/a-paciencia-da-semente-e-o-reino-de-deus-na-inspiracao-de-mc-426-34\/","title":{"rendered":"A paci\u00eancia da semente e o Reino de Deus na inspira\u00e7\u00e3o de Mc 4,26-34"},"content":{"rendered":"<div id=\"attachment_188922\" style=\"width: 850px\" class=\"wp-caption alignnone\"><img aria-describedby=\"caption-attachment-188922\" decoding=\"async\" loading=\"lazy\" class=\"wp-image-188922 size-full\" src=\"https:\/\/franciscanos.org.br\/vidacrista\/wp-content\/uploads\/2021\/01\/artiigo_2901.png\" alt=\"\" width=\"840\" height=\"450\" srcset=\"https:\/\/franciscanos.org.br\/vidacrista\/wp-content\/uploads\/2021\/01\/artiigo_2901.png 840w, https:\/\/franciscanos.org.br\/vidacrista\/wp-content\/uploads\/2021\/01\/artiigo_2901-450x241.png 450w, https:\/\/franciscanos.org.br\/vidacrista\/wp-content\/uploads\/2021\/01\/artiigo_2901-768x411.png 768w, https:\/\/franciscanos.org.br\/vidacrista\/wp-content\/uploads\/2021\/01\/artiigo_2901-150x80.png 150w\" sizes=\"(max-width: 840px) 100vw, 840px\" \/><p id=\"caption-attachment-188922\" class=\"wp-caption-text\"><em>\u00a0 \u00a0 \u00a0 \u00a0 \u00a0 \u00a0 \u00a0 \u00a0 \u00a0 \u00a0 \u00a0 \u00a0 \u00a0 \u00a0 \u00a0 \u00a0 \u00a0 \u00a0 \u00a0 \u00a0 \u00a0 \u00a0 \u00a0 \u00a0 \u00a0 \u00a0 \u00a0 \u00a0 \u00a0 \u00a0 \u00a0 \u00a0 \u00a0 \u00a0 \u00a0 \u00a0 \u00a0 \u00a0 \u00a0 \u00a0 \u00a0 \u00a0 \u00a0 \u00a0 \u00a0 \u00a0 \u00a0 \u00a0 \u00a0 \u00a0 \u00a0 \u00a0 \u00a0 \u00a0 \u00a0 \u00a0 \u00a0 \u00a0 Imagem ilustrativa (fonte: Canva)<\/em><\/p><\/div>\n<p><em>Frei Jacir de Freitas Faria, OFM<\/em><a href=\"#_ftn1\" name=\"_ftnref1\"><\/a><\/p>\n<p>O texto de Mc 4,26-34 nos apresenta a rela\u00e7\u00e3o entre a semente e o Reino de Deus. O modo como Jesus fez para falar do Reino de Deus \u00e9 chamado de par\u00e1bola. O que \u00e9 isso, par\u00e1bola? Trata-se de um recurso liter\u00e1rio, did\u00e1tico, simples e muito utilizado no tempo de Jesus. Temos uma par\u00e1bola quando uma coisa conhecida \u00e9 colocada ao lado de uma desconhecida. Por exemplo, a semente de mostarda do texto de Mc 4 \u00e9 o elemento conhecido; o desconhecido, o Reino de Deus. Para entender como o Reino acontece, Jesus recorre ao modo como a semente de mostarda se desenvolve. A catequese de Jesus era feita por par\u00e1bolas.<\/p>\n<p><iframe loading=\"lazy\" title=\"Reflex\u00e3o b\u00edblica - Sexta-feira da 3\u00aa Semana do Tempo Comum (29\/01\/2021)\" width=\"500\" height=\"281\" src=\"https:\/\/www.youtube.com\/embed\/mntTBNvuTxc?feature=oembed\" frameborder=\"0\" allow=\"accelerometer; autoplay; clipboard-write; encrypted-media; gyroscope; picture-in-picture\" allowfullscreen><\/iframe><\/p>\n<p>Tendo esclarecido esse primeiro ponto, passemos \u00e0 compreens\u00e3o do Reino de Deus a partir da par\u00e1bola da semente de mostarda. Comecemos pelas perguntas: o que a semente tem a ver com nossa vida? Podemos relacionar a semente com a paci\u00eancia? Jesus quis relacionar o Reino de Deus com a semente ou com o p\u00e9 de mostarda? A maioria das interpreta\u00e7\u00f5es insiste em mostrar que o Reino Deus \u00e9 como uma semente pequena que cresce e fica grande. Vejamos.<\/p>\n<p>H\u00e1 tr\u00eas modos poss\u00edveis de compreender a par\u00e1bola da semente de mostarda a partir de seu centro, isto \u00e9, da semente, da \u00e1rvore ou do p\u00e9 de mostarda?<\/p>\n<p>A partir da semente, o foco do texto \u00e9 colocado no processo que parte do pequeno, semente, para o grande. A pequena semente de mostarda \u00e9 o novo Israel, isto \u00e9, os seguidores de Jesus, os quais se tornar\u00e3o grandes na constru\u00e7\u00e3o do Reino de Deus.<\/p>\n<p>Considerando que o centro da passagem seja uma \u00e1rvore, seria o mesmo que dizer que o pequeno Israel, os seguidores de Jesus, tornar-se-ia uma grande \u00e1rvore apocal\u00edptica no fim dos tempos. Textos do Primeiro Testamento falam do cedro do L\u00edbano como \u00e1rvore apocal\u00edptica (Sl 104,12; Ez,31,3.6; Dn 4,10-12). E \u00e9 nessa grande \u00e1rvore que os p\u00e1ssaros fariam os seus ninhos. Acreditamos que se Jesus, de fato, quisesse referir-se a uma \u00e1rvore apocal\u00edptica, ele teria mencionado o cedro do L\u00edbano e n\u00e3o a mostrada.<\/p>\n<p>A terceira possiblidade de compreender a par\u00e1bola \u00e9 o p\u00e9 de mostarda. A mostarda \u00e9 uma planta medicinal e culin\u00e1ria que chega a medir, no m\u00e1ximo, 1 m e \u00bd de altura. Ela se desenvolve melhor ao ser transplantada. Depois de plantada, torna-se uma erva daninha. Temos dois tipos de mostarda, a selvagem e a culin\u00e1ria. Por ser uma planta impura, o c\u00f3digo deuteron\u00f4mico (Dt 22,9) pro\u00edbe a sua planta\u00e7\u00e3o. Nisso, talvez, esteja o motivo provocador de Jesus em buscar uma compara\u00e7\u00e3o n\u00e3o muito aceita para falar do Reino que ele pregava.<\/p>\n<p>O Reino de Deus chega e se esparrama. N\u00e3o pode ser controlado, torna-se abundante como a nossa tiririca. Atrai p\u00e1ssaros, os quais s\u00e3o inimigos de qualquer agricultor. O Reino, depois de semeado, perde o controle, toma conta do terreno todo. Assim como o Reino, a mostarda \u00e9 motivo de esc\u00e2ndalo para muitos. O Reino \u00e9 indesej\u00e1vel e violador das regras de santidade.<\/p>\n<p>Para falar do p\u00e9 de mostarda, capaz de abrigar p\u00e1ssaros, Jesus parte da semente pequena que cresce e se torna uma \u00e1rvore. Para que isso aconte\u00e7a, temos que ter persist\u00eancia e paci\u00eancia. E \u00e9 isso que Jesus estava querendo ensinar. Na vida, precisamos ter paci\u00eancia para conquistar o que almejamos. At\u00e9 Jesus teve que esperar trinta anos para iniciar a sua vida p\u00fablica. Uma das sabedorias humanas \u00e9 ter paci\u00eancia. Permita-me alargar a compara\u00e7\u00e3o, par\u00e1bola, que Jesus fez com a nossa vida. Veja! A mulher engravida. Para ela \u00e9 um tempo dif\u00edcil de espera. S\u00e3o nove meses at\u00e9 que um min\u00fasculo embri\u00e3o cres\u00e7a e saia de seu ventre. Quanta espera! A crian\u00e7a nasce, n\u00e3o sabe falar e nem andar. Quanta espera para se tornar adulto. Bater asas, voar do ninho, amadurecer. Quanta luta! Muitos nem conseguem essa proeza em vida. Queimam etapas. Chegam aos quarenta querendo ser a crian\u00e7a que nunca foram.<\/p>\n<p>Para finalizar, eu diria que o Reino de Deus precisa ser buscado sempre, germinado sempre como a vida, incomodar sempre como a mostarda. Na constru\u00e7\u00e3o do reino, a paci\u00eancia \u00e9 a palavra-chave. O reino se realiza \u00e0s escondidas como a semente de mostarda, mas quando vemos sinais de sua presen\u00e7a, exclamamos: a\u00ed est\u00e1 o p\u00e9 de mostarda, o indesejado que nos acolhe como p\u00e1ssaros sedentos de sua sombra, de sua justi\u00e7a em todos os n\u00edveis! Am\u00e9m! Assim seja.<\/p>\n<hr \/>\n<p><strong> Frei Jacir de Freitas Faria, OFM<\/strong> <em>Doutor em Teologia B\u00edblica pela FAJE-BH. Mestre em Ci\u00eancias B\u00edblicas (Exegese) pelo Pontif\u00edcio Instituto B\u00edblico de Roma. Professor de exegese b\u00edblica. Membro da Associa\u00e7\u00e3o Brasileira de Pesquisa B\u00edblica (ABIB). Sacerdote Franciscano. Autor de dez livros e coautor de quatorze. Inscreva-se no nosso canal:<\/em> <a href=\"https:\/\/www.youtube.com\/c\/FreiJacirdeFreitasFariaB%C3%ADbliaAp%C3%B3crifos\">https:\/\/www.youtube.com\/c\/FreiJacirdeFreitasFariaB%C3%ADbliaAp%C3%B3crifos<\/a><\/p>\n","protected":false},"excerpt":{"rendered":"<p>Artigo de Frei Jacir de Freitas Faria, OFM<\/p>\n","protected":false},"author":3,"featured_media":188923,"comment_status":"open","ping_status":"open","sticky":false,"template":"","format":"standard","meta":{"footnotes":""},"categories":[26],"tags":[43,48],"yoast_head":"<!-- This site is optimized with the Yoast SEO plugin v19.4 - https:\/\/yoast.com\/wordpress\/plugins\/seo\/ -->\n<title>A paci\u00eancia da semente e o Reino de Deus na inspira\u00e7\u00e3o de Mc 4,26-34 - Vida Crist\u00e3 - Franciscanos<\/title>\n<meta name=\"robots\" content=\"index, follow, max-snippet:-1, max-image-preview:large, max-video-preview:-1\" \/>\n<link rel=\"canonical\" href=\"https:\/\/franciscanos.org.br\/vidacrista\/a-paciencia-da-semente-e-o-reino-de-deus-na-inspiracao-de-mc-426-34\/\" \/>\n<meta property=\"og:locale\" content=\"pt_BR\" \/>\n<meta property=\"og:type\" content=\"article\" \/>\n<meta property=\"og:title\" content=\"A paci\u00eancia da semente e o Reino de Deus na inspira\u00e7\u00e3o de Mc 4,26-34 - Vida Crist\u00e3 - Franciscanos\" \/>\n<meta property=\"og:description\" content=\"Artigo de Frei Jacir de Freitas Faria, OFM\" \/>\n<meta property=\"og:url\" content=\"https:\/\/franciscanos.org.br\/vidacrista\/a-paciencia-da-semente-e-o-reino-de-deus-na-inspiracao-de-mc-426-34\/\" \/>\n<meta property=\"og:site_name\" content=\"Vida Crist\u00e3 - Franciscanos\" \/>\n<meta property=\"article:published_time\" content=\"2021-01-29T12:41:12+00:00\" \/>\n<meta property=\"article:modified_time\" content=\"2021-01-29T12:42:21+00:00\" \/>\n<meta property=\"og:image\" content=\"https:\/\/franciscanos.org.br\/vidacrista\/wp-content\/uploads\/2021\/01\/artigo_d.png\" \/>\n\t<meta property=\"og:image:width\" content=\"800\" \/>\n\t<meta property=\"og:image:height\" content=\"601\" \/>\n\t<meta property=\"og:image:type\" content=\"image\/png\" \/>\n<meta name=\"author\" content=\"moacir\" \/>\n<meta name=\"twitter:card\" content=\"summary_large_image\" \/>\n<meta name=\"twitter:label1\" content=\"Escrito por\" \/>\n\t<meta name=\"twitter:data1\" content=\"moacir\" \/>\n\t<meta name=\"twitter:label2\" content=\"Est. tempo de leitura\" \/>\n\t<meta name=\"twitter:data2\" content=\"4 minutos\" \/>\n<script type=\"application\/ld+json\" class=\"yoast-schema-graph\">{\"@context\":\"https:\/\/schema.org\",\"@graph\":[{\"@type\":\"WebSite\",\"@id\":\"https:\/\/franciscanos.org.br\/vidacrista\/#website\",\"url\":\"https:\/\/franciscanos.org.br\/vidacrista\/\",\"name\":\"Vida Crist\u00e3 - Franciscanos\",\"description\":\"Prov\u00edncia Franciscana da Imaculada Concei\u00e7\u00e3o do Brasil - Ordem dos Frades Menores\",\"potentialAction\":[{\"@type\":\"SearchAction\",\"target\":{\"@type\":\"EntryPoint\",\"urlTemplate\":\"https:\/\/franciscanos.org.br\/vidacrista\/?s={search_term_string}\"},\"query-input\":\"required name=search_term_string\"}],\"inLanguage\":\"pt-BR\"},{\"@type\":\"WebPage\",\"@id\":\"https:\/\/franciscanos.org.br\/vidacrista\/a-paciencia-da-semente-e-o-reino-de-deus-na-inspiracao-de-mc-426-34\/\",\"url\":\"https:\/\/franciscanos.org.br\/vidacrista\/a-paciencia-da-semente-e-o-reino-de-deus-na-inspiracao-de-mc-426-34\/\",\"name\":\"A paci\u00eancia da semente e o Reino de Deus na inspira\u00e7\u00e3o de Mc 4,26-34 - Vida Crist\u00e3 - Franciscanos\",\"isPartOf\":{\"@id\":\"https:\/\/franciscanos.org.br\/vidacrista\/#website\"},\"datePublished\":\"2021-01-29T12:41:12+00:00\",\"dateModified\":\"2021-01-29T12:42:21+00:00\",\"author\":{\"@id\":\"https:\/\/franciscanos.org.br\/vidacrista\/#\/schema\/person\/1880bdd2c350b735648725ef7614736a\"},\"breadcrumb\":{\"@id\":\"https:\/\/franciscanos.org.br\/vidacrista\/a-paciencia-da-semente-e-o-reino-de-deus-na-inspiracao-de-mc-426-34\/#breadcrumb\"},\"inLanguage\":\"pt-BR\",\"potentialAction\":[{\"@type\":\"ReadAction\",\"target\":[\"https:\/\/franciscanos.org.br\/vidacrista\/a-paciencia-da-semente-e-o-reino-de-deus-na-inspiracao-de-mc-426-34\/\"]}]},{\"@type\":\"BreadcrumbList\",\"@id\":\"https:\/\/franciscanos.org.br\/vidacrista\/a-paciencia-da-semente-e-o-reino-de-deus-na-inspiracao-de-mc-426-34\/#breadcrumb\",\"itemListElement\":[{\"@type\":\"ListItem\",\"position\":1,\"name\":\"Home\",\"item\":\"https:\/\/franciscanos.org.br\/vidacrista\/\"},{\"@type\":\"ListItem\",\"position\":2,\"name\":\"A paci\u00eancia da semente e o Reino de Deus na inspira\u00e7\u00e3o de Mc 4,26-34\"}]},{\"@type\":\"Person\",\"@id\":\"https:\/\/franciscanos.org.br\/vidacrista\/#\/schema\/person\/1880bdd2c350b735648725ef7614736a\",\"name\":\"moacir\",\"image\":{\"@type\":\"ImageObject\",\"inLanguage\":\"pt-BR\",\"@id\":\"https:\/\/franciscanos.org.br\/vidacrista\/#\/schema\/person\/image\/\",\"url\":\"https:\/\/secure.gravatar.com\/avatar\/d08aa2ce4c8dd416d4479aa8536fcf64?s=96&d=mm&r=g\",\"contentUrl\":\"https:\/\/secure.gravatar.com\/avatar\/d08aa2ce4c8dd416d4479aa8536fcf64?s=96&d=mm&r=g\",\"caption\":\"moacir\"},\"url\":\"https:\/\/franciscanos.org.br\/vidacrista\/author\/moacir\/\"}]}<\/script>\n<!-- \/ Yoast SEO plugin. -->","yoast_head_json":{"title":"A paci\u00eancia da semente e o Reino de Deus na inspira\u00e7\u00e3o de Mc 4,26-34 - Vida Crist\u00e3 - Franciscanos","robots":{"index":"index","follow":"follow","max-snippet":"max-snippet:-1","max-image-preview":"max-image-preview:large","max-video-preview":"max-video-preview:-1"},"canonical":"https:\/\/franciscanos.org.br\/vidacrista\/a-paciencia-da-semente-e-o-reino-de-deus-na-inspiracao-de-mc-426-34\/","og_locale":"pt_BR","og_type":"article","og_title":"A paci\u00eancia da semente e o Reino de Deus na inspira\u00e7\u00e3o de Mc 4,26-34 - Vida Crist\u00e3 - Franciscanos","og_description":"Artigo de Frei Jacir de Freitas Faria, OFM","og_url":"https:\/\/franciscanos.org.br\/vidacrista\/a-paciencia-da-semente-e-o-reino-de-deus-na-inspiracao-de-mc-426-34\/","og_site_name":"Vida Crist\u00e3 - Franciscanos","article_published_time":"2021-01-29T12:41:12+00:00","article_modified_time":"2021-01-29T12:42:21+00:00","og_image":[{"width":800,"height":601,"url":"https:\/\/franciscanos.org.br\/vidacrista\/wp-content\/uploads\/2021\/01\/artigo_d.png","type":"image\/png"}],"author":"moacir","twitter_card":"summary_large_image","twitter_misc":{"Escrito por":"moacir","Est. tempo de leitura":"4 minutos"},"schema":{"@context":"https:\/\/schema.org","@graph":[{"@type":"WebSite","@id":"https:\/\/franciscanos.org.br\/vidacrista\/#website","url":"https:\/\/franciscanos.org.br\/vidacrista\/","name":"Vida Crist\u00e3 - Franciscanos","description":"Prov\u00edncia Franciscana da Imaculada Concei\u00e7\u00e3o do Brasil - Ordem dos Frades Menores","potentialAction":[{"@type":"SearchAction","target":{"@type":"EntryPoint","urlTemplate":"https:\/\/franciscanos.org.br\/vidacrista\/?s={search_term_string}"},"query-input":"required name=search_term_string"}],"inLanguage":"pt-BR"},{"@type":"WebPage","@id":"https:\/\/franciscanos.org.br\/vidacrista\/a-paciencia-da-semente-e-o-reino-de-deus-na-inspiracao-de-mc-426-34\/","url":"https:\/\/franciscanos.org.br\/vidacrista\/a-paciencia-da-semente-e-o-reino-de-deus-na-inspiracao-de-mc-426-34\/","name":"A paci\u00eancia da semente e o Reino de Deus na inspira\u00e7\u00e3o de Mc 4,26-34 - Vida Crist\u00e3 - Franciscanos","isPartOf":{"@id":"https:\/\/franciscanos.org.br\/vidacrista\/#website"},"datePublished":"2021-01-29T12:41:12+00:00","dateModified":"2021-01-29T12:42:21+00:00","author":{"@id":"https:\/\/franciscanos.org.br\/vidacrista\/#\/schema\/person\/1880bdd2c350b735648725ef7614736a"},"breadcrumb":{"@id":"https:\/\/franciscanos.org.br\/vidacrista\/a-paciencia-da-semente-e-o-reino-de-deus-na-inspiracao-de-mc-426-34\/#breadcrumb"},"inLanguage":"pt-BR","potentialAction":[{"@type":"ReadAction","target":["https:\/\/franciscanos.org.br\/vidacrista\/a-paciencia-da-semente-e-o-reino-de-deus-na-inspiracao-de-mc-426-34\/"]}]},{"@type":"BreadcrumbList","@id":"https:\/\/franciscanos.org.br\/vidacrista\/a-paciencia-da-semente-e-o-reino-de-deus-na-inspiracao-de-mc-426-34\/#breadcrumb","itemListElement":[{"@type":"ListItem","position":1,"name":"Home","item":"https:\/\/franciscanos.org.br\/vidacrista\/"},{"@type":"ListItem","position":2,"name":"A paci\u00eancia da semente e o Reino de Deus na inspira\u00e7\u00e3o de Mc 4,26-34"}]},{"@type":"Person","@id":"https:\/\/franciscanos.org.br\/vidacrista\/#\/schema\/person\/1880bdd2c350b735648725ef7614736a","name":"moacir","image":{"@type":"ImageObject","inLanguage":"pt-BR","@id":"https:\/\/franciscanos.org.br\/vidacrista\/#\/schema\/person\/image\/","url":"https:\/\/secure.gravatar.com\/avatar\/d08aa2ce4c8dd416d4479aa8536fcf64?s=96&d=mm&r=g","contentUrl":"https:\/\/secure.gravatar.com\/avatar\/d08aa2ce4c8dd416d4479aa8536fcf64?s=96&d=mm&r=g","caption":"moacir"},"url":"https:\/\/franciscanos.org.br\/vidacrista\/author\/moacir\/"}]}},"_links":{"self":[{"href":"https:\/\/franciscanos.org.br\/vidacrista\/wp-json\/wp\/v2\/posts\/188919"}],"collection":[{"href":"https:\/\/franciscanos.org.br\/vidacrista\/wp-json\/wp\/v2\/posts"}],"about":[{"href":"https:\/\/franciscanos.org.br\/vidacrista\/wp-json\/wp\/v2\/types\/post"}],"author":[{"embeddable":true,"href":"https:\/\/franciscanos.org.br\/vidacrista\/wp-json\/wp\/v2\/users\/3"}],"replies":[{"embeddable":true,"href":"https:\/\/franciscanos.org.br\/vidacrista\/wp-json\/wp\/v2\/comments?post=188919"}],"version-history":[{"count":3,"href":"https:\/\/franciscanos.org.br\/vidacrista\/wp-json\/wp\/v2\/posts\/188919\/revisions"}],"predecessor-version":[{"id":188926,"href":"https:\/\/franciscanos.org.br\/vidacrista\/wp-json\/wp\/v2\/posts\/188919\/revisions\/188926"}],"wp:featuredmedia":[{"embeddable":true,"href":"https:\/\/franciscanos.org.br\/vidacrista\/wp-json\/wp\/v2\/media\/188923"}],"wp:attachment":[{"href":"https:\/\/franciscanos.org.br\/vidacrista\/wp-json\/wp\/v2\/media?parent=188919"}],"wp:term":[{"taxonomy":"category","embeddable":true,"href":"https:\/\/franciscanos.org.br\/vidacrista\/wp-json\/wp\/v2\/categories?post=188919"},{"taxonomy":"post_tag","embeddable":true,"href":"https:\/\/franciscanos.org.br\/vidacrista\/wp-json\/wp\/v2\/tags?post=188919"}],"curies":[{"name":"wp","href":"https:\/\/api.w.org\/{rel}","templated":true}]}}