{"id":188913,"date":"2021-01-29T08:35:59","date_gmt":"2021-01-29T11:35:59","guid":{"rendered":"https:\/\/franciscanos.org.br\/vidacrista\/?p=188913"},"modified":"2021-01-29T08:35:59","modified_gmt":"2021-01-29T11:35:59","slug":"a-construcao-de-pontes-para-o-dialogo-ecumenico","status":"publish","type":"post","link":"https:\/\/franciscanos.org.br\/vidacrista\/a-construcao-de-pontes-para-o-dialogo-ecumenico\/","title":{"rendered":"A constru\u00e7\u00e3o de pontes para o di\u00e1logo ecum\u00eanico"},"content":{"rendered":"<div id=\"attachment_188914\" style=\"width: 850px\" class=\"wp-caption alignnone\"><img aria-describedby=\"caption-attachment-188914\" decoding=\"async\" loading=\"lazy\" class=\"wp-image-188914 size-full\" src=\"https:\/\/franciscanos.org.br\/vidacrista\/wp-content\/uploads\/2021\/01\/cf_01.jpg\" alt=\"\" width=\"840\" height=\"499\" srcset=\"https:\/\/franciscanos.org.br\/vidacrista\/wp-content\/uploads\/2021\/01\/cf_01.jpg 840w, https:\/\/franciscanos.org.br\/vidacrista\/wp-content\/uploads\/2021\/01\/cf_01-450x267.jpg 450w, https:\/\/franciscanos.org.br\/vidacrista\/wp-content\/uploads\/2021\/01\/cf_01-768x456.jpg 768w, https:\/\/franciscanos.org.br\/vidacrista\/wp-content\/uploads\/2021\/01\/cf_01-150x89.jpg 150w\" sizes=\"(max-width: 840px) 100vw, 840px\" \/><p id=\"caption-attachment-188914\" class=\"wp-caption-text\">\u00a0 \u00a0 \u00a0 \u00a0 \u00a0 \u00a0 \u00a0 \u00a0 \u00a0 \u00a0 \u00a0 \u00a0 \u00a0 \u00a0 \u00a0 \u00a0 \u00a0 \u00a0 \u00a0 \u00a0 \u00a0 \u00a0 \u00a0 \u00a0 \u00a0 \u00a0 \u00a0 \u00a0 \u00a0 \u00a0 \u00a0 \u00a0 \u00a0 \u00a0 \u00a0 \u00a0 \u00a0 \u00a0 \u00a0<em> \u00a0 \u00a0Ilustra\u00e7\u00e3o do cartaz da Campanha da Fraternidade<\/em><\/p><\/div>\n<p><strong>Robson Ribeiro de Oliveira Castro<\/strong><\/p>\n<p><strong>\u00a0<\/strong>Um \u201cmundo novo\u201d s\u00f3 ser\u00e1 poss\u00edvel se formos construtores de pontes e caminharmos ao encontro dos mais necessitados. A mudan\u00e7a deve come\u00e7ar em n\u00f3s e na nossa realidade. O tema da Campanha da Fraternidade Ecum\u00eanica (CFE) deste ano \u00e9: <strong><em>\u201cFraternidade e Di\u00e1logo, compromisso de amor\u201d.<\/em><\/strong> O lema \u00e9: <strong><em>\u201cCristo \u00e9 a nossa paz: do que era dividido fez uma unidade\u201d<\/em><\/strong> <strong><em>(Ef, 2,14).<\/em><\/strong><\/p>\n<p>A proposta de uma unidade \u00e9 o caminho de um aut\u00eantico servidor. Cristo foi exemplo de homem frente aos problemas de seu tempo e de sua sociedade. Viveu a vida com as dificuldades de qualquer pessoa de sua \u00e9poca e soube observar os des\u00edgnios de Deus e escutou o seu chamado. No texto base, p\u00e1gina 10, h\u00e1 a proposta do <strong>\u201co di\u00e1logo e constru\u00e7\u00e3o de pontes de amor e paz em lugar dos muros de \u00f3dio.\u201d<\/strong> Assim, cabe a cada um de n\u00f3s, membros de qualquer denomina\u00e7\u00e3o religiosa ou movimento, que possamos seguir em frente na constru\u00e7\u00e3o de pontes e n\u00e3o de muros.<\/p>\n<p>A CFE 2021 usar\u00e1 o m\u00e9todo da caminhada, como os disc\u00edpulos de Ema\u00fas. VER: de que estamos falando; JULGAR: ilumina\u00e7\u00e3o da Palavra; AGIR-CELEBRAR: Constru\u00e7\u00e3o de pontes. Tamb\u00e9m est\u00e1 em harmonia a nova enc\u00edclica do Papa Francisco, <em>Fratelli tutti<\/em> (FT) sobre a fraternidade e a amizade social.<\/p>\n<p>Atento \u00e0s diversas realidades e situa\u00e7\u00f5es vividas nos dias atuais, o Papa Francisco nos convoca a refletir sobre a nossa condi\u00e7\u00e3o de vida em tempos de pandemia e descaso com os mais fragilizados. Assim esta conviv\u00eancia e este esp\u00edrito fraterno s\u00e3o necess\u00e1rio para tentar responder a uma pergunta: Quem \u00e9 o seu pr\u00f3ximo? A resposta, ardente no cora\u00e7\u00e3o de muitos, pode ser facilmente respondida, mas dificilmente aceita e colocada em pr\u00e1tica. O meu pr\u00f3ximo \u00e9 todo aquele que precisa de mim.<\/p>\n<p>Pra compreender o que \u00e9 necess\u00e1rio nesta vida e viver de forma aut\u00eantica e consciente sua condi\u00e7\u00e3o humana, \u00e9 simples o que \u00e9 necess\u00e1rio: seguir apenas o que Jesus nos convocou: <strong><em>\u201cAmar\u00e1s ao Senhor, teu Deus, com todo o teu cora\u00e7\u00e3o, com toda a tua alma, com todas as tuas for\u00e7as e com todo o teu entendimento, e ao teu pr\u00f3ximo como a ti mesmo\u201d <\/em><\/strong>(Lc 10, 27).<\/p>\n<p>Para tanto, no Texto base da CFE 2021, temos a condi\u00e7\u00e3o de novas formas de rela\u00e7\u00f5es humanas e sociais. <strong><em>\u201cJesus nunca orientou seus disc\u00edpulos e disc\u00edpulas a criarem inimizades e perseguirem outras pessoas em seu nome. [&#8230;] Jesus revela que a concentra\u00e7\u00e3o de riquezas n\u00e3o \u00e9 coerente cm a paz, porque toda a concentra\u00e7\u00e3o de riqueza gera desigualdades, conflitos e segrega\u00e7\u00e3o.\u201d<\/em><\/strong> (Texto Base, n. 9).<\/p>\n<p>Assim, diante desta realidade, \u00e9 no caminho com um \u201cestranho\u201d que os disc\u00edpulos de Ema\u00fas encontram o Cristo: <strong>\u201cFoi ao redor da mesa, quando o estranho partiu o p\u00e3o e o aben\u00e7oou, que eles reconheceram que Aquele que lhes parecera estranho, na verdade, era Jesus\u201d <\/strong>(Texto Base, n.17). Com esta passagem podemos nos questionar: \u201cQuem \u00e9 nosso estranho que encontramos todos os dias e n\u00e3o observamos nele a necessidade de construir pontes?\u201d<\/p>\n<p>Por isso, uma pergunta \u00e9 feita logo no in\u00edcio do texto-base da CFE 2021: <strong>\u201cSurgiu a discuss\u00e3o sobre o que seria essencial no papel desempenhado pelas igrejas: o templo aberto e as celebra\u00e7\u00f5es numerosas ou o servi\u00e7o ao pr\u00f3ximo e \u00e0 pr\u00f3xima?\u201d <\/strong>(texto base, n. 28). Assim, as igrejas-templos vazias responderam \u00e0 pergunta de forma concreta: \u00c9 necess\u00e1rio cuidar do pr\u00f3ximo para que ele seja o templo vivo da nossa caminhada e viv\u00eancia comunit\u00e1ria.<\/p>\n<p>Desta forma, a CFE nos fara refletir a import\u00e2ncia do di\u00e1logo com o outro e sua condi\u00e7\u00e3o de indiv\u00edduo. Para tanto precisamos observar que essa realidade nos convida a um debate sobre a nossa condi\u00e7\u00e3o humana e nossa conduta moral. Al\u00e9m disso, \u00e9 necess\u00e1rio seguir em frente com os cuidados pastorais e atentos aos que nos procuram e buscam aux\u00edlio.<\/p>\n<p>A nova Carta Enc\u00edclica de Francisco e o Exemplo do Bom Samaritano s\u00e3o a for\u00e7a motriz para nossa sociedade estagnada frente \u00e0s dores de cada um. Francisco afirma que a par\u00e1bola do Bom Samaritano <strong><em>\u201c\u00e9 um \u00edcone iluminador, capaz de manifestar a op\u00e7\u00e3o fundamental que precisamos tomar para reconstruir este mundo que nos est\u00e1 a peito. Diante de tanta dor, \u00e0 vista de tantas feridas, a \u00fanica via de sa\u00edda \u00e9 ser como o bom samaritano.\u201d<\/em><\/strong> (FT, n. 67)<\/p>\n<p>H\u00e1 esperan\u00e7a! Vivemos um per\u00edodo de transforma\u00e7\u00f5es! Com a chegada da vacina, temos a expectativa de seguir em frente. \u00c9 necess\u00e1rio se apegar a essa realidade e, de alguma maneira, buscar uma nova forma de viver: mais aut\u00eantica e humana. Que possamos ser propagadores da Justi\u00e7a e da Paz, ou seja, construtores de pontes, ao inv\u00e9s de arautos do \u00f3dio ou de discursos vazios, ou ainda, sepulcros caiados, como Jesus criticava os fariseus: <strong><em>\u201cAi de v\u00f3s, escribas e fariseus, hip\u00f3critas! Sois semelhantes a sepulcros caiados, que por fora parecem belos, mas por dentro est\u00e3o cheios de ossos de mortos e toda podrid\u00e3o.\u201d<\/em><\/strong> (Mt 23,27).<\/p>\n<p>Enfim, ainda temos um caminho a percorrer. Que a caminhada n\u00e3o nos canse, mas revigore nossas for\u00e7as, dando alento aos que est\u00e3o no caminho e nos revigorando para seguir em frente, mesmo quando ainda estamos em distanciamento social!<\/p>\n<hr \/>\n<p><strong>Robson Ribeiro de Oliveira Castro<\/strong>\u00a0\u00a0<em>\u00e9 leigo. Mestre em Teologia pela Faculdade Jesu\u00edta de Filosofia e Teologia (FAJE). Atualmente leciona no Instituto Teol\u00f3gico Franciscano (ITF). E-mail: robsonrcastro@yahoo.com.br.<\/em><\/p>\n","protected":false},"excerpt":{"rendered":"<p>Artigo de Robson Ribeiro de Oliveira Castro<\/p>\n","protected":false},"author":3,"featured_media":188915,"comment_status":"open","ping_status":"open","sticky":false,"template":"","format":"standard","meta":{"footnotes":""},"categories":[26],"tags":[340,328],"yoast_head":"<!-- This site is optimized with the Yoast SEO plugin v19.4 - https:\/\/yoast.com\/wordpress\/plugins\/seo\/ -->\n<title>A constru\u00e7\u00e3o de pontes para o di\u00e1logo ecum\u00eanico - Vida Crist\u00e3 - Franciscanos<\/title>\n<meta name=\"robots\" content=\"index, follow, max-snippet:-1, max-image-preview:large, max-video-preview:-1\" \/>\n<link rel=\"canonical\" href=\"https:\/\/franciscanos.org.br\/vidacrista\/a-construcao-de-pontes-para-o-dialogo-ecumenico\/\" \/>\n<meta property=\"og:locale\" content=\"pt_BR\" \/>\n<meta property=\"og:type\" content=\"article\" \/>\n<meta property=\"og:title\" content=\"A constru\u00e7\u00e3o de pontes para o di\u00e1logo ecum\u00eanico - Vida Crist\u00e3 - Franciscanos\" \/>\n<meta property=\"og:description\" content=\"Artigo de Robson Ribeiro de Oliveira Castro\" \/>\n<meta property=\"og:url\" content=\"https:\/\/franciscanos.org.br\/vidacrista\/a-construcao-de-pontes-para-o-dialogo-ecumenico\/\" \/>\n<meta property=\"og:site_name\" content=\"Vida Crist\u00e3 - Franciscanos\" \/>\n<meta property=\"article:published_time\" content=\"2021-01-29T11:35:59+00:00\" \/>\n<meta property=\"og:image\" content=\"https:\/\/franciscanos.org.br\/vidacrista\/wp-content\/uploads\/2021\/01\/cf_01d.jpg\" \/>\n\t<meta property=\"og:image:width\" content=\"800\" \/>\n\t<meta property=\"og:image:height\" content=\"599\" \/>\n\t<meta property=\"og:image:type\" content=\"image\/jpeg\" \/>\n<meta name=\"author\" content=\"moacir\" \/>\n<meta name=\"twitter:card\" content=\"summary_large_image\" \/>\n<meta name=\"twitter:label1\" content=\"Escrito por\" \/>\n\t<meta name=\"twitter:data1\" content=\"moacir\" \/>\n\t<meta name=\"twitter:label2\" content=\"Est. tempo de leitura\" \/>\n\t<meta name=\"twitter:data2\" content=\"5 minutos\" \/>\n<script type=\"application\/ld+json\" class=\"yoast-schema-graph\">{\"@context\":\"https:\/\/schema.org\",\"@graph\":[{\"@type\":\"WebSite\",\"@id\":\"https:\/\/franciscanos.org.br\/vidacrista\/#website\",\"url\":\"https:\/\/franciscanos.org.br\/vidacrista\/\",\"name\":\"Vida Crist\u00e3 - Franciscanos\",\"description\":\"Prov\u00edncia Franciscana da Imaculada Concei\u00e7\u00e3o do Brasil - Ordem dos Frades Menores\",\"potentialAction\":[{\"@type\":\"SearchAction\",\"target\":{\"@type\":\"EntryPoint\",\"urlTemplate\":\"https:\/\/franciscanos.org.br\/vidacrista\/?s={search_term_string}\"},\"query-input\":\"required name=search_term_string\"}],\"inLanguage\":\"pt-BR\"},{\"@type\":\"WebPage\",\"@id\":\"https:\/\/franciscanos.org.br\/vidacrista\/a-construcao-de-pontes-para-o-dialogo-ecumenico\/\",\"url\":\"https:\/\/franciscanos.org.br\/vidacrista\/a-construcao-de-pontes-para-o-dialogo-ecumenico\/\",\"name\":\"A constru\u00e7\u00e3o de pontes para o di\u00e1logo ecum\u00eanico - Vida Crist\u00e3 - Franciscanos\",\"isPartOf\":{\"@id\":\"https:\/\/franciscanos.org.br\/vidacrista\/#website\"},\"datePublished\":\"2021-01-29T11:35:59+00:00\",\"dateModified\":\"2021-01-29T11:35:59+00:00\",\"author\":{\"@id\":\"https:\/\/franciscanos.org.br\/vidacrista\/#\/schema\/person\/1880bdd2c350b735648725ef7614736a\"},\"breadcrumb\":{\"@id\":\"https:\/\/franciscanos.org.br\/vidacrista\/a-construcao-de-pontes-para-o-dialogo-ecumenico\/#breadcrumb\"},\"inLanguage\":\"pt-BR\",\"potentialAction\":[{\"@type\":\"ReadAction\",\"target\":[\"https:\/\/franciscanos.org.br\/vidacrista\/a-construcao-de-pontes-para-o-dialogo-ecumenico\/\"]}]},{\"@type\":\"BreadcrumbList\",\"@id\":\"https:\/\/franciscanos.org.br\/vidacrista\/a-construcao-de-pontes-para-o-dialogo-ecumenico\/#breadcrumb\",\"itemListElement\":[{\"@type\":\"ListItem\",\"position\":1,\"name\":\"Home\",\"item\":\"https:\/\/franciscanos.org.br\/vidacrista\/\"},{\"@type\":\"ListItem\",\"position\":2,\"name\":\"A constru\u00e7\u00e3o de pontes para o di\u00e1logo ecum\u00eanico\"}]},{\"@type\":\"Person\",\"@id\":\"https:\/\/franciscanos.org.br\/vidacrista\/#\/schema\/person\/1880bdd2c350b735648725ef7614736a\",\"name\":\"moacir\",\"image\":{\"@type\":\"ImageObject\",\"inLanguage\":\"pt-BR\",\"@id\":\"https:\/\/franciscanos.org.br\/vidacrista\/#\/schema\/person\/image\/\",\"url\":\"https:\/\/secure.gravatar.com\/avatar\/d08aa2ce4c8dd416d4479aa8536fcf64?s=96&d=mm&r=g\",\"contentUrl\":\"https:\/\/secure.gravatar.com\/avatar\/d08aa2ce4c8dd416d4479aa8536fcf64?s=96&d=mm&r=g\",\"caption\":\"moacir\"},\"url\":\"https:\/\/franciscanos.org.br\/vidacrista\/author\/moacir\/\"}]}<\/script>\n<!-- \/ Yoast SEO plugin. -->","yoast_head_json":{"title":"A constru\u00e7\u00e3o de pontes para o di\u00e1logo ecum\u00eanico - Vida Crist\u00e3 - Franciscanos","robots":{"index":"index","follow":"follow","max-snippet":"max-snippet:-1","max-image-preview":"max-image-preview:large","max-video-preview":"max-video-preview:-1"},"canonical":"https:\/\/franciscanos.org.br\/vidacrista\/a-construcao-de-pontes-para-o-dialogo-ecumenico\/","og_locale":"pt_BR","og_type":"article","og_title":"A constru\u00e7\u00e3o de pontes para o di\u00e1logo ecum\u00eanico - Vida Crist\u00e3 - Franciscanos","og_description":"Artigo de Robson Ribeiro de Oliveira Castro","og_url":"https:\/\/franciscanos.org.br\/vidacrista\/a-construcao-de-pontes-para-o-dialogo-ecumenico\/","og_site_name":"Vida Crist\u00e3 - Franciscanos","article_published_time":"2021-01-29T11:35:59+00:00","og_image":[{"width":800,"height":599,"url":"https:\/\/franciscanos.org.br\/vidacrista\/wp-content\/uploads\/2021\/01\/cf_01d.jpg","type":"image\/jpeg"}],"author":"moacir","twitter_card":"summary_large_image","twitter_misc":{"Escrito por":"moacir","Est. tempo de leitura":"5 minutos"},"schema":{"@context":"https:\/\/schema.org","@graph":[{"@type":"WebSite","@id":"https:\/\/franciscanos.org.br\/vidacrista\/#website","url":"https:\/\/franciscanos.org.br\/vidacrista\/","name":"Vida Crist\u00e3 - Franciscanos","description":"Prov\u00edncia Franciscana da Imaculada Concei\u00e7\u00e3o do Brasil - Ordem dos Frades Menores","potentialAction":[{"@type":"SearchAction","target":{"@type":"EntryPoint","urlTemplate":"https:\/\/franciscanos.org.br\/vidacrista\/?s={search_term_string}"},"query-input":"required name=search_term_string"}],"inLanguage":"pt-BR"},{"@type":"WebPage","@id":"https:\/\/franciscanos.org.br\/vidacrista\/a-construcao-de-pontes-para-o-dialogo-ecumenico\/","url":"https:\/\/franciscanos.org.br\/vidacrista\/a-construcao-de-pontes-para-o-dialogo-ecumenico\/","name":"A constru\u00e7\u00e3o de pontes para o di\u00e1logo ecum\u00eanico - Vida Crist\u00e3 - Franciscanos","isPartOf":{"@id":"https:\/\/franciscanos.org.br\/vidacrista\/#website"},"datePublished":"2021-01-29T11:35:59+00:00","dateModified":"2021-01-29T11:35:59+00:00","author":{"@id":"https:\/\/franciscanos.org.br\/vidacrista\/#\/schema\/person\/1880bdd2c350b735648725ef7614736a"},"breadcrumb":{"@id":"https:\/\/franciscanos.org.br\/vidacrista\/a-construcao-de-pontes-para-o-dialogo-ecumenico\/#breadcrumb"},"inLanguage":"pt-BR","potentialAction":[{"@type":"ReadAction","target":["https:\/\/franciscanos.org.br\/vidacrista\/a-construcao-de-pontes-para-o-dialogo-ecumenico\/"]}]},{"@type":"BreadcrumbList","@id":"https:\/\/franciscanos.org.br\/vidacrista\/a-construcao-de-pontes-para-o-dialogo-ecumenico\/#breadcrumb","itemListElement":[{"@type":"ListItem","position":1,"name":"Home","item":"https:\/\/franciscanos.org.br\/vidacrista\/"},{"@type":"ListItem","position":2,"name":"A constru\u00e7\u00e3o de pontes para o di\u00e1logo ecum\u00eanico"}]},{"@type":"Person","@id":"https:\/\/franciscanos.org.br\/vidacrista\/#\/schema\/person\/1880bdd2c350b735648725ef7614736a","name":"moacir","image":{"@type":"ImageObject","inLanguage":"pt-BR","@id":"https:\/\/franciscanos.org.br\/vidacrista\/#\/schema\/person\/image\/","url":"https:\/\/secure.gravatar.com\/avatar\/d08aa2ce4c8dd416d4479aa8536fcf64?s=96&d=mm&r=g","contentUrl":"https:\/\/secure.gravatar.com\/avatar\/d08aa2ce4c8dd416d4479aa8536fcf64?s=96&d=mm&r=g","caption":"moacir"},"url":"https:\/\/franciscanos.org.br\/vidacrista\/author\/moacir\/"}]}},"_links":{"self":[{"href":"https:\/\/franciscanos.org.br\/vidacrista\/wp-json\/wp\/v2\/posts\/188913"}],"collection":[{"href":"https:\/\/franciscanos.org.br\/vidacrista\/wp-json\/wp\/v2\/posts"}],"about":[{"href":"https:\/\/franciscanos.org.br\/vidacrista\/wp-json\/wp\/v2\/types\/post"}],"author":[{"embeddable":true,"href":"https:\/\/franciscanos.org.br\/vidacrista\/wp-json\/wp\/v2\/users\/3"}],"replies":[{"embeddable":true,"href":"https:\/\/franciscanos.org.br\/vidacrista\/wp-json\/wp\/v2\/comments?post=188913"}],"version-history":[{"count":1,"href":"https:\/\/franciscanos.org.br\/vidacrista\/wp-json\/wp\/v2\/posts\/188913\/revisions"}],"predecessor-version":[{"id":188916,"href":"https:\/\/franciscanos.org.br\/vidacrista\/wp-json\/wp\/v2\/posts\/188913\/revisions\/188916"}],"wp:featuredmedia":[{"embeddable":true,"href":"https:\/\/franciscanos.org.br\/vidacrista\/wp-json\/wp\/v2\/media\/188915"}],"wp:attachment":[{"href":"https:\/\/franciscanos.org.br\/vidacrista\/wp-json\/wp\/v2\/media?parent=188913"}],"wp:term":[{"taxonomy":"category","embeddable":true,"href":"https:\/\/franciscanos.org.br\/vidacrista\/wp-json\/wp\/v2\/categories?post=188913"},{"taxonomy":"post_tag","embeddable":true,"href":"https:\/\/franciscanos.org.br\/vidacrista\/wp-json\/wp\/v2\/tags?post=188913"}],"curies":[{"name":"wp","href":"https:\/\/api.w.org\/{rel}","templated":true}]}}