{"id":188816,"date":"2021-01-18T09:29:16","date_gmt":"2021-01-18T12:29:16","guid":{"rendered":"https:\/\/franciscanos.org.br\/vidacrista\/?p=188816"},"modified":"2021-01-18T09:29:16","modified_gmt":"2021-01-18T12:29:16","slug":"a-pratica-do-jejum","status":"publish","type":"post","link":"https:\/\/franciscanos.org.br\/vidacrista\/a-pratica-do-jejum\/","title":{"rendered":"A pr\u00e1tica do jejum"},"content":{"rendered":"<div id=\"attachment_188819\" style=\"width: 850px\" class=\"wp-caption alignnone\"><img aria-describedby=\"caption-attachment-188819\" decoding=\"async\" loading=\"lazy\" class=\"wp-image-188819 size-full\" src=\"https:\/\/franciscanos.org.br\/vidacrista\/wp-content\/uploads\/2021\/01\/artigo_18.png\" alt=\"\" width=\"840\" height=\"450\" srcset=\"https:\/\/franciscanos.org.br\/vidacrista\/wp-content\/uploads\/2021\/01\/artigo_18.png 840w, https:\/\/franciscanos.org.br\/vidacrista\/wp-content\/uploads\/2021\/01\/artigo_18-450x241.png 450w, https:\/\/franciscanos.org.br\/vidacrista\/wp-content\/uploads\/2021\/01\/artigo_18-768x411.png 768w, https:\/\/franciscanos.org.br\/vidacrista\/wp-content\/uploads\/2021\/01\/artigo_18-150x80.png 150w\" sizes=\"(max-width: 840px) 100vw, 840px\" \/><p id=\"caption-attachment-188819\" class=\"wp-caption-text\">\u00a0 \u00a0 \u00a0 \u00a0 \u00a0 \u00a0 \u00a0 \u00a0 \u00a0 \u00a0 \u00a0 \u00a0 \u00a0 \u00a0 \u00a0 \u00a0 \u00a0 \u00a0 \u00a0 \u00a0 \u00a0 \u00a0 \u00a0 \u00a0 \u00a0 \u00a0 \u00a0 \u00a0 \u00a0 \u00a0 \u00a0 \u00a0 \u00a0 \u00a0 \u00a0 \u00a0 \u00a0 \u00a0 \u00a0 \u00a0 \u00a0 \u00a0 \u00a0 \u00a0 \u00a0 \u00a0 \u00a0 \u00a0 \u00a0 \u00a0 \u00a0 <em>\u00a0 \u00a0Imagem ilustrativa (fonte: Canva)<\/em><\/p><\/div>\n<p><em>Frei Jacir de Freitas Faria, OFM<\/em><\/p>\n<p>O evangelho que hoje nos inspira \u00e9 Mc 2,1-18. A tem\u00e1tica a\u00ed tratada \u00e9 a quest\u00e3o do jejum judaico e sua rela\u00e7\u00e3o com Jesus, que \u00e9 chamado de noivo na passagem. Os disc\u00edpulos de Jo\u00e3o Batista e os fariseus estavam jejuando, conforme os rituais previstos no juda\u00edsmo, mas Jesus e seus disc\u00edpulos, n\u00e3o. Jesus foi questionado pelos fariseus sobre o porqu\u00ea de tal comportamento, e responde que ningu\u00e9m faz jejum nos dias de comemora\u00e7\u00e3o de bodas de matrim\u00f4nio. Ali\u00e1s, diga-se de passagem, uma festa de casamento durava sete dias.<\/p>\n<p>Seguindo a linha de pensamento de Jesus, reflitamos sobre a pr\u00e1tica do jejum. Observe que na passagem de Mc 2,1-18, o jejum \u00e9 t\u00e3o importante que o verbo jejuar aparece seis vezes, e noivo, tr\u00eas. Observe tamb\u00e9m que o texto come\u00e7a com uma controv\u00e9rsia, uma disputa entre os fariseus e Jesus, seguida de uma profecia no v. 20: \u201cquando o noivo for tirado, a\u00ed sim, jejuar\u00e3o\u201d, bem como de duas afirmativas de cunho sapiencial, nos vers\u00edculos 21 e 22: a do remendo novo em roupa velha e a do vinho novo em odres velhos. Tudo indica que Jesus ter\u00e1 dito esses dois prov\u00e9rbios em outro contexto, mas eles foram acrescentados nessa passagem pelo redator final.<\/p>\n<p><iframe loading=\"lazy\" title=\"Reflex\u00e3o b\u00edblica - Segunda-feira da 2\u00aa Semana do Tempo Comum (18\/01\/2021)\" width=\"500\" height=\"281\" src=\"https:\/\/www.youtube.com\/embed\/_xK8DUHEUa4?feature=oembed\" frameborder=\"0\" allow=\"accelerometer; autoplay; clipboard-write; encrypted-media; gyroscope; picture-in-picture\" allowfullscreen><\/iframe><\/p>\n<p>O jejum era uma pr\u00e1tica comum entre os fariseus. Eles jejuavam duas vezes por semana, \u00e0s segundas e quintas-feiras (Lc 18,12). O povo tinha a pr\u00e1tica de jejuar no dia do perd\u00e3o, <em>Yom Kippur,<\/em> em hebraico (Lv 16,29-34). O fato de poder jejuar duas vezes por semana indicava a classe social e de seu praticante, bem como dividia, a partir da religi\u00e3o, a classe de puros e impuros. Poucos podiam se dar ao luxo de jejuar. O texto diz que os disc\u00edpulos de Jo\u00e3o Batista jejuavam, o que poderia ser por causa da morte do mestre, pois o jejum era recomendado em situa\u00e7\u00e3o de morte de algu\u00e9m querido. Com a morte de Jesus, os crist\u00e3os passaram a praticar o jejum em solidariedade ao Mestre que foi crucificado injustamente pelas lideran\u00e7as religiosas e romanas. J\u00e1 o jejum quaresmal ganhou, mais tarde, o significado de partilha com os necessitados.<\/p>\n<p>A rea\u00e7\u00e3o de Jesus diante da provoca\u00e7\u00e3o dos fariseus foi a de dizer que ele era o noivo, o Messias, esperado por Israel (Is 25,6; 55,1-2; Sl 22,27). Jesus critica os fariseus por n\u00e3o saberem ler o sinal dos tempos.<\/p>\n<p>Com o uso dos prov\u00e9rbios do pano e odre velhos, Jesus ensina que Ele \u00e9 o noivo que rasga os panos e odres velhos do sistema judaico corrompido por pr\u00e1ticas religiosas ultrapassadas. O velho sistema, representado pelos fariseus, n\u00e3o suportava as pr\u00e1ticas de Jesus, pois elas rasgavam o velho pano que n\u00e3o suportava remendos. Isso vai ficar claro com a sua morte, quando o v\u00e9u do templo se rasga de cima a baixo (Mc 15,38). Antes, quando Jesus estava sendo interrogado pelo Sumo Sacerdote, este rasga suas t\u00fanicas para simbolizar a divis\u00e3o que Jesus havia instaurado (Mc 14,63).<\/p>\n<p>Jesus levou o sistema religioso do seu tempo a entrar em colapso. E hoje? O que fazer? O hoje depende de cada um de n\u00f3s. Depende de mim, depende de voc\u00ea. Chegou a hora de a Igreja retomar o vigor prof\u00e9tico da proposta de Jesus. E, se preciso for, o jejum pode ser um bom aliado. Infelizmente, estamos vivendo na Igreja a volta dos \u201cvelhos panos\u201d que cobrem corpos lit\u00fargicos e impedem o surgimento de um vinho novo, na \u2018Alegria do Evangelho\u2019 e na certeza de que \u2018Irm\u00e3os somos todos n\u00f3s\u2019 na busca de um novo tempo. Que Deus nos socorra!<\/p>\n<hr \/>\n<p><em>Frei Jacir de Freitas Faria, OFM &#8211; <\/em>Doutor em Teologia B\u00edblica pela FAJE-BH. Mestre em Ci\u00eancias B\u00edblicas (Exegese) pelo Pontif\u00edcio Instituto B\u00edblico de Roma. \u00c9 membro da Associa\u00e7\u00e3o Brasileira de Pesquisa B\u00edblica (ABIB). Sacerdote Franciscano. Autor de dez livros e coautor de quatorze.\u00a0Inscreva-se no nosso canal: <a href=\"https:\/\/www.youtube.com\/c\/FreiJacirdeFreitasFariaB%C3%ADbliaAp%C3%B3crifos\">https:\/\/www.youtube.com\/c\/FreiJacirdeFreitasFariaB%C3%ADbliaAp%C3%B3crifos<\/a><\/p>\n","protected":false},"excerpt":{"rendered":"<p>Artigo de Frei Jacir de Freitas Faria, OFM<\/p>\n","protected":false},"author":3,"featured_media":188820,"comment_status":"open","ping_status":"open","sticky":false,"template":"","format":"standard","meta":{"footnotes":""},"categories":[26],"tags":[43],"yoast_head":"<!-- This site is optimized with the Yoast SEO plugin v19.4 - https:\/\/yoast.com\/wordpress\/plugins\/seo\/ -->\n<title>A pr\u00e1tica do jejum - Vida Crist\u00e3 - Franciscanos<\/title>\n<meta name=\"robots\" content=\"index, follow, max-snippet:-1, max-image-preview:large, max-video-preview:-1\" \/>\n<link rel=\"canonical\" href=\"https:\/\/franciscanos.org.br\/vidacrista\/a-pratica-do-jejum\/\" \/>\n<meta property=\"og:locale\" content=\"pt_BR\" \/>\n<meta property=\"og:type\" content=\"article\" \/>\n<meta property=\"og:title\" content=\"A pr\u00e1tica do jejum - Vida Crist\u00e3 - Franciscanos\" \/>\n<meta property=\"og:description\" content=\"Artigo de Frei Jacir de Freitas Faria, OFM\" \/>\n<meta property=\"og:url\" content=\"https:\/\/franciscanos.org.br\/vidacrista\/a-pratica-do-jejum\/\" \/>\n<meta property=\"og:site_name\" content=\"Vida Crist\u00e3 - Franciscanos\" \/>\n<meta property=\"article:published_time\" content=\"2021-01-18T12:29:16+00:00\" \/>\n<meta property=\"og:image\" content=\"https:\/\/franciscanos.org.br\/vidacrista\/wp-content\/uploads\/2021\/01\/artigo_18d.png\" \/>\n\t<meta property=\"og:image:width\" content=\"800\" \/>\n\t<meta property=\"og:image:height\" content=\"528\" \/>\n\t<meta property=\"og:image:type\" content=\"image\/png\" \/>\n<meta name=\"author\" content=\"moacir\" \/>\n<meta name=\"twitter:card\" content=\"summary_large_image\" \/>\n<meta name=\"twitter:label1\" content=\"Escrito por\" \/>\n\t<meta name=\"twitter:data1\" content=\"moacir\" \/>\n\t<meta name=\"twitter:label2\" content=\"Est. tempo de leitura\" \/>\n\t<meta name=\"twitter:data2\" content=\"4 minutos\" \/>\n<script type=\"application\/ld+json\" class=\"yoast-schema-graph\">{\"@context\":\"https:\/\/schema.org\",\"@graph\":[{\"@type\":\"WebSite\",\"@id\":\"https:\/\/franciscanos.org.br\/vidacrista\/#website\",\"url\":\"https:\/\/franciscanos.org.br\/vidacrista\/\",\"name\":\"Vida Crist\u00e3 - Franciscanos\",\"description\":\"Prov\u00edncia Franciscana da Imaculada Concei\u00e7\u00e3o do Brasil - Ordem dos Frades Menores\",\"potentialAction\":[{\"@type\":\"SearchAction\",\"target\":{\"@type\":\"EntryPoint\",\"urlTemplate\":\"https:\/\/franciscanos.org.br\/vidacrista\/?s={search_term_string}\"},\"query-input\":\"required name=search_term_string\"}],\"inLanguage\":\"pt-BR\"},{\"@type\":\"WebPage\",\"@id\":\"https:\/\/franciscanos.org.br\/vidacrista\/a-pratica-do-jejum\/\",\"url\":\"https:\/\/franciscanos.org.br\/vidacrista\/a-pratica-do-jejum\/\",\"name\":\"A pr\u00e1tica do jejum - Vida Crist\u00e3 - Franciscanos\",\"isPartOf\":{\"@id\":\"https:\/\/franciscanos.org.br\/vidacrista\/#website\"},\"datePublished\":\"2021-01-18T12:29:16+00:00\",\"dateModified\":\"2021-01-18T12:29:16+00:00\",\"author\":{\"@id\":\"https:\/\/franciscanos.org.br\/vidacrista\/#\/schema\/person\/1880bdd2c350b735648725ef7614736a\"},\"breadcrumb\":{\"@id\":\"https:\/\/franciscanos.org.br\/vidacrista\/a-pratica-do-jejum\/#breadcrumb\"},\"inLanguage\":\"pt-BR\",\"potentialAction\":[{\"@type\":\"ReadAction\",\"target\":[\"https:\/\/franciscanos.org.br\/vidacrista\/a-pratica-do-jejum\/\"]}]},{\"@type\":\"BreadcrumbList\",\"@id\":\"https:\/\/franciscanos.org.br\/vidacrista\/a-pratica-do-jejum\/#breadcrumb\",\"itemListElement\":[{\"@type\":\"ListItem\",\"position\":1,\"name\":\"Home\",\"item\":\"https:\/\/franciscanos.org.br\/vidacrista\/\"},{\"@type\":\"ListItem\",\"position\":2,\"name\":\"A pr\u00e1tica do jejum\"}]},{\"@type\":\"Person\",\"@id\":\"https:\/\/franciscanos.org.br\/vidacrista\/#\/schema\/person\/1880bdd2c350b735648725ef7614736a\",\"name\":\"moacir\",\"image\":{\"@type\":\"ImageObject\",\"inLanguage\":\"pt-BR\",\"@id\":\"https:\/\/franciscanos.org.br\/vidacrista\/#\/schema\/person\/image\/\",\"url\":\"https:\/\/secure.gravatar.com\/avatar\/d08aa2ce4c8dd416d4479aa8536fcf64?s=96&d=mm&r=g\",\"contentUrl\":\"https:\/\/secure.gravatar.com\/avatar\/d08aa2ce4c8dd416d4479aa8536fcf64?s=96&d=mm&r=g\",\"caption\":\"moacir\"},\"url\":\"https:\/\/franciscanos.org.br\/vidacrista\/author\/moacir\/\"}]}<\/script>\n<!-- \/ Yoast SEO plugin. -->","yoast_head_json":{"title":"A pr\u00e1tica do jejum - Vida Crist\u00e3 - Franciscanos","robots":{"index":"index","follow":"follow","max-snippet":"max-snippet:-1","max-image-preview":"max-image-preview:large","max-video-preview":"max-video-preview:-1"},"canonical":"https:\/\/franciscanos.org.br\/vidacrista\/a-pratica-do-jejum\/","og_locale":"pt_BR","og_type":"article","og_title":"A pr\u00e1tica do jejum - Vida Crist\u00e3 - Franciscanos","og_description":"Artigo de Frei Jacir de Freitas Faria, OFM","og_url":"https:\/\/franciscanos.org.br\/vidacrista\/a-pratica-do-jejum\/","og_site_name":"Vida Crist\u00e3 - Franciscanos","article_published_time":"2021-01-18T12:29:16+00:00","og_image":[{"width":800,"height":528,"url":"https:\/\/franciscanos.org.br\/vidacrista\/wp-content\/uploads\/2021\/01\/artigo_18d.png","type":"image\/png"}],"author":"moacir","twitter_card":"summary_large_image","twitter_misc":{"Escrito por":"moacir","Est. tempo de leitura":"4 minutos"},"schema":{"@context":"https:\/\/schema.org","@graph":[{"@type":"WebSite","@id":"https:\/\/franciscanos.org.br\/vidacrista\/#website","url":"https:\/\/franciscanos.org.br\/vidacrista\/","name":"Vida Crist\u00e3 - Franciscanos","description":"Prov\u00edncia Franciscana da Imaculada Concei\u00e7\u00e3o do Brasil - Ordem dos Frades Menores","potentialAction":[{"@type":"SearchAction","target":{"@type":"EntryPoint","urlTemplate":"https:\/\/franciscanos.org.br\/vidacrista\/?s={search_term_string}"},"query-input":"required name=search_term_string"}],"inLanguage":"pt-BR"},{"@type":"WebPage","@id":"https:\/\/franciscanos.org.br\/vidacrista\/a-pratica-do-jejum\/","url":"https:\/\/franciscanos.org.br\/vidacrista\/a-pratica-do-jejum\/","name":"A pr\u00e1tica do jejum - Vida Crist\u00e3 - Franciscanos","isPartOf":{"@id":"https:\/\/franciscanos.org.br\/vidacrista\/#website"},"datePublished":"2021-01-18T12:29:16+00:00","dateModified":"2021-01-18T12:29:16+00:00","author":{"@id":"https:\/\/franciscanos.org.br\/vidacrista\/#\/schema\/person\/1880bdd2c350b735648725ef7614736a"},"breadcrumb":{"@id":"https:\/\/franciscanos.org.br\/vidacrista\/a-pratica-do-jejum\/#breadcrumb"},"inLanguage":"pt-BR","potentialAction":[{"@type":"ReadAction","target":["https:\/\/franciscanos.org.br\/vidacrista\/a-pratica-do-jejum\/"]}]},{"@type":"BreadcrumbList","@id":"https:\/\/franciscanos.org.br\/vidacrista\/a-pratica-do-jejum\/#breadcrumb","itemListElement":[{"@type":"ListItem","position":1,"name":"Home","item":"https:\/\/franciscanos.org.br\/vidacrista\/"},{"@type":"ListItem","position":2,"name":"A pr\u00e1tica do jejum"}]},{"@type":"Person","@id":"https:\/\/franciscanos.org.br\/vidacrista\/#\/schema\/person\/1880bdd2c350b735648725ef7614736a","name":"moacir","image":{"@type":"ImageObject","inLanguage":"pt-BR","@id":"https:\/\/franciscanos.org.br\/vidacrista\/#\/schema\/person\/image\/","url":"https:\/\/secure.gravatar.com\/avatar\/d08aa2ce4c8dd416d4479aa8536fcf64?s=96&d=mm&r=g","contentUrl":"https:\/\/secure.gravatar.com\/avatar\/d08aa2ce4c8dd416d4479aa8536fcf64?s=96&d=mm&r=g","caption":"moacir"},"url":"https:\/\/franciscanos.org.br\/vidacrista\/author\/moacir\/"}]}},"_links":{"self":[{"href":"https:\/\/franciscanos.org.br\/vidacrista\/wp-json\/wp\/v2\/posts\/188816"}],"collection":[{"href":"https:\/\/franciscanos.org.br\/vidacrista\/wp-json\/wp\/v2\/posts"}],"about":[{"href":"https:\/\/franciscanos.org.br\/vidacrista\/wp-json\/wp\/v2\/types\/post"}],"author":[{"embeddable":true,"href":"https:\/\/franciscanos.org.br\/vidacrista\/wp-json\/wp\/v2\/users\/3"}],"replies":[{"embeddable":true,"href":"https:\/\/franciscanos.org.br\/vidacrista\/wp-json\/wp\/v2\/comments?post=188816"}],"version-history":[{"count":1,"href":"https:\/\/franciscanos.org.br\/vidacrista\/wp-json\/wp\/v2\/posts\/188816\/revisions"}],"predecessor-version":[{"id":188821,"href":"https:\/\/franciscanos.org.br\/vidacrista\/wp-json\/wp\/v2\/posts\/188816\/revisions\/188821"}],"wp:featuredmedia":[{"embeddable":true,"href":"https:\/\/franciscanos.org.br\/vidacrista\/wp-json\/wp\/v2\/media\/188820"}],"wp:attachment":[{"href":"https:\/\/franciscanos.org.br\/vidacrista\/wp-json\/wp\/v2\/media?parent=188816"}],"wp:term":[{"taxonomy":"category","embeddable":true,"href":"https:\/\/franciscanos.org.br\/vidacrista\/wp-json\/wp\/v2\/categories?post=188816"},{"taxonomy":"post_tag","embeddable":true,"href":"https:\/\/franciscanos.org.br\/vidacrista\/wp-json\/wp\/v2\/tags?post=188816"}],"curies":[{"name":"wp","href":"https:\/\/api.w.org\/{rel}","templated":true}]}}