{"id":188796,"date":"2021-01-15T07:36:19","date_gmt":"2021-01-15T10:36:19","guid":{"rendered":"https:\/\/franciscanos.org.br\/vidacrista\/?p=188796"},"modified":"2021-01-15T07:36:19","modified_gmt":"2021-01-15T10:36:19","slug":"enfim-descobrimos-o-planeta-terra","status":"publish","type":"post","link":"https:\/\/franciscanos.org.br\/vidacrista\/enfim-descobrimos-o-planeta-terra\/","title":{"rendered":"Enfim, descobrimos o planeta Terra"},"content":{"rendered":"<div id=\"attachment_188797\" style=\"width: 850px\" class=\"wp-caption alignnone\"><img aria-describedby=\"caption-attachment-188797\" decoding=\"async\" loading=\"lazy\" class=\"wp-image-188797 size-full\" src=\"https:\/\/franciscanos.org.br\/vidacrista\/wp-content\/uploads\/2021\/01\/terra_1501.png\" alt=\"\" width=\"840\" height=\"450\" srcset=\"https:\/\/franciscanos.org.br\/vidacrista\/wp-content\/uploads\/2021\/01\/terra_1501.png 840w, https:\/\/franciscanos.org.br\/vidacrista\/wp-content\/uploads\/2021\/01\/terra_1501-450x241.png 450w, https:\/\/franciscanos.org.br\/vidacrista\/wp-content\/uploads\/2021\/01\/terra_1501-768x411.png 768w, https:\/\/franciscanos.org.br\/vidacrista\/wp-content\/uploads\/2021\/01\/terra_1501-150x80.png 150w\" sizes=\"(max-width: 840px) 100vw, 840px\" \/><p id=\"caption-attachment-188797\" class=\"wp-caption-text\">\u00a0 \u00a0 \u00a0 \u00a0 \u00a0 \u00a0 \u00a0 \u00a0 \u00a0 \u00a0 \u00a0 \u00a0 \u00a0 \u00a0 \u00a0 \u00a0 \u00a0 \u00a0 \u00a0 \u00a0 \u00a0 \u00a0 \u00a0 \u00a0 \u00a0 \u00a0 \u00a0 \u00a0 \u00a0 \u00a0 \u00a0 \u00a0 \u00a0 \u00a0 \u00a0 \u00a0 \u00a0 \u00a0 \u00a0 \u00a0 \u00a0 \u00a0 \u00a0 \u00a0 \u00a0 \u00a0 \u00a0 \u00a0 \u00a0 \u00a0 \u00a0 \u00a0 \u00a0 \u00a0 \u00a0 \u00a0 \u00a0 \u00a0 \u00a0 \u00a0 \u00a0 \u00a0 \u00a0 \u00a0 \u00a0 \u00a0 \u00a0 \u00a0<em> \u00a0 \u00a0 \u00a0 Imagem ilustrativa (fonte: Canva)<\/em><\/p><\/div>\n<p><strong>Leonardo Boff<\/strong><\/p>\n<p data-adtags-visited=\"true\">Um dos efeitos positivos da intrus\u00e3o do Covid-19 foi a descoberta do planeta Terra por toda a humanidade. Demo-nos for\u00e7osamente conta de que vigora uma \u00edntima conex\u00e3o entre a vida humana, a natureza e o planeta Terra. O v\u00edrus n\u00e3o caiu do c\u00e9u. Ele veio como contra-ataque da Terra, tida como superssistema vivo\u00a0 que sempre se cria, autocria e se organiza para se manter vivo e produzir todo tipo de vida existente neste planeta. Particularmente, os quintilh\u00f5es de quintilh\u00e3o de micro-organismos que existem nos solos e mesmo em nosso pr\u00f3prio corpo, verdadeira gal\u00e1xia (Ant\u00f4nio Nobre) habitada por um n\u00famero incalcul\u00e1vel de v\u00edrus, bact\u00e9rias, \u00a0fungos e outros micro-organismos.<\/p>\n<p data-adtags-visited=\"true\">O contexto do v\u00edrus, quase nunca citado pelos analistas das redes de comunica\u00e7\u00e3o, \u00e9 o sistema capitalista antinatureza e antivida. Ele fez com que o v\u00edrus perdesse seu <em>habitat<\/em> e avan\u00e7asse sobre n\u00f3s. Esse sistema de produ\u00e7\u00e3o e de consumo impiedosamente assalta a natureza, depreda seus bens e servi\u00e7os e destr\u00f3i o equil\u00edbrio da Terra.<\/p>\n<p data-adtags-visited=\"true\">Esta \u00a0nos responde com o aquecimento global, eros\u00e3o da biodiversidade, a escassez de \u00e1gua pot\u00e1vel e outros eventos extremos. Todos de alguma forma participamos deste ecoc\u00eddio, mas os atores principais \u2013 \u00e9 for\u00e7oso diz\u00ea-lo e denunci\u00e1-lo \u2013 s\u00e3o o sistema do capital e a cultura do consumo desbragado, especialmente os milion\u00e1rios com seu consumo suntuoso. Portanto, tiremos a culpa de cima da humanidade pobre que minimamente colabora e de forma como vitima do referido sistema.<\/p>\n<p data-adtags-visited=\"true\">O ser humano, sempre curioso por saber mais e mais, fez descobertas sem n\u00famero: de novas terras como as Am\u00e9ricas, de povos, culturas, todo tipo de aparatos desde o arado at\u00e9 o robot, o submundo da mat\u00e9ria, os \u00e1tomos,\u00a0 toquarks e o campo Higgs, o \u00edntimo da vida, o c\u00f3digo gen\u00e9tico. E n\u00e3o param as descobertas.<\/p>\n<p data-adtags-visited=\"true\">Mas quem descobriu a Terra? Foi preciso que envi\u00e1ssemos astronautas para fora da Terra ou ir at\u00e9\u00a0 a Lua para de l\u00e1 ver a Terra de fora da Terra e finalmente, maravilhados, descobrir a Terra, nossa Casa\u00a0 Comum. Frank White escreveu um livro <em>The Overview Effect<\/em>\u00a0(tenho um livro autogrado por ele de 5\/29\/1989) no qual recolhe os testemunhos dos astronautas emocionados at\u00e9 \u00e0s l\u00e1grimas.<\/p>\n<p data-adtags-visited=\"true\">O astronauta Russel Scheickhart \u00a0nos revela: &#8220;Vista a partir de fora, a Terra parece t\u00e3o pequena e fr\u00e1gil, uma pequenina mancha preciosa que voc\u00ea pode cobrir com seu polegar. Tudo o que significa alguma coisa para voc\u00ea, toda a hist\u00f3ria, arte, o nascimento e a morte, o amor,\u00a0 a alegria e as l\u00e1grimas, tudo est\u00e1 naquele ponto azul e branco que voc\u00ea \u00a0pode cobrir com seu polegar. E a partir daquela perspectiva voc\u00ea entende que tudo mudou\u2026 que a rela\u00e7\u00e3o n\u00e3o \u00e9 mais a mesma como fora antes\u201d (White, p.200).<\/p>\n<p data-adtags-visited=\"true\">Eugene Cernan confessou: &#8220;Eu fui\u00a0 o \u00faltimo homem a pisar na Lua em dezembro de 1972. Da superf\u00edcie lunar olhava com um tremor reverencial para a Terra, num transfundo muito escuro.\u00a0 O que eu via era demasiadamente belo para ser apreendido, demasiadamente ordenado e cheio de prop\u00f3sito para ser um mero acidente c\u00f3smico. A gente se sentira interiormente obrigado a louvar a Deus. Deus deve existir por \u00a0ter criado aquilo que eu tinha o privil\u00e9gio de contemplar. Espontaneamente \u00a0surgem a venera\u00e7\u00e3o e a a\u00e7\u00e3o de gra\u00e7as. \u00c9 para isso que existe o universo\u201d (White p. 205).<\/p>\n<p data-adtags-visited=\"true\">De forma acertada\u00a0 comenta Joseph P. Allen: &#8220;Discutiu-se muito os pr\u00f3s e contras das viagens \u00e0 Lua. N\u00e3o ouvi ningu\u00e9m argumentar que dev\u00edamos ir \u00e0 Lua para podermos ver de l\u00e1 a Terra de fora da Terra. Depois de tudo, esta deve ter sido\u00a0 seguramente a verdadeira\u00a0 raz\u00e3o de termos ido \u00e0 Lua (White, p. 233).<\/p>\n<p>Efetivamente, esta \u00e9 a raz\u00e3o secreta e inconsciente das viagens siderais: descobri a Terra, o terceiro planeta de um sol de quinta categoria, dentro de nossa gal\u00e1xia. O sistema solar no qual est\u00e1 a nossa Terra dista 27 mil anos-luz do centro da gal\u00e1xia, a Via L\u00e1ctea, na face interna do bra\u00e7o espiral de Orion. Esse sistema com a Terra ao redor \u00e9 um quase nada e n\u00f3s <em>une quantit\u00e9<\/em>\u00a0<em>n\u00e9gligeable<\/em>, perto do zero. E, contudo, \u00e9 daqui que a Terra atrav\u00e9s de n\u00f3s contempla\u00a0 o inteiro universo, do qual \u00e9 parte. \u00c9 atrav\u00e9s de nossa intelig\u00eancia que pertence ao pr\u00f3prio universo que ele se pensa a si mesmo.\u00a0 O que conta em n\u00f3s n\u00e3o \u00e9 a <em>quantidad<\/em>e mas a\u00a0<em>qualidade<\/em>, \u00fanica, capaz de pensar, amar o universo e venerar Aquele que permanentemente o sustenta.<\/p>\n<p data-adtags-visited=\"true\">N\u00e3o apenas descobrimos a Terra. Descobrimos que somos Terra, aquela por\u00e7\u00e3o da Terra que pensa, ama e cuida. Por isso ser humano (<em>homo<\/em>\u00a0em latim) vem de\u00a0<em>h\u00famus<\/em>, terra f\u00e9rtil ou Ad\u00e3o que procede de\u00a0<em>Adamah<\/em>, terra fecunda.<\/p>\n<p data-adtags-visited=\"true\">A partir de agora nunca sair\u00e1 de nossa consci\u00eancia de que temos descoberto, enfim, a Terra, nosso lar c\u00f3smico e que somos a parte consciente, inteligente e amorosa dela. Porque somos portadores destas qualidades, nossa miss\u00e3o \u00e9 cuidar dela como Casa Comum e de todos os demais seres, que nela habitam e que t\u00eam a mesma origem que n\u00f3s, portanto, s\u00e3o nossos parentes.<\/p>\n<p data-adtags-visited=\"true\">Se assim \u00e9, por que a temos maltratado, superexplorado e estamos destruindo as bases que sustentam nossa vida? Se h\u00e1 uma li\u00e7\u00e3o que a M\u00e3e Terra atrav\u00e9s do Covid-19 nos quer transmitir \u00e9 seguramente esta:<\/p>\n<p data-adtags-visited=\"true\">\u201cMudem vossa rela\u00e7\u00e3o para com a natureza e para comigo \u00a0se quiserdes que eu continue a vos oferecer tudo o que precisais para viver na sobriedade compartida, na fraternidade e sororidade universais e no cuidado amoroso para com todos vossos irm\u00e3os e irm\u00e3s da grande comunidade de vida, tamb\u00e9m meus filhos e filhas bem-amados. Em tempos muito antigos eu\u00a0 vos propus \u201ca vida e a morte, a b\u00ean\u00e7\u00e3o e a maldi\u00e7\u00e3o. Escolhei\u00a0 vida para que vivais com toda\u00a0 a vossa descend\u00eancia. Essa promessa eu sempre manterei\u201d (Deut 30,28).<\/p>\n<p data-adtags-visited=\"true\">Escolhamos a vida. \u00c9 o apelo da M\u00e3e Terra. \u00c9 o des\u00edgnio do Criador.<\/p>\n<hr \/>\n<p data-adtags-visited=\"true\">Leonardo Boff <em>\u00e9 ecote\u00f3logo e escreveu &#8220;O Covid-19: o contra-ataque da M\u00e3e Terra contra a humanidade&#8221;,\u00a0Vozes,2\u00aa.edi\u00e7\u00e3o 2021.<\/em><\/p>\n","protected":false},"excerpt":{"rendered":"<p>Artigo de Leonardo Boff<\/p>\n","protected":false},"author":3,"featured_media":188798,"comment_status":"open","ping_status":"open","sticky":false,"template":"","format":"standard","meta":{"footnotes":""},"categories":[26],"tags":[59],"yoast_head":"<!-- This site is optimized with the Yoast SEO plugin v19.4 - https:\/\/yoast.com\/wordpress\/plugins\/seo\/ -->\n<title>Enfim, descobrimos o planeta Terra - Vida Crist\u00e3 - Franciscanos<\/title>\n<meta name=\"robots\" content=\"index, follow, max-snippet:-1, max-image-preview:large, max-video-preview:-1\" \/>\n<link rel=\"canonical\" href=\"https:\/\/franciscanos.org.br\/vidacrista\/enfim-descobrimos-o-planeta-terra\/\" \/>\n<meta property=\"og:locale\" content=\"pt_BR\" \/>\n<meta property=\"og:type\" content=\"article\" \/>\n<meta property=\"og:title\" content=\"Enfim, descobrimos o planeta Terra - Vida Crist\u00e3 - Franciscanos\" \/>\n<meta property=\"og:description\" content=\"Artigo de Leonardo Boff\" \/>\n<meta property=\"og:url\" content=\"https:\/\/franciscanos.org.br\/vidacrista\/enfim-descobrimos-o-planeta-terra\/\" \/>\n<meta property=\"og:site_name\" content=\"Vida Crist\u00e3 - Franciscanos\" \/>\n<meta property=\"article:published_time\" content=\"2021-01-15T10:36:19+00:00\" \/>\n<meta property=\"og:image\" content=\"https:\/\/franciscanos.org.br\/vidacrista\/wp-content\/uploads\/2021\/01\/terra_1501d.png\" \/>\n\t<meta property=\"og:image:width\" content=\"800\" \/>\n\t<meta property=\"og:image:height\" content=\"600\" \/>\n\t<meta property=\"og:image:type\" content=\"image\/png\" \/>\n<meta name=\"author\" content=\"moacir\" \/>\n<meta name=\"twitter:card\" content=\"summary_large_image\" \/>\n<meta name=\"twitter:label1\" content=\"Escrito por\" \/>\n\t<meta name=\"twitter:data1\" content=\"moacir\" \/>\n\t<meta name=\"twitter:label2\" content=\"Est. tempo de leitura\" \/>\n\t<meta name=\"twitter:data2\" content=\"5 minutos\" \/>\n<script type=\"application\/ld+json\" class=\"yoast-schema-graph\">{\"@context\":\"https:\/\/schema.org\",\"@graph\":[{\"@type\":\"WebSite\",\"@id\":\"https:\/\/franciscanos.org.br\/vidacrista\/#website\",\"url\":\"https:\/\/franciscanos.org.br\/vidacrista\/\",\"name\":\"Vida Crist\u00e3 - Franciscanos\",\"description\":\"Prov\u00edncia Franciscana da Imaculada Concei\u00e7\u00e3o do Brasil - Ordem dos Frades Menores\",\"potentialAction\":[{\"@type\":\"SearchAction\",\"target\":{\"@type\":\"EntryPoint\",\"urlTemplate\":\"https:\/\/franciscanos.org.br\/vidacrista\/?s={search_term_string}\"},\"query-input\":\"required name=search_term_string\"}],\"inLanguage\":\"pt-BR\"},{\"@type\":\"WebPage\",\"@id\":\"https:\/\/franciscanos.org.br\/vidacrista\/enfim-descobrimos-o-planeta-terra\/\",\"url\":\"https:\/\/franciscanos.org.br\/vidacrista\/enfim-descobrimos-o-planeta-terra\/\",\"name\":\"Enfim, descobrimos o planeta Terra - Vida Crist\u00e3 - Franciscanos\",\"isPartOf\":{\"@id\":\"https:\/\/franciscanos.org.br\/vidacrista\/#website\"},\"datePublished\":\"2021-01-15T10:36:19+00:00\",\"dateModified\":\"2021-01-15T10:36:19+00:00\",\"author\":{\"@id\":\"https:\/\/franciscanos.org.br\/vidacrista\/#\/schema\/person\/1880bdd2c350b735648725ef7614736a\"},\"breadcrumb\":{\"@id\":\"https:\/\/franciscanos.org.br\/vidacrista\/enfim-descobrimos-o-planeta-terra\/#breadcrumb\"},\"inLanguage\":\"pt-BR\",\"potentialAction\":[{\"@type\":\"ReadAction\",\"target\":[\"https:\/\/franciscanos.org.br\/vidacrista\/enfim-descobrimos-o-planeta-terra\/\"]}]},{\"@type\":\"BreadcrumbList\",\"@id\":\"https:\/\/franciscanos.org.br\/vidacrista\/enfim-descobrimos-o-planeta-terra\/#breadcrumb\",\"itemListElement\":[{\"@type\":\"ListItem\",\"position\":1,\"name\":\"Home\",\"item\":\"https:\/\/franciscanos.org.br\/vidacrista\/\"},{\"@type\":\"ListItem\",\"position\":2,\"name\":\"Enfim, descobrimos o planeta Terra\"}]},{\"@type\":\"Person\",\"@id\":\"https:\/\/franciscanos.org.br\/vidacrista\/#\/schema\/person\/1880bdd2c350b735648725ef7614736a\",\"name\":\"moacir\",\"image\":{\"@type\":\"ImageObject\",\"inLanguage\":\"pt-BR\",\"@id\":\"https:\/\/franciscanos.org.br\/vidacrista\/#\/schema\/person\/image\/\",\"url\":\"https:\/\/secure.gravatar.com\/avatar\/d08aa2ce4c8dd416d4479aa8536fcf64?s=96&d=mm&r=g\",\"contentUrl\":\"https:\/\/secure.gravatar.com\/avatar\/d08aa2ce4c8dd416d4479aa8536fcf64?s=96&d=mm&r=g\",\"caption\":\"moacir\"},\"url\":\"https:\/\/franciscanos.org.br\/vidacrista\/author\/moacir\/\"}]}<\/script>\n<!-- \/ Yoast SEO plugin. -->","yoast_head_json":{"title":"Enfim, descobrimos o planeta Terra - Vida Crist\u00e3 - Franciscanos","robots":{"index":"index","follow":"follow","max-snippet":"max-snippet:-1","max-image-preview":"max-image-preview:large","max-video-preview":"max-video-preview:-1"},"canonical":"https:\/\/franciscanos.org.br\/vidacrista\/enfim-descobrimos-o-planeta-terra\/","og_locale":"pt_BR","og_type":"article","og_title":"Enfim, descobrimos o planeta Terra - Vida Crist\u00e3 - Franciscanos","og_description":"Artigo de Leonardo Boff","og_url":"https:\/\/franciscanos.org.br\/vidacrista\/enfim-descobrimos-o-planeta-terra\/","og_site_name":"Vida Crist\u00e3 - Franciscanos","article_published_time":"2021-01-15T10:36:19+00:00","og_image":[{"width":800,"height":600,"url":"https:\/\/franciscanos.org.br\/vidacrista\/wp-content\/uploads\/2021\/01\/terra_1501d.png","type":"image\/png"}],"author":"moacir","twitter_card":"summary_large_image","twitter_misc":{"Escrito por":"moacir","Est. tempo de leitura":"5 minutos"},"schema":{"@context":"https:\/\/schema.org","@graph":[{"@type":"WebSite","@id":"https:\/\/franciscanos.org.br\/vidacrista\/#website","url":"https:\/\/franciscanos.org.br\/vidacrista\/","name":"Vida Crist\u00e3 - Franciscanos","description":"Prov\u00edncia Franciscana da Imaculada Concei\u00e7\u00e3o do Brasil - Ordem dos Frades Menores","potentialAction":[{"@type":"SearchAction","target":{"@type":"EntryPoint","urlTemplate":"https:\/\/franciscanos.org.br\/vidacrista\/?s={search_term_string}"},"query-input":"required name=search_term_string"}],"inLanguage":"pt-BR"},{"@type":"WebPage","@id":"https:\/\/franciscanos.org.br\/vidacrista\/enfim-descobrimos-o-planeta-terra\/","url":"https:\/\/franciscanos.org.br\/vidacrista\/enfim-descobrimos-o-planeta-terra\/","name":"Enfim, descobrimos o planeta Terra - Vida Crist\u00e3 - Franciscanos","isPartOf":{"@id":"https:\/\/franciscanos.org.br\/vidacrista\/#website"},"datePublished":"2021-01-15T10:36:19+00:00","dateModified":"2021-01-15T10:36:19+00:00","author":{"@id":"https:\/\/franciscanos.org.br\/vidacrista\/#\/schema\/person\/1880bdd2c350b735648725ef7614736a"},"breadcrumb":{"@id":"https:\/\/franciscanos.org.br\/vidacrista\/enfim-descobrimos-o-planeta-terra\/#breadcrumb"},"inLanguage":"pt-BR","potentialAction":[{"@type":"ReadAction","target":["https:\/\/franciscanos.org.br\/vidacrista\/enfim-descobrimos-o-planeta-terra\/"]}]},{"@type":"BreadcrumbList","@id":"https:\/\/franciscanos.org.br\/vidacrista\/enfim-descobrimos-o-planeta-terra\/#breadcrumb","itemListElement":[{"@type":"ListItem","position":1,"name":"Home","item":"https:\/\/franciscanos.org.br\/vidacrista\/"},{"@type":"ListItem","position":2,"name":"Enfim, descobrimos o planeta Terra"}]},{"@type":"Person","@id":"https:\/\/franciscanos.org.br\/vidacrista\/#\/schema\/person\/1880bdd2c350b735648725ef7614736a","name":"moacir","image":{"@type":"ImageObject","inLanguage":"pt-BR","@id":"https:\/\/franciscanos.org.br\/vidacrista\/#\/schema\/person\/image\/","url":"https:\/\/secure.gravatar.com\/avatar\/d08aa2ce4c8dd416d4479aa8536fcf64?s=96&d=mm&r=g","contentUrl":"https:\/\/secure.gravatar.com\/avatar\/d08aa2ce4c8dd416d4479aa8536fcf64?s=96&d=mm&r=g","caption":"moacir"},"url":"https:\/\/franciscanos.org.br\/vidacrista\/author\/moacir\/"}]}},"_links":{"self":[{"href":"https:\/\/franciscanos.org.br\/vidacrista\/wp-json\/wp\/v2\/posts\/188796"}],"collection":[{"href":"https:\/\/franciscanos.org.br\/vidacrista\/wp-json\/wp\/v2\/posts"}],"about":[{"href":"https:\/\/franciscanos.org.br\/vidacrista\/wp-json\/wp\/v2\/types\/post"}],"author":[{"embeddable":true,"href":"https:\/\/franciscanos.org.br\/vidacrista\/wp-json\/wp\/v2\/users\/3"}],"replies":[{"embeddable":true,"href":"https:\/\/franciscanos.org.br\/vidacrista\/wp-json\/wp\/v2\/comments?post=188796"}],"version-history":[{"count":1,"href":"https:\/\/franciscanos.org.br\/vidacrista\/wp-json\/wp\/v2\/posts\/188796\/revisions"}],"predecessor-version":[{"id":188799,"href":"https:\/\/franciscanos.org.br\/vidacrista\/wp-json\/wp\/v2\/posts\/188796\/revisions\/188799"}],"wp:featuredmedia":[{"embeddable":true,"href":"https:\/\/franciscanos.org.br\/vidacrista\/wp-json\/wp\/v2\/media\/188798"}],"wp:attachment":[{"href":"https:\/\/franciscanos.org.br\/vidacrista\/wp-json\/wp\/v2\/media?parent=188796"}],"wp:term":[{"taxonomy":"category","embeddable":true,"href":"https:\/\/franciscanos.org.br\/vidacrista\/wp-json\/wp\/v2\/categories?post=188796"},{"taxonomy":"post_tag","embeddable":true,"href":"https:\/\/franciscanos.org.br\/vidacrista\/wp-json\/wp\/v2\/tags?post=188796"}],"curies":[{"name":"wp","href":"https:\/\/api.w.org\/{rel}","templated":true}]}}