{"id":188784,"date":"2021-01-12T11:05:43","date_gmt":"2021-01-12T14:05:43","guid":{"rendered":"https:\/\/franciscanos.org.br\/vidacrista\/?p=188784"},"modified":"2021-01-12T11:05:43","modified_gmt":"2021-01-12T14:05:43","slug":"jesus-o-exorcista","status":"publish","type":"post","link":"https:\/\/franciscanos.org.br\/vidacrista\/jesus-o-exorcista\/","title":{"rendered":"Jesus, o exorcista!"},"content":{"rendered":"<p><img decoding=\"async\" loading=\"lazy\" class=\"alignnone wp-image-188785 size-full\" src=\"https:\/\/franciscanos.org.br\/vidacrista\/wp-content\/uploads\/2021\/01\/artigo_01.jpg\" alt=\"\" width=\"840\" height=\"451\" srcset=\"https:\/\/franciscanos.org.br\/vidacrista\/wp-content\/uploads\/2021\/01\/artigo_01.jpg 840w, https:\/\/franciscanos.org.br\/vidacrista\/wp-content\/uploads\/2021\/01\/artigo_01-450x242.jpg 450w, https:\/\/franciscanos.org.br\/vidacrista\/wp-content\/uploads\/2021\/01\/artigo_01-768x412.jpg 768w, https:\/\/franciscanos.org.br\/vidacrista\/wp-content\/uploads\/2021\/01\/artigo_01-150x81.jpg 150w\" sizes=\"(max-width: 840px) 100vw, 840px\" \/><\/p>\n<p><strong>Na inspira\u00e7\u00e3o de Mc 1,21-28.<\/strong><\/p>\n<p><em>Frei Jacir de Freitas Faria, OFM<\/em><\/p>\n<p>O evangelho de nossa reflex\u00e3o hoje \u00e9 Mc 1,21-28, no qual Jesus aparece como exorcista. Voc\u00ea j\u00e1 deve estar se perguntando: como, Jesus exorcista? Come\u00e7o explicando o motivo da aplica\u00e7\u00e3o dessa terminologia a Jesus. A pr\u00e1tica do exorcismo acontecia n\u00e3o somente na Palestina, a terra de Jesus, mas tamb\u00e9m fora dela. O exorcismo faz parte do ser religioso da condi\u00e7\u00e3o humana. Acontece quando uma pessoa est\u00e1 possu\u00edda pelo dem\u00f4nio, o qual age por ela. Entra em cena algu\u00e9m que faz uma disputa com o dem\u00f4nio e o vence, fazendo uso de palavras ou rituais de exorcismos. Nos evangelhos h\u00e1 uma aproxima\u00e7\u00e3o entre a cura e o exorcismo. At\u00e9 mesmo o fato de Jesus acalmar o mar (Mc 1,25;4,39), isto \u00e9, suas for\u00e7as demon\u00edacas, \u00e9 visto como um ato de exorcismo.<\/p>\n<p>O ambiente que propiciou o surgimento da pr\u00e1tica do exorcismo no tempo de Jesus est\u00e1 relacionado com o fim dos tempos, bem como com a certeza de que Deus, de forma apocal\u00edptica, iria interferir na hist\u00f3ria, vencendo as for\u00e7as do mal para inaugurar um novo tempo na hist\u00f3ria. N\u00e3o podemos tamb\u00e9m nos esquecer da t\u00e3o esperada vinda do Messias que tem rela\u00e7\u00e3o com a pr\u00e1tica do exorcismo. E \u00e9 nesse contexto messi\u00e2nico que Jesus agiu como exorcista no relato de Mc 1,21-28. Ele era o Messias e, como tal, haveria de ter pr\u00e1ticas exorcistas, o que responde ao fato de que dem\u00f4nios reconhecessem, facilmente, Jesus como Filho de Deus e Messias (Mc1,34), ao contr\u00e1rio do povo e dos disc\u00edpulos que n\u00e3o eram capazes de reconhecer e fazer esse tipo de declara\u00e7\u00e3o p\u00fablica.<\/p>\n<p>O exorcista \u00e9 aquele que age em nome de uma for\u00e7a divina, restabelecendo a liga\u00e7\u00e3o com o Sagrado. Em Mc 1,21-28, o exorcismo exercido por Jesus \u00e9 descrito com v\u00e1rios elementos, a saber: 1. Jesus entra na cidade de Cafarnaum, em dia de s\u00e1bado, na sinagoga; 2. ensina com autoridade; 3) um esp\u00edrito mau o reconhece como Santo de Deus e o desafia; 4) Jesus ordena que o esp\u00edrito saia daquele homem; 5) o esp\u00edrito mau sacode o possu\u00eddo, e, obedecendo a Jesus, sai dele. Trata-se, portanto, nessa passagem, de uma cena t\u00edpica de exorcismo.<\/p>\n<p><iframe loading=\"lazy\" title=\"Reflex\u00e3o b\u00edblica - Ter\u00e7a-feira da 1\u00aa Semana do Tempo Comum (12\/01\/2021)\" width=\"500\" height=\"281\" src=\"https:\/\/www.youtube.com\/embed\/H1glebwCLrk?feature=oembed\" frameborder=\"0\" allow=\"accelerometer; autoplay; clipboard-write; encrypted-media; gyroscope; picture-in-picture\" allowfullscreen><\/iframe><\/p>\n<p>Passemos, agora, a interpretar alguns elementos em Mc 1,21-28.<\/p>\n<ol>\n<li>Cafarnaum, ou aldeia de Nahum, que significa \u2018lugar do conforto\u2019, onde Jesus estava, era situada na via do mar, a estrada comercial que ligava Damasco ao mediterr\u00e2neo. Jesus a adotou como sendo a sua cidade natal (Mt 4,13).<\/li>\n<li>Sinagoga, espa\u00e7o importante de conv\u00edvio social em Cafarnaum, era o lugar oficial de o juda\u00edsmo se impor como religi\u00e3o a partir dos ensinamentos de escribas e fariseus.<\/li>\n<li>Jesus entra na sinagoga com a autoridade superior \u00e0 dos l\u00edderes judaicos, num dia de s\u00e1bado, dia em que era proibido curar impuros, muito menos na sinagoga. Jesus subverte as leis judaicas.<\/li>\n<li>O \u2018cala-te\u2019 de Jesus dito ao possu\u00eddo significou amorda\u00e7ar o dem\u00f4nio que gritava como um animal ferido de morte. A atitude exorcista de Jesus demonstrou o seu querer libertar a terra de Israel do poder dominador dos romanos e das autoridades religiosas judaicas, os quais oprimiam o povo por meio da pol\u00edtica, economia e religi\u00e3o.<\/li>\n<li>O esp\u00edrito impuro\/mau era o sinal de um povo dominado pela ideologia das lideran\u00e7as judaicas.<\/li>\n<li>A admira\u00e7\u00e3o do povo n\u00e3o \u00e9 por Jesus, mas pela autoridade de sua Palavra.<\/li>\n<\/ol>\n<p>Para finalizar, vejamos o que isso significa para n\u00f3s hoje. Jesus vai \u00e0 sinagoga. O certo seria o contr\u00e1rio, pois Ele era o Filho de Deus e Messias. A sinagoga \u00e9 que deveria ir onde ele estivesse. O Papa Francisco iniciou o seu pontificado pedindo para a Igreja, o clero, sair da sacristia e ir at\u00e9 o povo. Essa \u00e9 a grande mensagem dessa passagem: ir at\u00e9 o povo e falar com autoridade, que \u00e9 diferente de poder. Quem usa do poder faz o outro obedecer, pois esse \u00e9 o seu desejo. Quem age com autoridade faz o outro crescer, explicando-lhe o motivo da sua ordem. Jesus agiu com a autoridade de exorcista que liberta o outro da escravid\u00e3o e o faz caminhar com liberdade de Filho de Deus. Essa \u00e9 a nossa miss\u00e3o, ser exorcista, ou melhor, exorcizar todas as formas de injusti\u00e7as e dom\u00ednios mal\u00e9ficos que n\u00e3o deixam ser humanos \u00edntegros.<\/p>\n<hr \/>\n<p><strong>Frei Jacir de Freitas Faria, OFM- <\/strong>\u00a0<em>Doutor em Teologia B\u00edblica pela FAJE-BH. Mestre em Ci\u00eancias B\u00edblicas (Exegese) pelo Pontif\u00edcio Instituto B\u00edblico de Roma. \u00c9 membro da Associa\u00e7\u00e3o Brasileira de Pesquisa B\u00edblica (ABIB). Sacerdote Franciscano. Autor de dez livros e coautor de quatorze. \u00a0Inscreva-se no nosso canal:<\/em> <a href=\"https:\/\/www.youtube.com\/c\/FreiJacirdeFreitasFariaB%C3%ADbliaAp%C3%B3crifos\">https:\/\/www.youtube.com\/c\/FreiJacirdeFreitasFariaB%C3%ADbliaAp%C3%B3crifos<\/a><\/p>\n","protected":false},"excerpt":{"rendered":"<p>Artigo de Frei Jacir de Freitas Faria, OFM<\/p>\n","protected":false},"author":3,"featured_media":188786,"comment_status":"open","ping_status":"open","sticky":false,"template":"","format":"standard","meta":{"footnotes":""},"categories":[26],"tags":[43],"yoast_head":"<!-- This site is optimized with the Yoast SEO plugin v19.4 - https:\/\/yoast.com\/wordpress\/plugins\/seo\/ -->\n<title>Jesus, o exorcista! - Vida Crist\u00e3 - Franciscanos<\/title>\n<meta name=\"robots\" content=\"index, follow, max-snippet:-1, max-image-preview:large, max-video-preview:-1\" \/>\n<link rel=\"canonical\" href=\"https:\/\/franciscanos.org.br\/vidacrista\/jesus-o-exorcista\/\" \/>\n<meta property=\"og:locale\" content=\"pt_BR\" \/>\n<meta property=\"og:type\" content=\"article\" \/>\n<meta property=\"og:title\" content=\"Jesus, o exorcista! - Vida Crist\u00e3 - Franciscanos\" \/>\n<meta property=\"og:description\" content=\"Artigo de Frei Jacir de Freitas Faria, OFM\" \/>\n<meta property=\"og:url\" content=\"https:\/\/franciscanos.org.br\/vidacrista\/jesus-o-exorcista\/\" \/>\n<meta property=\"og:site_name\" content=\"Vida Crist\u00e3 - Franciscanos\" \/>\n<meta property=\"article:published_time\" content=\"2021-01-12T14:05:43+00:00\" \/>\n<meta property=\"og:image\" content=\"https:\/\/franciscanos.org.br\/vidacrista\/wp-content\/uploads\/2021\/01\/artigo_12d.jpg\" \/>\n\t<meta property=\"og:image:width\" content=\"800\" \/>\n\t<meta property=\"og:image:height\" content=\"599\" \/>\n\t<meta property=\"og:image:type\" content=\"image\/jpeg\" \/>\n<meta name=\"author\" content=\"moacir\" \/>\n<meta name=\"twitter:card\" content=\"summary_large_image\" \/>\n<meta name=\"twitter:label1\" content=\"Escrito por\" \/>\n\t<meta name=\"twitter:data1\" content=\"moacir\" \/>\n\t<meta name=\"twitter:label2\" content=\"Est. tempo de leitura\" \/>\n\t<meta name=\"twitter:data2\" content=\"4 minutos\" \/>\n<script type=\"application\/ld+json\" class=\"yoast-schema-graph\">{\"@context\":\"https:\/\/schema.org\",\"@graph\":[{\"@type\":\"WebSite\",\"@id\":\"https:\/\/franciscanos.org.br\/vidacrista\/#website\",\"url\":\"https:\/\/franciscanos.org.br\/vidacrista\/\",\"name\":\"Vida Crist\u00e3 - Franciscanos\",\"description\":\"Prov\u00edncia Franciscana da Imaculada Concei\u00e7\u00e3o do Brasil - Ordem dos Frades Menores\",\"potentialAction\":[{\"@type\":\"SearchAction\",\"target\":{\"@type\":\"EntryPoint\",\"urlTemplate\":\"https:\/\/franciscanos.org.br\/vidacrista\/?s={search_term_string}\"},\"query-input\":\"required name=search_term_string\"}],\"inLanguage\":\"pt-BR\"},{\"@type\":\"WebPage\",\"@id\":\"https:\/\/franciscanos.org.br\/vidacrista\/jesus-o-exorcista\/\",\"url\":\"https:\/\/franciscanos.org.br\/vidacrista\/jesus-o-exorcista\/\",\"name\":\"Jesus, o exorcista! - Vida Crist\u00e3 - Franciscanos\",\"isPartOf\":{\"@id\":\"https:\/\/franciscanos.org.br\/vidacrista\/#website\"},\"datePublished\":\"2021-01-12T14:05:43+00:00\",\"dateModified\":\"2021-01-12T14:05:43+00:00\",\"author\":{\"@id\":\"https:\/\/franciscanos.org.br\/vidacrista\/#\/schema\/person\/1880bdd2c350b735648725ef7614736a\"},\"breadcrumb\":{\"@id\":\"https:\/\/franciscanos.org.br\/vidacrista\/jesus-o-exorcista\/#breadcrumb\"},\"inLanguage\":\"pt-BR\",\"potentialAction\":[{\"@type\":\"ReadAction\",\"target\":[\"https:\/\/franciscanos.org.br\/vidacrista\/jesus-o-exorcista\/\"]}]},{\"@type\":\"BreadcrumbList\",\"@id\":\"https:\/\/franciscanos.org.br\/vidacrista\/jesus-o-exorcista\/#breadcrumb\",\"itemListElement\":[{\"@type\":\"ListItem\",\"position\":1,\"name\":\"Home\",\"item\":\"https:\/\/franciscanos.org.br\/vidacrista\/\"},{\"@type\":\"ListItem\",\"position\":2,\"name\":\"Jesus, o exorcista!\"}]},{\"@type\":\"Person\",\"@id\":\"https:\/\/franciscanos.org.br\/vidacrista\/#\/schema\/person\/1880bdd2c350b735648725ef7614736a\",\"name\":\"moacir\",\"image\":{\"@type\":\"ImageObject\",\"inLanguage\":\"pt-BR\",\"@id\":\"https:\/\/franciscanos.org.br\/vidacrista\/#\/schema\/person\/image\/\",\"url\":\"https:\/\/secure.gravatar.com\/avatar\/d08aa2ce4c8dd416d4479aa8536fcf64?s=96&d=mm&r=g\",\"contentUrl\":\"https:\/\/secure.gravatar.com\/avatar\/d08aa2ce4c8dd416d4479aa8536fcf64?s=96&d=mm&r=g\",\"caption\":\"moacir\"},\"url\":\"https:\/\/franciscanos.org.br\/vidacrista\/author\/moacir\/\"}]}<\/script>\n<!-- \/ Yoast SEO plugin. -->","yoast_head_json":{"title":"Jesus, o exorcista! - Vida Crist\u00e3 - Franciscanos","robots":{"index":"index","follow":"follow","max-snippet":"max-snippet:-1","max-image-preview":"max-image-preview:large","max-video-preview":"max-video-preview:-1"},"canonical":"https:\/\/franciscanos.org.br\/vidacrista\/jesus-o-exorcista\/","og_locale":"pt_BR","og_type":"article","og_title":"Jesus, o exorcista! - Vida Crist\u00e3 - Franciscanos","og_description":"Artigo de Frei Jacir de Freitas Faria, OFM","og_url":"https:\/\/franciscanos.org.br\/vidacrista\/jesus-o-exorcista\/","og_site_name":"Vida Crist\u00e3 - Franciscanos","article_published_time":"2021-01-12T14:05:43+00:00","og_image":[{"width":800,"height":599,"url":"https:\/\/franciscanos.org.br\/vidacrista\/wp-content\/uploads\/2021\/01\/artigo_12d.jpg","type":"image\/jpeg"}],"author":"moacir","twitter_card":"summary_large_image","twitter_misc":{"Escrito por":"moacir","Est. tempo de leitura":"4 minutos"},"schema":{"@context":"https:\/\/schema.org","@graph":[{"@type":"WebSite","@id":"https:\/\/franciscanos.org.br\/vidacrista\/#website","url":"https:\/\/franciscanos.org.br\/vidacrista\/","name":"Vida Crist\u00e3 - Franciscanos","description":"Prov\u00edncia Franciscana da Imaculada Concei\u00e7\u00e3o do Brasil - Ordem dos Frades Menores","potentialAction":[{"@type":"SearchAction","target":{"@type":"EntryPoint","urlTemplate":"https:\/\/franciscanos.org.br\/vidacrista\/?s={search_term_string}"},"query-input":"required name=search_term_string"}],"inLanguage":"pt-BR"},{"@type":"WebPage","@id":"https:\/\/franciscanos.org.br\/vidacrista\/jesus-o-exorcista\/","url":"https:\/\/franciscanos.org.br\/vidacrista\/jesus-o-exorcista\/","name":"Jesus, o exorcista! - Vida Crist\u00e3 - Franciscanos","isPartOf":{"@id":"https:\/\/franciscanos.org.br\/vidacrista\/#website"},"datePublished":"2021-01-12T14:05:43+00:00","dateModified":"2021-01-12T14:05:43+00:00","author":{"@id":"https:\/\/franciscanos.org.br\/vidacrista\/#\/schema\/person\/1880bdd2c350b735648725ef7614736a"},"breadcrumb":{"@id":"https:\/\/franciscanos.org.br\/vidacrista\/jesus-o-exorcista\/#breadcrumb"},"inLanguage":"pt-BR","potentialAction":[{"@type":"ReadAction","target":["https:\/\/franciscanos.org.br\/vidacrista\/jesus-o-exorcista\/"]}]},{"@type":"BreadcrumbList","@id":"https:\/\/franciscanos.org.br\/vidacrista\/jesus-o-exorcista\/#breadcrumb","itemListElement":[{"@type":"ListItem","position":1,"name":"Home","item":"https:\/\/franciscanos.org.br\/vidacrista\/"},{"@type":"ListItem","position":2,"name":"Jesus, o exorcista!"}]},{"@type":"Person","@id":"https:\/\/franciscanos.org.br\/vidacrista\/#\/schema\/person\/1880bdd2c350b735648725ef7614736a","name":"moacir","image":{"@type":"ImageObject","inLanguage":"pt-BR","@id":"https:\/\/franciscanos.org.br\/vidacrista\/#\/schema\/person\/image\/","url":"https:\/\/secure.gravatar.com\/avatar\/d08aa2ce4c8dd416d4479aa8536fcf64?s=96&d=mm&r=g","contentUrl":"https:\/\/secure.gravatar.com\/avatar\/d08aa2ce4c8dd416d4479aa8536fcf64?s=96&d=mm&r=g","caption":"moacir"},"url":"https:\/\/franciscanos.org.br\/vidacrista\/author\/moacir\/"}]}},"_links":{"self":[{"href":"https:\/\/franciscanos.org.br\/vidacrista\/wp-json\/wp\/v2\/posts\/188784"}],"collection":[{"href":"https:\/\/franciscanos.org.br\/vidacrista\/wp-json\/wp\/v2\/posts"}],"about":[{"href":"https:\/\/franciscanos.org.br\/vidacrista\/wp-json\/wp\/v2\/types\/post"}],"author":[{"embeddable":true,"href":"https:\/\/franciscanos.org.br\/vidacrista\/wp-json\/wp\/v2\/users\/3"}],"replies":[{"embeddable":true,"href":"https:\/\/franciscanos.org.br\/vidacrista\/wp-json\/wp\/v2\/comments?post=188784"}],"version-history":[{"count":1,"href":"https:\/\/franciscanos.org.br\/vidacrista\/wp-json\/wp\/v2\/posts\/188784\/revisions"}],"predecessor-version":[{"id":188787,"href":"https:\/\/franciscanos.org.br\/vidacrista\/wp-json\/wp\/v2\/posts\/188784\/revisions\/188787"}],"wp:featuredmedia":[{"embeddable":true,"href":"https:\/\/franciscanos.org.br\/vidacrista\/wp-json\/wp\/v2\/media\/188786"}],"wp:attachment":[{"href":"https:\/\/franciscanos.org.br\/vidacrista\/wp-json\/wp\/v2\/media?parent=188784"}],"wp:term":[{"taxonomy":"category","embeddable":true,"href":"https:\/\/franciscanos.org.br\/vidacrista\/wp-json\/wp\/v2\/categories?post=188784"},{"taxonomy":"post_tag","embeddable":true,"href":"https:\/\/franciscanos.org.br\/vidacrista\/wp-json\/wp\/v2\/tags?post=188784"}],"curies":[{"name":"wp","href":"https:\/\/api.w.org\/{rel}","templated":true}]}}