{"id":188668,"date":"2021-01-01T00:02:33","date_gmt":"2021-01-01T03:02:33","guid":{"rendered":"https:\/\/franciscanos.org.br\/vidacrista\/?p=188668"},"modified":"2021-01-01T07:46:07","modified_gmt":"2021-01-01T10:46:07","slug":"o-lugar-onde-deus-habita","status":"publish","type":"post","link":"https:\/\/franciscanos.org.br\/vidacrista\/o-lugar-onde-deus-habita\/","title":{"rendered":"O lugar onde Deus habita"},"content":{"rendered":"<p><img decoding=\"async\" loading=\"lazy\" class=\"alignnone wp-image-188669 size-full\" src=\"https:\/\/franciscanos.org.br\/vidacrista\/wp-content\/uploads\/2020\/12\/coracao_17.jpg\" alt=\"\" width=\"840\" height=\"449\" srcset=\"https:\/\/franciscanos.org.br\/vidacrista\/wp-content\/uploads\/2020\/12\/coracao_17.jpg 840w, https:\/\/franciscanos.org.br\/vidacrista\/wp-content\/uploads\/2020\/12\/coracao_17-450x241.jpg 450w, https:\/\/franciscanos.org.br\/vidacrista\/wp-content\/uploads\/2020\/12\/coracao_17-768x411.jpg 768w, https:\/\/franciscanos.org.br\/vidacrista\/wp-content\/uploads\/2020\/12\/coracao_17-150x80.jpg 150w\" sizes=\"(max-width: 840px) 100vw, 840px\" \/><\/p>\n<p>N\u00f3s, disc\u00edpulos do Senhor Jesus, temos o costume de nos lembrar de sua bondade sem limites \u00e0s primeiras sextas-feiras de cada m\u00eas. Esse dia \u00e9 consagrado ao Cora\u00e7\u00e3o de Jesus. Pensamos, de modo particular naquele momento em que o soldado, com uma lan\u00e7a, tocou o lado do Crucificado. Incont\u00e1veis reflex\u00f5es, atrav\u00e9s dos tempos, foram sendo feitas a respeito desse fato. S\u00e3o Jo\u00e3o Cris\u00f3stomo assim descreve a cena e faz seu coment\u00e1rio: \u201cEstando Jesus j\u00e1 morto e ainda pregado na cruz, diz o evangelista, um soldado aproximou-se, feriu lhe o lado com uma lan\u00e7a e imediatamente saiu \u00e1gua e sangue: \u00e1gua como s\u00edmbolo do batismo; o sangue como s\u00edmbolo da eucaristia. O soldado, traspassando-lhe o lado, abriu uma brecha na parede do templo, e eu, encontrando um enorme tesouro, alegro-me por ter achado riquezas extraordin\u00e1rias\u201d (Liturgia das Horas II, p.416). O peito de Jesus, todo o seu interior foi esvaziado. Ele amou at\u00e9 a \u00faltima gota de \u00e1gua e de sangue. Amou de todo o cora\u00e7\u00e3o.<\/p>\n<p>Cora\u00e7\u00e3o? N\u00e3o, em primeiro lugar o m\u00fasculo de carne, mas a interioridade da pessoa, o n\u00f3 mais \u00edntimo. \u201cNa tradi\u00e7\u00e3o judaico-crist\u00e3 cora\u00e7\u00e3o se refere \u00e0 fonte de todas as energias f\u00edsicas, emocionais, intelectuais, volitivas e morais. Ele \u00e9 o centro da vontade; planeja e toma boas decis\u00f5es. Assim sendo, o cora\u00e7\u00e3o \u00e9 o \u00f3rg\u00e3o central e unificador de nossa vida. Nosso cora\u00e7\u00e3o determina nossa personalidade e \u00e9 o lugar onde Deus habita\u201d (Henri Nouwen).<\/p>\n<p>Aquela janela feita no peito de Jesus apontava para sua realidade mais interior, para al\u00e9m do bombeamento de sangue, das s\u00edstoles e di\u00e1stoles. Espa\u00e7o sem ocupar espa\u00e7o. Esvaziamento de um peito, de uma hist\u00f3ria que tudo tinha dado. Contemplar essa brecha \u00e9 experimentar gratid\u00e3o e lutar para todos possam compreender a altura, a largura, a profundidade e o comprimento desse amor.<\/p>\n<p>Aquele que nos ama a partir de seu \u00edntimo mais \u00edntimo pede e exige que o busquemos a partir de nosso cora\u00e7\u00e3o, ou seja, de nossa verdade e n\u00e3o de exterioridades. Cora\u00e7\u00e3o que apela para cora\u00e7\u00e3o. Precisamos fazer uma viagem ao fundo de n\u00f3s mesmos, para podemos compreender o que \u00e9 amar de todo o cora\u00e7\u00e3o. \u00c9 urgente revisitar o interior, ser pessoa consciente. Cora\u00e7\u00e3o e interioridade s\u00e3o conceitos que se equivalem. N\u00e3o \u00e9 tarefa t\u00e3o f\u00e1cil essa de chegar ao fundo de n\u00f3s mesmos. Somos povoados de mist\u00e9rios. Tentamos descobrir alguns. Outras vezes vivemos por viver. Alimentamo-nos de ilus\u00f5es. Quando vamos mais a fundo damo-nos conta que s\u00f3 existimos quando amamos com as entranhas e com as entranhas dos somos amados. Fundamental conhecer nossos pr\u00f3prios desejos e que disponhamos a fazer nossa hist\u00f3ria a partir da verdade de n\u00f3s mesmos. Descobrir o que anda oxidando as dobras da alma.<\/p>\n<p>Queremos nos rebelar contra toda superficialidade, com a multiplica\u00e7\u00e3o de tantos interesses exteriores para descobrir nossa identidade original que est\u00e1 no homem que desce \u00e0 sua profundidade, ao pr\u00f3prio po\u00e7o, como homens e mulheres que fazem uma temporada no deserto, que se tornam pobres e sabem amar. O cora\u00e7\u00e3o \u00e9 porta da interioridade. Ser amado de todo o cora\u00e7\u00e3o e amar de todo o cora\u00e7\u00e3o. Numa inteireza de nosso ser. De cora\u00e7\u00e3o.<\/p>\n<p>\u201cOlhar o Cora\u00e7\u00e3o de Cristo \u00e9 adentrar-se no mist\u00e9rio divino e acercar-se no mais \u00edntimo de sua realidade pessoal: o Amor. Seu interior se abre como acesso encarnado, humanado, ao Mist\u00e9rio. Na P\u00e1scoa se converte em cora\u00e7\u00e3o do mundo e desde ent\u00e3o tudo est\u00e1 perpassado de sua presen\u00e7a viva e vivificante. A interioridade de Deus abre-se para a humanidade no Filho e por ele a toda realidade\u201d (Maria Jos\u00e9 Marinho).<\/p>\n<p>O CORA\u00c7\u00c3O DE DEUS EST\u00c1 NO CORA\u00c7\u00c3O DE JESUS<br \/>\nNOSSO CORA\u00c7\u00c3O EST\u00c1 L\u00c1 ONDE COME\u00c7AMOS A DIZER \u201cEU\u201d<\/p>\n<hr \/>\n<p><strong>Frei Almir Guimar\u00e3es<\/strong><\/p>\n","protected":false},"excerpt":{"rendered":"<p>Primeira Sexta-feira do M\u00eas<\/p>\n","protected":false},"author":3,"featured_media":188670,"comment_status":"open","ping_status":"open","sticky":false,"template":"","format":"standard","meta":{"footnotes":""},"categories":[105],"tags":[106],"yoast_head":"<!-- This site is optimized with the Yoast SEO plugin v19.4 - https:\/\/yoast.com\/wordpress\/plugins\/seo\/ -->\n<title>O lugar onde Deus habita - Vida Crist\u00e3 - Franciscanos<\/title>\n<meta name=\"robots\" content=\"index, follow, max-snippet:-1, max-image-preview:large, max-video-preview:-1\" \/>\n<link rel=\"canonical\" href=\"https:\/\/franciscanos.org.br\/vidacrista\/o-lugar-onde-deus-habita\/\" \/>\n<meta property=\"og:locale\" content=\"pt_BR\" \/>\n<meta property=\"og:type\" content=\"article\" \/>\n<meta property=\"og:title\" content=\"O lugar onde Deus habita - Vida Crist\u00e3 - Franciscanos\" \/>\n<meta property=\"og:description\" content=\"Primeira Sexta-feira do M\u00eas\" \/>\n<meta property=\"og:url\" content=\"https:\/\/franciscanos.org.br\/vidacrista\/o-lugar-onde-deus-habita\/\" \/>\n<meta property=\"og:site_name\" content=\"Vida Crist\u00e3 - Franciscanos\" \/>\n<meta property=\"article:published_time\" content=\"2021-01-01T03:02:33+00:00\" \/>\n<meta property=\"article:modified_time\" content=\"2021-01-01T10:46:07+00:00\" \/>\n<meta property=\"og:image\" content=\"https:\/\/franciscanos.org.br\/vidacrista\/wp-content\/uploads\/2020\/12\/coracao_17d.jpg\" \/>\n\t<meta property=\"og:image:width\" content=\"800\" \/>\n\t<meta property=\"og:image:height\" content=\"601\" \/>\n\t<meta property=\"og:image:type\" content=\"image\/jpeg\" \/>\n<meta name=\"author\" content=\"moacir\" \/>\n<meta name=\"twitter:card\" content=\"summary_large_image\" \/>\n<meta name=\"twitter:label1\" content=\"Escrito por\" \/>\n\t<meta name=\"twitter:data1\" content=\"moacir\" \/>\n\t<meta name=\"twitter:label2\" content=\"Est. tempo de leitura\" \/>\n\t<meta name=\"twitter:data2\" content=\"3 minutos\" \/>\n<script type=\"application\/ld+json\" class=\"yoast-schema-graph\">{\"@context\":\"https:\/\/schema.org\",\"@graph\":[{\"@type\":\"WebSite\",\"@id\":\"https:\/\/franciscanos.org.br\/vidacrista\/#website\",\"url\":\"https:\/\/franciscanos.org.br\/vidacrista\/\",\"name\":\"Vida Crist\u00e3 - Franciscanos\",\"description\":\"Prov\u00edncia Franciscana da Imaculada Concei\u00e7\u00e3o do Brasil - Ordem dos Frades Menores\",\"potentialAction\":[{\"@type\":\"SearchAction\",\"target\":{\"@type\":\"EntryPoint\",\"urlTemplate\":\"https:\/\/franciscanos.org.br\/vidacrista\/?s={search_term_string}\"},\"query-input\":\"required name=search_term_string\"}],\"inLanguage\":\"pt-BR\"},{\"@type\":\"WebPage\",\"@id\":\"https:\/\/franciscanos.org.br\/vidacrista\/o-lugar-onde-deus-habita\/\",\"url\":\"https:\/\/franciscanos.org.br\/vidacrista\/o-lugar-onde-deus-habita\/\",\"name\":\"O lugar onde Deus habita - Vida Crist\u00e3 - Franciscanos\",\"isPartOf\":{\"@id\":\"https:\/\/franciscanos.org.br\/vidacrista\/#website\"},\"datePublished\":\"2021-01-01T03:02:33+00:00\",\"dateModified\":\"2021-01-01T10:46:07+00:00\",\"author\":{\"@id\":\"https:\/\/franciscanos.org.br\/vidacrista\/#\/schema\/person\/1880bdd2c350b735648725ef7614736a\"},\"breadcrumb\":{\"@id\":\"https:\/\/franciscanos.org.br\/vidacrista\/o-lugar-onde-deus-habita\/#breadcrumb\"},\"inLanguage\":\"pt-BR\",\"potentialAction\":[{\"@type\":\"ReadAction\",\"target\":[\"https:\/\/franciscanos.org.br\/vidacrista\/o-lugar-onde-deus-habita\/\"]}]},{\"@type\":\"BreadcrumbList\",\"@id\":\"https:\/\/franciscanos.org.br\/vidacrista\/o-lugar-onde-deus-habita\/#breadcrumb\",\"itemListElement\":[{\"@type\":\"ListItem\",\"position\":1,\"name\":\"Home\",\"item\":\"https:\/\/franciscanos.org.br\/vidacrista\/\"},{\"@type\":\"ListItem\",\"position\":2,\"name\":\"O lugar onde Deus habita\"}]},{\"@type\":\"Person\",\"@id\":\"https:\/\/franciscanos.org.br\/vidacrista\/#\/schema\/person\/1880bdd2c350b735648725ef7614736a\",\"name\":\"moacir\",\"image\":{\"@type\":\"ImageObject\",\"inLanguage\":\"pt-BR\",\"@id\":\"https:\/\/franciscanos.org.br\/vidacrista\/#\/schema\/person\/image\/\",\"url\":\"https:\/\/secure.gravatar.com\/avatar\/d08aa2ce4c8dd416d4479aa8536fcf64?s=96&d=mm&r=g\",\"contentUrl\":\"https:\/\/secure.gravatar.com\/avatar\/d08aa2ce4c8dd416d4479aa8536fcf64?s=96&d=mm&r=g\",\"caption\":\"moacir\"},\"url\":\"https:\/\/franciscanos.org.br\/vidacrista\/author\/moacir\/\"}]}<\/script>\n<!-- \/ Yoast SEO plugin. -->","yoast_head_json":{"title":"O lugar onde Deus habita - Vida Crist\u00e3 - Franciscanos","robots":{"index":"index","follow":"follow","max-snippet":"max-snippet:-1","max-image-preview":"max-image-preview:large","max-video-preview":"max-video-preview:-1"},"canonical":"https:\/\/franciscanos.org.br\/vidacrista\/o-lugar-onde-deus-habita\/","og_locale":"pt_BR","og_type":"article","og_title":"O lugar onde Deus habita - Vida Crist\u00e3 - Franciscanos","og_description":"Primeira Sexta-feira do M\u00eas","og_url":"https:\/\/franciscanos.org.br\/vidacrista\/o-lugar-onde-deus-habita\/","og_site_name":"Vida Crist\u00e3 - Franciscanos","article_published_time":"2021-01-01T03:02:33+00:00","article_modified_time":"2021-01-01T10:46:07+00:00","og_image":[{"width":800,"height":601,"url":"https:\/\/franciscanos.org.br\/vidacrista\/wp-content\/uploads\/2020\/12\/coracao_17d.jpg","type":"image\/jpeg"}],"author":"moacir","twitter_card":"summary_large_image","twitter_misc":{"Escrito por":"moacir","Est. tempo de leitura":"3 minutos"},"schema":{"@context":"https:\/\/schema.org","@graph":[{"@type":"WebSite","@id":"https:\/\/franciscanos.org.br\/vidacrista\/#website","url":"https:\/\/franciscanos.org.br\/vidacrista\/","name":"Vida Crist\u00e3 - Franciscanos","description":"Prov\u00edncia Franciscana da Imaculada Concei\u00e7\u00e3o do Brasil - Ordem dos Frades Menores","potentialAction":[{"@type":"SearchAction","target":{"@type":"EntryPoint","urlTemplate":"https:\/\/franciscanos.org.br\/vidacrista\/?s={search_term_string}"},"query-input":"required name=search_term_string"}],"inLanguage":"pt-BR"},{"@type":"WebPage","@id":"https:\/\/franciscanos.org.br\/vidacrista\/o-lugar-onde-deus-habita\/","url":"https:\/\/franciscanos.org.br\/vidacrista\/o-lugar-onde-deus-habita\/","name":"O lugar onde Deus habita - Vida Crist\u00e3 - Franciscanos","isPartOf":{"@id":"https:\/\/franciscanos.org.br\/vidacrista\/#website"},"datePublished":"2021-01-01T03:02:33+00:00","dateModified":"2021-01-01T10:46:07+00:00","author":{"@id":"https:\/\/franciscanos.org.br\/vidacrista\/#\/schema\/person\/1880bdd2c350b735648725ef7614736a"},"breadcrumb":{"@id":"https:\/\/franciscanos.org.br\/vidacrista\/o-lugar-onde-deus-habita\/#breadcrumb"},"inLanguage":"pt-BR","potentialAction":[{"@type":"ReadAction","target":["https:\/\/franciscanos.org.br\/vidacrista\/o-lugar-onde-deus-habita\/"]}]},{"@type":"BreadcrumbList","@id":"https:\/\/franciscanos.org.br\/vidacrista\/o-lugar-onde-deus-habita\/#breadcrumb","itemListElement":[{"@type":"ListItem","position":1,"name":"Home","item":"https:\/\/franciscanos.org.br\/vidacrista\/"},{"@type":"ListItem","position":2,"name":"O lugar onde Deus habita"}]},{"@type":"Person","@id":"https:\/\/franciscanos.org.br\/vidacrista\/#\/schema\/person\/1880bdd2c350b735648725ef7614736a","name":"moacir","image":{"@type":"ImageObject","inLanguage":"pt-BR","@id":"https:\/\/franciscanos.org.br\/vidacrista\/#\/schema\/person\/image\/","url":"https:\/\/secure.gravatar.com\/avatar\/d08aa2ce4c8dd416d4479aa8536fcf64?s=96&d=mm&r=g","contentUrl":"https:\/\/secure.gravatar.com\/avatar\/d08aa2ce4c8dd416d4479aa8536fcf64?s=96&d=mm&r=g","caption":"moacir"},"url":"https:\/\/franciscanos.org.br\/vidacrista\/author\/moacir\/"}]}},"_links":{"self":[{"href":"https:\/\/franciscanos.org.br\/vidacrista\/wp-json\/wp\/v2\/posts\/188668"}],"collection":[{"href":"https:\/\/franciscanos.org.br\/vidacrista\/wp-json\/wp\/v2\/posts"}],"about":[{"href":"https:\/\/franciscanos.org.br\/vidacrista\/wp-json\/wp\/v2\/types\/post"}],"author":[{"embeddable":true,"href":"https:\/\/franciscanos.org.br\/vidacrista\/wp-json\/wp\/v2\/users\/3"}],"replies":[{"embeddable":true,"href":"https:\/\/franciscanos.org.br\/vidacrista\/wp-json\/wp\/v2\/comments?post=188668"}],"version-history":[{"count":2,"href":"https:\/\/franciscanos.org.br\/vidacrista\/wp-json\/wp\/v2\/posts\/188668\/revisions"}],"predecessor-version":[{"id":188672,"href":"https:\/\/franciscanos.org.br\/vidacrista\/wp-json\/wp\/v2\/posts\/188668\/revisions\/188672"}],"wp:featuredmedia":[{"embeddable":true,"href":"https:\/\/franciscanos.org.br\/vidacrista\/wp-json\/wp\/v2\/media\/188670"}],"wp:attachment":[{"href":"https:\/\/franciscanos.org.br\/vidacrista\/wp-json\/wp\/v2\/media?parent=188668"}],"wp:term":[{"taxonomy":"category","embeddable":true,"href":"https:\/\/franciscanos.org.br\/vidacrista\/wp-json\/wp\/v2\/categories?post=188668"},{"taxonomy":"post_tag","embeddable":true,"href":"https:\/\/franciscanos.org.br\/vidacrista\/wp-json\/wp\/v2\/tags?post=188668"}],"curies":[{"name":"wp","href":"https:\/\/api.w.org\/{rel}","templated":true}]}}